{"id":17521,"date":"2024-11-20T09:00:01","date_gmt":"2024-11-20T12:00:01","guid":{"rendered":"https:\/\/sulsc.com\/?p=17521"},"modified":"2024-11-20T09:00:01","modified_gmt":"2024-11-20T12:00:01","slug":"santa-catarina-tem-risco-de-temporais-e-mar-agitado-nesta-quarta-feira-20","status":"publish","type":"post","link":"https:\/\/sulsc.com\/index.php\/2024\/11\/20\/santa-catarina-tem-risco-de-temporais-e-mar-agitado-nesta-quarta-feira-20\/","title":{"rendered":"Santa Catarina tem risco de temporais e mar agitado nesta quarta-feira (20)"},"content":{"rendered":"<p>A Secretaria da Prote\u00e7\u00e3o e Defesa Civil de Santa Catarina emitiu um aviso meteorol\u00f3gico devido \u00e0 previs\u00e3o de condi\u00e7\u00f5es clim\u00e1ticas adversas entre esta ter\u00e7a-feira, 19, e sexta-feira, 22. Durante esse per\u00edodo, o estado deve enfrentar temporais, chuva intensa e agita\u00e7\u00e3o mar\u00edtima, com riscos elevados para diversas regi\u00f5es.<\/p>\n<p>Segundo a central de monitoramento da Defesa Civil,\u00a0a forma\u00e7\u00e3o de um sistema de baixa press\u00e3o atmosf\u00e9rica, associado ao calor e \u00e0 umidade, ser\u00e1 o principal respons\u00e1vel pelos temporais esperados entre a manh\u00e3 de ter\u00e7a-feira e a noite de quarta-feira, 20. \u201dEssas tempestades podem vir acompanhadas de rajadas de vento, raios e eventual queda de granizo, com maior intensidade no Grande Oeste, Planaltos, Alto Vale do Itaja\u00ed e norte catarinense\u201d, afirma o meteorologista da Defesa Civil, Caio Guerra. Nessas regi\u00f5es, o risco \u00e9 considerado alto para ocorr\u00eancias como alagamentos, enxurradas, destelhamentos, danos na rede el\u00e9trica e quedas de \u00e1rvores.<\/p>\n<p>A instabilidade ser\u00e1 refor\u00e7ada pela circula\u00e7\u00e3o mar\u00edtima, nesta quarta-feira, intensificando a chuva na Grande Florian\u00f3polis e no Sul do estado. Nessas regi\u00f5es, os acumulados de chuva podem ultrapassar 150 mm em pontos isolados, aumentando o risco de alagamentos e deslizamentos. A chuva mais intensa \u00e9 esperada na quarta-feira, especialmente nas \u00e1reas serranas entre o Litoral Sul e o Planalto Sul.<\/p>\n<p><img fetchpriority=\"high\" decoding=\"async\" class=\"aligncenter  wp-image-17522\" src=\"http:\/\/sulsc.com\/wp-content\/uploads\/2024\/11\/Captura-de-tela-2024-11-19-165138.png\" alt=\"\" width=\"472\" height=\"242\" srcset=\"https:\/\/sulsc.com\/wp-content\/uploads\/2024\/11\/Captura-de-tela-2024-11-19-165138.png 1379w, https:\/\/sulsc.com\/wp-content\/uploads\/2024\/11\/Captura-de-tela-2024-11-19-165138-300x154.png 300w, https:\/\/sulsc.com\/wp-content\/uploads\/2024\/11\/Captura-de-tela-2024-11-19-165138-1024x524.png 1024w, https:\/\/sulsc.com\/wp-content\/uploads\/2024\/11\/Captura-de-tela-2024-11-19-165138-768x393.png 768w\" sizes=\"(max-width: 472px) 100vw, 472px\" \/><\/p>\n","protected":false},"excerpt":{"rendered":"<p>A Secretaria da Prote\u00e7\u00e3o e Defesa Civil de Santa Catarina emitiu um aviso meteorol\u00f3gico devido \u00e0 previs\u00e3o de condi\u00e7\u00f5es clim\u00e1ticas adversas entre esta ter\u00e7a-feira, 19, e sexta-feira, 22. Durante esse per\u00edodo, o estado deve enfrentar temporais, chuva intensa e agita\u00e7\u00e3o mar\u00edtima, com riscos elevados para diversas regi\u00f5es. Segundo a central de monitoramento da Defesa Civil,\u00a0a &hellip;<\/p>\n<p class=\"read-more\"> <a class=\"\" href=\"https:\/\/sulsc.com\/index.php\/2024\/11\/20\/santa-catarina-tem-risco-de-temporais-e-mar-agitado-nesta-quarta-feira-20\/\"> <span class=\"screen-reader-text\">Santa Catarina tem risco de temporais e mar agitado nesta quarta-feira (20)<\/span> Read More &raquo;<\/a><\/p>\n","protected":false},"author":3,"featured_media":17523,"comment_status":"open","ping_status":"open","sticky":false,"template":"","format":"standard","meta":{"site-sidebar-layout":"default","site-content-layout":"","ast-site-content-layout":"default","site-content-style":"default","site-sidebar-style":"default","ast-global-header-display":"","ast-banner-title-visibility":"","ast-main-header-display":"","ast-hfb-above-header-display":"","ast-hfb-below-header-display":"","ast-hfb-mobile-header-display":"","site-post-title":"","ast-breadcrumbs-content":"","ast-featured-img":"","footer-sml-layout":"","theme-transparent-header-meta":"default","adv-header-id-meta":"","stick-header-meta":"","header-above-stick-meta":"","header-main-stick-meta":"","header-below-stick-meta":"","astra-migrate-meta-layouts":"set","footnotes":""},"categories":[38],"tags":[],"yoast_head":"<!-- This site is optimized with the Yoast SEO plugin v21.4 - https:\/\/yoast.com\/wordpress\/plugins\/seo\/ -->\n<title>Santa Catarina tem risco de temporais e mar agitado nesta quarta-feira (20) -<\/title>\n<meta name=\"robots\" content=\"index, follow, max-snippet:-1, max-image-preview:large, max-video-preview:-1\" \/>\n<link rel=\"canonical\" href=\"https:\/\/sulsc.com\/index.php\/2024\/11\/20\/santa-catarina-tem-risco-de-temporais-e-mar-agitado-nesta-quarta-feira-20\/\" \/>\n<meta property=\"og:locale\" content=\"en_US\" \/>\n<meta property=\"og:type\" content=\"article\" \/>\n<meta property=\"og:title\" content=\"Santa Catarina tem risco de temporais e mar agitado nesta quarta-feira (20) -\" \/>\n<meta property=\"og:description\" content=\"A Secretaria da Prote\u00e7\u00e3o e Defesa Civil de Santa Catarina emitiu um aviso meteorol\u00f3gico devido \u00e0 previs\u00e3o de condi\u00e7\u00f5es clim\u00e1ticas adversas entre esta ter\u00e7a-feira, 19, e sexta-feira, 22. Durante esse per\u00edodo, o estado deve enfrentar temporais, chuva intensa e agita\u00e7\u00e3o mar\u00edtima, com riscos elevados para diversas regi\u00f5es. Segundo a central de monitoramento da Defesa Civil,\u00a0a &hellip; Santa Catarina tem risco de temporais e mar agitado nesta quarta-feira (20) Read More &raquo;\" \/>\n<meta property=\"og:url\" content=\"https:\/\/sulsc.com\/index.php\/2024\/11\/20\/santa-catarina-tem-risco-de-temporais-e-mar-agitado-nesta-quarta-feira-20\/\" \/>\n<meta property=\"article:author\" content=\"https:\/\/www.facebook.com\/profile.php?id=61559278119680\" \/>\n<meta property=\"article:published_time\" content=\"2024-11-20T12:00:01+00:00\" \/>\n<meta property=\"og:image\" content=\"http:\/\/sulsc.com\/wp-content\/uploads\/2024\/11\/Baixa-pressao-atmosferica-causa-chance-de-chuva-com-risco-moderado-a-alto-em-Santa-Catarina.jpg-1-540x330-1.webp\" \/>\n\t<meta property=\"og:image:width\" content=\"540\" \/>\n\t<meta property=\"og:image:height\" content=\"330\" \/>\n\t<meta property=\"og:image:type\" content=\"image\/webp\" \/>\n<meta name=\"author\" content=\"Reda\u00e7\u00e3o Sul SC\" \/>\n<meta name=\"twitter:card\" content=\"summary_large_image\" \/>\n<meta name=\"twitter:creator\" content=\"@https:\/\/twitter.com\/PortalSulSC\" \/>\n<meta name=\"twitter:label1\" content=\"Written by\" \/>\n\t<meta name=\"twitter:data1\" content=\"Reda\u00e7\u00e3o Sul SC\" \/>\n\t<meta name=\"twitter:label2\" content=\"Est. reading time\" \/>\n\t<meta name=\"twitter:data2\" content=\"2 minutes\" \/>\n<script type=\"application\/ld+json\" class=\"yoast-schema-graph\">{\"@context\":\"https:\/\/schema.org\",\"@graph\":[{\"@type\":\"WebPage\",\"@id\":\"https:\/\/sulsc.com\/index.php\/2024\/11\/20\/santa-catarina-tem-risco-de-temporais-e-mar-agitado-nesta-quarta-feira-20\/\",\"url\":\"https:\/\/sulsc.com\/index.php\/2024\/11\/20\/santa-catarina-tem-risco-de-temporais-e-mar-agitado-nesta-quarta-feira-20\/\",\"name\":\"Santa Catarina tem risco de temporais e mar agitado nesta quarta-feira (20) -\",\"isPartOf\":{\"@id\":\"https:\/\/sulsc.com\/#website\"},\"datePublished\":\"2024-11-20T12:00:01+00:00\",\"dateModified\":\"2024-11-20T12:00:01+00:00\",\"author\":{\"@id\":\"https:\/\/sulsc.com\/#\/schema\/person\/84d2fc571684f6248ba83092f07750a3\"},\"breadcrumb\":{\"@id\":\"https:\/\/sulsc.com\/index.php\/2024\/11\/20\/santa-catarina-tem-risco-de-temporais-e-mar-agitado-nesta-quarta-feira-20\/#breadcrumb\"},\"inLanguage\":\"en-US\",\"potentialAction\":[{\"@type\":\"ReadAction\",\"target\":[\"https:\/\/sulsc.com\/index.php\/2024\/11\/20\/santa-catarina-tem-risco-de-temporais-e-mar-agitado-nesta-quarta-feira-20\/\"]}]},{\"@type\":\"BreadcrumbList\",\"@id\":\"https:\/\/sulsc.com\/index.php\/2024\/11\/20\/santa-catarina-tem-risco-de-temporais-e-mar-agitado-nesta-quarta-feira-20\/#breadcrumb\",\"itemListElement\":[{\"@type\":\"ListItem\",\"position\":1,\"name\":\"In\u00edcio\",\"item\":\"https:\/\/sulsc.com\/\"},{\"@type\":\"ListItem\",\"position\":2,\"name\":\"Santa Catarina tem risco de temporais e mar agitado nesta quarta-feira (20)\"}]},{\"@type\":\"WebSite\",\"@id\":\"https:\/\/sulsc.com\/#website\",\"url\":\"https:\/\/sulsc.com\/\",\"name\":\"\",\"description\":\"\",\"potentialAction\":[{\"@type\":\"SearchAction\",\"target\":{\"@type\":\"EntryPoint\",\"urlTemplate\":\"https:\/\/sulsc.com\/?s={search_term_string}\"},\"query-input\":\"required name=search_term_string\"}],\"inLanguage\":\"en-US\"},{\"@type\":\"Person\",\"@id\":\"https:\/\/sulsc.com\/#\/schema\/person\/84d2fc571684f6248ba83092f07750a3\",\"name\":\"Reda\u00e7\u00e3o Sul SC\",\"image\":{\"@type\":\"ImageObject\",\"inLanguage\":\"en-US\",\"@id\":\"https:\/\/sulsc.com\/#\/schema\/person\/image\/e08d7fe2cc4ed596372063bbe852b8d0\",\"url\":\"https:\/\/sulsc.com\/wp-content\/uploads\/2023\/09\/redacao.png\",\"contentUrl\":\"https:\/\/sulsc.com\/wp-content\/uploads\/2023\/09\/redacao.png\",\"caption\":\"Reda\u00e7\u00e3o Sul SC\"},\"description\":\"Foco em um jornalismo imparcial, voltado \u00e0 qualidade dos seus conte\u00fados e, assim, levar informa\u00e7\u00e3o de valor que agregue \u00e0 vida dos leitores. Esta \u00e9 grande miss\u00e3o do Portal de Not\u00edcias Sul SC. N\u00e3o \u00e9 quantidade que muda o mundo, sempre foi e seguir\u00e1 sendo qualidade!\",\"sameAs\":[\"https:\/\/sulsc.com\/\",\"https:\/\/www.facebook.com\/profile.php?id=61559278119680\",\"https:\/\/www.instagram.com\/sulscportal\/?hl=pt-br\",\"https:\/\/twitter.com\/https:\/\/twitter.com\/PortalSulSC\",\"https:\/\/www.youtube.com\/channel\/UCv_BE8GeySluDov2n8qhVmw\"],\"url\":\"https:\/\/sulsc.com\/index.php\/author\/redacao\/\"}]}<\/script>\n<!-- \/ Yoast SEO plugin. -->","yoast_head_json":{"title":"Santa Catarina tem risco de temporais e mar agitado nesta quarta-feira (20) -","robots":{"index":"index","follow":"follow","max-snippet":"max-snippet:-1","max-image-preview":"max-image-preview:large","max-video-preview":"max-video-preview:-1"},"canonical":"https:\/\/sulsc.com\/index.php\/2024\/11\/20\/santa-catarina-tem-risco-de-temporais-e-mar-agitado-nesta-quarta-feira-20\/","og_locale":"en_US","og_type":"article","og_title":"Santa Catarina tem risco de temporais e mar agitado nesta quarta-feira (20) -","og_description":"A Secretaria da Prote\u00e7\u00e3o e Defesa Civil de Santa Catarina emitiu um aviso meteorol\u00f3gico devido \u00e0 previs\u00e3o de condi\u00e7\u00f5es clim\u00e1ticas adversas entre esta ter\u00e7a-feira, 19, e sexta-feira, 22. Durante esse per\u00edodo, o estado deve enfrentar temporais, chuva intensa e agita\u00e7\u00e3o mar\u00edtima, com riscos elevados para diversas regi\u00f5es. Segundo a central de monitoramento da Defesa Civil,\u00a0a &hellip; Santa Catarina tem risco de temporais e mar agitado nesta quarta-feira (20) Read More &raquo;","og_url":"https:\/\/sulsc.com\/index.php\/2024\/11\/20\/santa-catarina-tem-risco-de-temporais-e-mar-agitado-nesta-quarta-feira-20\/","article_author":"https:\/\/www.facebook.com\/profile.php?id=61559278119680","article_published_time":"2024-11-20T12:00:01+00:00","og_image":[{"width":540,"height":330,"url":"http:\/\/sulsc.com\/wp-content\/uploads\/2024\/11\/Baixa-pressao-atmosferica-causa-chance-de-chuva-com-risco-moderado-a-alto-em-Santa-Catarina.jpg-1-540x330-1.webp","type":"image\/webp"}],"author":"Reda\u00e7\u00e3o Sul SC","twitter_card":"summary_large_image","twitter_creator":"@https:\/\/twitter.com\/PortalSulSC","twitter_misc":{"Written by":"Reda\u00e7\u00e3o Sul SC","Est. reading time":"2 minutes"},"schema":{"@context":"https:\/\/schema.org","@graph":[{"@type":"WebPage","@id":"https:\/\/sulsc.com\/index.php\/2024\/11\/20\/santa-catarina-tem-risco-de-temporais-e-mar-agitado-nesta-quarta-feira-20\/","url":"https:\/\/sulsc.com\/index.php\/2024\/11\/20\/santa-catarina-tem-risco-de-temporais-e-mar-agitado-nesta-quarta-feira-20\/","name":"Santa Catarina tem risco de temporais e mar agitado nesta quarta-feira (20) -","isPartOf":{"@id":"https:\/\/sulsc.com\/#website"},"datePublished":"2024-11-20T12:00:01+00:00","dateModified":"2024-11-20T12:00:01+00:00","author":{"@id":"https:\/\/sulsc.com\/#\/schema\/person\/84d2fc571684f6248ba83092f07750a3"},"breadcrumb":{"@id":"https:\/\/sulsc.com\/index.php\/2024\/11\/20\/santa-catarina-tem-risco-de-temporais-e-mar-agitado-nesta-quarta-feira-20\/#breadcrumb"},"inLanguage":"en-US","potentialAction":[{"@type":"ReadAction","target":["https:\/\/sulsc.com\/index.php\/2024\/11\/20\/santa-catarina-tem-risco-de-temporais-e-mar-agitado-nesta-quarta-feira-20\/"]}]},{"@type":"BreadcrumbList","@id":"https:\/\/sulsc.com\/index.php\/2024\/11\/20\/santa-catarina-tem-risco-de-temporais-e-mar-agitado-nesta-quarta-feira-20\/#breadcrumb","itemListElement":[{"@type":"ListItem","position":1,"name":"In\u00edcio","item":"https:\/\/sulsc.com\/"},{"@type":"ListItem","position":2,"name":"Santa Catarina tem risco de temporais e mar agitado nesta quarta-feira (20)"}]},{"@type":"WebSite","@id":"https:\/\/sulsc.com\/#website","url":"https:\/\/sulsc.com\/","name":"","description":"","potentialAction":[{"@type":"SearchAction","target":{"@type":"EntryPoint","urlTemplate":"https:\/\/sulsc.com\/?s={search_term_string}"},"query-input":"required name=search_term_string"}],"inLanguage":"en-US"},{"@type":"Person","@id":"https:\/\/sulsc.com\/#\/schema\/person\/84d2fc571684f6248ba83092f07750a3","name":"Reda\u00e7\u00e3o Sul SC","image":{"@type":"ImageObject","inLanguage":"en-US","@id":"https:\/\/sulsc.com\/#\/schema\/person\/image\/e08d7fe2cc4ed596372063bbe852b8d0","url":"https:\/\/sulsc.com\/wp-content\/uploads\/2023\/09\/redacao.png","contentUrl":"https:\/\/sulsc.com\/wp-content\/uploads\/2023\/09\/redacao.png","caption":"Reda\u00e7\u00e3o Sul SC"},"description":"Foco em um jornalismo imparcial, voltado \u00e0 qualidade dos seus conte\u00fados e, assim, levar informa\u00e7\u00e3o de valor que agregue \u00e0 vida dos leitores. Esta \u00e9 grande miss\u00e3o do Portal de Not\u00edcias Sul SC. N\u00e3o \u00e9 quantidade que muda o mundo, sempre foi e seguir\u00e1 sendo qualidade!","sameAs":["https:\/\/sulsc.com\/","https:\/\/www.facebook.com\/profile.php?id=61559278119680","https:\/\/www.instagram.com\/sulscportal\/?hl=pt-br","https:\/\/twitter.com\/https:\/\/twitter.com\/PortalSulSC","https:\/\/www.youtube.com\/channel\/UCv_BE8GeySluDov2n8qhVmw"],"url":"https:\/\/sulsc.com\/index.php\/author\/redacao\/"}]}},"authors":[],"_links":{"self":[{"href":"https:\/\/sulsc.com\/index.php\/wp-json\/wp\/v2\/posts\/17521"}],"collection":[{"href":"https:\/\/sulsc.com\/index.php\/wp-json\/wp\/v2\/posts"}],"about":[{"href":"https:\/\/sulsc.com\/index.php\/wp-json\/wp\/v2\/types\/post"}],"author":[{"embeddable":true,"href":"https:\/\/sulsc.com\/index.php\/wp-json\/wp\/v2\/users\/3"}],"replies":[{"embeddable":true,"href":"https:\/\/sulsc.com\/index.php\/wp-json\/wp\/v2\/comments?post=17521"}],"version-history":[{"count":1,"href":"https:\/\/sulsc.com\/index.php\/wp-json\/wp\/v2\/posts\/17521\/revisions"}],"predecessor-version":[{"id":17524,"href":"https:\/\/sulsc.com\/index.php\/wp-json\/wp\/v2\/posts\/17521\/revisions\/17524"}],"wp:featuredmedia":[{"embeddable":true,"href":"https:\/\/sulsc.com\/index.php\/wp-json\/wp\/v2\/media\/17523"}],"wp:attachment":[{"href":"https:\/\/sulsc.com\/index.php\/wp-json\/wp\/v2\/media?parent=17521"}],"wp:term":[{"taxonomy":"category","embeddable":true,"href":"https:\/\/sulsc.com\/index.php\/wp-json\/wp\/v2\/categories?post=17521"},{"taxonomy":"post_tag","embeddable":true,"href":"https:\/\/sulsc.com\/index.php\/wp-json\/wp\/v2\/tags?post=17521"}],"curies":[{"name":"wp","href":"https:\/\/api.w.org\/{rel}","templated":true}]}}