{"id":1754,"date":"2023-10-03T14:40:15","date_gmt":"2023-10-03T17:40:15","guid":{"rendered":"https:\/\/sulsc.com\/?p=1754"},"modified":"2023-10-03T17:06:52","modified_gmt":"2023-10-03T20:06:52","slug":"cachorro-e-flagrado-ao-volante-de-carro-em-alta-velocidade-na-eslovaquia","status":"publish","type":"post","link":"https:\/\/sulsc.com\/index.php\/2023\/10\/03\/cachorro-e-flagrado-ao-volante-de-carro-em-alta-velocidade-na-eslovaquia\/","title":{"rendered":"Cachorro \u00e9 flagrado ao volante de carro, em alta velocidade, na Eslov\u00e1quia"},"content":{"rendered":"<p>Um cachorro foi flagrado ao volante de um carro, que estava em alta velocidade, no momento em que trafegava por uma avenida da Eslov\u00e1quia. A imagem inusitada do c\u00e3o capturada por um radar de velocidade, no dia 29 de setembro e rapidamente viralizou nas redes, ap\u00f3s publica\u00e7\u00e3o feita no perfil oficial da pol\u00edcia eslovaca.<\/p>\n<p><img fetchpriority=\"high\" decoding=\"async\" class=\"alignnone size-full wp-image-1756\" src=\"http:\/\/sulsc.com\/wp-content\/uploads\/2023\/10\/WhatsApp-Image-2023-10-03-at-11.45.56.jpeg\" alt=\"\" width=\"550\" height=\"278\" srcset=\"https:\/\/sulsc.com\/wp-content\/uploads\/2023\/10\/WhatsApp-Image-2023-10-03-at-11.45.56.jpeg 550w, https:\/\/sulsc.com\/wp-content\/uploads\/2023\/10\/WhatsApp-Image-2023-10-03-at-11.45.56-300x152.jpeg 300w\" sizes=\"(max-width: 550px) 100vw, 550px\" \/><\/p>\n<p>O verdadeiro motorista, um homem de 31 anos, foi identificado e multado. Ele n\u00e3o teve a identidade revelada, mas contou que o c\u00e3o de ca\u00e7a da cor marrom pulou em seu colo subitamente enquanto ele dirigia, por\u00e9m as c\u00e2meras de seguran\u00e7a n\u00e3o registraram a suposta movimenta\u00e7\u00e3o do pet.<\/p>\n<p>A situa\u00e7\u00e3o inusitada tamb\u00e9m levou a pol\u00edcia eslovaca compartilhar o incidente nas redes sociais de forma mais &#8216;divertida&#8217;, simulando uma abordagem com o &#8216;c\u00e3odutor&#8217;: &#8220;Senhor C\u00e3o, voc\u00ea excedeu o limite de velocidade. Por favor, a sua habilita\u00e7\u00e3o&#8230;&#8221;, postou a pol\u00edcia.<\/p>\n<p>No entanto, os agentes refor\u00e7aram que propriet\u00e1rios devem tomar cuidado para transportar os pets corretamente em ve\u00edculos.<\/p>\n<p>&nbsp;<\/p>\n<p>Fonte: Terra<\/p>\n","protected":false},"excerpt":{"rendered":"<p>Um cachorro foi flagrado ao volante de um carro, que estava em alta velocidade, no momento em que trafegava por uma avenida da Eslov\u00e1quia. A imagem inusitada do c\u00e3o capturada por um radar de velocidade, no dia 29 de setembro e rapidamente viralizou nas redes, ap\u00f3s publica\u00e7\u00e3o feita no perfil oficial da pol\u00edcia eslovaca. O &hellip;<\/p>\n<p class=\"read-more\"> <a class=\"\" href=\"https:\/\/sulsc.com\/index.php\/2023\/10\/03\/cachorro-e-flagrado-ao-volante-de-carro-em-alta-velocidade-na-eslovaquia\/\"> <span class=\"screen-reader-text\">Cachorro \u00e9 flagrado ao volante de carro, em alta velocidade, na Eslov\u00e1quia<\/span> Read More &raquo;<\/a><\/p>\n","protected":false},"author":3,"featured_media":1755,"comment_status":"open","ping_status":"open","sticky":false,"template":"","format":"standard","meta":{"site-sidebar-layout":"default","site-content-layout":"default","ast-site-content-layout":"","site-content-style":"default","site-sidebar-style":"default","ast-global-header-display":"","ast-banner-title-visibility":"","ast-main-header-display":"","ast-hfb-above-header-display":"","ast-hfb-below-header-display":"","ast-hfb-mobile-header-display":"","site-post-title":"","ast-breadcrumbs-content":"","ast-featured-img":"","footer-sml-layout":"","theme-transparent-header-meta":"default","adv-header-id-meta":"","stick-header-meta":"","header-above-stick-meta":"","header-main-stick-meta":"","header-below-stick-meta":"","astra-migrate-meta-layouts":"","footnotes":""},"categories":[1,16,8],"tags":[],"yoast_head":"<!-- This site is optimized with the Yoast SEO plugin v21.4 - https:\/\/yoast.com\/wordpress\/plugins\/seo\/ -->\n<title>Cachorro \u00e9 flagrado ao volante de carro, em alta velocidade, na Eslov\u00e1quia -<\/title>\n<meta name=\"robots\" content=\"index, follow, max-snippet:-1, max-image-preview:large, max-video-preview:-1\" \/>\n<link rel=\"canonical\" href=\"https:\/\/sulsc.com\/index.php\/2023\/10\/03\/cachorro-e-flagrado-ao-volante-de-carro-em-alta-velocidade-na-eslovaquia\/\" \/>\n<meta property=\"og:locale\" content=\"en_US\" \/>\n<meta property=\"og:type\" content=\"article\" \/>\n<meta property=\"og:title\" content=\"Cachorro \u00e9 flagrado ao volante de carro, em alta velocidade, na Eslov\u00e1quia -\" \/>\n<meta property=\"og:description\" content=\"Um cachorro foi flagrado ao volante de um carro, que estava em alta velocidade, no momento em que trafegava por uma avenida da Eslov\u00e1quia. A imagem inusitada do c\u00e3o capturada por um radar de velocidade, no dia 29 de setembro e rapidamente viralizou nas redes, ap\u00f3s publica\u00e7\u00e3o feita no perfil oficial da pol\u00edcia eslovaca. O &hellip; Cachorro \u00e9 flagrado ao volante de carro, em alta velocidade, na Eslov\u00e1quia Read More &raquo;\" \/>\n<meta property=\"og:url\" content=\"https:\/\/sulsc.com\/index.php\/2023\/10\/03\/cachorro-e-flagrado-ao-volante-de-carro-em-alta-velocidade-na-eslovaquia\/\" \/>\n<meta property=\"article:author\" content=\"https:\/\/www.facebook.com\/profile.php?id=61559278119680\" \/>\n<meta property=\"article:published_time\" content=\"2023-10-03T17:40:15+00:00\" \/>\n<meta property=\"article:modified_time\" content=\"2023-10-03T20:06:52+00:00\" \/>\n<meta property=\"og:image\" content=\"https:\/\/sulsc.com\/wp-content\/uploads\/2023\/10\/cachorro-dirigindo-1.webp\" \/>\n\t<meta property=\"og:image:width\" content=\"774\" \/>\n\t<meta property=\"og:image:height\" content=\"519\" \/>\n\t<meta property=\"og:image:type\" content=\"image\/webp\" \/>\n<meta name=\"author\" content=\"Reda\u00e7\u00e3o Sul SC\" \/>\n<meta name=\"twitter:card\" content=\"summary_large_image\" \/>\n<meta name=\"twitter:creator\" content=\"@https:\/\/twitter.com\/PortalSulSC\" \/>\n<meta name=\"twitter:label1\" content=\"Written by\" \/>\n\t<meta name=\"twitter:data1\" content=\"Reda\u00e7\u00e3o Sul SC\" \/>\n\t<meta name=\"twitter:label2\" content=\"Est. reading time\" \/>\n\t<meta name=\"twitter:data2\" content=\"1 minute\" \/>\n<script type=\"application\/ld+json\" class=\"yoast-schema-graph\">{\"@context\":\"https:\/\/schema.org\",\"@graph\":[{\"@type\":\"WebPage\",\"@id\":\"https:\/\/sulsc.com\/index.php\/2023\/10\/03\/cachorro-e-flagrado-ao-volante-de-carro-em-alta-velocidade-na-eslovaquia\/\",\"url\":\"https:\/\/sulsc.com\/index.php\/2023\/10\/03\/cachorro-e-flagrado-ao-volante-de-carro-em-alta-velocidade-na-eslovaquia\/\",\"name\":\"Cachorro \u00e9 flagrado ao volante de carro, em alta velocidade, na Eslov\u00e1quia -\",\"isPartOf\":{\"@id\":\"https:\/\/sulsc.com\/#website\"},\"datePublished\":\"2023-10-03T17:40:15+00:00\",\"dateModified\":\"2023-10-03T20:06:52+00:00\",\"author\":{\"@id\":\"https:\/\/sulsc.com\/#\/schema\/person\/84d2fc571684f6248ba83092f07750a3\"},\"breadcrumb\":{\"@id\":\"https:\/\/sulsc.com\/index.php\/2023\/10\/03\/cachorro-e-flagrado-ao-volante-de-carro-em-alta-velocidade-na-eslovaquia\/#breadcrumb\"},\"inLanguage\":\"en-US\",\"potentialAction\":[{\"@type\":\"ReadAction\",\"target\":[\"https:\/\/sulsc.com\/index.php\/2023\/10\/03\/cachorro-e-flagrado-ao-volante-de-carro-em-alta-velocidade-na-eslovaquia\/\"]}]},{\"@type\":\"BreadcrumbList\",\"@id\":\"https:\/\/sulsc.com\/index.php\/2023\/10\/03\/cachorro-e-flagrado-ao-volante-de-carro-em-alta-velocidade-na-eslovaquia\/#breadcrumb\",\"itemListElement\":[{\"@type\":\"ListItem\",\"position\":1,\"name\":\"In\u00edcio\",\"item\":\"https:\/\/sulsc.com\/\"},{\"@type\":\"ListItem\",\"position\":2,\"name\":\"Cachorro \u00e9 flagrado ao volante de carro, em alta velocidade, na Eslov\u00e1quia\"}]},{\"@type\":\"WebSite\",\"@id\":\"https:\/\/sulsc.com\/#website\",\"url\":\"https:\/\/sulsc.com\/\",\"name\":\"\",\"description\":\"\",\"potentialAction\":[{\"@type\":\"SearchAction\",\"target\":{\"@type\":\"EntryPoint\",\"urlTemplate\":\"https:\/\/sulsc.com\/?s={search_term_string}\"},\"query-input\":\"required name=search_term_string\"}],\"inLanguage\":\"en-US\"},{\"@type\":\"Person\",\"@id\":\"https:\/\/sulsc.com\/#\/schema\/person\/84d2fc571684f6248ba83092f07750a3\",\"name\":\"Reda\u00e7\u00e3o Sul SC\",\"image\":{\"@type\":\"ImageObject\",\"inLanguage\":\"en-US\",\"@id\":\"https:\/\/sulsc.com\/#\/schema\/person\/image\/e08d7fe2cc4ed596372063bbe852b8d0\",\"url\":\"https:\/\/sulsc.com\/wp-content\/uploads\/2023\/09\/redacao.png\",\"contentUrl\":\"https:\/\/sulsc.com\/wp-content\/uploads\/2023\/09\/redacao.png\",\"caption\":\"Reda\u00e7\u00e3o Sul SC\"},\"description\":\"Foco em um jornalismo imparcial, voltado \u00e0 qualidade dos seus conte\u00fados e, assim, levar informa\u00e7\u00e3o de valor que agregue \u00e0 vida dos leitores. Esta \u00e9 grande miss\u00e3o do Portal de Not\u00edcias Sul SC. N\u00e3o \u00e9 quantidade que muda o mundo, sempre foi e seguir\u00e1 sendo qualidade!\",\"sameAs\":[\"https:\/\/sulsc.com\/\",\"https:\/\/www.facebook.com\/profile.php?id=61559278119680\",\"https:\/\/www.instagram.com\/sulscportal\/?hl=pt-br\",\"https:\/\/twitter.com\/https:\/\/twitter.com\/PortalSulSC\",\"https:\/\/www.youtube.com\/channel\/UCv_BE8GeySluDov2n8qhVmw\"],\"url\":\"https:\/\/sulsc.com\/index.php\/author\/redacao\/\"}]}<\/script>\n<!-- \/ Yoast SEO plugin. -->","yoast_head_json":{"title":"Cachorro \u00e9 flagrado ao volante de carro, em alta velocidade, na Eslov\u00e1quia -","robots":{"index":"index","follow":"follow","max-snippet":"max-snippet:-1","max-image-preview":"max-image-preview:large","max-video-preview":"max-video-preview:-1"},"canonical":"https:\/\/sulsc.com\/index.php\/2023\/10\/03\/cachorro-e-flagrado-ao-volante-de-carro-em-alta-velocidade-na-eslovaquia\/","og_locale":"en_US","og_type":"article","og_title":"Cachorro \u00e9 flagrado ao volante de carro, em alta velocidade, na Eslov\u00e1quia -","og_description":"Um cachorro foi flagrado ao volante de um carro, que estava em alta velocidade, no momento em que trafegava por uma avenida da Eslov\u00e1quia. A imagem inusitada do c\u00e3o capturada por um radar de velocidade, no dia 29 de setembro e rapidamente viralizou nas redes, ap\u00f3s publica\u00e7\u00e3o feita no perfil oficial da pol\u00edcia eslovaca. O &hellip; Cachorro \u00e9 flagrado ao volante de carro, em alta velocidade, na Eslov\u00e1quia Read More &raquo;","og_url":"https:\/\/sulsc.com\/index.php\/2023\/10\/03\/cachorro-e-flagrado-ao-volante-de-carro-em-alta-velocidade-na-eslovaquia\/","article_author":"https:\/\/www.facebook.com\/profile.php?id=61559278119680","article_published_time":"2023-10-03T17:40:15+00:00","article_modified_time":"2023-10-03T20:06:52+00:00","og_image":[{"width":774,"height":519,"url":"https:\/\/sulsc.com\/wp-content\/uploads\/2023\/10\/cachorro-dirigindo-1.webp","type":"image\/webp"}],"author":"Reda\u00e7\u00e3o Sul SC","twitter_card":"summary_large_image","twitter_creator":"@https:\/\/twitter.com\/PortalSulSC","twitter_misc":{"Written by":"Reda\u00e7\u00e3o Sul SC","Est. reading time":"1 minute"},"schema":{"@context":"https:\/\/schema.org","@graph":[{"@type":"WebPage","@id":"https:\/\/sulsc.com\/index.php\/2023\/10\/03\/cachorro-e-flagrado-ao-volante-de-carro-em-alta-velocidade-na-eslovaquia\/","url":"https:\/\/sulsc.com\/index.php\/2023\/10\/03\/cachorro-e-flagrado-ao-volante-de-carro-em-alta-velocidade-na-eslovaquia\/","name":"Cachorro \u00e9 flagrado ao volante de carro, em alta velocidade, na Eslov\u00e1quia -","isPartOf":{"@id":"https:\/\/sulsc.com\/#website"},"datePublished":"2023-10-03T17:40:15+00:00","dateModified":"2023-10-03T20:06:52+00:00","author":{"@id":"https:\/\/sulsc.com\/#\/schema\/person\/84d2fc571684f6248ba83092f07750a3"},"breadcrumb":{"@id":"https:\/\/sulsc.com\/index.php\/2023\/10\/03\/cachorro-e-flagrado-ao-volante-de-carro-em-alta-velocidade-na-eslovaquia\/#breadcrumb"},"inLanguage":"en-US","potentialAction":[{"@type":"ReadAction","target":["https:\/\/sulsc.com\/index.php\/2023\/10\/03\/cachorro-e-flagrado-ao-volante-de-carro-em-alta-velocidade-na-eslovaquia\/"]}]},{"@type":"BreadcrumbList","@id":"https:\/\/sulsc.com\/index.php\/2023\/10\/03\/cachorro-e-flagrado-ao-volante-de-carro-em-alta-velocidade-na-eslovaquia\/#breadcrumb","itemListElement":[{"@type":"ListItem","position":1,"name":"In\u00edcio","item":"https:\/\/sulsc.com\/"},{"@type":"ListItem","position":2,"name":"Cachorro \u00e9 flagrado ao volante de carro, em alta velocidade, na Eslov\u00e1quia"}]},{"@type":"WebSite","@id":"https:\/\/sulsc.com\/#website","url":"https:\/\/sulsc.com\/","name":"","description":"","potentialAction":[{"@type":"SearchAction","target":{"@type":"EntryPoint","urlTemplate":"https:\/\/sulsc.com\/?s={search_term_string}"},"query-input":"required name=search_term_string"}],"inLanguage":"en-US"},{"@type":"Person","@id":"https:\/\/sulsc.com\/#\/schema\/person\/84d2fc571684f6248ba83092f07750a3","name":"Reda\u00e7\u00e3o Sul SC","image":{"@type":"ImageObject","inLanguage":"en-US","@id":"https:\/\/sulsc.com\/#\/schema\/person\/image\/e08d7fe2cc4ed596372063bbe852b8d0","url":"https:\/\/sulsc.com\/wp-content\/uploads\/2023\/09\/redacao.png","contentUrl":"https:\/\/sulsc.com\/wp-content\/uploads\/2023\/09\/redacao.png","caption":"Reda\u00e7\u00e3o Sul SC"},"description":"Foco em um jornalismo imparcial, voltado \u00e0 qualidade dos seus conte\u00fados e, assim, levar informa\u00e7\u00e3o de valor que agregue \u00e0 vida dos leitores. Esta \u00e9 grande miss\u00e3o do Portal de Not\u00edcias Sul SC. N\u00e3o \u00e9 quantidade que muda o mundo, sempre foi e seguir\u00e1 sendo qualidade!","sameAs":["https:\/\/sulsc.com\/","https:\/\/www.facebook.com\/profile.php?id=61559278119680","https:\/\/www.instagram.com\/sulscportal\/?hl=pt-br","https:\/\/twitter.com\/https:\/\/twitter.com\/PortalSulSC","https:\/\/www.youtube.com\/channel\/UCv_BE8GeySluDov2n8qhVmw"],"url":"https:\/\/sulsc.com\/index.php\/author\/redacao\/"}]}},"authors":[],"_links":{"self":[{"href":"https:\/\/sulsc.com\/index.php\/wp-json\/wp\/v2\/posts\/1754"}],"collection":[{"href":"https:\/\/sulsc.com\/index.php\/wp-json\/wp\/v2\/posts"}],"about":[{"href":"https:\/\/sulsc.com\/index.php\/wp-json\/wp\/v2\/types\/post"}],"author":[{"embeddable":true,"href":"https:\/\/sulsc.com\/index.php\/wp-json\/wp\/v2\/users\/3"}],"replies":[{"embeddable":true,"href":"https:\/\/sulsc.com\/index.php\/wp-json\/wp\/v2\/comments?post=1754"}],"version-history":[{"count":1,"href":"https:\/\/sulsc.com\/index.php\/wp-json\/wp\/v2\/posts\/1754\/revisions"}],"predecessor-version":[{"id":1757,"href":"https:\/\/sulsc.com\/index.php\/wp-json\/wp\/v2\/posts\/1754\/revisions\/1757"}],"wp:featuredmedia":[{"embeddable":true,"href":"https:\/\/sulsc.com\/index.php\/wp-json\/wp\/v2\/media\/1755"}],"wp:attachment":[{"href":"https:\/\/sulsc.com\/index.php\/wp-json\/wp\/v2\/media?parent=1754"}],"wp:term":[{"taxonomy":"category","embeddable":true,"href":"https:\/\/sulsc.com\/index.php\/wp-json\/wp\/v2\/categories?post=1754"},{"taxonomy":"post_tag","embeddable":true,"href":"https:\/\/sulsc.com\/index.php\/wp-json\/wp\/v2\/tags?post=1754"}],"curies":[{"name":"wp","href":"https:\/\/api.w.org\/{rel}","templated":true}]}}