{"id":17576,"date":"2024-11-22T08:29:07","date_gmt":"2024-11-22T11:29:07","guid":{"rendered":"https:\/\/sulsc.com\/?p=17576"},"modified":"2024-11-22T08:29:48","modified_gmt":"2024-11-22T11:29:48","slug":"chuva-da-uma-tregua-nesta-sexta-feira-22-mas-com-possibilidade-de-temporais-isolado-na-parte-da-tarde","status":"publish","type":"post","link":"https:\/\/sulsc.com\/index.php\/2024\/11\/22\/chuva-da-uma-tregua-nesta-sexta-feira-22-mas-com-possibilidade-de-temporais-isolado-na-parte-da-tarde\/","title":{"rendered":"Chuva da uma tr\u00e9gua nesta sexta-feira (22) mas com possibilidade de temporais isolado na parte da tarde"},"content":{"rendered":"<p>Ocorr\u00eancia de chuva nesta sexta-feira (22) ainda persiste de moderada a forte intensidade em alguns momentos, entre o leste dos Planaltos e toda a faixa litor\u00e2nea, com risco moderado a alto para ocorr\u00eancias associadas \u00e0 alagamentos, deslizamentos e enxurradas pontuais.<\/p>\n<p><img fetchpriority=\"high\" decoding=\"async\" class=\"aligncenter size-full wp-image-17578\" src=\"http:\/\/sulsc.com\/wp-content\/uploads\/2024\/11\/6-2.png\" alt=\"\" width=\"1024\" height=\"699\" srcset=\"https:\/\/sulsc.com\/wp-content\/uploads\/2024\/11\/6-2.png 1024w, https:\/\/sulsc.com\/wp-content\/uploads\/2024\/11\/6-2-300x205.png 300w, https:\/\/sulsc.com\/wp-content\/uploads\/2024\/11\/6-2-768x524.png 768w\" sizes=\"(max-width: 1024px) 100vw, 1024px\" \/><\/p>\n<p><img decoding=\"async\" class=\"aligncenter wp-image-17436\" src=\"http:\/\/sulsc.com\/wp-content\/uploads\/2024\/11\/Tempo-2.png\" alt=\"\" width=\"681\" height=\"126\" srcset=\"https:\/\/sulsc.com\/wp-content\/uploads\/2024\/11\/Tempo-2.png 1024w, https:\/\/sulsc.com\/wp-content\/uploads\/2024\/11\/Tempo-2-300x55.png 300w, https:\/\/sulsc.com\/wp-content\/uploads\/2024\/11\/Tempo-2-768x142.png 768w\" sizes=\"(max-width: 681px) 100vw, 681px\" \/><\/p>\n<p>Entre o Grande Oeste e parte dos Planaltos, ainda h\u00e1 condi\u00e7\u00f5es para temporais isolados, principalmente entre a tarde e a noite, com risco baixo a moderado para ocorr\u00eancias associadas a destelhamentos, danos na rede el\u00e9trica e alagamentos pontuais. O vento perde for\u00e7a, mas o mar segue agitado em todo o litoral, com ondas de leste entre 2,0m e 2,5m, oferecendo risco moderado para ocorr\u00eancias associadas \u00e0 agita\u00e7\u00e3o mar\u00edtima.<\/p>\n","protected":false},"excerpt":{"rendered":"<p>Ocorr\u00eancia de chuva nesta sexta-feira (22) ainda persiste de moderada a forte intensidade em alguns momentos, entre o leste dos Planaltos e toda a faixa litor\u00e2nea, com risco moderado a alto para ocorr\u00eancias associadas \u00e0 alagamentos, deslizamentos e enxurradas pontuais. Entre o Grande Oeste e parte dos Planaltos, ainda h\u00e1 condi\u00e7\u00f5es para temporais isolados, principalmente &hellip;<\/p>\n<p class=\"read-more\"> <a class=\"\" href=\"https:\/\/sulsc.com\/index.php\/2024\/11\/22\/chuva-da-uma-tregua-nesta-sexta-feira-22-mas-com-possibilidade-de-temporais-isolado-na-parte-da-tarde\/\"> <span class=\"screen-reader-text\">Chuva da uma tr\u00e9gua nesta sexta-feira (22) mas com possibilidade de temporais isolado na parte da tarde<\/span> Read More &raquo;<\/a><\/p>\n","protected":false},"author":3,"featured_media":17184,"comment_status":"open","ping_status":"open","sticky":false,"template":"","format":"standard","meta":{"site-sidebar-layout":"default","site-content-layout":"","ast-site-content-layout":"default","site-content-style":"default","site-sidebar-style":"default","ast-global-header-display":"","ast-banner-title-visibility":"","ast-main-header-display":"","ast-hfb-above-header-display":"","ast-hfb-below-header-display":"","ast-hfb-mobile-header-display":"","site-post-title":"","ast-breadcrumbs-content":"","ast-featured-img":"","footer-sml-layout":"","theme-transparent-header-meta":"default","adv-header-id-meta":"","stick-header-meta":"","header-above-stick-meta":"","header-main-stick-meta":"","header-below-stick-meta":"","astra-migrate-meta-layouts":"set","footnotes":""},"categories":[38],"tags":[90],"yoast_head":"<!-- This site is optimized with the Yoast SEO plugin v21.4 - https:\/\/yoast.com\/wordpress\/plugins\/seo\/ -->\n<title>Chuva da uma tr\u00e9gua nesta sexta-feira (22) mas com possibilidade de temporais isolado na parte da tarde -<\/title>\n<meta name=\"description\" content=\"O vento perde for\u00e7a nesta sexta-feira mas o mar segue agitado em todo o litoral com ondas de leste entre 2 0m e 2 5m\" \/>\n<meta name=\"robots\" content=\"index, follow, max-snippet:-1, max-image-preview:large, max-video-preview:-1\" \/>\n<link rel=\"canonical\" href=\"https:\/\/sulsc.com\/index.php\/2024\/11\/22\/chuva-da-uma-tregua-nesta-sexta-feira-22-mas-com-possibilidade-de-temporais-isolado-na-parte-da-tarde\/\" \/>\n<meta property=\"og:locale\" content=\"en_US\" \/>\n<meta property=\"og:type\" content=\"article\" \/>\n<meta property=\"og:title\" content=\"Chuva da uma tr\u00e9gua nesta sexta-feira (22) mas com possibilidade de temporais isolado na parte da tarde -\" \/>\n<meta property=\"og:description\" content=\"O vento perde for\u00e7a nesta sexta-feira mas o mar segue agitado em todo o litoral com ondas de leste entre 2 0m e 2 5m\" \/>\n<meta property=\"og:url\" content=\"https:\/\/sulsc.com\/index.php\/2024\/11\/22\/chuva-da-uma-tregua-nesta-sexta-feira-22-mas-com-possibilidade-de-temporais-isolado-na-parte-da-tarde\/\" \/>\n<meta property=\"article:author\" content=\"https:\/\/www.facebook.com\/profile.php?id=61559278119680\" \/>\n<meta property=\"article:published_time\" content=\"2024-11-22T11:29:07+00:00\" \/>\n<meta property=\"article:modified_time\" content=\"2024-11-22T11:29:48+00:00\" \/>\n<meta property=\"og:image\" content=\"http:\/\/sulsc.com\/wp-content\/uploads\/2024\/11\/tempo-4.jpg\" \/>\n\t<meta property=\"og:image:width\" content=\"1600\" \/>\n\t<meta property=\"og:image:height\" content=\"719\" \/>\n\t<meta property=\"og:image:type\" content=\"image\/jpeg\" \/>\n<meta name=\"author\" content=\"Reda\u00e7\u00e3o Sul SC\" \/>\n<meta name=\"twitter:card\" content=\"summary_large_image\" \/>\n<meta name=\"twitter:creator\" content=\"@https:\/\/twitter.com\/PortalSulSC\" \/>\n<meta name=\"twitter:label1\" content=\"Written by\" \/>\n\t<meta name=\"twitter:data1\" content=\"Reda\u00e7\u00e3o Sul SC\" \/>\n\t<meta name=\"twitter:label2\" content=\"Est. reading time\" \/>\n\t<meta name=\"twitter:data2\" content=\"1 minute\" \/>\n<script type=\"application\/ld+json\" class=\"yoast-schema-graph\">{\"@context\":\"https:\/\/schema.org\",\"@graph\":[{\"@type\":\"WebPage\",\"@id\":\"https:\/\/sulsc.com\/index.php\/2024\/11\/22\/chuva-da-uma-tregua-nesta-sexta-feira-22-mas-com-possibilidade-de-temporais-isolado-na-parte-da-tarde\/\",\"url\":\"https:\/\/sulsc.com\/index.php\/2024\/11\/22\/chuva-da-uma-tregua-nesta-sexta-feira-22-mas-com-possibilidade-de-temporais-isolado-na-parte-da-tarde\/\",\"name\":\"Chuva da uma tr\u00e9gua nesta sexta-feira (22) mas com possibilidade de temporais isolado na parte da tarde -\",\"isPartOf\":{\"@id\":\"https:\/\/sulsc.com\/#website\"},\"datePublished\":\"2024-11-22T11:29:07+00:00\",\"dateModified\":\"2024-11-22T11:29:48+00:00\",\"author\":{\"@id\":\"https:\/\/sulsc.com\/#\/schema\/person\/84d2fc571684f6248ba83092f07750a3\"},\"description\":\"O vento perde for\u00e7a nesta sexta-feira mas o mar segue agitado em todo o litoral com ondas de leste entre 2 0m e 2 5m\",\"breadcrumb\":{\"@id\":\"https:\/\/sulsc.com\/index.php\/2024\/11\/22\/chuva-da-uma-tregua-nesta-sexta-feira-22-mas-com-possibilidade-de-temporais-isolado-na-parte-da-tarde\/#breadcrumb\"},\"inLanguage\":\"en-US\",\"potentialAction\":[{\"@type\":\"ReadAction\",\"target\":[\"https:\/\/sulsc.com\/index.php\/2024\/11\/22\/chuva-da-uma-tregua-nesta-sexta-feira-22-mas-com-possibilidade-de-temporais-isolado-na-parte-da-tarde\/\"]}]},{\"@type\":\"BreadcrumbList\",\"@id\":\"https:\/\/sulsc.com\/index.php\/2024\/11\/22\/chuva-da-uma-tregua-nesta-sexta-feira-22-mas-com-possibilidade-de-temporais-isolado-na-parte-da-tarde\/#breadcrumb\",\"itemListElement\":[{\"@type\":\"ListItem\",\"position\":1,\"name\":\"In\u00edcio\",\"item\":\"https:\/\/sulsc.com\/\"},{\"@type\":\"ListItem\",\"position\":2,\"name\":\"Chuva da uma tr\u00e9gua nesta sexta-feira (22) mas com possibilidade de temporais isolado na parte da tarde\"}]},{\"@type\":\"WebSite\",\"@id\":\"https:\/\/sulsc.com\/#website\",\"url\":\"https:\/\/sulsc.com\/\",\"name\":\"\",\"description\":\"\",\"potentialAction\":[{\"@type\":\"SearchAction\",\"target\":{\"@type\":\"EntryPoint\",\"urlTemplate\":\"https:\/\/sulsc.com\/?s={search_term_string}\"},\"query-input\":\"required name=search_term_string\"}],\"inLanguage\":\"en-US\"},{\"@type\":\"Person\",\"@id\":\"https:\/\/sulsc.com\/#\/schema\/person\/84d2fc571684f6248ba83092f07750a3\",\"name\":\"Reda\u00e7\u00e3o Sul SC\",\"image\":{\"@type\":\"ImageObject\",\"inLanguage\":\"en-US\",\"@id\":\"https:\/\/sulsc.com\/#\/schema\/person\/image\/e08d7fe2cc4ed596372063bbe852b8d0\",\"url\":\"https:\/\/sulsc.com\/wp-content\/uploads\/2023\/09\/redacao.png\",\"contentUrl\":\"https:\/\/sulsc.com\/wp-content\/uploads\/2023\/09\/redacao.png\",\"caption\":\"Reda\u00e7\u00e3o Sul SC\"},\"description\":\"Foco em um jornalismo imparcial, voltado \u00e0 qualidade dos seus conte\u00fados e, assim, levar informa\u00e7\u00e3o de valor que agregue \u00e0 vida dos leitores. Esta \u00e9 grande miss\u00e3o do Portal de Not\u00edcias Sul SC. N\u00e3o \u00e9 quantidade que muda o mundo, sempre foi e seguir\u00e1 sendo qualidade!\",\"sameAs\":[\"https:\/\/sulsc.com\/\",\"https:\/\/www.facebook.com\/profile.php?id=61559278119680\",\"https:\/\/www.instagram.com\/sulscportal\/?hl=pt-br\",\"https:\/\/twitter.com\/https:\/\/twitter.com\/PortalSulSC\",\"https:\/\/www.youtube.com\/channel\/UCv_BE8GeySluDov2n8qhVmw\"],\"url\":\"https:\/\/sulsc.com\/index.php\/author\/redacao\/\"}]}<\/script>\n<!-- \/ Yoast SEO plugin. -->","yoast_head_json":{"title":"Chuva da uma tr\u00e9gua nesta sexta-feira (22) mas com possibilidade de temporais isolado na parte da tarde -","description":"O vento perde for\u00e7a nesta sexta-feira mas o mar segue agitado em todo o litoral com ondas de leste entre 2 0m e 2 5m","robots":{"index":"index","follow":"follow","max-snippet":"max-snippet:-1","max-image-preview":"max-image-preview:large","max-video-preview":"max-video-preview:-1"},"canonical":"https:\/\/sulsc.com\/index.php\/2024\/11\/22\/chuva-da-uma-tregua-nesta-sexta-feira-22-mas-com-possibilidade-de-temporais-isolado-na-parte-da-tarde\/","og_locale":"en_US","og_type":"article","og_title":"Chuva da uma tr\u00e9gua nesta sexta-feira (22) mas com possibilidade de temporais isolado na parte da tarde -","og_description":"O vento perde for\u00e7a nesta sexta-feira mas o mar segue agitado em todo o litoral com ondas de leste entre 2 0m e 2 5m","og_url":"https:\/\/sulsc.com\/index.php\/2024\/11\/22\/chuva-da-uma-tregua-nesta-sexta-feira-22-mas-com-possibilidade-de-temporais-isolado-na-parte-da-tarde\/","article_author":"https:\/\/www.facebook.com\/profile.php?id=61559278119680","article_published_time":"2024-11-22T11:29:07+00:00","article_modified_time":"2024-11-22T11:29:48+00:00","og_image":[{"width":1600,"height":719,"url":"http:\/\/sulsc.com\/wp-content\/uploads\/2024\/11\/tempo-4.jpg","type":"image\/jpeg"}],"author":"Reda\u00e7\u00e3o Sul SC","twitter_card":"summary_large_image","twitter_creator":"@https:\/\/twitter.com\/PortalSulSC","twitter_misc":{"Written by":"Reda\u00e7\u00e3o Sul SC","Est. reading time":"1 minute"},"schema":{"@context":"https:\/\/schema.org","@graph":[{"@type":"WebPage","@id":"https:\/\/sulsc.com\/index.php\/2024\/11\/22\/chuva-da-uma-tregua-nesta-sexta-feira-22-mas-com-possibilidade-de-temporais-isolado-na-parte-da-tarde\/","url":"https:\/\/sulsc.com\/index.php\/2024\/11\/22\/chuva-da-uma-tregua-nesta-sexta-feira-22-mas-com-possibilidade-de-temporais-isolado-na-parte-da-tarde\/","name":"Chuva da uma tr\u00e9gua nesta sexta-feira (22) mas com possibilidade de temporais isolado na parte da tarde -","isPartOf":{"@id":"https:\/\/sulsc.com\/#website"},"datePublished":"2024-11-22T11:29:07+00:00","dateModified":"2024-11-22T11:29:48+00:00","author":{"@id":"https:\/\/sulsc.com\/#\/schema\/person\/84d2fc571684f6248ba83092f07750a3"},"description":"O vento perde for\u00e7a nesta sexta-feira mas o mar segue agitado em todo o litoral com ondas de leste entre 2 0m e 2 5m","breadcrumb":{"@id":"https:\/\/sulsc.com\/index.php\/2024\/11\/22\/chuva-da-uma-tregua-nesta-sexta-feira-22-mas-com-possibilidade-de-temporais-isolado-na-parte-da-tarde\/#breadcrumb"},"inLanguage":"en-US","potentialAction":[{"@type":"ReadAction","target":["https:\/\/sulsc.com\/index.php\/2024\/11\/22\/chuva-da-uma-tregua-nesta-sexta-feira-22-mas-com-possibilidade-de-temporais-isolado-na-parte-da-tarde\/"]}]},{"@type":"BreadcrumbList","@id":"https:\/\/sulsc.com\/index.php\/2024\/11\/22\/chuva-da-uma-tregua-nesta-sexta-feira-22-mas-com-possibilidade-de-temporais-isolado-na-parte-da-tarde\/#breadcrumb","itemListElement":[{"@type":"ListItem","position":1,"name":"In\u00edcio","item":"https:\/\/sulsc.com\/"},{"@type":"ListItem","position":2,"name":"Chuva da uma tr\u00e9gua nesta sexta-feira (22) mas com possibilidade de temporais isolado na parte da tarde"}]},{"@type":"WebSite","@id":"https:\/\/sulsc.com\/#website","url":"https:\/\/sulsc.com\/","name":"","description":"","potentialAction":[{"@type":"SearchAction","target":{"@type":"EntryPoint","urlTemplate":"https:\/\/sulsc.com\/?s={search_term_string}"},"query-input":"required name=search_term_string"}],"inLanguage":"en-US"},{"@type":"Person","@id":"https:\/\/sulsc.com\/#\/schema\/person\/84d2fc571684f6248ba83092f07750a3","name":"Reda\u00e7\u00e3o Sul SC","image":{"@type":"ImageObject","inLanguage":"en-US","@id":"https:\/\/sulsc.com\/#\/schema\/person\/image\/e08d7fe2cc4ed596372063bbe852b8d0","url":"https:\/\/sulsc.com\/wp-content\/uploads\/2023\/09\/redacao.png","contentUrl":"https:\/\/sulsc.com\/wp-content\/uploads\/2023\/09\/redacao.png","caption":"Reda\u00e7\u00e3o Sul SC"},"description":"Foco em um jornalismo imparcial, voltado \u00e0 qualidade dos seus conte\u00fados e, assim, levar informa\u00e7\u00e3o de valor que agregue \u00e0 vida dos leitores. Esta \u00e9 grande miss\u00e3o do Portal de Not\u00edcias Sul SC. N\u00e3o \u00e9 quantidade que muda o mundo, sempre foi e seguir\u00e1 sendo qualidade!","sameAs":["https:\/\/sulsc.com\/","https:\/\/www.facebook.com\/profile.php?id=61559278119680","https:\/\/www.instagram.com\/sulscportal\/?hl=pt-br","https:\/\/twitter.com\/https:\/\/twitter.com\/PortalSulSC","https:\/\/www.youtube.com\/channel\/UCv_BE8GeySluDov2n8qhVmw"],"url":"https:\/\/sulsc.com\/index.php\/author\/redacao\/"}]}},"authors":[],"_links":{"self":[{"href":"https:\/\/sulsc.com\/index.php\/wp-json\/wp\/v2\/posts\/17576"}],"collection":[{"href":"https:\/\/sulsc.com\/index.php\/wp-json\/wp\/v2\/posts"}],"about":[{"href":"https:\/\/sulsc.com\/index.php\/wp-json\/wp\/v2\/types\/post"}],"author":[{"embeddable":true,"href":"https:\/\/sulsc.com\/index.php\/wp-json\/wp\/v2\/users\/3"}],"replies":[{"embeddable":true,"href":"https:\/\/sulsc.com\/index.php\/wp-json\/wp\/v2\/comments?post=17576"}],"version-history":[{"count":1,"href":"https:\/\/sulsc.com\/index.php\/wp-json\/wp\/v2\/posts\/17576\/revisions"}],"predecessor-version":[{"id":17580,"href":"https:\/\/sulsc.com\/index.php\/wp-json\/wp\/v2\/posts\/17576\/revisions\/17580"}],"wp:featuredmedia":[{"embeddable":true,"href":"https:\/\/sulsc.com\/index.php\/wp-json\/wp\/v2\/media\/17184"}],"wp:attachment":[{"href":"https:\/\/sulsc.com\/index.php\/wp-json\/wp\/v2\/media?parent=17576"}],"wp:term":[{"taxonomy":"category","embeddable":true,"href":"https:\/\/sulsc.com\/index.php\/wp-json\/wp\/v2\/categories?post=17576"},{"taxonomy":"post_tag","embeddable":true,"href":"https:\/\/sulsc.com\/index.php\/wp-json\/wp\/v2\/tags?post=17576"}],"curies":[{"name":"wp","href":"https:\/\/api.w.org\/{rel}","templated":true}]}}