{"id":17612,"date":"2024-11-23T08:58:25","date_gmt":"2024-11-23T11:58:25","guid":{"rendered":"https:\/\/sulsc.com\/?p=17612"},"modified":"2024-11-23T08:58:25","modified_gmt":"2024-11-23T11:58:25","slug":"chuva-perde-forca-neste-sabado-23","status":"publish","type":"post","link":"https:\/\/sulsc.com\/index.php\/2024\/11\/23\/chuva-perde-forca-neste-sabado-23\/","title":{"rendered":"Chuva perde for\u00e7a neste s\u00e1bado (23)"},"content":{"rendered":"<p>Neste s\u00e1bado (23), entre o Litoral Sul e a Grande Florian\u00f3polis a chuva deve ocorrer com fraca intensidade e intercalada com per\u00edodos de melhoria. J\u00e1 no Litoral Norte, a chuva varia de fraca a moderada intensidade e atua de forma persistente.<\/p>\n<p><img fetchpriority=\"high\" decoding=\"async\" class=\"aligncenter size-full wp-image-17613\" src=\"http:\/\/sulsc.com\/wp-content\/uploads\/2024\/11\/Sab-1.png\" alt=\"\" width=\"1658\" height=\"1123\" srcset=\"https:\/\/sulsc.com\/wp-content\/uploads\/2024\/11\/Sab-1.png 1658w, https:\/\/sulsc.com\/wp-content\/uploads\/2024\/11\/Sab-1-300x203.png 300w, https:\/\/sulsc.com\/wp-content\/uploads\/2024\/11\/Sab-1-1024x694.png 1024w, https:\/\/sulsc.com\/wp-content\/uploads\/2024\/11\/Sab-1-768x520.png 768w, https:\/\/sulsc.com\/wp-content\/uploads\/2024\/11\/Sab-1-1536x1040.png 1536w\" sizes=\"(max-width: 1658px) 100vw, 1658px\" \/><\/p>\n<p><img decoding=\"async\" class=\"aligncenter  wp-image-17436\" src=\"http:\/\/sulsc.com\/wp-content\/uploads\/2024\/11\/Tempo-2.png\" alt=\"\" width=\"654\" height=\"121\" srcset=\"https:\/\/sulsc.com\/wp-content\/uploads\/2024\/11\/Tempo-2.png 1024w, https:\/\/sulsc.com\/wp-content\/uploads\/2024\/11\/Tempo-2-300x55.png 300w, https:\/\/sulsc.com\/wp-content\/uploads\/2024\/11\/Tempo-2-768x142.png 768w\" sizes=\"(max-width: 654px) 100vw, 654px\" \/><\/p>\n<p>O risco \u00e9 baixo a moderado para ocorr\u00eancias associadas a alagamentos e eventuais deslizamentos em decorr\u00eancia dos volumes acumulados nos dias anteriores. Nas demais regi\u00f5es, o tempo volta a ficar firme, com sol entre nuvens e calor durante a tarde. N\u00e3o se descartam pancadas de chuva isoladas e passageiras no Grande Oeste e Planaltos, mas sem riscos associados. A agita\u00e7\u00e3o mar\u00edtima diminui gradualmente ao longo do dia.<\/p>\n<p>Fonte: Defesa Civil SC\/ Meteorologista: Nicolle Reis<\/p>\n","protected":false},"excerpt":{"rendered":"<p>Neste s\u00e1bado (23), entre o Litoral Sul e a Grande Florian\u00f3polis a chuva deve ocorrer com fraca intensidade e intercalada com per\u00edodos de melhoria. J\u00e1 no Litoral Norte, a chuva varia de fraca a moderada intensidade e atua de forma persistente. O risco \u00e9 baixo a moderado para ocorr\u00eancias associadas a alagamentos e eventuais deslizamentos &hellip;<\/p>\n<p class=\"read-more\"> <a class=\"\" href=\"https:\/\/sulsc.com\/index.php\/2024\/11\/23\/chuva-perde-forca-neste-sabado-23\/\"> <span class=\"screen-reader-text\">Chuva perde for\u00e7a neste s\u00e1bado (23)<\/span> Read More &raquo;<\/a><\/p>\n","protected":false},"author":3,"featured_media":6675,"comment_status":"open","ping_status":"open","sticky":false,"template":"","format":"standard","meta":{"site-sidebar-layout":"default","site-content-layout":"","ast-site-content-layout":"default","site-content-style":"default","site-sidebar-style":"default","ast-global-header-display":"","ast-banner-title-visibility":"","ast-main-header-display":"","ast-hfb-above-header-display":"","ast-hfb-below-header-display":"","ast-hfb-mobile-header-display":"","site-post-title":"","ast-breadcrumbs-content":"","ast-featured-img":"","footer-sml-layout":"","theme-transparent-header-meta":"default","adv-header-id-meta":"","stick-header-meta":"","header-above-stick-meta":"","header-main-stick-meta":"","header-below-stick-meta":"","astra-migrate-meta-layouts":"set","footnotes":""},"categories":[38],"tags":[90],"yoast_head":"<!-- This site is optimized with the Yoast SEO plugin v21.4 - https:\/\/yoast.com\/wordpress\/plugins\/seo\/ -->\n<title>Chuva perde for\u00e7a neste s\u00e1bado (23) -<\/title>\n<meta name=\"description\" content=\"A circula\u00e7\u00e3o mar\u00edtima segue mantendo o tempo inst\u00e1vel no litoral catarinense nas demais regi\u00f5es o tempo volta a ficar firme\" \/>\n<meta name=\"robots\" content=\"index, follow, max-snippet:-1, max-image-preview:large, max-video-preview:-1\" \/>\n<link rel=\"canonical\" href=\"https:\/\/sulsc.com\/index.php\/2024\/11\/23\/chuva-perde-forca-neste-sabado-23\/\" \/>\n<meta property=\"og:locale\" content=\"en_US\" \/>\n<meta property=\"og:type\" content=\"article\" \/>\n<meta property=\"og:title\" content=\"Chuva perde for\u00e7a neste s\u00e1bado (23) -\" \/>\n<meta property=\"og:description\" content=\"A circula\u00e7\u00e3o mar\u00edtima segue mantendo o tempo inst\u00e1vel no litoral catarinense nas demais regi\u00f5es o tempo volta a ficar firme\" \/>\n<meta property=\"og:url\" content=\"https:\/\/sulsc.com\/index.php\/2024\/11\/23\/chuva-perde-forca-neste-sabado-23\/\" \/>\n<meta property=\"article:author\" content=\"https:\/\/www.facebook.com\/profile.php?id=61559278119680\" \/>\n<meta property=\"article:published_time\" content=\"2024-11-23T11:58:25+00:00\" \/>\n<meta property=\"og:image\" content=\"http:\/\/sulsc.com\/wp-content\/uploads\/2024\/01\/tempo-instavel-2-1-scaled.jpg\" \/>\n\t<meta property=\"og:image:width\" content=\"2560\" \/>\n\t<meta property=\"og:image:height\" content=\"1575\" \/>\n\t<meta property=\"og:image:type\" content=\"image\/jpeg\" \/>\n<meta name=\"author\" content=\"Reda\u00e7\u00e3o Sul SC\" \/>\n<meta name=\"twitter:card\" content=\"summary_large_image\" \/>\n<meta name=\"twitter:creator\" content=\"@https:\/\/twitter.com\/PortalSulSC\" \/>\n<meta name=\"twitter:label1\" content=\"Written by\" \/>\n\t<meta name=\"twitter:data1\" content=\"Reda\u00e7\u00e3o Sul SC\" \/>\n\t<meta name=\"twitter:label2\" content=\"Est. reading time\" \/>\n\t<meta name=\"twitter:data2\" content=\"1 minute\" \/>\n<script type=\"application\/ld+json\" class=\"yoast-schema-graph\">{\"@context\":\"https:\/\/schema.org\",\"@graph\":[{\"@type\":\"WebPage\",\"@id\":\"https:\/\/sulsc.com\/index.php\/2024\/11\/23\/chuva-perde-forca-neste-sabado-23\/\",\"url\":\"https:\/\/sulsc.com\/index.php\/2024\/11\/23\/chuva-perde-forca-neste-sabado-23\/\",\"name\":\"Chuva perde for\u00e7a neste s\u00e1bado (23) -\",\"isPartOf\":{\"@id\":\"https:\/\/sulsc.com\/#website\"},\"datePublished\":\"2024-11-23T11:58:25+00:00\",\"dateModified\":\"2024-11-23T11:58:25+00:00\",\"author\":{\"@id\":\"https:\/\/sulsc.com\/#\/schema\/person\/84d2fc571684f6248ba83092f07750a3\"},\"description\":\"A circula\u00e7\u00e3o mar\u00edtima segue mantendo o tempo inst\u00e1vel no litoral catarinense nas demais regi\u00f5es o tempo volta a ficar firme\",\"breadcrumb\":{\"@id\":\"https:\/\/sulsc.com\/index.php\/2024\/11\/23\/chuva-perde-forca-neste-sabado-23\/#breadcrumb\"},\"inLanguage\":\"en-US\",\"potentialAction\":[{\"@type\":\"ReadAction\",\"target\":[\"https:\/\/sulsc.com\/index.php\/2024\/11\/23\/chuva-perde-forca-neste-sabado-23\/\"]}]},{\"@type\":\"BreadcrumbList\",\"@id\":\"https:\/\/sulsc.com\/index.php\/2024\/11\/23\/chuva-perde-forca-neste-sabado-23\/#breadcrumb\",\"itemListElement\":[{\"@type\":\"ListItem\",\"position\":1,\"name\":\"In\u00edcio\",\"item\":\"https:\/\/sulsc.com\/\"},{\"@type\":\"ListItem\",\"position\":2,\"name\":\"Chuva perde for\u00e7a neste s\u00e1bado (23)\"}]},{\"@type\":\"WebSite\",\"@id\":\"https:\/\/sulsc.com\/#website\",\"url\":\"https:\/\/sulsc.com\/\",\"name\":\"\",\"description\":\"\",\"potentialAction\":[{\"@type\":\"SearchAction\",\"target\":{\"@type\":\"EntryPoint\",\"urlTemplate\":\"https:\/\/sulsc.com\/?s={search_term_string}\"},\"query-input\":\"required name=search_term_string\"}],\"inLanguage\":\"en-US\"},{\"@type\":\"Person\",\"@id\":\"https:\/\/sulsc.com\/#\/schema\/person\/84d2fc571684f6248ba83092f07750a3\",\"name\":\"Reda\u00e7\u00e3o Sul SC\",\"image\":{\"@type\":\"ImageObject\",\"inLanguage\":\"en-US\",\"@id\":\"https:\/\/sulsc.com\/#\/schema\/person\/image\/e08d7fe2cc4ed596372063bbe852b8d0\",\"url\":\"https:\/\/sulsc.com\/wp-content\/uploads\/2023\/09\/redacao.png\",\"contentUrl\":\"https:\/\/sulsc.com\/wp-content\/uploads\/2023\/09\/redacao.png\",\"caption\":\"Reda\u00e7\u00e3o Sul SC\"},\"description\":\"Foco em um jornalismo imparcial, voltado \u00e0 qualidade dos seus conte\u00fados e, assim, levar informa\u00e7\u00e3o de valor que agregue \u00e0 vida dos leitores. Esta \u00e9 grande miss\u00e3o do Portal de Not\u00edcias Sul SC. N\u00e3o \u00e9 quantidade que muda o mundo, sempre foi e seguir\u00e1 sendo qualidade!\",\"sameAs\":[\"https:\/\/sulsc.com\/\",\"https:\/\/www.facebook.com\/profile.php?id=61559278119680\",\"https:\/\/www.instagram.com\/sulscportal\/?hl=pt-br\",\"https:\/\/twitter.com\/https:\/\/twitter.com\/PortalSulSC\",\"https:\/\/www.youtube.com\/channel\/UCv_BE8GeySluDov2n8qhVmw\"],\"url\":\"https:\/\/sulsc.com\/index.php\/author\/redacao\/\"}]}<\/script>\n<!-- \/ Yoast SEO plugin. -->","yoast_head_json":{"title":"Chuva perde for\u00e7a neste s\u00e1bado (23) -","description":"A circula\u00e7\u00e3o mar\u00edtima segue mantendo o tempo inst\u00e1vel no litoral catarinense nas demais regi\u00f5es o tempo volta a ficar firme","robots":{"index":"index","follow":"follow","max-snippet":"max-snippet:-1","max-image-preview":"max-image-preview:large","max-video-preview":"max-video-preview:-1"},"canonical":"https:\/\/sulsc.com\/index.php\/2024\/11\/23\/chuva-perde-forca-neste-sabado-23\/","og_locale":"en_US","og_type":"article","og_title":"Chuva perde for\u00e7a neste s\u00e1bado (23) -","og_description":"A circula\u00e7\u00e3o mar\u00edtima segue mantendo o tempo inst\u00e1vel no litoral catarinense nas demais regi\u00f5es o tempo volta a ficar firme","og_url":"https:\/\/sulsc.com\/index.php\/2024\/11\/23\/chuva-perde-forca-neste-sabado-23\/","article_author":"https:\/\/www.facebook.com\/profile.php?id=61559278119680","article_published_time":"2024-11-23T11:58:25+00:00","og_image":[{"width":2560,"height":1575,"url":"http:\/\/sulsc.com\/wp-content\/uploads\/2024\/01\/tempo-instavel-2-1-scaled.jpg","type":"image\/jpeg"}],"author":"Reda\u00e7\u00e3o Sul SC","twitter_card":"summary_large_image","twitter_creator":"@https:\/\/twitter.com\/PortalSulSC","twitter_misc":{"Written by":"Reda\u00e7\u00e3o Sul SC","Est. reading time":"1 minute"},"schema":{"@context":"https:\/\/schema.org","@graph":[{"@type":"WebPage","@id":"https:\/\/sulsc.com\/index.php\/2024\/11\/23\/chuva-perde-forca-neste-sabado-23\/","url":"https:\/\/sulsc.com\/index.php\/2024\/11\/23\/chuva-perde-forca-neste-sabado-23\/","name":"Chuva perde for\u00e7a neste s\u00e1bado (23) -","isPartOf":{"@id":"https:\/\/sulsc.com\/#website"},"datePublished":"2024-11-23T11:58:25+00:00","dateModified":"2024-11-23T11:58:25+00:00","author":{"@id":"https:\/\/sulsc.com\/#\/schema\/person\/84d2fc571684f6248ba83092f07750a3"},"description":"A circula\u00e7\u00e3o mar\u00edtima segue mantendo o tempo inst\u00e1vel no litoral catarinense nas demais regi\u00f5es o tempo volta a ficar firme","breadcrumb":{"@id":"https:\/\/sulsc.com\/index.php\/2024\/11\/23\/chuva-perde-forca-neste-sabado-23\/#breadcrumb"},"inLanguage":"en-US","potentialAction":[{"@type":"ReadAction","target":["https:\/\/sulsc.com\/index.php\/2024\/11\/23\/chuva-perde-forca-neste-sabado-23\/"]}]},{"@type":"BreadcrumbList","@id":"https:\/\/sulsc.com\/index.php\/2024\/11\/23\/chuva-perde-forca-neste-sabado-23\/#breadcrumb","itemListElement":[{"@type":"ListItem","position":1,"name":"In\u00edcio","item":"https:\/\/sulsc.com\/"},{"@type":"ListItem","position":2,"name":"Chuva perde for\u00e7a neste s\u00e1bado (23)"}]},{"@type":"WebSite","@id":"https:\/\/sulsc.com\/#website","url":"https:\/\/sulsc.com\/","name":"","description":"","potentialAction":[{"@type":"SearchAction","target":{"@type":"EntryPoint","urlTemplate":"https:\/\/sulsc.com\/?s={search_term_string}"},"query-input":"required name=search_term_string"}],"inLanguage":"en-US"},{"@type":"Person","@id":"https:\/\/sulsc.com\/#\/schema\/person\/84d2fc571684f6248ba83092f07750a3","name":"Reda\u00e7\u00e3o Sul SC","image":{"@type":"ImageObject","inLanguage":"en-US","@id":"https:\/\/sulsc.com\/#\/schema\/person\/image\/e08d7fe2cc4ed596372063bbe852b8d0","url":"https:\/\/sulsc.com\/wp-content\/uploads\/2023\/09\/redacao.png","contentUrl":"https:\/\/sulsc.com\/wp-content\/uploads\/2023\/09\/redacao.png","caption":"Reda\u00e7\u00e3o Sul SC"},"description":"Foco em um jornalismo imparcial, voltado \u00e0 qualidade dos seus conte\u00fados e, assim, levar informa\u00e7\u00e3o de valor que agregue \u00e0 vida dos leitores. Esta \u00e9 grande miss\u00e3o do Portal de Not\u00edcias Sul SC. N\u00e3o \u00e9 quantidade que muda o mundo, sempre foi e seguir\u00e1 sendo qualidade!","sameAs":["https:\/\/sulsc.com\/","https:\/\/www.facebook.com\/profile.php?id=61559278119680","https:\/\/www.instagram.com\/sulscportal\/?hl=pt-br","https:\/\/twitter.com\/https:\/\/twitter.com\/PortalSulSC","https:\/\/www.youtube.com\/channel\/UCv_BE8GeySluDov2n8qhVmw"],"url":"https:\/\/sulsc.com\/index.php\/author\/redacao\/"}]}},"authors":[],"_links":{"self":[{"href":"https:\/\/sulsc.com\/index.php\/wp-json\/wp\/v2\/posts\/17612"}],"collection":[{"href":"https:\/\/sulsc.com\/index.php\/wp-json\/wp\/v2\/posts"}],"about":[{"href":"https:\/\/sulsc.com\/index.php\/wp-json\/wp\/v2\/types\/post"}],"author":[{"embeddable":true,"href":"https:\/\/sulsc.com\/index.php\/wp-json\/wp\/v2\/users\/3"}],"replies":[{"embeddable":true,"href":"https:\/\/sulsc.com\/index.php\/wp-json\/wp\/v2\/comments?post=17612"}],"version-history":[{"count":1,"href":"https:\/\/sulsc.com\/index.php\/wp-json\/wp\/v2\/posts\/17612\/revisions"}],"predecessor-version":[{"id":17614,"href":"https:\/\/sulsc.com\/index.php\/wp-json\/wp\/v2\/posts\/17612\/revisions\/17614"}],"wp:featuredmedia":[{"embeddable":true,"href":"https:\/\/sulsc.com\/index.php\/wp-json\/wp\/v2\/media\/6675"}],"wp:attachment":[{"href":"https:\/\/sulsc.com\/index.php\/wp-json\/wp\/v2\/media?parent=17612"}],"wp:term":[{"taxonomy":"category","embeddable":true,"href":"https:\/\/sulsc.com\/index.php\/wp-json\/wp\/v2\/categories?post=17612"},{"taxonomy":"post_tag","embeddable":true,"href":"https:\/\/sulsc.com\/index.php\/wp-json\/wp\/v2\/tags?post=17612"}],"curies":[{"name":"wp","href":"https:\/\/api.w.org\/{rel}","templated":true}]}}