{"id":17657,"date":"2024-11-25T06:49:48","date_gmt":"2024-11-25T09:49:48","guid":{"rendered":"https:\/\/sulsc.com\/?p=17657"},"modified":"2024-11-25T06:49:48","modified_gmt":"2024-11-25T09:49:48","slug":"semana-inicia-com-predominio-de-sol-nesta-segunda-feira-25","status":"publish","type":"post","link":"https:\/\/sulsc.com\/index.php\/2024\/11\/25\/semana-inicia-com-predominio-de-sol-nesta-segunda-feira-25\/","title":{"rendered":"Semana inicia com predom\u00ednio de sol nesta segunda-feira (25)"},"content":{"rendered":"<p>O dia inicia com tempo firme e predom\u00ednio de sol em Santa Catarina nesta segunda-feira (25), mas no decorrer do dia a nebulosidade aumenta, principalmente nas \u00e1reas de divisa com o RS. Entre a Grande Florian\u00f3polis e o Litoral Norte segue a condi\u00e7\u00e3o para chuva fraca nos extremos do dia. No amanhecer as temperaturas seguem amenas, mas \u00e0 tarde o calor se intensifica.<\/p>\n<p><img fetchpriority=\"high\" decoding=\"async\" class=\"aligncenter size-full wp-image-17658\" src=\"http:\/\/sulsc.com\/wp-content\/uploads\/2024\/11\/2-3.png\" alt=\"\" width=\"1478\" height=\"1008\" srcset=\"https:\/\/sulsc.com\/wp-content\/uploads\/2024\/11\/2-3.png 1478w, https:\/\/sulsc.com\/wp-content\/uploads\/2024\/11\/2-3-300x205.png 300w, https:\/\/sulsc.com\/wp-content\/uploads\/2024\/11\/2-3-1024x698.png 1024w, https:\/\/sulsc.com\/wp-content\/uploads\/2024\/11\/2-3-768x524.png 768w\" sizes=\"(max-width: 1478px) 100vw, 1478px\" \/><\/p>\n<p><img decoding=\"async\" class=\"aligncenter  wp-image-17436\" src=\"http:\/\/sulsc.com\/wp-content\/uploads\/2024\/11\/Tempo-2.png\" alt=\"\" width=\"616\" height=\"114\" srcset=\"https:\/\/sulsc.com\/wp-content\/uploads\/2024\/11\/Tempo-2.png 1024w, https:\/\/sulsc.com\/wp-content\/uploads\/2024\/11\/Tempo-2-300x55.png 300w, https:\/\/sulsc.com\/wp-content\/uploads\/2024\/11\/Tempo-2-768x142.png 768w\" sizes=\"(max-width: 616px) 100vw, 616px\" \/><\/p>\n<p style=\"text-align: center;\">Imagens\/Defesa Civil SC<\/p>\n<p>As m\u00e1ximas ficam entre 25 e 28\u00b0C em praticamente todo o estado e passam dos 30\u00b0C em \u00e1reas do Grande Oeste e do Litoral Sul. O vento sopra do quadrante norte com rajadas em torno de 40 a 60 km\/h no Litoral Sul e Grande Florian\u00f3polis, deixando o mar um pouco mais agitado em compara\u00e7\u00e3o ao dia anterior. O risco \u00e9 baixo para ocorr\u00eancias relacionadas \u00e0s rajadas de vento e \u00e0 agita\u00e7\u00e3o mar\u00edtima.<\/p>\n<p>Fonte Defesa Civil SC\/Meteorologista: Nicolle Reis<\/p>\n<p>Foto\/Portal Sul SC<\/p>\n","protected":false},"excerpt":{"rendered":"<p>O dia inicia com tempo firme e predom\u00ednio de sol em Santa Catarina nesta segunda-feira (25), mas no decorrer do dia a nebulosidade aumenta, principalmente nas \u00e1reas de divisa com o RS. Entre a Grande Florian\u00f3polis e o Litoral Norte segue a condi\u00e7\u00e3o para chuva fraca nos extremos do dia. No amanhecer as temperaturas seguem &hellip;<\/p>\n<p class=\"read-more\"> <a class=\"\" href=\"https:\/\/sulsc.com\/index.php\/2024\/11\/25\/semana-inicia-com-predominio-de-sol-nesta-segunda-feira-25\/\"> <span class=\"screen-reader-text\">Semana inicia com predom\u00ednio de sol nesta segunda-feira (25)<\/span> Read More &raquo;<\/a><\/p>\n","protected":false},"author":3,"featured_media":12676,"comment_status":"open","ping_status":"open","sticky":false,"template":"","format":"standard","meta":{"site-sidebar-layout":"default","site-content-layout":"","ast-site-content-layout":"default","site-content-style":"default","site-sidebar-style":"default","ast-global-header-display":"","ast-banner-title-visibility":"","ast-main-header-display":"","ast-hfb-above-header-display":"","ast-hfb-below-header-display":"","ast-hfb-mobile-header-display":"","site-post-title":"","ast-breadcrumbs-content":"","ast-featured-img":"","footer-sml-layout":"","theme-transparent-header-meta":"default","adv-header-id-meta":"","stick-header-meta":"","header-above-stick-meta":"","header-main-stick-meta":"","header-below-stick-meta":"","astra-migrate-meta-layouts":"set","footnotes":""},"categories":[38],"tags":[90],"yoast_head":"<!-- This site is optimized with the Yoast SEO plugin v21.4 - https:\/\/yoast.com\/wordpress\/plugins\/seo\/ -->\n<title>Semana inicia com predom\u00ednio de sol nesta segunda-feira (25) -<\/title>\n<meta name=\"description\" content=\"M\u00e1ximas passam dos 30\u00b0C no Litoral Sul e Grande Oeste nas demais \u00e1reas do estado predominam entre 25 e 28\u00b0C\" \/>\n<meta name=\"robots\" content=\"index, follow, max-snippet:-1, max-image-preview:large, max-video-preview:-1\" \/>\n<link rel=\"canonical\" href=\"https:\/\/sulsc.com\/index.php\/2024\/11\/25\/semana-inicia-com-predominio-de-sol-nesta-segunda-feira-25\/\" \/>\n<meta property=\"og:locale\" content=\"en_US\" \/>\n<meta property=\"og:type\" content=\"article\" \/>\n<meta property=\"og:title\" content=\"Semana inicia com predom\u00ednio de sol nesta segunda-feira (25) -\" \/>\n<meta property=\"og:description\" content=\"M\u00e1ximas passam dos 30\u00b0C no Litoral Sul e Grande Oeste nas demais \u00e1reas do estado predominam entre 25 e 28\u00b0C\" \/>\n<meta property=\"og:url\" content=\"https:\/\/sulsc.com\/index.php\/2024\/11\/25\/semana-inicia-com-predominio-de-sol-nesta-segunda-feira-25\/\" \/>\n<meta property=\"article:author\" content=\"https:\/\/www.facebook.com\/profile.php?id=61559278119680\" \/>\n<meta property=\"article:published_time\" content=\"2024-11-25T09:49:48+00:00\" \/>\n<meta property=\"og:image\" content=\"http:\/\/sulsc.com\/wp-content\/uploads\/2024\/05\/tempo-1.jpeg\" \/>\n\t<meta property=\"og:image:width\" content=\"1080\" \/>\n\t<meta property=\"og:image:height\" content=\"603\" \/>\n\t<meta property=\"og:image:type\" content=\"image\/jpeg\" \/>\n<meta name=\"author\" content=\"Reda\u00e7\u00e3o Sul SC\" \/>\n<meta name=\"twitter:card\" content=\"summary_large_image\" \/>\n<meta name=\"twitter:creator\" content=\"@https:\/\/twitter.com\/PortalSulSC\" \/>\n<meta name=\"twitter:label1\" content=\"Written by\" \/>\n\t<meta name=\"twitter:data1\" content=\"Reda\u00e7\u00e3o Sul SC\" \/>\n\t<meta name=\"twitter:label2\" content=\"Est. reading time\" \/>\n\t<meta name=\"twitter:data2\" content=\"2 minutes\" \/>\n<script type=\"application\/ld+json\" class=\"yoast-schema-graph\">{\"@context\":\"https:\/\/schema.org\",\"@graph\":[{\"@type\":\"WebPage\",\"@id\":\"https:\/\/sulsc.com\/index.php\/2024\/11\/25\/semana-inicia-com-predominio-de-sol-nesta-segunda-feira-25\/\",\"url\":\"https:\/\/sulsc.com\/index.php\/2024\/11\/25\/semana-inicia-com-predominio-de-sol-nesta-segunda-feira-25\/\",\"name\":\"Semana inicia com predom\u00ednio de sol nesta segunda-feira (25) -\",\"isPartOf\":{\"@id\":\"https:\/\/sulsc.com\/#website\"},\"datePublished\":\"2024-11-25T09:49:48+00:00\",\"dateModified\":\"2024-11-25T09:49:48+00:00\",\"author\":{\"@id\":\"https:\/\/sulsc.com\/#\/schema\/person\/84d2fc571684f6248ba83092f07750a3\"},\"description\":\"M\u00e1ximas passam dos 30\u00b0C no Litoral Sul e Grande Oeste nas demais \u00e1reas do estado predominam entre 25 e 28\u00b0C\",\"breadcrumb\":{\"@id\":\"https:\/\/sulsc.com\/index.php\/2024\/11\/25\/semana-inicia-com-predominio-de-sol-nesta-segunda-feira-25\/#breadcrumb\"},\"inLanguage\":\"en-US\",\"potentialAction\":[{\"@type\":\"ReadAction\",\"target\":[\"https:\/\/sulsc.com\/index.php\/2024\/11\/25\/semana-inicia-com-predominio-de-sol-nesta-segunda-feira-25\/\"]}]},{\"@type\":\"BreadcrumbList\",\"@id\":\"https:\/\/sulsc.com\/index.php\/2024\/11\/25\/semana-inicia-com-predominio-de-sol-nesta-segunda-feira-25\/#breadcrumb\",\"itemListElement\":[{\"@type\":\"ListItem\",\"position\":1,\"name\":\"In\u00edcio\",\"item\":\"https:\/\/sulsc.com\/\"},{\"@type\":\"ListItem\",\"position\":2,\"name\":\"Semana inicia com predom\u00ednio de sol nesta segunda-feira (25)\"}]},{\"@type\":\"WebSite\",\"@id\":\"https:\/\/sulsc.com\/#website\",\"url\":\"https:\/\/sulsc.com\/\",\"name\":\"\",\"description\":\"\",\"potentialAction\":[{\"@type\":\"SearchAction\",\"target\":{\"@type\":\"EntryPoint\",\"urlTemplate\":\"https:\/\/sulsc.com\/?s={search_term_string}\"},\"query-input\":\"required name=search_term_string\"}],\"inLanguage\":\"en-US\"},{\"@type\":\"Person\",\"@id\":\"https:\/\/sulsc.com\/#\/schema\/person\/84d2fc571684f6248ba83092f07750a3\",\"name\":\"Reda\u00e7\u00e3o Sul SC\",\"image\":{\"@type\":\"ImageObject\",\"inLanguage\":\"en-US\",\"@id\":\"https:\/\/sulsc.com\/#\/schema\/person\/image\/e08d7fe2cc4ed596372063bbe852b8d0\",\"url\":\"https:\/\/sulsc.com\/wp-content\/uploads\/2023\/09\/redacao.png\",\"contentUrl\":\"https:\/\/sulsc.com\/wp-content\/uploads\/2023\/09\/redacao.png\",\"caption\":\"Reda\u00e7\u00e3o Sul SC\"},\"description\":\"Foco em um jornalismo imparcial, voltado \u00e0 qualidade dos seus conte\u00fados e, assim, levar informa\u00e7\u00e3o de valor que agregue \u00e0 vida dos leitores. Esta \u00e9 grande miss\u00e3o do Portal de Not\u00edcias Sul SC. N\u00e3o \u00e9 quantidade que muda o mundo, sempre foi e seguir\u00e1 sendo qualidade!\",\"sameAs\":[\"https:\/\/sulsc.com\/\",\"https:\/\/www.facebook.com\/profile.php?id=61559278119680\",\"https:\/\/www.instagram.com\/sulscportal\/?hl=pt-br\",\"https:\/\/twitter.com\/https:\/\/twitter.com\/PortalSulSC\",\"https:\/\/www.youtube.com\/channel\/UCv_BE8GeySluDov2n8qhVmw\"],\"url\":\"https:\/\/sulsc.com\/index.php\/author\/redacao\/\"}]}<\/script>\n<!-- \/ Yoast SEO plugin. -->","yoast_head_json":{"title":"Semana inicia com predom\u00ednio de sol nesta segunda-feira (25) -","description":"M\u00e1ximas passam dos 30\u00b0C no Litoral Sul e Grande Oeste nas demais \u00e1reas do estado predominam entre 25 e 28\u00b0C","robots":{"index":"index","follow":"follow","max-snippet":"max-snippet:-1","max-image-preview":"max-image-preview:large","max-video-preview":"max-video-preview:-1"},"canonical":"https:\/\/sulsc.com\/index.php\/2024\/11\/25\/semana-inicia-com-predominio-de-sol-nesta-segunda-feira-25\/","og_locale":"en_US","og_type":"article","og_title":"Semana inicia com predom\u00ednio de sol nesta segunda-feira (25) -","og_description":"M\u00e1ximas passam dos 30\u00b0C no Litoral Sul e Grande Oeste nas demais \u00e1reas do estado predominam entre 25 e 28\u00b0C","og_url":"https:\/\/sulsc.com\/index.php\/2024\/11\/25\/semana-inicia-com-predominio-de-sol-nesta-segunda-feira-25\/","article_author":"https:\/\/www.facebook.com\/profile.php?id=61559278119680","article_published_time":"2024-11-25T09:49:48+00:00","og_image":[{"width":1080,"height":603,"url":"http:\/\/sulsc.com\/wp-content\/uploads\/2024\/05\/tempo-1.jpeg","type":"image\/jpeg"}],"author":"Reda\u00e7\u00e3o Sul SC","twitter_card":"summary_large_image","twitter_creator":"@https:\/\/twitter.com\/PortalSulSC","twitter_misc":{"Written by":"Reda\u00e7\u00e3o Sul SC","Est. reading time":"2 minutes"},"schema":{"@context":"https:\/\/schema.org","@graph":[{"@type":"WebPage","@id":"https:\/\/sulsc.com\/index.php\/2024\/11\/25\/semana-inicia-com-predominio-de-sol-nesta-segunda-feira-25\/","url":"https:\/\/sulsc.com\/index.php\/2024\/11\/25\/semana-inicia-com-predominio-de-sol-nesta-segunda-feira-25\/","name":"Semana inicia com predom\u00ednio de sol nesta segunda-feira (25) -","isPartOf":{"@id":"https:\/\/sulsc.com\/#website"},"datePublished":"2024-11-25T09:49:48+00:00","dateModified":"2024-11-25T09:49:48+00:00","author":{"@id":"https:\/\/sulsc.com\/#\/schema\/person\/84d2fc571684f6248ba83092f07750a3"},"description":"M\u00e1ximas passam dos 30\u00b0C no Litoral Sul e Grande Oeste nas demais \u00e1reas do estado predominam entre 25 e 28\u00b0C","breadcrumb":{"@id":"https:\/\/sulsc.com\/index.php\/2024\/11\/25\/semana-inicia-com-predominio-de-sol-nesta-segunda-feira-25\/#breadcrumb"},"inLanguage":"en-US","potentialAction":[{"@type":"ReadAction","target":["https:\/\/sulsc.com\/index.php\/2024\/11\/25\/semana-inicia-com-predominio-de-sol-nesta-segunda-feira-25\/"]}]},{"@type":"BreadcrumbList","@id":"https:\/\/sulsc.com\/index.php\/2024\/11\/25\/semana-inicia-com-predominio-de-sol-nesta-segunda-feira-25\/#breadcrumb","itemListElement":[{"@type":"ListItem","position":1,"name":"In\u00edcio","item":"https:\/\/sulsc.com\/"},{"@type":"ListItem","position":2,"name":"Semana inicia com predom\u00ednio de sol nesta segunda-feira (25)"}]},{"@type":"WebSite","@id":"https:\/\/sulsc.com\/#website","url":"https:\/\/sulsc.com\/","name":"","description":"","potentialAction":[{"@type":"SearchAction","target":{"@type":"EntryPoint","urlTemplate":"https:\/\/sulsc.com\/?s={search_term_string}"},"query-input":"required name=search_term_string"}],"inLanguage":"en-US"},{"@type":"Person","@id":"https:\/\/sulsc.com\/#\/schema\/person\/84d2fc571684f6248ba83092f07750a3","name":"Reda\u00e7\u00e3o Sul SC","image":{"@type":"ImageObject","inLanguage":"en-US","@id":"https:\/\/sulsc.com\/#\/schema\/person\/image\/e08d7fe2cc4ed596372063bbe852b8d0","url":"https:\/\/sulsc.com\/wp-content\/uploads\/2023\/09\/redacao.png","contentUrl":"https:\/\/sulsc.com\/wp-content\/uploads\/2023\/09\/redacao.png","caption":"Reda\u00e7\u00e3o Sul SC"},"description":"Foco em um jornalismo imparcial, voltado \u00e0 qualidade dos seus conte\u00fados e, assim, levar informa\u00e7\u00e3o de valor que agregue \u00e0 vida dos leitores. Esta \u00e9 grande miss\u00e3o do Portal de Not\u00edcias Sul SC. N\u00e3o \u00e9 quantidade que muda o mundo, sempre foi e seguir\u00e1 sendo qualidade!","sameAs":["https:\/\/sulsc.com\/","https:\/\/www.facebook.com\/profile.php?id=61559278119680","https:\/\/www.instagram.com\/sulscportal\/?hl=pt-br","https:\/\/twitter.com\/https:\/\/twitter.com\/PortalSulSC","https:\/\/www.youtube.com\/channel\/UCv_BE8GeySluDov2n8qhVmw"],"url":"https:\/\/sulsc.com\/index.php\/author\/redacao\/"}]}},"authors":[],"_links":{"self":[{"href":"https:\/\/sulsc.com\/index.php\/wp-json\/wp\/v2\/posts\/17657"}],"collection":[{"href":"https:\/\/sulsc.com\/index.php\/wp-json\/wp\/v2\/posts"}],"about":[{"href":"https:\/\/sulsc.com\/index.php\/wp-json\/wp\/v2\/types\/post"}],"author":[{"embeddable":true,"href":"https:\/\/sulsc.com\/index.php\/wp-json\/wp\/v2\/users\/3"}],"replies":[{"embeddable":true,"href":"https:\/\/sulsc.com\/index.php\/wp-json\/wp\/v2\/comments?post=17657"}],"version-history":[{"count":1,"href":"https:\/\/sulsc.com\/index.php\/wp-json\/wp\/v2\/posts\/17657\/revisions"}],"predecessor-version":[{"id":17659,"href":"https:\/\/sulsc.com\/index.php\/wp-json\/wp\/v2\/posts\/17657\/revisions\/17659"}],"wp:featuredmedia":[{"embeddable":true,"href":"https:\/\/sulsc.com\/index.php\/wp-json\/wp\/v2\/media\/12676"}],"wp:attachment":[{"href":"https:\/\/sulsc.com\/index.php\/wp-json\/wp\/v2\/media?parent=17657"}],"wp:term":[{"taxonomy":"category","embeddable":true,"href":"https:\/\/sulsc.com\/index.php\/wp-json\/wp\/v2\/categories?post=17657"},{"taxonomy":"post_tag","embeddable":true,"href":"https:\/\/sulsc.com\/index.php\/wp-json\/wp\/v2\/tags?post=17657"}],"curies":[{"name":"wp","href":"https:\/\/api.w.org\/{rel}","templated":true}]}}