{"id":17694,"date":"2024-11-26T07:54:38","date_gmt":"2024-11-26T10:54:38","guid":{"rendered":"https:\/\/sulsc.com\/?p=17694"},"modified":"2024-11-26T07:54:38","modified_gmt":"2024-11-26T10:54:38","slug":"terca-feira-ensolarada-e-de-temperaturas-altas-especialmente-no-litoral-sul","status":"publish","type":"post","link":"https:\/\/sulsc.com\/index.php\/2024\/11\/26\/terca-feira-ensolarada-e-de-temperaturas-altas-especialmente-no-litoral-sul\/","title":{"rendered":"Ter\u00e7a-feira ensolarada e de temperaturas altas especialmente no litoral sul"},"content":{"rendered":"<p>Nesta ter\u00e7a-feira (26), o dia se inicia com tempo firme e sol entre nuvens em Santa Catarina. No amanhecer as temperaturas ficam na casa dos 15 aos 21\u00b0C na maior parte do estado e entre 10 e 14\u00b0C nas \u00e1reas serranas. \u00c0 tarde, com o predom\u00ednio de sol, as temperaturas sobem ainda mais em compara\u00e7\u00e3o ao dia anterior, com m\u00e1ximas em torno dos 30\u00b0C na maioria das regi\u00f5es e oscilando entre 34 e 36\u00b0C em \u00e1reas do Grande Oeste e do Litoral Sul.<\/p>\n<p><img fetchpriority=\"high\" decoding=\"async\" class=\"aligncenter size-full wp-image-17695\" src=\"http:\/\/sulsc.com\/wp-content\/uploads\/2024\/11\/3-3.png\" alt=\"\" width=\"1476\" height=\"1002\" srcset=\"https:\/\/sulsc.com\/wp-content\/uploads\/2024\/11\/3-3.png 1476w, https:\/\/sulsc.com\/wp-content\/uploads\/2024\/11\/3-3-300x204.png 300w, https:\/\/sulsc.com\/wp-content\/uploads\/2024\/11\/3-3-1024x695.png 1024w, https:\/\/sulsc.com\/wp-content\/uploads\/2024\/11\/3-3-768x521.png 768w\" sizes=\"(max-width: 1476px) 100vw, 1476px\" \/><\/p>\n<p><img decoding=\"async\" class=\"aligncenter  wp-image-17436\" src=\"http:\/\/sulsc.com\/wp-content\/uploads\/2024\/11\/Tempo-2.png\" alt=\"\" width=\"692\" height=\"128\" srcset=\"https:\/\/sulsc.com\/wp-content\/uploads\/2024\/11\/Tempo-2.png 1024w, https:\/\/sulsc.com\/wp-content\/uploads\/2024\/11\/Tempo-2-300x55.png 300w, https:\/\/sulsc.com\/wp-content\/uploads\/2024\/11\/Tempo-2-768x142.png 768w\" sizes=\"(max-width: 692px) 100vw, 692px\" \/><\/p>\n<p style=\"text-align: center;\">Imagens\/Defesa Civil SC<\/p>\n<p>Entre a tarde e \u00e0 noite, uma \u00e1rea de baixa press\u00e3o, associada \u00e0 disponibilidade de calor e umidade, favorece pancadas de chuva e temporais isolados no centro-sul catarinense, trazendo risco baixo para ocorr\u00eancias associadas a alagamentos, destelhamentos e queda de galhos de \u00e1rvores.<\/p>\n<p>Foto\/Terra<\/p>\n","protected":false},"excerpt":{"rendered":"<p>Nesta ter\u00e7a-feira (26), o dia se inicia com tempo firme e sol entre nuvens em Santa Catarina. No amanhecer as temperaturas ficam na casa dos 15 aos 21\u00b0C na maior parte do estado e entre 10 e 14\u00b0C nas \u00e1reas serranas. \u00c0 tarde, com o predom\u00ednio de sol, as temperaturas sobem ainda mais em compara\u00e7\u00e3o &hellip;<\/p>\n<p class=\"read-more\"> <a class=\"\" href=\"https:\/\/sulsc.com\/index.php\/2024\/11\/26\/terca-feira-ensolarada-e-de-temperaturas-altas-especialmente-no-litoral-sul\/\"> <span class=\"screen-reader-text\">Ter\u00e7a-feira ensolarada e de temperaturas altas especialmente no litoral sul<\/span> Read More &raquo;<\/a><\/p>\n","protected":false},"author":3,"featured_media":17696,"comment_status":"open","ping_status":"open","sticky":false,"template":"","format":"standard","meta":{"site-sidebar-layout":"default","site-content-layout":"","ast-site-content-layout":"default","site-content-style":"default","site-sidebar-style":"default","ast-global-header-display":"","ast-banner-title-visibility":"","ast-main-header-display":"","ast-hfb-above-header-display":"","ast-hfb-below-header-display":"","ast-hfb-mobile-header-display":"","site-post-title":"","ast-breadcrumbs-content":"","ast-featured-img":"","footer-sml-layout":"","theme-transparent-header-meta":"default","adv-header-id-meta":"","stick-header-meta":"","header-above-stick-meta":"","header-main-stick-meta":"","header-below-stick-meta":"","astra-migrate-meta-layouts":"set","footnotes":""},"categories":[38],"tags":[90],"yoast_head":"<!-- This site is optimized with the Yoast SEO plugin v21.4 - https:\/\/yoast.com\/wordpress\/plugins\/seo\/ -->\n<title>Ter\u00e7a-feira ensolarada e de temperaturas altas especialmente no litoral sul -<\/title>\n<meta name=\"description\" content=\"Entre a tarde e \u00e0 noite uma \u00e1rea de baixa press\u00e3o associada \u00e0 de calor e umidade favorece pancadas de chuva e temporais isolados\" \/>\n<meta name=\"robots\" content=\"index, follow, max-snippet:-1, max-image-preview:large, max-video-preview:-1\" \/>\n<link rel=\"canonical\" href=\"https:\/\/sulsc.com\/index.php\/2024\/11\/26\/terca-feira-ensolarada-e-de-temperaturas-altas-especialmente-no-litoral-sul\/\" \/>\n<meta property=\"og:locale\" content=\"en_US\" \/>\n<meta property=\"og:type\" content=\"article\" \/>\n<meta property=\"og:title\" content=\"Ter\u00e7a-feira ensolarada e de temperaturas altas especialmente no litoral sul -\" \/>\n<meta property=\"og:description\" content=\"Entre a tarde e \u00e0 noite uma \u00e1rea de baixa press\u00e3o associada \u00e0 de calor e umidade favorece pancadas de chuva e temporais isolados\" \/>\n<meta property=\"og:url\" content=\"https:\/\/sulsc.com\/index.php\/2024\/11\/26\/terca-feira-ensolarada-e-de-temperaturas-altas-especialmente-no-litoral-sul\/\" \/>\n<meta property=\"article:author\" content=\"https:\/\/www.facebook.com\/profile.php?id=61559278119680\" \/>\n<meta property=\"article:published_time\" content=\"2024-11-26T10:54:38+00:00\" \/>\n<meta property=\"og:image\" content=\"http:\/\/sulsc.com\/wp-content\/uploads\/2024\/11\/7e588a5e-1b6e-4afb-b45b-b6ddec654738.jpg\" \/>\n\t<meta property=\"og:image:width\" content=\"225\" \/>\n\t<meta property=\"og:image:height\" content=\"225\" \/>\n\t<meta property=\"og:image:type\" content=\"image\/jpeg\" \/>\n<meta name=\"author\" content=\"Reda\u00e7\u00e3o Sul SC\" \/>\n<meta name=\"twitter:card\" content=\"summary_large_image\" \/>\n<meta name=\"twitter:creator\" content=\"@https:\/\/twitter.com\/PortalSulSC\" \/>\n<meta name=\"twitter:label1\" content=\"Written by\" \/>\n\t<meta name=\"twitter:data1\" content=\"Reda\u00e7\u00e3o Sul SC\" \/>\n\t<meta name=\"twitter:label2\" content=\"Est. reading time\" \/>\n\t<meta name=\"twitter:data2\" content=\"1 minute\" \/>\n<script type=\"application\/ld+json\" class=\"yoast-schema-graph\">{\"@context\":\"https:\/\/schema.org\",\"@graph\":[{\"@type\":\"WebPage\",\"@id\":\"https:\/\/sulsc.com\/index.php\/2024\/11\/26\/terca-feira-ensolarada-e-de-temperaturas-altas-especialmente-no-litoral-sul\/\",\"url\":\"https:\/\/sulsc.com\/index.php\/2024\/11\/26\/terca-feira-ensolarada-e-de-temperaturas-altas-especialmente-no-litoral-sul\/\",\"name\":\"Ter\u00e7a-feira ensolarada e de temperaturas altas especialmente no litoral sul -\",\"isPartOf\":{\"@id\":\"https:\/\/sulsc.com\/#website\"},\"datePublished\":\"2024-11-26T10:54:38+00:00\",\"dateModified\":\"2024-11-26T10:54:38+00:00\",\"author\":{\"@id\":\"https:\/\/sulsc.com\/#\/schema\/person\/84d2fc571684f6248ba83092f07750a3\"},\"description\":\"Entre a tarde e \u00e0 noite uma \u00e1rea de baixa press\u00e3o associada \u00e0 de calor e umidade favorece pancadas de chuva e temporais isolados\",\"breadcrumb\":{\"@id\":\"https:\/\/sulsc.com\/index.php\/2024\/11\/26\/terca-feira-ensolarada-e-de-temperaturas-altas-especialmente-no-litoral-sul\/#breadcrumb\"},\"inLanguage\":\"en-US\",\"potentialAction\":[{\"@type\":\"ReadAction\",\"target\":[\"https:\/\/sulsc.com\/index.php\/2024\/11\/26\/terca-feira-ensolarada-e-de-temperaturas-altas-especialmente-no-litoral-sul\/\"]}]},{\"@type\":\"BreadcrumbList\",\"@id\":\"https:\/\/sulsc.com\/index.php\/2024\/11\/26\/terca-feira-ensolarada-e-de-temperaturas-altas-especialmente-no-litoral-sul\/#breadcrumb\",\"itemListElement\":[{\"@type\":\"ListItem\",\"position\":1,\"name\":\"In\u00edcio\",\"item\":\"https:\/\/sulsc.com\/\"},{\"@type\":\"ListItem\",\"position\":2,\"name\":\"Ter\u00e7a-feira ensolarada e de temperaturas altas especialmente no litoral sul\"}]},{\"@type\":\"WebSite\",\"@id\":\"https:\/\/sulsc.com\/#website\",\"url\":\"https:\/\/sulsc.com\/\",\"name\":\"\",\"description\":\"\",\"potentialAction\":[{\"@type\":\"SearchAction\",\"target\":{\"@type\":\"EntryPoint\",\"urlTemplate\":\"https:\/\/sulsc.com\/?s={search_term_string}\"},\"query-input\":\"required name=search_term_string\"}],\"inLanguage\":\"en-US\"},{\"@type\":\"Person\",\"@id\":\"https:\/\/sulsc.com\/#\/schema\/person\/84d2fc571684f6248ba83092f07750a3\",\"name\":\"Reda\u00e7\u00e3o Sul SC\",\"image\":{\"@type\":\"ImageObject\",\"inLanguage\":\"en-US\",\"@id\":\"https:\/\/sulsc.com\/#\/schema\/person\/image\/e08d7fe2cc4ed596372063bbe852b8d0\",\"url\":\"https:\/\/sulsc.com\/wp-content\/uploads\/2023\/09\/redacao.png\",\"contentUrl\":\"https:\/\/sulsc.com\/wp-content\/uploads\/2023\/09\/redacao.png\",\"caption\":\"Reda\u00e7\u00e3o Sul SC\"},\"description\":\"Foco em um jornalismo imparcial, voltado \u00e0 qualidade dos seus conte\u00fados e, assim, levar informa\u00e7\u00e3o de valor que agregue \u00e0 vida dos leitores. Esta \u00e9 grande miss\u00e3o do Portal de Not\u00edcias Sul SC. N\u00e3o \u00e9 quantidade que muda o mundo, sempre foi e seguir\u00e1 sendo qualidade!\",\"sameAs\":[\"https:\/\/sulsc.com\/\",\"https:\/\/www.facebook.com\/profile.php?id=61559278119680\",\"https:\/\/www.instagram.com\/sulscportal\/?hl=pt-br\",\"https:\/\/twitter.com\/https:\/\/twitter.com\/PortalSulSC\",\"https:\/\/www.youtube.com\/channel\/UCv_BE8GeySluDov2n8qhVmw\"],\"url\":\"https:\/\/sulsc.com\/index.php\/author\/redacao\/\"}]}<\/script>\n<!-- \/ Yoast SEO plugin. -->","yoast_head_json":{"title":"Ter\u00e7a-feira ensolarada e de temperaturas altas especialmente no litoral sul -","description":"Entre a tarde e \u00e0 noite uma \u00e1rea de baixa press\u00e3o associada \u00e0 de calor e umidade favorece pancadas de chuva e temporais isolados","robots":{"index":"index","follow":"follow","max-snippet":"max-snippet:-1","max-image-preview":"max-image-preview:large","max-video-preview":"max-video-preview:-1"},"canonical":"https:\/\/sulsc.com\/index.php\/2024\/11\/26\/terca-feira-ensolarada-e-de-temperaturas-altas-especialmente-no-litoral-sul\/","og_locale":"en_US","og_type":"article","og_title":"Ter\u00e7a-feira ensolarada e de temperaturas altas especialmente no litoral sul -","og_description":"Entre a tarde e \u00e0 noite uma \u00e1rea de baixa press\u00e3o associada \u00e0 de calor e umidade favorece pancadas de chuva e temporais isolados","og_url":"https:\/\/sulsc.com\/index.php\/2024\/11\/26\/terca-feira-ensolarada-e-de-temperaturas-altas-especialmente-no-litoral-sul\/","article_author":"https:\/\/www.facebook.com\/profile.php?id=61559278119680","article_published_time":"2024-11-26T10:54:38+00:00","og_image":[{"width":225,"height":225,"url":"http:\/\/sulsc.com\/wp-content\/uploads\/2024\/11\/7e588a5e-1b6e-4afb-b45b-b6ddec654738.jpg","type":"image\/jpeg"}],"author":"Reda\u00e7\u00e3o Sul SC","twitter_card":"summary_large_image","twitter_creator":"@https:\/\/twitter.com\/PortalSulSC","twitter_misc":{"Written by":"Reda\u00e7\u00e3o Sul SC","Est. reading time":"1 minute"},"schema":{"@context":"https:\/\/schema.org","@graph":[{"@type":"WebPage","@id":"https:\/\/sulsc.com\/index.php\/2024\/11\/26\/terca-feira-ensolarada-e-de-temperaturas-altas-especialmente-no-litoral-sul\/","url":"https:\/\/sulsc.com\/index.php\/2024\/11\/26\/terca-feira-ensolarada-e-de-temperaturas-altas-especialmente-no-litoral-sul\/","name":"Ter\u00e7a-feira ensolarada e de temperaturas altas especialmente no litoral sul -","isPartOf":{"@id":"https:\/\/sulsc.com\/#website"},"datePublished":"2024-11-26T10:54:38+00:00","dateModified":"2024-11-26T10:54:38+00:00","author":{"@id":"https:\/\/sulsc.com\/#\/schema\/person\/84d2fc571684f6248ba83092f07750a3"},"description":"Entre a tarde e \u00e0 noite uma \u00e1rea de baixa press\u00e3o associada \u00e0 de calor e umidade favorece pancadas de chuva e temporais isolados","breadcrumb":{"@id":"https:\/\/sulsc.com\/index.php\/2024\/11\/26\/terca-feira-ensolarada-e-de-temperaturas-altas-especialmente-no-litoral-sul\/#breadcrumb"},"inLanguage":"en-US","potentialAction":[{"@type":"ReadAction","target":["https:\/\/sulsc.com\/index.php\/2024\/11\/26\/terca-feira-ensolarada-e-de-temperaturas-altas-especialmente-no-litoral-sul\/"]}]},{"@type":"BreadcrumbList","@id":"https:\/\/sulsc.com\/index.php\/2024\/11\/26\/terca-feira-ensolarada-e-de-temperaturas-altas-especialmente-no-litoral-sul\/#breadcrumb","itemListElement":[{"@type":"ListItem","position":1,"name":"In\u00edcio","item":"https:\/\/sulsc.com\/"},{"@type":"ListItem","position":2,"name":"Ter\u00e7a-feira ensolarada e de temperaturas altas especialmente no litoral sul"}]},{"@type":"WebSite","@id":"https:\/\/sulsc.com\/#website","url":"https:\/\/sulsc.com\/","name":"","description":"","potentialAction":[{"@type":"SearchAction","target":{"@type":"EntryPoint","urlTemplate":"https:\/\/sulsc.com\/?s={search_term_string}"},"query-input":"required name=search_term_string"}],"inLanguage":"en-US"},{"@type":"Person","@id":"https:\/\/sulsc.com\/#\/schema\/person\/84d2fc571684f6248ba83092f07750a3","name":"Reda\u00e7\u00e3o Sul SC","image":{"@type":"ImageObject","inLanguage":"en-US","@id":"https:\/\/sulsc.com\/#\/schema\/person\/image\/e08d7fe2cc4ed596372063bbe852b8d0","url":"https:\/\/sulsc.com\/wp-content\/uploads\/2023\/09\/redacao.png","contentUrl":"https:\/\/sulsc.com\/wp-content\/uploads\/2023\/09\/redacao.png","caption":"Reda\u00e7\u00e3o Sul SC"},"description":"Foco em um jornalismo imparcial, voltado \u00e0 qualidade dos seus conte\u00fados e, assim, levar informa\u00e7\u00e3o de valor que agregue \u00e0 vida dos leitores. Esta \u00e9 grande miss\u00e3o do Portal de Not\u00edcias Sul SC. N\u00e3o \u00e9 quantidade que muda o mundo, sempre foi e seguir\u00e1 sendo qualidade!","sameAs":["https:\/\/sulsc.com\/","https:\/\/www.facebook.com\/profile.php?id=61559278119680","https:\/\/www.instagram.com\/sulscportal\/?hl=pt-br","https:\/\/twitter.com\/https:\/\/twitter.com\/PortalSulSC","https:\/\/www.youtube.com\/channel\/UCv_BE8GeySluDov2n8qhVmw"],"url":"https:\/\/sulsc.com\/index.php\/author\/redacao\/"}]}},"authors":[],"_links":{"self":[{"href":"https:\/\/sulsc.com\/index.php\/wp-json\/wp\/v2\/posts\/17694"}],"collection":[{"href":"https:\/\/sulsc.com\/index.php\/wp-json\/wp\/v2\/posts"}],"about":[{"href":"https:\/\/sulsc.com\/index.php\/wp-json\/wp\/v2\/types\/post"}],"author":[{"embeddable":true,"href":"https:\/\/sulsc.com\/index.php\/wp-json\/wp\/v2\/users\/3"}],"replies":[{"embeddable":true,"href":"https:\/\/sulsc.com\/index.php\/wp-json\/wp\/v2\/comments?post=17694"}],"version-history":[{"count":1,"href":"https:\/\/sulsc.com\/index.php\/wp-json\/wp\/v2\/posts\/17694\/revisions"}],"predecessor-version":[{"id":17697,"href":"https:\/\/sulsc.com\/index.php\/wp-json\/wp\/v2\/posts\/17694\/revisions\/17697"}],"wp:featuredmedia":[{"embeddable":true,"href":"https:\/\/sulsc.com\/index.php\/wp-json\/wp\/v2\/media\/17696"}],"wp:attachment":[{"href":"https:\/\/sulsc.com\/index.php\/wp-json\/wp\/v2\/media?parent=17694"}],"wp:term":[{"taxonomy":"category","embeddable":true,"href":"https:\/\/sulsc.com\/index.php\/wp-json\/wp\/v2\/categories?post=17694"},{"taxonomy":"post_tag","embeddable":true,"href":"https:\/\/sulsc.com\/index.php\/wp-json\/wp\/v2\/tags?post=17694"}],"curies":[{"name":"wp","href":"https:\/\/api.w.org\/{rel}","templated":true}]}}