{"id":17735,"date":"2024-11-27T06:31:17","date_gmt":"2024-11-27T09:31:17","guid":{"rendered":"https:\/\/sulsc.com\/?p=17735"},"modified":"2024-11-27T06:31:17","modified_gmt":"2024-11-27T09:31:17","slug":"quarta-feira-27-com-dia-nublado-e-previsao-de-temporais-no-periodo-da-tarde","status":"publish","type":"post","link":"https:\/\/sulsc.com\/index.php\/2024\/11\/27\/quarta-feira-27-com-dia-nublado-e-previsao-de-temporais-no-periodo-da-tarde\/","title":{"rendered":"Quarta-feira (27) com dia nublado e previs\u00e3o de temporais no per\u00edodo da tarde"},"content":{"rendered":"<p>Nesta quarta-feira (27), o dia amanhece com tempo firme e temperaturas variando entre 18\u00b0C e 22\u00b0C no estado. No decorrer da manh\u00e3 e tarde as temperaturas sobem rapidamente e as m\u00e1ximas, novamente, se aproximam de 30\u00b0C em grande parte das regi\u00f5es e ficam entre 32 e 35\u00b0C em \u00e1reas do litoral e do Grande Oeste.<\/p>\n<p><img fetchpriority=\"high\" decoding=\"async\" class=\"aligncenter size-full wp-image-17736\" src=\"http:\/\/sulsc.com\/wp-content\/uploads\/2024\/11\/4-2.png\" alt=\"\" width=\"1467\" height=\"988\" srcset=\"https:\/\/sulsc.com\/wp-content\/uploads\/2024\/11\/4-2.png 1467w, https:\/\/sulsc.com\/wp-content\/uploads\/2024\/11\/4-2-300x202.png 300w, https:\/\/sulsc.com\/wp-content\/uploads\/2024\/11\/4-2-1024x690.png 1024w, https:\/\/sulsc.com\/wp-content\/uploads\/2024\/11\/4-2-768x517.png 768w\" sizes=\"(max-width: 1467px) 100vw, 1467px\" \/><\/p>\n<p><img decoding=\"async\" class=\"aligncenter  wp-image-17095\" src=\"http:\/\/sulsc.com\/wp-content\/uploads\/2024\/11\/Tempo-1.png\" alt=\"\" width=\"703\" height=\"130\" srcset=\"https:\/\/sulsc.com\/wp-content\/uploads\/2024\/11\/Tempo-1.png 1024w, https:\/\/sulsc.com\/wp-content\/uploads\/2024\/11\/Tempo-1-300x55.png 300w, https:\/\/sulsc.com\/wp-content\/uploads\/2024\/11\/Tempo-1-768x142.png 768w\" sizes=\"(max-width: 703px) 100vw, 703px\" \/><\/p>\n<p style=\"text-align: center;\">Imagens\/Defesa Civil SC<\/p>\n<p>A partir do come\u00e7o da tarde, uma \u00e1rea de baixa press\u00e3o atmosf\u00e9rica se intensifica e, juntamente com o calor e umidade, deixa o tempo inst\u00e1vel em todo o estado. H\u00e1 condi\u00e7\u00f5es para temporais isolados, acompanhados de raios, chuva pontualmente intensa, rajadas de vento e eventual queda de granizo. O risco \u00e9 moderado para ocorr\u00eancias relacionadas aos temporais.<\/p>\n<p>Foto\/Portal Sul SC<\/p>\n","protected":false},"excerpt":{"rendered":"<p>Nesta quarta-feira (27), o dia amanhece com tempo firme e temperaturas variando entre 18\u00b0C e 22\u00b0C no estado. No decorrer da manh\u00e3 e tarde as temperaturas sobem rapidamente e as m\u00e1ximas, novamente, se aproximam de 30\u00b0C em grande parte das regi\u00f5es e ficam entre 32 e 35\u00b0C em \u00e1reas do litoral e do Grande Oeste. &hellip;<\/p>\n<p class=\"read-more\"> <a class=\"\" href=\"https:\/\/sulsc.com\/index.php\/2024\/11\/27\/quarta-feira-27-com-dia-nublado-e-previsao-de-temporais-no-periodo-da-tarde\/\"> <span class=\"screen-reader-text\">Quarta-feira (27) com dia nublado e previs\u00e3o de temporais no per\u00edodo da tarde<\/span> Read More &raquo;<\/a><\/p>\n","protected":false},"author":3,"featured_media":14284,"comment_status":"open","ping_status":"open","sticky":false,"template":"","format":"standard","meta":{"site-sidebar-layout":"default","site-content-layout":"","ast-site-content-layout":"default","site-content-style":"default","site-sidebar-style":"default","ast-global-header-display":"","ast-banner-title-visibility":"","ast-main-header-display":"","ast-hfb-above-header-display":"","ast-hfb-below-header-display":"","ast-hfb-mobile-header-display":"","site-post-title":"","ast-breadcrumbs-content":"","ast-featured-img":"","footer-sml-layout":"","theme-transparent-header-meta":"default","adv-header-id-meta":"","stick-header-meta":"","header-above-stick-meta":"","header-main-stick-meta":"","header-below-stick-meta":"","astra-migrate-meta-layouts":"set","footnotes":""},"categories":[38],"tags":[90],"yoast_head":"<!-- This site is optimized with the Yoast SEO plugin v21.4 - https:\/\/yoast.com\/wordpress\/plugins\/seo\/ -->\n<title>Quarta-feira (27) com dia nublado e previs\u00e3o de temporais no per\u00edodo da tarde -<\/title>\n<meta name=\"description\" content=\"H\u00e1 condi\u00e7\u00f5es para temporais isolados, acompanhados de raios chuva pontualmente intensa rajadas de vento e eventual queda de granizo\" \/>\n<meta name=\"robots\" content=\"index, follow, max-snippet:-1, max-image-preview:large, max-video-preview:-1\" \/>\n<link rel=\"canonical\" href=\"https:\/\/sulsc.com\/index.php\/2024\/11\/27\/quarta-feira-27-com-dia-nublado-e-previsao-de-temporais-no-periodo-da-tarde\/\" \/>\n<meta property=\"og:locale\" content=\"en_US\" \/>\n<meta property=\"og:type\" content=\"article\" \/>\n<meta property=\"og:title\" content=\"Quarta-feira (27) com dia nublado e previs\u00e3o de temporais no per\u00edodo da tarde -\" \/>\n<meta property=\"og:description\" content=\"H\u00e1 condi\u00e7\u00f5es para temporais isolados, acompanhados de raios chuva pontualmente intensa rajadas de vento e eventual queda de granizo\" \/>\n<meta property=\"og:url\" content=\"https:\/\/sulsc.com\/index.php\/2024\/11\/27\/quarta-feira-27-com-dia-nublado-e-previsao-de-temporais-no-periodo-da-tarde\/\" \/>\n<meta property=\"article:author\" content=\"https:\/\/www.facebook.com\/profile.php?id=61559278119680\" \/>\n<meta property=\"article:published_time\" content=\"2024-11-27T09:31:17+00:00\" \/>\n<meta property=\"og:image\" content=\"http:\/\/sulsc.com\/wp-content\/uploads\/2024\/07\/tempo-nublado-4.jpeg\" \/>\n\t<meta property=\"og:image:width\" content=\"1600\" \/>\n\t<meta property=\"og:image:height\" content=\"900\" \/>\n\t<meta property=\"og:image:type\" content=\"image\/jpeg\" \/>\n<meta name=\"author\" content=\"Reda\u00e7\u00e3o Sul SC\" \/>\n<meta name=\"twitter:card\" content=\"summary_large_image\" \/>\n<meta name=\"twitter:creator\" content=\"@https:\/\/twitter.com\/PortalSulSC\" \/>\n<meta name=\"twitter:label1\" content=\"Written by\" \/>\n\t<meta name=\"twitter:data1\" content=\"Reda\u00e7\u00e3o Sul SC\" \/>\n\t<meta name=\"twitter:label2\" content=\"Est. reading time\" \/>\n\t<meta name=\"twitter:data2\" content=\"1 minute\" \/>\n<script type=\"application\/ld+json\" class=\"yoast-schema-graph\">{\"@context\":\"https:\/\/schema.org\",\"@graph\":[{\"@type\":\"WebPage\",\"@id\":\"https:\/\/sulsc.com\/index.php\/2024\/11\/27\/quarta-feira-27-com-dia-nublado-e-previsao-de-temporais-no-periodo-da-tarde\/\",\"url\":\"https:\/\/sulsc.com\/index.php\/2024\/11\/27\/quarta-feira-27-com-dia-nublado-e-previsao-de-temporais-no-periodo-da-tarde\/\",\"name\":\"Quarta-feira (27) com dia nublado e previs\u00e3o de temporais no per\u00edodo da tarde -\",\"isPartOf\":{\"@id\":\"https:\/\/sulsc.com\/#website\"},\"datePublished\":\"2024-11-27T09:31:17+00:00\",\"dateModified\":\"2024-11-27T09:31:17+00:00\",\"author\":{\"@id\":\"https:\/\/sulsc.com\/#\/schema\/person\/84d2fc571684f6248ba83092f07750a3\"},\"description\":\"H\u00e1 condi\u00e7\u00f5es para temporais isolados, acompanhados de raios chuva pontualmente intensa rajadas de vento e eventual queda de granizo\",\"breadcrumb\":{\"@id\":\"https:\/\/sulsc.com\/index.php\/2024\/11\/27\/quarta-feira-27-com-dia-nublado-e-previsao-de-temporais-no-periodo-da-tarde\/#breadcrumb\"},\"inLanguage\":\"en-US\",\"potentialAction\":[{\"@type\":\"ReadAction\",\"target\":[\"https:\/\/sulsc.com\/index.php\/2024\/11\/27\/quarta-feira-27-com-dia-nublado-e-previsao-de-temporais-no-periodo-da-tarde\/\"]}]},{\"@type\":\"BreadcrumbList\",\"@id\":\"https:\/\/sulsc.com\/index.php\/2024\/11\/27\/quarta-feira-27-com-dia-nublado-e-previsao-de-temporais-no-periodo-da-tarde\/#breadcrumb\",\"itemListElement\":[{\"@type\":\"ListItem\",\"position\":1,\"name\":\"In\u00edcio\",\"item\":\"https:\/\/sulsc.com\/\"},{\"@type\":\"ListItem\",\"position\":2,\"name\":\"Quarta-feira (27) com dia nublado e previs\u00e3o de temporais no per\u00edodo da tarde\"}]},{\"@type\":\"WebSite\",\"@id\":\"https:\/\/sulsc.com\/#website\",\"url\":\"https:\/\/sulsc.com\/\",\"name\":\"\",\"description\":\"\",\"potentialAction\":[{\"@type\":\"SearchAction\",\"target\":{\"@type\":\"EntryPoint\",\"urlTemplate\":\"https:\/\/sulsc.com\/?s={search_term_string}\"},\"query-input\":\"required name=search_term_string\"}],\"inLanguage\":\"en-US\"},{\"@type\":\"Person\",\"@id\":\"https:\/\/sulsc.com\/#\/schema\/person\/84d2fc571684f6248ba83092f07750a3\",\"name\":\"Reda\u00e7\u00e3o Sul SC\",\"image\":{\"@type\":\"ImageObject\",\"inLanguage\":\"en-US\",\"@id\":\"https:\/\/sulsc.com\/#\/schema\/person\/image\/e08d7fe2cc4ed596372063bbe852b8d0\",\"url\":\"https:\/\/sulsc.com\/wp-content\/uploads\/2023\/09\/redacao.png\",\"contentUrl\":\"https:\/\/sulsc.com\/wp-content\/uploads\/2023\/09\/redacao.png\",\"caption\":\"Reda\u00e7\u00e3o Sul SC\"},\"description\":\"Foco em um jornalismo imparcial, voltado \u00e0 qualidade dos seus conte\u00fados e, assim, levar informa\u00e7\u00e3o de valor que agregue \u00e0 vida dos leitores. Esta \u00e9 grande miss\u00e3o do Portal de Not\u00edcias Sul SC. N\u00e3o \u00e9 quantidade que muda o mundo, sempre foi e seguir\u00e1 sendo qualidade!\",\"sameAs\":[\"https:\/\/sulsc.com\/\",\"https:\/\/www.facebook.com\/profile.php?id=61559278119680\",\"https:\/\/www.instagram.com\/sulscportal\/?hl=pt-br\",\"https:\/\/twitter.com\/https:\/\/twitter.com\/PortalSulSC\",\"https:\/\/www.youtube.com\/channel\/UCv_BE8GeySluDov2n8qhVmw\"],\"url\":\"https:\/\/sulsc.com\/index.php\/author\/redacao\/\"}]}<\/script>\n<!-- \/ Yoast SEO plugin. -->","yoast_head_json":{"title":"Quarta-feira (27) com dia nublado e previs\u00e3o de temporais no per\u00edodo da tarde -","description":"H\u00e1 condi\u00e7\u00f5es para temporais isolados, acompanhados de raios chuva pontualmente intensa rajadas de vento e eventual queda de granizo","robots":{"index":"index","follow":"follow","max-snippet":"max-snippet:-1","max-image-preview":"max-image-preview:large","max-video-preview":"max-video-preview:-1"},"canonical":"https:\/\/sulsc.com\/index.php\/2024\/11\/27\/quarta-feira-27-com-dia-nublado-e-previsao-de-temporais-no-periodo-da-tarde\/","og_locale":"en_US","og_type":"article","og_title":"Quarta-feira (27) com dia nublado e previs\u00e3o de temporais no per\u00edodo da tarde -","og_description":"H\u00e1 condi\u00e7\u00f5es para temporais isolados, acompanhados de raios chuva pontualmente intensa rajadas de vento e eventual queda de granizo","og_url":"https:\/\/sulsc.com\/index.php\/2024\/11\/27\/quarta-feira-27-com-dia-nublado-e-previsao-de-temporais-no-periodo-da-tarde\/","article_author":"https:\/\/www.facebook.com\/profile.php?id=61559278119680","article_published_time":"2024-11-27T09:31:17+00:00","og_image":[{"width":1600,"height":900,"url":"http:\/\/sulsc.com\/wp-content\/uploads\/2024\/07\/tempo-nublado-4.jpeg","type":"image\/jpeg"}],"author":"Reda\u00e7\u00e3o Sul SC","twitter_card":"summary_large_image","twitter_creator":"@https:\/\/twitter.com\/PortalSulSC","twitter_misc":{"Written by":"Reda\u00e7\u00e3o Sul SC","Est. reading time":"1 minute"},"schema":{"@context":"https:\/\/schema.org","@graph":[{"@type":"WebPage","@id":"https:\/\/sulsc.com\/index.php\/2024\/11\/27\/quarta-feira-27-com-dia-nublado-e-previsao-de-temporais-no-periodo-da-tarde\/","url":"https:\/\/sulsc.com\/index.php\/2024\/11\/27\/quarta-feira-27-com-dia-nublado-e-previsao-de-temporais-no-periodo-da-tarde\/","name":"Quarta-feira (27) com dia nublado e previs\u00e3o de temporais no per\u00edodo da tarde -","isPartOf":{"@id":"https:\/\/sulsc.com\/#website"},"datePublished":"2024-11-27T09:31:17+00:00","dateModified":"2024-11-27T09:31:17+00:00","author":{"@id":"https:\/\/sulsc.com\/#\/schema\/person\/84d2fc571684f6248ba83092f07750a3"},"description":"H\u00e1 condi\u00e7\u00f5es para temporais isolados, acompanhados de raios chuva pontualmente intensa rajadas de vento e eventual queda de granizo","breadcrumb":{"@id":"https:\/\/sulsc.com\/index.php\/2024\/11\/27\/quarta-feira-27-com-dia-nublado-e-previsao-de-temporais-no-periodo-da-tarde\/#breadcrumb"},"inLanguage":"en-US","potentialAction":[{"@type":"ReadAction","target":["https:\/\/sulsc.com\/index.php\/2024\/11\/27\/quarta-feira-27-com-dia-nublado-e-previsao-de-temporais-no-periodo-da-tarde\/"]}]},{"@type":"BreadcrumbList","@id":"https:\/\/sulsc.com\/index.php\/2024\/11\/27\/quarta-feira-27-com-dia-nublado-e-previsao-de-temporais-no-periodo-da-tarde\/#breadcrumb","itemListElement":[{"@type":"ListItem","position":1,"name":"In\u00edcio","item":"https:\/\/sulsc.com\/"},{"@type":"ListItem","position":2,"name":"Quarta-feira (27) com dia nublado e previs\u00e3o de temporais no per\u00edodo da tarde"}]},{"@type":"WebSite","@id":"https:\/\/sulsc.com\/#website","url":"https:\/\/sulsc.com\/","name":"","description":"","potentialAction":[{"@type":"SearchAction","target":{"@type":"EntryPoint","urlTemplate":"https:\/\/sulsc.com\/?s={search_term_string}"},"query-input":"required name=search_term_string"}],"inLanguage":"en-US"},{"@type":"Person","@id":"https:\/\/sulsc.com\/#\/schema\/person\/84d2fc571684f6248ba83092f07750a3","name":"Reda\u00e7\u00e3o Sul SC","image":{"@type":"ImageObject","inLanguage":"en-US","@id":"https:\/\/sulsc.com\/#\/schema\/person\/image\/e08d7fe2cc4ed596372063bbe852b8d0","url":"https:\/\/sulsc.com\/wp-content\/uploads\/2023\/09\/redacao.png","contentUrl":"https:\/\/sulsc.com\/wp-content\/uploads\/2023\/09\/redacao.png","caption":"Reda\u00e7\u00e3o Sul SC"},"description":"Foco em um jornalismo imparcial, voltado \u00e0 qualidade dos seus conte\u00fados e, assim, levar informa\u00e7\u00e3o de valor que agregue \u00e0 vida dos leitores. Esta \u00e9 grande miss\u00e3o do Portal de Not\u00edcias Sul SC. N\u00e3o \u00e9 quantidade que muda o mundo, sempre foi e seguir\u00e1 sendo qualidade!","sameAs":["https:\/\/sulsc.com\/","https:\/\/www.facebook.com\/profile.php?id=61559278119680","https:\/\/www.instagram.com\/sulscportal\/?hl=pt-br","https:\/\/twitter.com\/https:\/\/twitter.com\/PortalSulSC","https:\/\/www.youtube.com\/channel\/UCv_BE8GeySluDov2n8qhVmw"],"url":"https:\/\/sulsc.com\/index.php\/author\/redacao\/"}]}},"authors":[],"_links":{"self":[{"href":"https:\/\/sulsc.com\/index.php\/wp-json\/wp\/v2\/posts\/17735"}],"collection":[{"href":"https:\/\/sulsc.com\/index.php\/wp-json\/wp\/v2\/posts"}],"about":[{"href":"https:\/\/sulsc.com\/index.php\/wp-json\/wp\/v2\/types\/post"}],"author":[{"embeddable":true,"href":"https:\/\/sulsc.com\/index.php\/wp-json\/wp\/v2\/users\/3"}],"replies":[{"embeddable":true,"href":"https:\/\/sulsc.com\/index.php\/wp-json\/wp\/v2\/comments?post=17735"}],"version-history":[{"count":1,"href":"https:\/\/sulsc.com\/index.php\/wp-json\/wp\/v2\/posts\/17735\/revisions"}],"predecessor-version":[{"id":17737,"href":"https:\/\/sulsc.com\/index.php\/wp-json\/wp\/v2\/posts\/17735\/revisions\/17737"}],"wp:featuredmedia":[{"embeddable":true,"href":"https:\/\/sulsc.com\/index.php\/wp-json\/wp\/v2\/media\/14284"}],"wp:attachment":[{"href":"https:\/\/sulsc.com\/index.php\/wp-json\/wp\/v2\/media?parent=17735"}],"wp:term":[{"taxonomy":"category","embeddable":true,"href":"https:\/\/sulsc.com\/index.php\/wp-json\/wp\/v2\/categories?post=17735"},{"taxonomy":"post_tag","embeddable":true,"href":"https:\/\/sulsc.com\/index.php\/wp-json\/wp\/v2\/tags?post=17735"}],"curies":[{"name":"wp","href":"https:\/\/api.w.org\/{rel}","templated":true}]}}