{"id":17792,"date":"2024-11-28T14:03:19","date_gmt":"2024-11-28T17:03:19","guid":{"rendered":"https:\/\/sulsc.com\/?p=17792"},"modified":"2024-11-28T14:03:19","modified_gmt":"2024-11-28T17:03:19","slug":"dois-imoveis-sao-atingidos-por-queda-de-arvores-em-sombrio","status":"publish","type":"post","link":"https:\/\/sulsc.com\/index.php\/2024\/11\/28\/dois-imoveis-sao-atingidos-por-queda-de-arvores-em-sombrio\/","title":{"rendered":"Dois im\u00f3veis s\u00e3o atingidos por queda de \u00e1rvores em Sombrio"},"content":{"rendered":"<p data-sourcepos=\"11:1-11:234\">Uma forte chuva que atingiu a cidade de Sombrio nesta quarta-feira (27), causou diversos transtornos, entre eles a queda de \u00e1rvores. O Corpo de Bombeiros Militar foi acionado para atender duas ocorr\u00eancias envolvendo \u00e1rvores que ca\u00edram sobre im\u00f3veis.<\/p>\n<p data-sourcepos=\"13:1-13:320\">A primeira ocorr\u00eancia foi registrada em uma resid\u00eancia localizada no Janu\u00e1ria. Uma \u00e1rvore de grande porte havia ca\u00eddo sobre o telhado da casa. A guarni\u00e7\u00e3o do ABTR 205 foi enviada ao local e, ao chegar, confirmou a informa\u00e7\u00e3o. Os bombeiros realizaram o corte da \u00e1rvore e o propriet\u00e1rio iniciou a limpeza da \u00e1rea atingida.<\/p>\n<p data-sourcepos=\"15:1-15:338\">Em seguida, a equipe se deslocou para outra resid\u00eancia, tamb\u00e9m no mesmo bairro, onde uma \u00e1rvore havia ca\u00eddo sobre dois ve\u00edculos que estavam estacionados no terreno. Os bombeiros removeram os galhos que obstru\u00edam os ve\u00edculos e realizaram a limpeza da \u00e1rea de acesso ao im\u00f3vel. Ningu\u00e9m ficou ferido.<\/p>\n","protected":false},"excerpt":{"rendered":"<p>Uma forte chuva que atingiu a cidade de Sombrio nesta quarta-feira (27), causou diversos transtornos, entre eles a queda de \u00e1rvores. O Corpo de Bombeiros Militar foi acionado para atender duas ocorr\u00eancias envolvendo \u00e1rvores que ca\u00edram sobre im\u00f3veis. A primeira ocorr\u00eancia foi registrada em uma resid\u00eancia localizada no Janu\u00e1ria. Uma \u00e1rvore de grande porte havia &hellip;<\/p>\n<p class=\"read-more\"> <a class=\"\" href=\"https:\/\/sulsc.com\/index.php\/2024\/11\/28\/dois-imoveis-sao-atingidos-por-queda-de-arvores-em-sombrio\/\"> <span class=\"screen-reader-text\">Dois im\u00f3veis s\u00e3o atingidos por queda de \u00e1rvores em Sombrio<\/span> Read More &raquo;<\/a><\/p>\n","protected":false},"author":3,"featured_media":17793,"comment_status":"open","ping_status":"open","sticky":false,"template":"","format":"standard","meta":{"site-sidebar-layout":"default","site-content-layout":"","ast-site-content-layout":"default","site-content-style":"default","site-sidebar-style":"default","ast-global-header-display":"","ast-banner-title-visibility":"","ast-main-header-display":"","ast-hfb-above-header-display":"","ast-hfb-below-header-display":"","ast-hfb-mobile-header-display":"","site-post-title":"","ast-breadcrumbs-content":"","ast-featured-img":"","footer-sml-layout":"","theme-transparent-header-meta":"default","adv-header-id-meta":"","stick-header-meta":"","header-above-stick-meta":"","header-main-stick-meta":"","header-below-stick-meta":"","astra-migrate-meta-layouts":"set","footnotes":""},"categories":[38],"tags":[2150,572,89],"yoast_head":"<!-- This site is optimized with the Yoast SEO plugin v21.4 - https:\/\/yoast.com\/wordpress\/plugins\/seo\/ -->\n<title>Dois im\u00f3veis s\u00e3o atingidos por queda de \u00e1rvores em Sombrio -<\/title>\n<meta name=\"robots\" content=\"index, follow, max-snippet:-1, max-image-preview:large, max-video-preview:-1\" \/>\n<link rel=\"canonical\" href=\"https:\/\/sulsc.com\/index.php\/2024\/11\/28\/dois-imoveis-sao-atingidos-por-queda-de-arvores-em-sombrio\/\" \/>\n<meta property=\"og:locale\" content=\"en_US\" \/>\n<meta property=\"og:type\" content=\"article\" \/>\n<meta property=\"og:title\" content=\"Dois im\u00f3veis s\u00e3o atingidos por queda de \u00e1rvores em Sombrio -\" \/>\n<meta property=\"og:description\" content=\"Uma forte chuva que atingiu a cidade de Sombrio nesta quarta-feira (27), causou diversos transtornos, entre eles a queda de \u00e1rvores. O Corpo de Bombeiros Militar foi acionado para atender duas ocorr\u00eancias envolvendo \u00e1rvores que ca\u00edram sobre im\u00f3veis. A primeira ocorr\u00eancia foi registrada em uma resid\u00eancia localizada no Janu\u00e1ria. Uma \u00e1rvore de grande porte havia &hellip; Dois im\u00f3veis s\u00e3o atingidos por queda de \u00e1rvores em Sombrio Read More &raquo;\" \/>\n<meta property=\"og:url\" content=\"https:\/\/sulsc.com\/index.php\/2024\/11\/28\/dois-imoveis-sao-atingidos-por-queda-de-arvores-em-sombrio\/\" \/>\n<meta property=\"article:author\" content=\"https:\/\/www.facebook.com\/profile.php?id=61559278119680\" \/>\n<meta property=\"article:published_time\" content=\"2024-11-28T17:03:19+00:00\" \/>\n<meta property=\"og:image\" content=\"http:\/\/sulsc.com\/wp-content\/uploads\/2024\/11\/WhatsApp-Image-2024-11-28-at-12.45.26.jpeg\" \/>\n\t<meta property=\"og:image:width\" content=\"960\" \/>\n\t<meta property=\"og:image:height\" content=\"1280\" \/>\n\t<meta property=\"og:image:type\" content=\"image\/jpeg\" \/>\n<meta name=\"author\" content=\"Reda\u00e7\u00e3o Sul SC\" \/>\n<meta name=\"twitter:card\" content=\"summary_large_image\" \/>\n<meta name=\"twitter:creator\" content=\"@https:\/\/twitter.com\/PortalSulSC\" \/>\n<meta name=\"twitter:label1\" content=\"Written by\" \/>\n\t<meta name=\"twitter:data1\" content=\"Reda\u00e7\u00e3o Sul SC\" \/>\n\t<meta name=\"twitter:label2\" content=\"Est. reading time\" \/>\n\t<meta name=\"twitter:data2\" content=\"1 minute\" \/>\n<script type=\"application\/ld+json\" class=\"yoast-schema-graph\">{\"@context\":\"https:\/\/schema.org\",\"@graph\":[{\"@type\":\"WebPage\",\"@id\":\"https:\/\/sulsc.com\/index.php\/2024\/11\/28\/dois-imoveis-sao-atingidos-por-queda-de-arvores-em-sombrio\/\",\"url\":\"https:\/\/sulsc.com\/index.php\/2024\/11\/28\/dois-imoveis-sao-atingidos-por-queda-de-arvores-em-sombrio\/\",\"name\":\"Dois im\u00f3veis s\u00e3o atingidos por queda de \u00e1rvores em Sombrio -\",\"isPartOf\":{\"@id\":\"https:\/\/sulsc.com\/#website\"},\"datePublished\":\"2024-11-28T17:03:19+00:00\",\"dateModified\":\"2024-11-28T17:03:19+00:00\",\"author\":{\"@id\":\"https:\/\/sulsc.com\/#\/schema\/person\/84d2fc571684f6248ba83092f07750a3\"},\"breadcrumb\":{\"@id\":\"https:\/\/sulsc.com\/index.php\/2024\/11\/28\/dois-imoveis-sao-atingidos-por-queda-de-arvores-em-sombrio\/#breadcrumb\"},\"inLanguage\":\"en-US\",\"potentialAction\":[{\"@type\":\"ReadAction\",\"target\":[\"https:\/\/sulsc.com\/index.php\/2024\/11\/28\/dois-imoveis-sao-atingidos-por-queda-de-arvores-em-sombrio\/\"]}]},{\"@type\":\"BreadcrumbList\",\"@id\":\"https:\/\/sulsc.com\/index.php\/2024\/11\/28\/dois-imoveis-sao-atingidos-por-queda-de-arvores-em-sombrio\/#breadcrumb\",\"itemListElement\":[{\"@type\":\"ListItem\",\"position\":1,\"name\":\"In\u00edcio\",\"item\":\"https:\/\/sulsc.com\/\"},{\"@type\":\"ListItem\",\"position\":2,\"name\":\"Dois im\u00f3veis s\u00e3o atingidos por queda de \u00e1rvores em Sombrio\"}]},{\"@type\":\"WebSite\",\"@id\":\"https:\/\/sulsc.com\/#website\",\"url\":\"https:\/\/sulsc.com\/\",\"name\":\"\",\"description\":\"\",\"potentialAction\":[{\"@type\":\"SearchAction\",\"target\":{\"@type\":\"EntryPoint\",\"urlTemplate\":\"https:\/\/sulsc.com\/?s={search_term_string}\"},\"query-input\":\"required name=search_term_string\"}],\"inLanguage\":\"en-US\"},{\"@type\":\"Person\",\"@id\":\"https:\/\/sulsc.com\/#\/schema\/person\/84d2fc571684f6248ba83092f07750a3\",\"name\":\"Reda\u00e7\u00e3o Sul SC\",\"image\":{\"@type\":\"ImageObject\",\"inLanguage\":\"en-US\",\"@id\":\"https:\/\/sulsc.com\/#\/schema\/person\/image\/e08d7fe2cc4ed596372063bbe852b8d0\",\"url\":\"https:\/\/sulsc.com\/wp-content\/uploads\/2023\/09\/redacao.png\",\"contentUrl\":\"https:\/\/sulsc.com\/wp-content\/uploads\/2023\/09\/redacao.png\",\"caption\":\"Reda\u00e7\u00e3o Sul SC\"},\"description\":\"Foco em um jornalismo imparcial, voltado \u00e0 qualidade dos seus conte\u00fados e, assim, levar informa\u00e7\u00e3o de valor que agregue \u00e0 vida dos leitores. Esta \u00e9 grande miss\u00e3o do Portal de Not\u00edcias Sul SC. N\u00e3o \u00e9 quantidade que muda o mundo, sempre foi e seguir\u00e1 sendo qualidade!\",\"sameAs\":[\"https:\/\/sulsc.com\/\",\"https:\/\/www.facebook.com\/profile.php?id=61559278119680\",\"https:\/\/www.instagram.com\/sulscportal\/?hl=pt-br\",\"https:\/\/twitter.com\/https:\/\/twitter.com\/PortalSulSC\",\"https:\/\/www.youtube.com\/channel\/UCv_BE8GeySluDov2n8qhVmw\"],\"url\":\"https:\/\/sulsc.com\/index.php\/author\/redacao\/\"}]}<\/script>\n<!-- \/ Yoast SEO plugin. -->","yoast_head_json":{"title":"Dois im\u00f3veis s\u00e3o atingidos por queda de \u00e1rvores em Sombrio -","robots":{"index":"index","follow":"follow","max-snippet":"max-snippet:-1","max-image-preview":"max-image-preview:large","max-video-preview":"max-video-preview:-1"},"canonical":"https:\/\/sulsc.com\/index.php\/2024\/11\/28\/dois-imoveis-sao-atingidos-por-queda-de-arvores-em-sombrio\/","og_locale":"en_US","og_type":"article","og_title":"Dois im\u00f3veis s\u00e3o atingidos por queda de \u00e1rvores em Sombrio -","og_description":"Uma forte chuva que atingiu a cidade de Sombrio nesta quarta-feira (27), causou diversos transtornos, entre eles a queda de \u00e1rvores. O Corpo de Bombeiros Militar foi acionado para atender duas ocorr\u00eancias envolvendo \u00e1rvores que ca\u00edram sobre im\u00f3veis. A primeira ocorr\u00eancia foi registrada em uma resid\u00eancia localizada no Janu\u00e1ria. Uma \u00e1rvore de grande porte havia &hellip; Dois im\u00f3veis s\u00e3o atingidos por queda de \u00e1rvores em Sombrio Read More &raquo;","og_url":"https:\/\/sulsc.com\/index.php\/2024\/11\/28\/dois-imoveis-sao-atingidos-por-queda-de-arvores-em-sombrio\/","article_author":"https:\/\/www.facebook.com\/profile.php?id=61559278119680","article_published_time":"2024-11-28T17:03:19+00:00","og_image":[{"width":960,"height":1280,"url":"http:\/\/sulsc.com\/wp-content\/uploads\/2024\/11\/WhatsApp-Image-2024-11-28-at-12.45.26.jpeg","type":"image\/jpeg"}],"author":"Reda\u00e7\u00e3o Sul SC","twitter_card":"summary_large_image","twitter_creator":"@https:\/\/twitter.com\/PortalSulSC","twitter_misc":{"Written by":"Reda\u00e7\u00e3o Sul SC","Est. reading time":"1 minute"},"schema":{"@context":"https:\/\/schema.org","@graph":[{"@type":"WebPage","@id":"https:\/\/sulsc.com\/index.php\/2024\/11\/28\/dois-imoveis-sao-atingidos-por-queda-de-arvores-em-sombrio\/","url":"https:\/\/sulsc.com\/index.php\/2024\/11\/28\/dois-imoveis-sao-atingidos-por-queda-de-arvores-em-sombrio\/","name":"Dois im\u00f3veis s\u00e3o atingidos por queda de \u00e1rvores em Sombrio -","isPartOf":{"@id":"https:\/\/sulsc.com\/#website"},"datePublished":"2024-11-28T17:03:19+00:00","dateModified":"2024-11-28T17:03:19+00:00","author":{"@id":"https:\/\/sulsc.com\/#\/schema\/person\/84d2fc571684f6248ba83092f07750a3"},"breadcrumb":{"@id":"https:\/\/sulsc.com\/index.php\/2024\/11\/28\/dois-imoveis-sao-atingidos-por-queda-de-arvores-em-sombrio\/#breadcrumb"},"inLanguage":"en-US","potentialAction":[{"@type":"ReadAction","target":["https:\/\/sulsc.com\/index.php\/2024\/11\/28\/dois-imoveis-sao-atingidos-por-queda-de-arvores-em-sombrio\/"]}]},{"@type":"BreadcrumbList","@id":"https:\/\/sulsc.com\/index.php\/2024\/11\/28\/dois-imoveis-sao-atingidos-por-queda-de-arvores-em-sombrio\/#breadcrumb","itemListElement":[{"@type":"ListItem","position":1,"name":"In\u00edcio","item":"https:\/\/sulsc.com\/"},{"@type":"ListItem","position":2,"name":"Dois im\u00f3veis s\u00e3o atingidos por queda de \u00e1rvores em Sombrio"}]},{"@type":"WebSite","@id":"https:\/\/sulsc.com\/#website","url":"https:\/\/sulsc.com\/","name":"","description":"","potentialAction":[{"@type":"SearchAction","target":{"@type":"EntryPoint","urlTemplate":"https:\/\/sulsc.com\/?s={search_term_string}"},"query-input":"required name=search_term_string"}],"inLanguage":"en-US"},{"@type":"Person","@id":"https:\/\/sulsc.com\/#\/schema\/person\/84d2fc571684f6248ba83092f07750a3","name":"Reda\u00e7\u00e3o Sul SC","image":{"@type":"ImageObject","inLanguage":"en-US","@id":"https:\/\/sulsc.com\/#\/schema\/person\/image\/e08d7fe2cc4ed596372063bbe852b8d0","url":"https:\/\/sulsc.com\/wp-content\/uploads\/2023\/09\/redacao.png","contentUrl":"https:\/\/sulsc.com\/wp-content\/uploads\/2023\/09\/redacao.png","caption":"Reda\u00e7\u00e3o Sul SC"},"description":"Foco em um jornalismo imparcial, voltado \u00e0 qualidade dos seus conte\u00fados e, assim, levar informa\u00e7\u00e3o de valor que agregue \u00e0 vida dos leitores. Esta \u00e9 grande miss\u00e3o do Portal de Not\u00edcias Sul SC. N\u00e3o \u00e9 quantidade que muda o mundo, sempre foi e seguir\u00e1 sendo qualidade!","sameAs":["https:\/\/sulsc.com\/","https:\/\/www.facebook.com\/profile.php?id=61559278119680","https:\/\/www.instagram.com\/sulscportal\/?hl=pt-br","https:\/\/twitter.com\/https:\/\/twitter.com\/PortalSulSC","https:\/\/www.youtube.com\/channel\/UCv_BE8GeySluDov2n8qhVmw"],"url":"https:\/\/sulsc.com\/index.php\/author\/redacao\/"}]}},"authors":[],"_links":{"self":[{"href":"https:\/\/sulsc.com\/index.php\/wp-json\/wp\/v2\/posts\/17792"}],"collection":[{"href":"https:\/\/sulsc.com\/index.php\/wp-json\/wp\/v2\/posts"}],"about":[{"href":"https:\/\/sulsc.com\/index.php\/wp-json\/wp\/v2\/types\/post"}],"author":[{"embeddable":true,"href":"https:\/\/sulsc.com\/index.php\/wp-json\/wp\/v2\/users\/3"}],"replies":[{"embeddable":true,"href":"https:\/\/sulsc.com\/index.php\/wp-json\/wp\/v2\/comments?post=17792"}],"version-history":[{"count":1,"href":"https:\/\/sulsc.com\/index.php\/wp-json\/wp\/v2\/posts\/17792\/revisions"}],"predecessor-version":[{"id":17794,"href":"https:\/\/sulsc.com\/index.php\/wp-json\/wp\/v2\/posts\/17792\/revisions\/17794"}],"wp:featuredmedia":[{"embeddable":true,"href":"https:\/\/sulsc.com\/index.php\/wp-json\/wp\/v2\/media\/17793"}],"wp:attachment":[{"href":"https:\/\/sulsc.com\/index.php\/wp-json\/wp\/v2\/media?parent=17792"}],"wp:term":[{"taxonomy":"category","embeddable":true,"href":"https:\/\/sulsc.com\/index.php\/wp-json\/wp\/v2\/categories?post=17792"},{"taxonomy":"post_tag","embeddable":true,"href":"https:\/\/sulsc.com\/index.php\/wp-json\/wp\/v2\/tags?post=17792"}],"curies":[{"name":"wp","href":"https:\/\/api.w.org\/{rel}","templated":true}]}}