{"id":17819,"date":"2024-11-29T07:58:51","date_gmt":"2024-11-29T10:58:51","guid":{"rendered":"https:\/\/sulsc.com\/?p=17819"},"modified":"2024-11-29T07:58:51","modified_gmt":"2024-11-29T10:58:51","slug":"dia-fechado-com-previsao-de-temporais-entre-a-tarde-e-a-noite-nesta-sexta-feira-29","status":"publish","type":"post","link":"https:\/\/sulsc.com\/index.php\/2024\/11\/29\/dia-fechado-com-previsao-de-temporais-entre-a-tarde-e-a-noite-nesta-sexta-feira-29\/","title":{"rendered":"Dia fechado com previs\u00e3o de temporais entre a tarde e a noite nesta sexta-feira (29)"},"content":{"rendered":"<p>Nesta sexta-feira (29), o transporte de ar quente e \u00famido proveniente do norte do pa\u00eds em dire\u00e7\u00e3o ao estado, somado a um sistema de baixa press\u00e3o atuante no interior do continente e a uma frente fria em alto mar, mant\u00e9m o tempo inst\u00e1vel em Santa Catarina. H\u00e1 condi\u00e7\u00f5es para novos temporais acompanhados por raios, rajadas de vento, eventual queda de granizo e chuva pontualmente intensa, ocorrendo de maneira isolada.<\/p>\n<p><img fetchpriority=\"high\" decoding=\"async\" class=\"aligncenter size-full wp-image-17820\" src=\"http:\/\/sulsc.com\/wp-content\/uploads\/2024\/11\/6-3.png\" alt=\"\" width=\"1467\" height=\"988\" srcset=\"https:\/\/sulsc.com\/wp-content\/uploads\/2024\/11\/6-3.png 1467w, https:\/\/sulsc.com\/wp-content\/uploads\/2024\/11\/6-3-300x202.png 300w, https:\/\/sulsc.com\/wp-content\/uploads\/2024\/11\/6-3-1024x690.png 1024w, https:\/\/sulsc.com\/wp-content\/uploads\/2024\/11\/6-3-768x517.png 768w\" sizes=\"(max-width: 1467px) 100vw, 1467px\" \/><\/p>\n<p><img decoding=\"async\" class=\"aligncenter  wp-image-17095\" src=\"http:\/\/sulsc.com\/wp-content\/uploads\/2024\/11\/Tempo-1.png\" alt=\"\" width=\"681\" height=\"126\" srcset=\"https:\/\/sulsc.com\/wp-content\/uploads\/2024\/11\/Tempo-1.png 1024w, https:\/\/sulsc.com\/wp-content\/uploads\/2024\/11\/Tempo-1-300x55.png 300w, https:\/\/sulsc.com\/wp-content\/uploads\/2024\/11\/Tempo-1-768x142.png 768w\" sizes=\"(max-width: 681px) 100vw, 681px\" \/><\/p>\n<p style=\"text-align: center;\">Imagens demonstrativas\/Defesa Civil SC<\/p>\n<p>O risco \u00e9 moderado para ocorr\u00eancias relacionadas aos temporais, principalmente entre a tarde e \u00e0 noite. O dia amanhece com term\u00f4metros variando entre 17\u00b0C e 22\u00b0C em todo o estado e, \u00e0 tarde, as m\u00e1ximas ficam entre 28\u00b0C e 31\u00b0C no Grande Oeste e variam entre 25\u00b0C e 28\u00b0C nas demais regi\u00f5es.<\/p>\n<p>Fonte: Defesa Civil SC\/Meteorologista: J\u00e9ssica Silva<\/p>\n","protected":false},"excerpt":{"rendered":"<p>Nesta sexta-feira (29), o transporte de ar quente e \u00famido proveniente do norte do pa\u00eds em dire\u00e7\u00e3o ao estado, somado a um sistema de baixa press\u00e3o atuante no interior do continente e a uma frente fria em alto mar, mant\u00e9m o tempo inst\u00e1vel em Santa Catarina. H\u00e1 condi\u00e7\u00f5es para novos temporais acompanhados por raios, rajadas &hellip;<\/p>\n<p class=\"read-more\"> <a class=\"\" href=\"https:\/\/sulsc.com\/index.php\/2024\/11\/29\/dia-fechado-com-previsao-de-temporais-entre-a-tarde-e-a-noite-nesta-sexta-feira-29\/\"> <span class=\"screen-reader-text\">Dia fechado com previs\u00e3o de temporais entre a tarde e a noite nesta sexta-feira (29)<\/span> Read More &raquo;<\/a><\/p>\n","protected":false},"author":3,"featured_media":13306,"comment_status":"open","ping_status":"open","sticky":false,"template":"","format":"standard","meta":{"site-sidebar-layout":"default","site-content-layout":"","ast-site-content-layout":"default","site-content-style":"default","site-sidebar-style":"default","ast-global-header-display":"","ast-banner-title-visibility":"","ast-main-header-display":"","ast-hfb-above-header-display":"","ast-hfb-below-header-display":"","ast-hfb-mobile-header-display":"","site-post-title":"","ast-breadcrumbs-content":"","ast-featured-img":"","footer-sml-layout":"","theme-transparent-header-meta":"default","adv-header-id-meta":"","stick-header-meta":"","header-above-stick-meta":"","header-main-stick-meta":"","header-below-stick-meta":"","astra-migrate-meta-layouts":"set","footnotes":""},"categories":[38],"tags":[90],"yoast_head":"<!-- This site is optimized with the Yoast SEO plugin v21.4 - https:\/\/yoast.com\/wordpress\/plugins\/seo\/ -->\n<title>Dia fechado com previs\u00e3o de temporais entre a tarde e a noite nesta sexta-feira (29) -<\/title>\n<meta name=\"description\" content=\"H\u00e1 condi\u00e7\u00f5es para novos temporais acompanhados por raios, rajadas de vento eventual queda de granizo e chuva pontualmente intensa\" \/>\n<meta name=\"robots\" content=\"index, follow, max-snippet:-1, max-image-preview:large, max-video-preview:-1\" \/>\n<link rel=\"canonical\" href=\"https:\/\/sulsc.com\/index.php\/2024\/11\/29\/dia-fechado-com-previsao-de-temporais-entre-a-tarde-e-a-noite-nesta-sexta-feira-29\/\" \/>\n<meta property=\"og:locale\" content=\"en_US\" \/>\n<meta property=\"og:type\" content=\"article\" \/>\n<meta property=\"og:title\" content=\"Dia fechado com previs\u00e3o de temporais entre a tarde e a noite nesta sexta-feira (29) -\" \/>\n<meta property=\"og:description\" content=\"H\u00e1 condi\u00e7\u00f5es para novos temporais acompanhados por raios, rajadas de vento eventual queda de granizo e chuva pontualmente intensa\" \/>\n<meta property=\"og:url\" content=\"https:\/\/sulsc.com\/index.php\/2024\/11\/29\/dia-fechado-com-previsao-de-temporais-entre-a-tarde-e-a-noite-nesta-sexta-feira-29\/\" \/>\n<meta property=\"article:author\" content=\"https:\/\/www.facebook.com\/profile.php?id=61559278119680\" \/>\n<meta property=\"article:published_time\" content=\"2024-11-29T10:58:51+00:00\" \/>\n<meta property=\"og:image\" content=\"http:\/\/sulsc.com\/wp-content\/uploads\/2024\/06\/tempo.jpg\" \/>\n\t<meta property=\"og:image:width\" content=\"1500\" \/>\n\t<meta property=\"og:image:height\" content=\"1000\" \/>\n\t<meta property=\"og:image:type\" content=\"image\/jpeg\" \/>\n<meta name=\"author\" content=\"Reda\u00e7\u00e3o Sul SC\" \/>\n<meta name=\"twitter:card\" content=\"summary_large_image\" \/>\n<meta name=\"twitter:creator\" content=\"@https:\/\/twitter.com\/PortalSulSC\" \/>\n<meta name=\"twitter:label1\" content=\"Written by\" \/>\n\t<meta name=\"twitter:data1\" content=\"Reda\u00e7\u00e3o Sul SC\" \/>\n\t<meta name=\"twitter:label2\" content=\"Est. reading time\" \/>\n\t<meta name=\"twitter:data2\" content=\"1 minute\" \/>\n<script type=\"application\/ld+json\" class=\"yoast-schema-graph\">{\"@context\":\"https:\/\/schema.org\",\"@graph\":[{\"@type\":\"WebPage\",\"@id\":\"https:\/\/sulsc.com\/index.php\/2024\/11\/29\/dia-fechado-com-previsao-de-temporais-entre-a-tarde-e-a-noite-nesta-sexta-feira-29\/\",\"url\":\"https:\/\/sulsc.com\/index.php\/2024\/11\/29\/dia-fechado-com-previsao-de-temporais-entre-a-tarde-e-a-noite-nesta-sexta-feira-29\/\",\"name\":\"Dia fechado com previs\u00e3o de temporais entre a tarde e a noite nesta sexta-feira (29) -\",\"isPartOf\":{\"@id\":\"https:\/\/sulsc.com\/#website\"},\"datePublished\":\"2024-11-29T10:58:51+00:00\",\"dateModified\":\"2024-11-29T10:58:51+00:00\",\"author\":{\"@id\":\"https:\/\/sulsc.com\/#\/schema\/person\/84d2fc571684f6248ba83092f07750a3\"},\"description\":\"H\u00e1 condi\u00e7\u00f5es para novos temporais acompanhados por raios, rajadas de vento eventual queda de granizo e chuva pontualmente intensa\",\"breadcrumb\":{\"@id\":\"https:\/\/sulsc.com\/index.php\/2024\/11\/29\/dia-fechado-com-previsao-de-temporais-entre-a-tarde-e-a-noite-nesta-sexta-feira-29\/#breadcrumb\"},\"inLanguage\":\"en-US\",\"potentialAction\":[{\"@type\":\"ReadAction\",\"target\":[\"https:\/\/sulsc.com\/index.php\/2024\/11\/29\/dia-fechado-com-previsao-de-temporais-entre-a-tarde-e-a-noite-nesta-sexta-feira-29\/\"]}]},{\"@type\":\"BreadcrumbList\",\"@id\":\"https:\/\/sulsc.com\/index.php\/2024\/11\/29\/dia-fechado-com-previsao-de-temporais-entre-a-tarde-e-a-noite-nesta-sexta-feira-29\/#breadcrumb\",\"itemListElement\":[{\"@type\":\"ListItem\",\"position\":1,\"name\":\"In\u00edcio\",\"item\":\"https:\/\/sulsc.com\/\"},{\"@type\":\"ListItem\",\"position\":2,\"name\":\"Dia fechado com previs\u00e3o de temporais entre a tarde e a noite nesta sexta-feira (29)\"}]},{\"@type\":\"WebSite\",\"@id\":\"https:\/\/sulsc.com\/#website\",\"url\":\"https:\/\/sulsc.com\/\",\"name\":\"\",\"description\":\"\",\"potentialAction\":[{\"@type\":\"SearchAction\",\"target\":{\"@type\":\"EntryPoint\",\"urlTemplate\":\"https:\/\/sulsc.com\/?s={search_term_string}\"},\"query-input\":\"required name=search_term_string\"}],\"inLanguage\":\"en-US\"},{\"@type\":\"Person\",\"@id\":\"https:\/\/sulsc.com\/#\/schema\/person\/84d2fc571684f6248ba83092f07750a3\",\"name\":\"Reda\u00e7\u00e3o Sul SC\",\"image\":{\"@type\":\"ImageObject\",\"inLanguage\":\"en-US\",\"@id\":\"https:\/\/sulsc.com\/#\/schema\/person\/image\/e08d7fe2cc4ed596372063bbe852b8d0\",\"url\":\"https:\/\/sulsc.com\/wp-content\/uploads\/2023\/09\/redacao.png\",\"contentUrl\":\"https:\/\/sulsc.com\/wp-content\/uploads\/2023\/09\/redacao.png\",\"caption\":\"Reda\u00e7\u00e3o Sul SC\"},\"description\":\"Foco em um jornalismo imparcial, voltado \u00e0 qualidade dos seus conte\u00fados e, assim, levar informa\u00e7\u00e3o de valor que agregue \u00e0 vida dos leitores. Esta \u00e9 grande miss\u00e3o do Portal de Not\u00edcias Sul SC. N\u00e3o \u00e9 quantidade que muda o mundo, sempre foi e seguir\u00e1 sendo qualidade!\",\"sameAs\":[\"https:\/\/sulsc.com\/\",\"https:\/\/www.facebook.com\/profile.php?id=61559278119680\",\"https:\/\/www.instagram.com\/sulscportal\/?hl=pt-br\",\"https:\/\/twitter.com\/https:\/\/twitter.com\/PortalSulSC\",\"https:\/\/www.youtube.com\/channel\/UCv_BE8GeySluDov2n8qhVmw\"],\"url\":\"https:\/\/sulsc.com\/index.php\/author\/redacao\/\"}]}<\/script>\n<!-- \/ Yoast SEO plugin. -->","yoast_head_json":{"title":"Dia fechado com previs\u00e3o de temporais entre a tarde e a noite nesta sexta-feira (29) -","description":"H\u00e1 condi\u00e7\u00f5es para novos temporais acompanhados por raios, rajadas de vento eventual queda de granizo e chuva pontualmente intensa","robots":{"index":"index","follow":"follow","max-snippet":"max-snippet:-1","max-image-preview":"max-image-preview:large","max-video-preview":"max-video-preview:-1"},"canonical":"https:\/\/sulsc.com\/index.php\/2024\/11\/29\/dia-fechado-com-previsao-de-temporais-entre-a-tarde-e-a-noite-nesta-sexta-feira-29\/","og_locale":"en_US","og_type":"article","og_title":"Dia fechado com previs\u00e3o de temporais entre a tarde e a noite nesta sexta-feira (29) -","og_description":"H\u00e1 condi\u00e7\u00f5es para novos temporais acompanhados por raios, rajadas de vento eventual queda de granizo e chuva pontualmente intensa","og_url":"https:\/\/sulsc.com\/index.php\/2024\/11\/29\/dia-fechado-com-previsao-de-temporais-entre-a-tarde-e-a-noite-nesta-sexta-feira-29\/","article_author":"https:\/\/www.facebook.com\/profile.php?id=61559278119680","article_published_time":"2024-11-29T10:58:51+00:00","og_image":[{"width":1500,"height":1000,"url":"http:\/\/sulsc.com\/wp-content\/uploads\/2024\/06\/tempo.jpg","type":"image\/jpeg"}],"author":"Reda\u00e7\u00e3o Sul SC","twitter_card":"summary_large_image","twitter_creator":"@https:\/\/twitter.com\/PortalSulSC","twitter_misc":{"Written by":"Reda\u00e7\u00e3o Sul SC","Est. reading time":"1 minute"},"schema":{"@context":"https:\/\/schema.org","@graph":[{"@type":"WebPage","@id":"https:\/\/sulsc.com\/index.php\/2024\/11\/29\/dia-fechado-com-previsao-de-temporais-entre-a-tarde-e-a-noite-nesta-sexta-feira-29\/","url":"https:\/\/sulsc.com\/index.php\/2024\/11\/29\/dia-fechado-com-previsao-de-temporais-entre-a-tarde-e-a-noite-nesta-sexta-feira-29\/","name":"Dia fechado com previs\u00e3o de temporais entre a tarde e a noite nesta sexta-feira (29) -","isPartOf":{"@id":"https:\/\/sulsc.com\/#website"},"datePublished":"2024-11-29T10:58:51+00:00","dateModified":"2024-11-29T10:58:51+00:00","author":{"@id":"https:\/\/sulsc.com\/#\/schema\/person\/84d2fc571684f6248ba83092f07750a3"},"description":"H\u00e1 condi\u00e7\u00f5es para novos temporais acompanhados por raios, rajadas de vento eventual queda de granizo e chuva pontualmente intensa","breadcrumb":{"@id":"https:\/\/sulsc.com\/index.php\/2024\/11\/29\/dia-fechado-com-previsao-de-temporais-entre-a-tarde-e-a-noite-nesta-sexta-feira-29\/#breadcrumb"},"inLanguage":"en-US","potentialAction":[{"@type":"ReadAction","target":["https:\/\/sulsc.com\/index.php\/2024\/11\/29\/dia-fechado-com-previsao-de-temporais-entre-a-tarde-e-a-noite-nesta-sexta-feira-29\/"]}]},{"@type":"BreadcrumbList","@id":"https:\/\/sulsc.com\/index.php\/2024\/11\/29\/dia-fechado-com-previsao-de-temporais-entre-a-tarde-e-a-noite-nesta-sexta-feira-29\/#breadcrumb","itemListElement":[{"@type":"ListItem","position":1,"name":"In\u00edcio","item":"https:\/\/sulsc.com\/"},{"@type":"ListItem","position":2,"name":"Dia fechado com previs\u00e3o de temporais entre a tarde e a noite nesta sexta-feira (29)"}]},{"@type":"WebSite","@id":"https:\/\/sulsc.com\/#website","url":"https:\/\/sulsc.com\/","name":"","description":"","potentialAction":[{"@type":"SearchAction","target":{"@type":"EntryPoint","urlTemplate":"https:\/\/sulsc.com\/?s={search_term_string}"},"query-input":"required name=search_term_string"}],"inLanguage":"en-US"},{"@type":"Person","@id":"https:\/\/sulsc.com\/#\/schema\/person\/84d2fc571684f6248ba83092f07750a3","name":"Reda\u00e7\u00e3o Sul SC","image":{"@type":"ImageObject","inLanguage":"en-US","@id":"https:\/\/sulsc.com\/#\/schema\/person\/image\/e08d7fe2cc4ed596372063bbe852b8d0","url":"https:\/\/sulsc.com\/wp-content\/uploads\/2023\/09\/redacao.png","contentUrl":"https:\/\/sulsc.com\/wp-content\/uploads\/2023\/09\/redacao.png","caption":"Reda\u00e7\u00e3o Sul SC"},"description":"Foco em um jornalismo imparcial, voltado \u00e0 qualidade dos seus conte\u00fados e, assim, levar informa\u00e7\u00e3o de valor que agregue \u00e0 vida dos leitores. Esta \u00e9 grande miss\u00e3o do Portal de Not\u00edcias Sul SC. N\u00e3o \u00e9 quantidade que muda o mundo, sempre foi e seguir\u00e1 sendo qualidade!","sameAs":["https:\/\/sulsc.com\/","https:\/\/www.facebook.com\/profile.php?id=61559278119680","https:\/\/www.instagram.com\/sulscportal\/?hl=pt-br","https:\/\/twitter.com\/https:\/\/twitter.com\/PortalSulSC","https:\/\/www.youtube.com\/channel\/UCv_BE8GeySluDov2n8qhVmw"],"url":"https:\/\/sulsc.com\/index.php\/author\/redacao\/"}]}},"authors":[],"_links":{"self":[{"href":"https:\/\/sulsc.com\/index.php\/wp-json\/wp\/v2\/posts\/17819"}],"collection":[{"href":"https:\/\/sulsc.com\/index.php\/wp-json\/wp\/v2\/posts"}],"about":[{"href":"https:\/\/sulsc.com\/index.php\/wp-json\/wp\/v2\/types\/post"}],"author":[{"embeddable":true,"href":"https:\/\/sulsc.com\/index.php\/wp-json\/wp\/v2\/users\/3"}],"replies":[{"embeddable":true,"href":"https:\/\/sulsc.com\/index.php\/wp-json\/wp\/v2\/comments?post=17819"}],"version-history":[{"count":1,"href":"https:\/\/sulsc.com\/index.php\/wp-json\/wp\/v2\/posts\/17819\/revisions"}],"predecessor-version":[{"id":17821,"href":"https:\/\/sulsc.com\/index.php\/wp-json\/wp\/v2\/posts\/17819\/revisions\/17821"}],"wp:featuredmedia":[{"embeddable":true,"href":"https:\/\/sulsc.com\/index.php\/wp-json\/wp\/v2\/media\/13306"}],"wp:attachment":[{"href":"https:\/\/sulsc.com\/index.php\/wp-json\/wp\/v2\/media?parent=17819"}],"wp:term":[{"taxonomy":"category","embeddable":true,"href":"https:\/\/sulsc.com\/index.php\/wp-json\/wp\/v2\/categories?post=17819"},{"taxonomy":"post_tag","embeddable":true,"href":"https:\/\/sulsc.com\/index.php\/wp-json\/wp\/v2\/tags?post=17819"}],"curies":[{"name":"wp","href":"https:\/\/api.w.org\/{rel}","templated":true}]}}