{"id":17891,"date":"2024-12-01T10:12:38","date_gmt":"2024-12-01T13:12:38","guid":{"rendered":"https:\/\/sulsc.com\/?p=17891"},"modified":"2024-12-01T10:12:38","modified_gmt":"2024-12-01T13:12:38","slug":"ima-divulga-relatorio-de-balneabilidade","status":"publish","type":"post","link":"https:\/\/sulsc.com\/index.php\/2024\/12\/01\/ima-divulga-relatorio-de-balneabilidade\/","title":{"rendered":"IMA divulga relat\u00f3rio de balneabilidade"},"content":{"rendered":"<p>O Instituto do Meio Ambiente de Santa Catarina (IMA), divulga o relat\u00f3rio de balneabilidade com as informa\u00e7\u00f5es referentes \u00e0 semana de 25 a 29 de novembro de 2024. De acordo com as amostras coletadas nos 238 pontos monitorados pelo Instituto no litoral catarinense, 178 est\u00e3o pr\u00f3prios para banho, o que representa 74,79%. Em Florian\u00f3polis, dos 87 pontos, 60 est\u00e3o adequados para banho, o que equivale a 68,97%.<\/p>\n<p>Todas as informa\u00e7\u00f5es, comparativos e considera\u00e7\u00f5es t\u00e9cnicas desta semana constam no relat\u00f3rio que pode ser conferido na \u00edntegra neste link<\/p>\n<p><a href=\"https:\/\/balneabilidade.ima.sc.gov.br\/relatorio\/downloadPDF\/2024-11-29\">https:\/\/balneabilidade.ima.sc.gov.br\/relatorio\/downloadPDF\/2024-11-29<\/a><\/p>\n<p>No site\u00a0<strong><u><a href=\"https:\/\/balneabilidade.ima.sc.gov.br\/\">https:\/\/balneabilidade.ima.sc.gov.br\/<\/a>\u00a0<\/u><\/strong>as informa\u00e7\u00f5es s\u00e3o atualizadas automaticamente e todo cidad\u00e3o pode acompanhar durante a semana os relat\u00f3rios emitidos, bem como, o resultado mais atualizado da propriedade de cada ponto, basta clicar nas bandeirinhas que aparecem no mapa ou conferir o menu \u2018hist\u00f3rico\u2019.<\/p>\n","protected":false},"excerpt":{"rendered":"<p>O Instituto do Meio Ambiente de Santa Catarina (IMA), divulga o relat\u00f3rio de balneabilidade com as informa\u00e7\u00f5es referentes \u00e0 semana de 25 a 29 de novembro de 2024. De acordo com as amostras coletadas nos 238 pontos monitorados pelo Instituto no litoral catarinense, 178 est\u00e3o pr\u00f3prios para banho, o que representa 74,79%. Em Florian\u00f3polis, dos &hellip;<\/p>\n<p class=\"read-more\"> <a class=\"\" href=\"https:\/\/sulsc.com\/index.php\/2024\/12\/01\/ima-divulga-relatorio-de-balneabilidade\/\"> <span class=\"screen-reader-text\">IMA divulga relat\u00f3rio de balneabilidade<\/span> Read More &raquo;<\/a><\/p>\n","protected":false},"author":3,"featured_media":17892,"comment_status":"open","ping_status":"open","sticky":false,"template":"","format":"standard","meta":{"site-sidebar-layout":"default","site-content-layout":"","ast-site-content-layout":"default","site-content-style":"default","site-sidebar-style":"default","ast-global-header-display":"","ast-banner-title-visibility":"","ast-main-header-display":"","ast-hfb-above-header-display":"","ast-hfb-below-header-display":"","ast-hfb-mobile-header-display":"","site-post-title":"","ast-breadcrumbs-content":"","ast-featured-img":"","footer-sml-layout":"","theme-transparent-header-meta":"default","adv-header-id-meta":"","stick-header-meta":"","header-above-stick-meta":"","header-main-stick-meta":"","header-below-stick-meta":"","astra-migrate-meta-layouts":"set","footnotes":""},"categories":[1],"tags":[],"yoast_head":"<!-- This site is optimized with the Yoast SEO plugin v21.4 - https:\/\/yoast.com\/wordpress\/plugins\/seo\/ -->\n<title>IMA divulga relat\u00f3rio de balneabilidade -<\/title>\n<meta name=\"robots\" content=\"index, follow, max-snippet:-1, max-image-preview:large, max-video-preview:-1\" \/>\n<link rel=\"canonical\" href=\"https:\/\/sulsc.com\/index.php\/2024\/12\/01\/ima-divulga-relatorio-de-balneabilidade\/\" \/>\n<meta property=\"og:locale\" content=\"en_US\" \/>\n<meta property=\"og:type\" content=\"article\" \/>\n<meta property=\"og:title\" content=\"IMA divulga relat\u00f3rio de balneabilidade -\" \/>\n<meta property=\"og:description\" content=\"O Instituto do Meio Ambiente de Santa Catarina (IMA), divulga o relat\u00f3rio de balneabilidade com as informa\u00e7\u00f5es referentes \u00e0 semana de 25 a 29 de novembro de 2024. De acordo com as amostras coletadas nos 238 pontos monitorados pelo Instituto no litoral catarinense, 178 est\u00e3o pr\u00f3prios para banho, o que representa 74,79%. Em Florian\u00f3polis, dos &hellip; IMA divulga relat\u00f3rio de balneabilidade Read More &raquo;\" \/>\n<meta property=\"og:url\" content=\"https:\/\/sulsc.com\/index.php\/2024\/12\/01\/ima-divulga-relatorio-de-balneabilidade\/\" \/>\n<meta property=\"article:author\" content=\"https:\/\/www.facebook.com\/profile.php?id=61559278119680\" \/>\n<meta property=\"article:published_time\" content=\"2024-12-01T13:12:38+00:00\" \/>\n<meta property=\"og:image\" content=\"http:\/\/sulsc.com\/wp-content\/uploads\/2024\/12\/Ascom_IMA.jpeg\" \/>\n\t<meta property=\"og:image:width\" content=\"1600\" \/>\n\t<meta property=\"og:image:height\" content=\"1200\" \/>\n\t<meta property=\"og:image:type\" content=\"image\/jpeg\" \/>\n<meta name=\"author\" content=\"Reda\u00e7\u00e3o Sul SC\" \/>\n<meta name=\"twitter:card\" content=\"summary_large_image\" \/>\n<meta name=\"twitter:creator\" content=\"@https:\/\/twitter.com\/PortalSulSC\" \/>\n<meta name=\"twitter:label1\" content=\"Written by\" \/>\n\t<meta name=\"twitter:data1\" content=\"Reda\u00e7\u00e3o Sul SC\" \/>\n\t<meta name=\"twitter:label2\" content=\"Est. reading time\" \/>\n\t<meta name=\"twitter:data2\" content=\"1 minute\" \/>\n<script type=\"application\/ld+json\" class=\"yoast-schema-graph\">{\"@context\":\"https:\/\/schema.org\",\"@graph\":[{\"@type\":\"WebPage\",\"@id\":\"https:\/\/sulsc.com\/index.php\/2024\/12\/01\/ima-divulga-relatorio-de-balneabilidade\/\",\"url\":\"https:\/\/sulsc.com\/index.php\/2024\/12\/01\/ima-divulga-relatorio-de-balneabilidade\/\",\"name\":\"IMA divulga relat\u00f3rio de balneabilidade -\",\"isPartOf\":{\"@id\":\"https:\/\/sulsc.com\/#website\"},\"datePublished\":\"2024-12-01T13:12:38+00:00\",\"dateModified\":\"2024-12-01T13:12:38+00:00\",\"author\":{\"@id\":\"https:\/\/sulsc.com\/#\/schema\/person\/84d2fc571684f6248ba83092f07750a3\"},\"breadcrumb\":{\"@id\":\"https:\/\/sulsc.com\/index.php\/2024\/12\/01\/ima-divulga-relatorio-de-balneabilidade\/#breadcrumb\"},\"inLanguage\":\"en-US\",\"potentialAction\":[{\"@type\":\"ReadAction\",\"target\":[\"https:\/\/sulsc.com\/index.php\/2024\/12\/01\/ima-divulga-relatorio-de-balneabilidade\/\"]}]},{\"@type\":\"BreadcrumbList\",\"@id\":\"https:\/\/sulsc.com\/index.php\/2024\/12\/01\/ima-divulga-relatorio-de-balneabilidade\/#breadcrumb\",\"itemListElement\":[{\"@type\":\"ListItem\",\"position\":1,\"name\":\"In\u00edcio\",\"item\":\"https:\/\/sulsc.com\/\"},{\"@type\":\"ListItem\",\"position\":2,\"name\":\"IMA divulga relat\u00f3rio de balneabilidade\"}]},{\"@type\":\"WebSite\",\"@id\":\"https:\/\/sulsc.com\/#website\",\"url\":\"https:\/\/sulsc.com\/\",\"name\":\"\",\"description\":\"\",\"potentialAction\":[{\"@type\":\"SearchAction\",\"target\":{\"@type\":\"EntryPoint\",\"urlTemplate\":\"https:\/\/sulsc.com\/?s={search_term_string}\"},\"query-input\":\"required name=search_term_string\"}],\"inLanguage\":\"en-US\"},{\"@type\":\"Person\",\"@id\":\"https:\/\/sulsc.com\/#\/schema\/person\/84d2fc571684f6248ba83092f07750a3\",\"name\":\"Reda\u00e7\u00e3o Sul SC\",\"image\":{\"@type\":\"ImageObject\",\"inLanguage\":\"en-US\",\"@id\":\"https:\/\/sulsc.com\/#\/schema\/person\/image\/e08d7fe2cc4ed596372063bbe852b8d0\",\"url\":\"https:\/\/sulsc.com\/wp-content\/uploads\/2023\/09\/redacao.png\",\"contentUrl\":\"https:\/\/sulsc.com\/wp-content\/uploads\/2023\/09\/redacao.png\",\"caption\":\"Reda\u00e7\u00e3o Sul SC\"},\"description\":\"Foco em um jornalismo imparcial, voltado \u00e0 qualidade dos seus conte\u00fados e, assim, levar informa\u00e7\u00e3o de valor que agregue \u00e0 vida dos leitores. Esta \u00e9 grande miss\u00e3o do Portal de Not\u00edcias Sul SC. N\u00e3o \u00e9 quantidade que muda o mundo, sempre foi e seguir\u00e1 sendo qualidade!\",\"sameAs\":[\"https:\/\/sulsc.com\/\",\"https:\/\/www.facebook.com\/profile.php?id=61559278119680\",\"https:\/\/www.instagram.com\/sulscportal\/?hl=pt-br\",\"https:\/\/twitter.com\/https:\/\/twitter.com\/PortalSulSC\",\"https:\/\/www.youtube.com\/channel\/UCv_BE8GeySluDov2n8qhVmw\"],\"url\":\"https:\/\/sulsc.com\/index.php\/author\/redacao\/\"}]}<\/script>\n<!-- \/ Yoast SEO plugin. -->","yoast_head_json":{"title":"IMA divulga relat\u00f3rio de balneabilidade -","robots":{"index":"index","follow":"follow","max-snippet":"max-snippet:-1","max-image-preview":"max-image-preview:large","max-video-preview":"max-video-preview:-1"},"canonical":"https:\/\/sulsc.com\/index.php\/2024\/12\/01\/ima-divulga-relatorio-de-balneabilidade\/","og_locale":"en_US","og_type":"article","og_title":"IMA divulga relat\u00f3rio de balneabilidade -","og_description":"O Instituto do Meio Ambiente de Santa Catarina (IMA), divulga o relat\u00f3rio de balneabilidade com as informa\u00e7\u00f5es referentes \u00e0 semana de 25 a 29 de novembro de 2024. De acordo com as amostras coletadas nos 238 pontos monitorados pelo Instituto no litoral catarinense, 178 est\u00e3o pr\u00f3prios para banho, o que representa 74,79%. Em Florian\u00f3polis, dos &hellip; IMA divulga relat\u00f3rio de balneabilidade Read More &raquo;","og_url":"https:\/\/sulsc.com\/index.php\/2024\/12\/01\/ima-divulga-relatorio-de-balneabilidade\/","article_author":"https:\/\/www.facebook.com\/profile.php?id=61559278119680","article_published_time":"2024-12-01T13:12:38+00:00","og_image":[{"width":1600,"height":1200,"url":"http:\/\/sulsc.com\/wp-content\/uploads\/2024\/12\/Ascom_IMA.jpeg","type":"image\/jpeg"}],"author":"Reda\u00e7\u00e3o Sul SC","twitter_card":"summary_large_image","twitter_creator":"@https:\/\/twitter.com\/PortalSulSC","twitter_misc":{"Written by":"Reda\u00e7\u00e3o Sul SC","Est. reading time":"1 minute"},"schema":{"@context":"https:\/\/schema.org","@graph":[{"@type":"WebPage","@id":"https:\/\/sulsc.com\/index.php\/2024\/12\/01\/ima-divulga-relatorio-de-balneabilidade\/","url":"https:\/\/sulsc.com\/index.php\/2024\/12\/01\/ima-divulga-relatorio-de-balneabilidade\/","name":"IMA divulga relat\u00f3rio de balneabilidade -","isPartOf":{"@id":"https:\/\/sulsc.com\/#website"},"datePublished":"2024-12-01T13:12:38+00:00","dateModified":"2024-12-01T13:12:38+00:00","author":{"@id":"https:\/\/sulsc.com\/#\/schema\/person\/84d2fc571684f6248ba83092f07750a3"},"breadcrumb":{"@id":"https:\/\/sulsc.com\/index.php\/2024\/12\/01\/ima-divulga-relatorio-de-balneabilidade\/#breadcrumb"},"inLanguage":"en-US","potentialAction":[{"@type":"ReadAction","target":["https:\/\/sulsc.com\/index.php\/2024\/12\/01\/ima-divulga-relatorio-de-balneabilidade\/"]}]},{"@type":"BreadcrumbList","@id":"https:\/\/sulsc.com\/index.php\/2024\/12\/01\/ima-divulga-relatorio-de-balneabilidade\/#breadcrumb","itemListElement":[{"@type":"ListItem","position":1,"name":"In\u00edcio","item":"https:\/\/sulsc.com\/"},{"@type":"ListItem","position":2,"name":"IMA divulga relat\u00f3rio de balneabilidade"}]},{"@type":"WebSite","@id":"https:\/\/sulsc.com\/#website","url":"https:\/\/sulsc.com\/","name":"","description":"","potentialAction":[{"@type":"SearchAction","target":{"@type":"EntryPoint","urlTemplate":"https:\/\/sulsc.com\/?s={search_term_string}"},"query-input":"required name=search_term_string"}],"inLanguage":"en-US"},{"@type":"Person","@id":"https:\/\/sulsc.com\/#\/schema\/person\/84d2fc571684f6248ba83092f07750a3","name":"Reda\u00e7\u00e3o Sul SC","image":{"@type":"ImageObject","inLanguage":"en-US","@id":"https:\/\/sulsc.com\/#\/schema\/person\/image\/e08d7fe2cc4ed596372063bbe852b8d0","url":"https:\/\/sulsc.com\/wp-content\/uploads\/2023\/09\/redacao.png","contentUrl":"https:\/\/sulsc.com\/wp-content\/uploads\/2023\/09\/redacao.png","caption":"Reda\u00e7\u00e3o Sul SC"},"description":"Foco em um jornalismo imparcial, voltado \u00e0 qualidade dos seus conte\u00fados e, assim, levar informa\u00e7\u00e3o de valor que agregue \u00e0 vida dos leitores. Esta \u00e9 grande miss\u00e3o do Portal de Not\u00edcias Sul SC. N\u00e3o \u00e9 quantidade que muda o mundo, sempre foi e seguir\u00e1 sendo qualidade!","sameAs":["https:\/\/sulsc.com\/","https:\/\/www.facebook.com\/profile.php?id=61559278119680","https:\/\/www.instagram.com\/sulscportal\/?hl=pt-br","https:\/\/twitter.com\/https:\/\/twitter.com\/PortalSulSC","https:\/\/www.youtube.com\/channel\/UCv_BE8GeySluDov2n8qhVmw"],"url":"https:\/\/sulsc.com\/index.php\/author\/redacao\/"}]}},"authors":[],"_links":{"self":[{"href":"https:\/\/sulsc.com\/index.php\/wp-json\/wp\/v2\/posts\/17891"}],"collection":[{"href":"https:\/\/sulsc.com\/index.php\/wp-json\/wp\/v2\/posts"}],"about":[{"href":"https:\/\/sulsc.com\/index.php\/wp-json\/wp\/v2\/types\/post"}],"author":[{"embeddable":true,"href":"https:\/\/sulsc.com\/index.php\/wp-json\/wp\/v2\/users\/3"}],"replies":[{"embeddable":true,"href":"https:\/\/sulsc.com\/index.php\/wp-json\/wp\/v2\/comments?post=17891"}],"version-history":[{"count":1,"href":"https:\/\/sulsc.com\/index.php\/wp-json\/wp\/v2\/posts\/17891\/revisions"}],"predecessor-version":[{"id":17893,"href":"https:\/\/sulsc.com\/index.php\/wp-json\/wp\/v2\/posts\/17891\/revisions\/17893"}],"wp:featuredmedia":[{"embeddable":true,"href":"https:\/\/sulsc.com\/index.php\/wp-json\/wp\/v2\/media\/17892"}],"wp:attachment":[{"href":"https:\/\/sulsc.com\/index.php\/wp-json\/wp\/v2\/media?parent=17891"}],"wp:term":[{"taxonomy":"category","embeddable":true,"href":"https:\/\/sulsc.com\/index.php\/wp-json\/wp\/v2\/categories?post=17891"},{"taxonomy":"post_tag","embeddable":true,"href":"https:\/\/sulsc.com\/index.php\/wp-json\/wp\/v2\/tags?post=17891"}],"curies":[{"name":"wp","href":"https:\/\/api.w.org\/{rel}","templated":true}]}}