{"id":17921,"date":"2024-12-01T13:51:14","date_gmt":"2024-12-01T16:51:14","guid":{"rendered":"https:\/\/sulsc.com\/?p=17921"},"modified":"2024-12-01T13:51:14","modified_gmt":"2024-12-01T16:51:14","slug":"temporais-devem-atingir-o-estado-entre-domingo-1o-e-segunda-feira-02","status":"publish","type":"post","link":"https:\/\/sulsc.com\/index.php\/2024\/12\/01\/temporais-devem-atingir-o-estado-entre-domingo-1o-e-segunda-feira-02\/","title":{"rendered":"Temporais devem atingir o estado entre domingo (1\u00ba) e segunda-feira (02)"},"content":{"rendered":"<p data-sourcepos=\"3:1-3:347\">A Defesa Civil de Santa Catarina emitiu um alerta para a possibilidade de temporais severos em todo o estado entre este domingo (1) e segunda-feira (2). A passagem de uma frente fria deve provocar instabilidades atmosf\u00e9ricas, com risco de chuvas intensas, ventos fortes, raios e at\u00e9 queda de granizo em algumas regi\u00f5es.<\/p>\n<p data-sourcepos=\"5:1-5:241\">De acordo com o \u00f3rg\u00e3o, as \u00e1reas em laranja no mapa de alerta est\u00e3o sob risco alto para ocorr\u00eancias como destelhamentos, queda de \u00e1rvores e galhos, alagamentos e enxurradas. J\u00e1 as \u00e1reas em amarelo apresentam risco moderado para esses eventos.<\/p>\n<p data-sourcepos=\"5:1-5:241\"><img fetchpriority=\"high\" decoding=\"async\" class=\"aligncenter  wp-image-17922\" src=\"http:\/\/sulsc.com\/wp-content\/uploads\/2024\/12\/Design-sem-nome-19.webp\" alt=\"\" width=\"587\" height=\"346\" srcset=\"https:\/\/sulsc.com\/wp-content\/uploads\/2024\/12\/Design-sem-nome-19.webp 950w, https:\/\/sulsc.com\/wp-content\/uploads\/2024\/12\/Design-sem-nome-19-300x177.webp 300w, https:\/\/sulsc.com\/wp-content\/uploads\/2024\/12\/Design-sem-nome-19-768x453.webp 768w\" sizes=\"(max-width: 587px) 100vw, 587px\" \/><\/p>\n","protected":false},"excerpt":{"rendered":"<p>A Defesa Civil de Santa Catarina emitiu um alerta para a possibilidade de temporais severos em todo o estado entre este domingo (1) e segunda-feira (2). A passagem de uma frente fria deve provocar instabilidades atmosf\u00e9ricas, com risco de chuvas intensas, ventos fortes, raios e at\u00e9 queda de granizo em algumas regi\u00f5es. De acordo com &hellip;<\/p>\n<p class=\"read-more\"> <a class=\"\" href=\"https:\/\/sulsc.com\/index.php\/2024\/12\/01\/temporais-devem-atingir-o-estado-entre-domingo-1o-e-segunda-feira-02\/\"> <span class=\"screen-reader-text\">Temporais devem atingir o estado entre domingo (1\u00ba) e segunda-feira (02)<\/span> Read More &raquo;<\/a><\/p>\n","protected":false},"author":3,"featured_media":17922,"comment_status":"open","ping_status":"open","sticky":false,"template":"","format":"standard","meta":{"site-sidebar-layout":"default","site-content-layout":"","ast-site-content-layout":"default","site-content-style":"default","site-sidebar-style":"default","ast-global-header-display":"","ast-banner-title-visibility":"","ast-main-header-display":"","ast-hfb-above-header-display":"","ast-hfb-below-header-display":"","ast-hfb-mobile-header-display":"","site-post-title":"","ast-breadcrumbs-content":"","ast-featured-img":"","footer-sml-layout":"","theme-transparent-header-meta":"default","adv-header-id-meta":"","stick-header-meta":"","header-above-stick-meta":"","header-main-stick-meta":"","header-below-stick-meta":"","astra-migrate-meta-layouts":"set","footnotes":""},"categories":[38],"tags":[],"yoast_head":"<!-- This site is optimized with the Yoast SEO plugin v21.4 - https:\/\/yoast.com\/wordpress\/plugins\/seo\/ -->\n<title>Temporais devem atingir o estado entre domingo (1\u00ba) e segunda-feira (02) -<\/title>\n<meta name=\"robots\" content=\"index, follow, max-snippet:-1, max-image-preview:large, max-video-preview:-1\" \/>\n<link rel=\"canonical\" href=\"https:\/\/sulsc.com\/index.php\/2024\/12\/01\/temporais-devem-atingir-o-estado-entre-domingo-1o-e-segunda-feira-02\/\" \/>\n<meta property=\"og:locale\" content=\"en_US\" \/>\n<meta property=\"og:type\" content=\"article\" \/>\n<meta property=\"og:title\" content=\"Temporais devem atingir o estado entre domingo (1\u00ba) e segunda-feira (02) -\" \/>\n<meta property=\"og:description\" content=\"A Defesa Civil de Santa Catarina emitiu um alerta para a possibilidade de temporais severos em todo o estado entre este domingo (1) e segunda-feira (2). A passagem de uma frente fria deve provocar instabilidades atmosf\u00e9ricas, com risco de chuvas intensas, ventos fortes, raios e at\u00e9 queda de granizo em algumas regi\u00f5es. De acordo com &hellip; Temporais devem atingir o estado entre domingo (1\u00ba) e segunda-feira (02) Read More &raquo;\" \/>\n<meta property=\"og:url\" content=\"https:\/\/sulsc.com\/index.php\/2024\/12\/01\/temporais-devem-atingir-o-estado-entre-domingo-1o-e-segunda-feira-02\/\" \/>\n<meta property=\"article:author\" content=\"https:\/\/www.facebook.com\/profile.php?id=61559278119680\" \/>\n<meta property=\"article:published_time\" content=\"2024-12-01T16:51:14+00:00\" \/>\n<meta property=\"og:image\" content=\"http:\/\/sulsc.com\/wp-content\/uploads\/2024\/12\/Design-sem-nome-19.webp\" \/>\n\t<meta property=\"og:image:width\" content=\"950\" \/>\n\t<meta property=\"og:image:height\" content=\"560\" \/>\n\t<meta property=\"og:image:type\" content=\"image\/webp\" \/>\n<meta name=\"author\" content=\"Reda\u00e7\u00e3o Sul SC\" \/>\n<meta name=\"twitter:card\" content=\"summary_large_image\" \/>\n<meta name=\"twitter:creator\" content=\"@https:\/\/twitter.com\/PortalSulSC\" \/>\n<meta name=\"twitter:label1\" content=\"Written by\" \/>\n\t<meta name=\"twitter:data1\" content=\"Reda\u00e7\u00e3o Sul SC\" \/>\n\t<meta name=\"twitter:label2\" content=\"Est. reading time\" \/>\n\t<meta name=\"twitter:data2\" content=\"1 minute\" \/>\n<script type=\"application\/ld+json\" class=\"yoast-schema-graph\">{\"@context\":\"https:\/\/schema.org\",\"@graph\":[{\"@type\":\"WebPage\",\"@id\":\"https:\/\/sulsc.com\/index.php\/2024\/12\/01\/temporais-devem-atingir-o-estado-entre-domingo-1o-e-segunda-feira-02\/\",\"url\":\"https:\/\/sulsc.com\/index.php\/2024\/12\/01\/temporais-devem-atingir-o-estado-entre-domingo-1o-e-segunda-feira-02\/\",\"name\":\"Temporais devem atingir o estado entre domingo (1\u00ba) e segunda-feira (02) -\",\"isPartOf\":{\"@id\":\"https:\/\/sulsc.com\/#website\"},\"datePublished\":\"2024-12-01T16:51:14+00:00\",\"dateModified\":\"2024-12-01T16:51:14+00:00\",\"author\":{\"@id\":\"https:\/\/sulsc.com\/#\/schema\/person\/84d2fc571684f6248ba83092f07750a3\"},\"breadcrumb\":{\"@id\":\"https:\/\/sulsc.com\/index.php\/2024\/12\/01\/temporais-devem-atingir-o-estado-entre-domingo-1o-e-segunda-feira-02\/#breadcrumb\"},\"inLanguage\":\"en-US\",\"potentialAction\":[{\"@type\":\"ReadAction\",\"target\":[\"https:\/\/sulsc.com\/index.php\/2024\/12\/01\/temporais-devem-atingir-o-estado-entre-domingo-1o-e-segunda-feira-02\/\"]}]},{\"@type\":\"BreadcrumbList\",\"@id\":\"https:\/\/sulsc.com\/index.php\/2024\/12\/01\/temporais-devem-atingir-o-estado-entre-domingo-1o-e-segunda-feira-02\/#breadcrumb\",\"itemListElement\":[{\"@type\":\"ListItem\",\"position\":1,\"name\":\"In\u00edcio\",\"item\":\"https:\/\/sulsc.com\/\"},{\"@type\":\"ListItem\",\"position\":2,\"name\":\"Temporais devem atingir o estado entre domingo (1\u00ba) e segunda-feira (02)\"}]},{\"@type\":\"WebSite\",\"@id\":\"https:\/\/sulsc.com\/#website\",\"url\":\"https:\/\/sulsc.com\/\",\"name\":\"\",\"description\":\"\",\"potentialAction\":[{\"@type\":\"SearchAction\",\"target\":{\"@type\":\"EntryPoint\",\"urlTemplate\":\"https:\/\/sulsc.com\/?s={search_term_string}\"},\"query-input\":\"required name=search_term_string\"}],\"inLanguage\":\"en-US\"},{\"@type\":\"Person\",\"@id\":\"https:\/\/sulsc.com\/#\/schema\/person\/84d2fc571684f6248ba83092f07750a3\",\"name\":\"Reda\u00e7\u00e3o Sul SC\",\"image\":{\"@type\":\"ImageObject\",\"inLanguage\":\"en-US\",\"@id\":\"https:\/\/sulsc.com\/#\/schema\/person\/image\/e08d7fe2cc4ed596372063bbe852b8d0\",\"url\":\"https:\/\/sulsc.com\/wp-content\/uploads\/2023\/09\/redacao.png\",\"contentUrl\":\"https:\/\/sulsc.com\/wp-content\/uploads\/2023\/09\/redacao.png\",\"caption\":\"Reda\u00e7\u00e3o Sul SC\"},\"description\":\"Foco em um jornalismo imparcial, voltado \u00e0 qualidade dos seus conte\u00fados e, assim, levar informa\u00e7\u00e3o de valor que agregue \u00e0 vida dos leitores. Esta \u00e9 grande miss\u00e3o do Portal de Not\u00edcias Sul SC. N\u00e3o \u00e9 quantidade que muda o mundo, sempre foi e seguir\u00e1 sendo qualidade!\",\"sameAs\":[\"https:\/\/sulsc.com\/\",\"https:\/\/www.facebook.com\/profile.php?id=61559278119680\",\"https:\/\/www.instagram.com\/sulscportal\/?hl=pt-br\",\"https:\/\/twitter.com\/https:\/\/twitter.com\/PortalSulSC\",\"https:\/\/www.youtube.com\/channel\/UCv_BE8GeySluDov2n8qhVmw\"],\"url\":\"https:\/\/sulsc.com\/index.php\/author\/redacao\/\"}]}<\/script>\n<!-- \/ Yoast SEO plugin. -->","yoast_head_json":{"title":"Temporais devem atingir o estado entre domingo (1\u00ba) e segunda-feira (02) -","robots":{"index":"index","follow":"follow","max-snippet":"max-snippet:-1","max-image-preview":"max-image-preview:large","max-video-preview":"max-video-preview:-1"},"canonical":"https:\/\/sulsc.com\/index.php\/2024\/12\/01\/temporais-devem-atingir-o-estado-entre-domingo-1o-e-segunda-feira-02\/","og_locale":"en_US","og_type":"article","og_title":"Temporais devem atingir o estado entre domingo (1\u00ba) e segunda-feira (02) -","og_description":"A Defesa Civil de Santa Catarina emitiu um alerta para a possibilidade de temporais severos em todo o estado entre este domingo (1) e segunda-feira (2). A passagem de uma frente fria deve provocar instabilidades atmosf\u00e9ricas, com risco de chuvas intensas, ventos fortes, raios e at\u00e9 queda de granizo em algumas regi\u00f5es. De acordo com &hellip; Temporais devem atingir o estado entre domingo (1\u00ba) e segunda-feira (02) Read More &raquo;","og_url":"https:\/\/sulsc.com\/index.php\/2024\/12\/01\/temporais-devem-atingir-o-estado-entre-domingo-1o-e-segunda-feira-02\/","article_author":"https:\/\/www.facebook.com\/profile.php?id=61559278119680","article_published_time":"2024-12-01T16:51:14+00:00","og_image":[{"width":950,"height":560,"url":"http:\/\/sulsc.com\/wp-content\/uploads\/2024\/12\/Design-sem-nome-19.webp","type":"image\/webp"}],"author":"Reda\u00e7\u00e3o Sul SC","twitter_card":"summary_large_image","twitter_creator":"@https:\/\/twitter.com\/PortalSulSC","twitter_misc":{"Written by":"Reda\u00e7\u00e3o Sul SC","Est. reading time":"1 minute"},"schema":{"@context":"https:\/\/schema.org","@graph":[{"@type":"WebPage","@id":"https:\/\/sulsc.com\/index.php\/2024\/12\/01\/temporais-devem-atingir-o-estado-entre-domingo-1o-e-segunda-feira-02\/","url":"https:\/\/sulsc.com\/index.php\/2024\/12\/01\/temporais-devem-atingir-o-estado-entre-domingo-1o-e-segunda-feira-02\/","name":"Temporais devem atingir o estado entre domingo (1\u00ba) e segunda-feira (02) -","isPartOf":{"@id":"https:\/\/sulsc.com\/#website"},"datePublished":"2024-12-01T16:51:14+00:00","dateModified":"2024-12-01T16:51:14+00:00","author":{"@id":"https:\/\/sulsc.com\/#\/schema\/person\/84d2fc571684f6248ba83092f07750a3"},"breadcrumb":{"@id":"https:\/\/sulsc.com\/index.php\/2024\/12\/01\/temporais-devem-atingir-o-estado-entre-domingo-1o-e-segunda-feira-02\/#breadcrumb"},"inLanguage":"en-US","potentialAction":[{"@type":"ReadAction","target":["https:\/\/sulsc.com\/index.php\/2024\/12\/01\/temporais-devem-atingir-o-estado-entre-domingo-1o-e-segunda-feira-02\/"]}]},{"@type":"BreadcrumbList","@id":"https:\/\/sulsc.com\/index.php\/2024\/12\/01\/temporais-devem-atingir-o-estado-entre-domingo-1o-e-segunda-feira-02\/#breadcrumb","itemListElement":[{"@type":"ListItem","position":1,"name":"In\u00edcio","item":"https:\/\/sulsc.com\/"},{"@type":"ListItem","position":2,"name":"Temporais devem atingir o estado entre domingo (1\u00ba) e segunda-feira (02)"}]},{"@type":"WebSite","@id":"https:\/\/sulsc.com\/#website","url":"https:\/\/sulsc.com\/","name":"","description":"","potentialAction":[{"@type":"SearchAction","target":{"@type":"EntryPoint","urlTemplate":"https:\/\/sulsc.com\/?s={search_term_string}"},"query-input":"required name=search_term_string"}],"inLanguage":"en-US"},{"@type":"Person","@id":"https:\/\/sulsc.com\/#\/schema\/person\/84d2fc571684f6248ba83092f07750a3","name":"Reda\u00e7\u00e3o Sul SC","image":{"@type":"ImageObject","inLanguage":"en-US","@id":"https:\/\/sulsc.com\/#\/schema\/person\/image\/e08d7fe2cc4ed596372063bbe852b8d0","url":"https:\/\/sulsc.com\/wp-content\/uploads\/2023\/09\/redacao.png","contentUrl":"https:\/\/sulsc.com\/wp-content\/uploads\/2023\/09\/redacao.png","caption":"Reda\u00e7\u00e3o Sul SC"},"description":"Foco em um jornalismo imparcial, voltado \u00e0 qualidade dos seus conte\u00fados e, assim, levar informa\u00e7\u00e3o de valor que agregue \u00e0 vida dos leitores. Esta \u00e9 grande miss\u00e3o do Portal de Not\u00edcias Sul SC. N\u00e3o \u00e9 quantidade que muda o mundo, sempre foi e seguir\u00e1 sendo qualidade!","sameAs":["https:\/\/sulsc.com\/","https:\/\/www.facebook.com\/profile.php?id=61559278119680","https:\/\/www.instagram.com\/sulscportal\/?hl=pt-br","https:\/\/twitter.com\/https:\/\/twitter.com\/PortalSulSC","https:\/\/www.youtube.com\/channel\/UCv_BE8GeySluDov2n8qhVmw"],"url":"https:\/\/sulsc.com\/index.php\/author\/redacao\/"}]}},"authors":[],"_links":{"self":[{"href":"https:\/\/sulsc.com\/index.php\/wp-json\/wp\/v2\/posts\/17921"}],"collection":[{"href":"https:\/\/sulsc.com\/index.php\/wp-json\/wp\/v2\/posts"}],"about":[{"href":"https:\/\/sulsc.com\/index.php\/wp-json\/wp\/v2\/types\/post"}],"author":[{"embeddable":true,"href":"https:\/\/sulsc.com\/index.php\/wp-json\/wp\/v2\/users\/3"}],"replies":[{"embeddable":true,"href":"https:\/\/sulsc.com\/index.php\/wp-json\/wp\/v2\/comments?post=17921"}],"version-history":[{"count":1,"href":"https:\/\/sulsc.com\/index.php\/wp-json\/wp\/v2\/posts\/17921\/revisions"}],"predecessor-version":[{"id":17923,"href":"https:\/\/sulsc.com\/index.php\/wp-json\/wp\/v2\/posts\/17921\/revisions\/17923"}],"wp:featuredmedia":[{"embeddable":true,"href":"https:\/\/sulsc.com\/index.php\/wp-json\/wp\/v2\/media\/17922"}],"wp:attachment":[{"href":"https:\/\/sulsc.com\/index.php\/wp-json\/wp\/v2\/media?parent=17921"}],"wp:term":[{"taxonomy":"category","embeddable":true,"href":"https:\/\/sulsc.com\/index.php\/wp-json\/wp\/v2\/categories?post=17921"},{"taxonomy":"post_tag","embeddable":true,"href":"https:\/\/sulsc.com\/index.php\/wp-json\/wp\/v2\/tags?post=17921"}],"curies":[{"name":"wp","href":"https:\/\/api.w.org\/{rel}","templated":true}]}}