{"id":17924,"date":"2024-12-02T08:14:00","date_gmt":"2024-12-02T11:14:00","guid":{"rendered":"https:\/\/sulsc.com\/?p=17924"},"modified":"2024-12-02T08:14:00","modified_gmt":"2024-12-02T11:14:00","slug":"dia-chuvoso-e-predominio-de-temporais-na-regiao-sul-nesta-segunda-feira-02","status":"publish","type":"post","link":"https:\/\/sulsc.com\/index.php\/2024\/12\/02\/dia-chuvoso-e-predominio-de-temporais-na-regiao-sul-nesta-segunda-feira-02\/","title":{"rendered":"Dia chuvoso e predom\u00ednio de temporais na regi\u00e3o sul nesta segunda-feira (02)"},"content":{"rendered":"<p>Segunda-feira (02) de tempo inst\u00e1vel e com chuva em toda SC. O dia come\u00e7a ainda com chuva intensa e temporais entre o centro do estado e as \u00e1reas de divisa com o RS, condi\u00e7\u00e3o que se estende para o norte catarinense no decorrer da manh\u00e3. Associados aos temporais h\u00e1 condi\u00e7\u00f5es para chuva forte, raios, rajadas intensas de vento e granizo. O risco \u00e9 moderado a alto para ocorr\u00eancias relacionadas aos temporais, como alagamentos e enxurradas, destelhamentos, queda de galhos e \u00e1rvores e interrup\u00e7\u00e3o de energia el\u00e9trica.<\/p>\n<p><img fetchpriority=\"high\" decoding=\"async\" class=\"aligncenter size-full wp-image-17925\" src=\"http:\/\/sulsc.com\/wp-content\/uploads\/2024\/12\/2.png\" alt=\"\" width=\"1024\" height=\"703\" srcset=\"https:\/\/sulsc.com\/wp-content\/uploads\/2024\/12\/2.png 1024w, https:\/\/sulsc.com\/wp-content\/uploads\/2024\/12\/2-300x206.png 300w, https:\/\/sulsc.com\/wp-content\/uploads\/2024\/12\/2-768x527.png 768w\" sizes=\"(max-width: 1024px) 100vw, 1024px\" \/><\/p>\n<p><img decoding=\"async\" class=\"aligncenter  wp-image-17436\" src=\"http:\/\/sulsc.com\/wp-content\/uploads\/2024\/11\/Tempo-2.png\" alt=\"\" width=\"702\" height=\"130\" srcset=\"https:\/\/sulsc.com\/wp-content\/uploads\/2024\/11\/Tempo-2.png 1024w, https:\/\/sulsc.com\/wp-content\/uploads\/2024\/11\/Tempo-2-300x55.png 300w, https:\/\/sulsc.com\/wp-content\/uploads\/2024\/11\/Tempo-2-768x142.png 768w\" sizes=\"(max-width: 702px) 100vw, 702px\" \/><\/p>\n<p style=\"text-align: center;\">Imagens demonstrativas\/Defesa Civil de SC<\/p>\n<p>No final do dia a instabilidade e a chuva diminuem, do Extremo Oeste ao Litoral Sul. Vento de nordeste a noroeste, virando para sul no decorrer do dia, ambos fracos a moderados e com rajadas fortes na virada, principalmente no Litoral. O mar fica agitado na manh\u00e3, com ondas de nordeste\/leste entre 1,5 e 2,0m que diminuem a partir da tarde.<\/p>\n<p>Fonte: Defesa Civil SC\/Meteorologista: Francine Sacco<\/p>\n","protected":false},"excerpt":{"rendered":"<p>Segunda-feira (02) de tempo inst\u00e1vel e com chuva em toda SC. O dia come\u00e7a ainda com chuva intensa e temporais entre o centro do estado e as \u00e1reas de divisa com o RS, condi\u00e7\u00e3o que se estende para o norte catarinense no decorrer da manh\u00e3. Associados aos temporais h\u00e1 condi\u00e7\u00f5es para chuva forte, raios, rajadas &hellip;<\/p>\n<p class=\"read-more\"> <a class=\"\" href=\"https:\/\/sulsc.com\/index.php\/2024\/12\/02\/dia-chuvoso-e-predominio-de-temporais-na-regiao-sul-nesta-segunda-feira-02\/\"> <span class=\"screen-reader-text\">Dia chuvoso e predom\u00ednio de temporais na regi\u00e3o sul nesta segunda-feira (02)<\/span> Read More &raquo;<\/a><\/p>\n","protected":false},"author":3,"featured_media":16430,"comment_status":"open","ping_status":"open","sticky":false,"template":"","format":"standard","meta":{"site-sidebar-layout":"default","site-content-layout":"","ast-site-content-layout":"default","site-content-style":"default","site-sidebar-style":"default","ast-global-header-display":"","ast-banner-title-visibility":"","ast-main-header-display":"","ast-hfb-above-header-display":"","ast-hfb-below-header-display":"","ast-hfb-mobile-header-display":"","site-post-title":"","ast-breadcrumbs-content":"","ast-featured-img":"","footer-sml-layout":"","theme-transparent-header-meta":"default","adv-header-id-meta":"","stick-header-meta":"","header-above-stick-meta":"","header-main-stick-meta":"","header-below-stick-meta":"","astra-migrate-meta-layouts":"set","footnotes":""},"categories":[38],"tags":[90],"yoast_head":"<!-- This site is optimized with the Yoast SEO plugin v21.4 - https:\/\/yoast.com\/wordpress\/plugins\/seo\/ -->\n<title>Dia chuvoso e predom\u00ednio de temporais na regi\u00e3o sul nesta segunda-feira (02) -<\/title>\n<meta name=\"description\" content=\"O risco \u00e9 moderado a alto para ocorr\u00eancias relacionadas aos temporais no final do dia a instabilidade e a chuva diminuem no Litoral Sul\" \/>\n<meta name=\"robots\" content=\"index, follow, max-snippet:-1, max-image-preview:large, max-video-preview:-1\" \/>\n<link rel=\"canonical\" href=\"https:\/\/sulsc.com\/index.php\/2024\/12\/02\/dia-chuvoso-e-predominio-de-temporais-na-regiao-sul-nesta-segunda-feira-02\/\" \/>\n<meta property=\"og:locale\" content=\"en_US\" \/>\n<meta property=\"og:type\" content=\"article\" \/>\n<meta property=\"og:title\" content=\"Dia chuvoso e predom\u00ednio de temporais na regi\u00e3o sul nesta segunda-feira (02) -\" \/>\n<meta property=\"og:description\" content=\"O risco \u00e9 moderado a alto para ocorr\u00eancias relacionadas aos temporais no final do dia a instabilidade e a chuva diminuem no Litoral Sul\" \/>\n<meta property=\"og:url\" content=\"https:\/\/sulsc.com\/index.php\/2024\/12\/02\/dia-chuvoso-e-predominio-de-temporais-na-regiao-sul-nesta-segunda-feira-02\/\" \/>\n<meta property=\"article:author\" content=\"https:\/\/www.facebook.com\/profile.php?id=61559278119680\" \/>\n<meta property=\"article:published_time\" content=\"2024-12-02T11:14:00+00:00\" \/>\n<meta property=\"og:image\" content=\"http:\/\/sulsc.com\/wp-content\/uploads\/2024\/10\/temporal.jpg\" \/>\n\t<meta property=\"og:image:width\" content=\"1920\" \/>\n\t<meta property=\"og:image:height\" content=\"866\" \/>\n\t<meta property=\"og:image:type\" content=\"image\/jpeg\" \/>\n<meta name=\"author\" content=\"Reda\u00e7\u00e3o Sul SC\" \/>\n<meta name=\"twitter:card\" content=\"summary_large_image\" \/>\n<meta name=\"twitter:creator\" content=\"@https:\/\/twitter.com\/PortalSulSC\" \/>\n<meta name=\"twitter:label1\" content=\"Written by\" \/>\n\t<meta name=\"twitter:data1\" content=\"Reda\u00e7\u00e3o Sul SC\" \/>\n\t<meta name=\"twitter:label2\" content=\"Est. reading time\" \/>\n\t<meta name=\"twitter:data2\" content=\"2 minutes\" \/>\n<script type=\"application\/ld+json\" class=\"yoast-schema-graph\">{\"@context\":\"https:\/\/schema.org\",\"@graph\":[{\"@type\":\"WebPage\",\"@id\":\"https:\/\/sulsc.com\/index.php\/2024\/12\/02\/dia-chuvoso-e-predominio-de-temporais-na-regiao-sul-nesta-segunda-feira-02\/\",\"url\":\"https:\/\/sulsc.com\/index.php\/2024\/12\/02\/dia-chuvoso-e-predominio-de-temporais-na-regiao-sul-nesta-segunda-feira-02\/\",\"name\":\"Dia chuvoso e predom\u00ednio de temporais na regi\u00e3o sul nesta segunda-feira (02) -\",\"isPartOf\":{\"@id\":\"https:\/\/sulsc.com\/#website\"},\"datePublished\":\"2024-12-02T11:14:00+00:00\",\"dateModified\":\"2024-12-02T11:14:00+00:00\",\"author\":{\"@id\":\"https:\/\/sulsc.com\/#\/schema\/person\/84d2fc571684f6248ba83092f07750a3\"},\"description\":\"O risco \u00e9 moderado a alto para ocorr\u00eancias relacionadas aos temporais no final do dia a instabilidade e a chuva diminuem no Litoral Sul\",\"breadcrumb\":{\"@id\":\"https:\/\/sulsc.com\/index.php\/2024\/12\/02\/dia-chuvoso-e-predominio-de-temporais-na-regiao-sul-nesta-segunda-feira-02\/#breadcrumb\"},\"inLanguage\":\"en-US\",\"potentialAction\":[{\"@type\":\"ReadAction\",\"target\":[\"https:\/\/sulsc.com\/index.php\/2024\/12\/02\/dia-chuvoso-e-predominio-de-temporais-na-regiao-sul-nesta-segunda-feira-02\/\"]}]},{\"@type\":\"BreadcrumbList\",\"@id\":\"https:\/\/sulsc.com\/index.php\/2024\/12\/02\/dia-chuvoso-e-predominio-de-temporais-na-regiao-sul-nesta-segunda-feira-02\/#breadcrumb\",\"itemListElement\":[{\"@type\":\"ListItem\",\"position\":1,\"name\":\"In\u00edcio\",\"item\":\"https:\/\/sulsc.com\/\"},{\"@type\":\"ListItem\",\"position\":2,\"name\":\"Dia chuvoso e predom\u00ednio de temporais na regi\u00e3o sul nesta segunda-feira (02)\"}]},{\"@type\":\"WebSite\",\"@id\":\"https:\/\/sulsc.com\/#website\",\"url\":\"https:\/\/sulsc.com\/\",\"name\":\"\",\"description\":\"\",\"potentialAction\":[{\"@type\":\"SearchAction\",\"target\":{\"@type\":\"EntryPoint\",\"urlTemplate\":\"https:\/\/sulsc.com\/?s={search_term_string}\"},\"query-input\":\"required name=search_term_string\"}],\"inLanguage\":\"en-US\"},{\"@type\":\"Person\",\"@id\":\"https:\/\/sulsc.com\/#\/schema\/person\/84d2fc571684f6248ba83092f07750a3\",\"name\":\"Reda\u00e7\u00e3o Sul SC\",\"image\":{\"@type\":\"ImageObject\",\"inLanguage\":\"en-US\",\"@id\":\"https:\/\/sulsc.com\/#\/schema\/person\/image\/e08d7fe2cc4ed596372063bbe852b8d0\",\"url\":\"https:\/\/sulsc.com\/wp-content\/uploads\/2023\/09\/redacao.png\",\"contentUrl\":\"https:\/\/sulsc.com\/wp-content\/uploads\/2023\/09\/redacao.png\",\"caption\":\"Reda\u00e7\u00e3o Sul SC\"},\"description\":\"Foco em um jornalismo imparcial, voltado \u00e0 qualidade dos seus conte\u00fados e, assim, levar informa\u00e7\u00e3o de valor que agregue \u00e0 vida dos leitores. Esta \u00e9 grande miss\u00e3o do Portal de Not\u00edcias Sul SC. N\u00e3o \u00e9 quantidade que muda o mundo, sempre foi e seguir\u00e1 sendo qualidade!\",\"sameAs\":[\"https:\/\/sulsc.com\/\",\"https:\/\/www.facebook.com\/profile.php?id=61559278119680\",\"https:\/\/www.instagram.com\/sulscportal\/?hl=pt-br\",\"https:\/\/twitter.com\/https:\/\/twitter.com\/PortalSulSC\",\"https:\/\/www.youtube.com\/channel\/UCv_BE8GeySluDov2n8qhVmw\"],\"url\":\"https:\/\/sulsc.com\/index.php\/author\/redacao\/\"}]}<\/script>\n<!-- \/ Yoast SEO plugin. -->","yoast_head_json":{"title":"Dia chuvoso e predom\u00ednio de temporais na regi\u00e3o sul nesta segunda-feira (02) -","description":"O risco \u00e9 moderado a alto para ocorr\u00eancias relacionadas aos temporais no final do dia a instabilidade e a chuva diminuem no Litoral Sul","robots":{"index":"index","follow":"follow","max-snippet":"max-snippet:-1","max-image-preview":"max-image-preview:large","max-video-preview":"max-video-preview:-1"},"canonical":"https:\/\/sulsc.com\/index.php\/2024\/12\/02\/dia-chuvoso-e-predominio-de-temporais-na-regiao-sul-nesta-segunda-feira-02\/","og_locale":"en_US","og_type":"article","og_title":"Dia chuvoso e predom\u00ednio de temporais na regi\u00e3o sul nesta segunda-feira (02) -","og_description":"O risco \u00e9 moderado a alto para ocorr\u00eancias relacionadas aos temporais no final do dia a instabilidade e a chuva diminuem no Litoral Sul","og_url":"https:\/\/sulsc.com\/index.php\/2024\/12\/02\/dia-chuvoso-e-predominio-de-temporais-na-regiao-sul-nesta-segunda-feira-02\/","article_author":"https:\/\/www.facebook.com\/profile.php?id=61559278119680","article_published_time":"2024-12-02T11:14:00+00:00","og_image":[{"width":1920,"height":866,"url":"http:\/\/sulsc.com\/wp-content\/uploads\/2024\/10\/temporal.jpg","type":"image\/jpeg"}],"author":"Reda\u00e7\u00e3o Sul SC","twitter_card":"summary_large_image","twitter_creator":"@https:\/\/twitter.com\/PortalSulSC","twitter_misc":{"Written by":"Reda\u00e7\u00e3o Sul SC","Est. reading time":"2 minutes"},"schema":{"@context":"https:\/\/schema.org","@graph":[{"@type":"WebPage","@id":"https:\/\/sulsc.com\/index.php\/2024\/12\/02\/dia-chuvoso-e-predominio-de-temporais-na-regiao-sul-nesta-segunda-feira-02\/","url":"https:\/\/sulsc.com\/index.php\/2024\/12\/02\/dia-chuvoso-e-predominio-de-temporais-na-regiao-sul-nesta-segunda-feira-02\/","name":"Dia chuvoso e predom\u00ednio de temporais na regi\u00e3o sul nesta segunda-feira (02) -","isPartOf":{"@id":"https:\/\/sulsc.com\/#website"},"datePublished":"2024-12-02T11:14:00+00:00","dateModified":"2024-12-02T11:14:00+00:00","author":{"@id":"https:\/\/sulsc.com\/#\/schema\/person\/84d2fc571684f6248ba83092f07750a3"},"description":"O risco \u00e9 moderado a alto para ocorr\u00eancias relacionadas aos temporais no final do dia a instabilidade e a chuva diminuem no Litoral Sul","breadcrumb":{"@id":"https:\/\/sulsc.com\/index.php\/2024\/12\/02\/dia-chuvoso-e-predominio-de-temporais-na-regiao-sul-nesta-segunda-feira-02\/#breadcrumb"},"inLanguage":"en-US","potentialAction":[{"@type":"ReadAction","target":["https:\/\/sulsc.com\/index.php\/2024\/12\/02\/dia-chuvoso-e-predominio-de-temporais-na-regiao-sul-nesta-segunda-feira-02\/"]}]},{"@type":"BreadcrumbList","@id":"https:\/\/sulsc.com\/index.php\/2024\/12\/02\/dia-chuvoso-e-predominio-de-temporais-na-regiao-sul-nesta-segunda-feira-02\/#breadcrumb","itemListElement":[{"@type":"ListItem","position":1,"name":"In\u00edcio","item":"https:\/\/sulsc.com\/"},{"@type":"ListItem","position":2,"name":"Dia chuvoso e predom\u00ednio de temporais na regi\u00e3o sul nesta segunda-feira (02)"}]},{"@type":"WebSite","@id":"https:\/\/sulsc.com\/#website","url":"https:\/\/sulsc.com\/","name":"","description":"","potentialAction":[{"@type":"SearchAction","target":{"@type":"EntryPoint","urlTemplate":"https:\/\/sulsc.com\/?s={search_term_string}"},"query-input":"required name=search_term_string"}],"inLanguage":"en-US"},{"@type":"Person","@id":"https:\/\/sulsc.com\/#\/schema\/person\/84d2fc571684f6248ba83092f07750a3","name":"Reda\u00e7\u00e3o Sul SC","image":{"@type":"ImageObject","inLanguage":"en-US","@id":"https:\/\/sulsc.com\/#\/schema\/person\/image\/e08d7fe2cc4ed596372063bbe852b8d0","url":"https:\/\/sulsc.com\/wp-content\/uploads\/2023\/09\/redacao.png","contentUrl":"https:\/\/sulsc.com\/wp-content\/uploads\/2023\/09\/redacao.png","caption":"Reda\u00e7\u00e3o Sul SC"},"description":"Foco em um jornalismo imparcial, voltado \u00e0 qualidade dos seus conte\u00fados e, assim, levar informa\u00e7\u00e3o de valor que agregue \u00e0 vida dos leitores. Esta \u00e9 grande miss\u00e3o do Portal de Not\u00edcias Sul SC. N\u00e3o \u00e9 quantidade que muda o mundo, sempre foi e seguir\u00e1 sendo qualidade!","sameAs":["https:\/\/sulsc.com\/","https:\/\/www.facebook.com\/profile.php?id=61559278119680","https:\/\/www.instagram.com\/sulscportal\/?hl=pt-br","https:\/\/twitter.com\/https:\/\/twitter.com\/PortalSulSC","https:\/\/www.youtube.com\/channel\/UCv_BE8GeySluDov2n8qhVmw"],"url":"https:\/\/sulsc.com\/index.php\/author\/redacao\/"}]}},"authors":[],"_links":{"self":[{"href":"https:\/\/sulsc.com\/index.php\/wp-json\/wp\/v2\/posts\/17924"}],"collection":[{"href":"https:\/\/sulsc.com\/index.php\/wp-json\/wp\/v2\/posts"}],"about":[{"href":"https:\/\/sulsc.com\/index.php\/wp-json\/wp\/v2\/types\/post"}],"author":[{"embeddable":true,"href":"https:\/\/sulsc.com\/index.php\/wp-json\/wp\/v2\/users\/3"}],"replies":[{"embeddable":true,"href":"https:\/\/sulsc.com\/index.php\/wp-json\/wp\/v2\/comments?post=17924"}],"version-history":[{"count":1,"href":"https:\/\/sulsc.com\/index.php\/wp-json\/wp\/v2\/posts\/17924\/revisions"}],"predecessor-version":[{"id":17926,"href":"https:\/\/sulsc.com\/index.php\/wp-json\/wp\/v2\/posts\/17924\/revisions\/17926"}],"wp:featuredmedia":[{"embeddable":true,"href":"https:\/\/sulsc.com\/index.php\/wp-json\/wp\/v2\/media\/16430"}],"wp:attachment":[{"href":"https:\/\/sulsc.com\/index.php\/wp-json\/wp\/v2\/media?parent=17924"}],"wp:term":[{"taxonomy":"category","embeddable":true,"href":"https:\/\/sulsc.com\/index.php\/wp-json\/wp\/v2\/categories?post=17924"},{"taxonomy":"post_tag","embeddable":true,"href":"https:\/\/sulsc.com\/index.php\/wp-json\/wp\/v2\/tags?post=17924"}],"curies":[{"name":"wp","href":"https:\/\/api.w.org\/{rel}","templated":true}]}}