{"id":18106,"date":"2024-12-06T08:41:47","date_gmt":"2024-12-06T11:41:47","guid":{"rendered":"https:\/\/sulsc.com\/?p=18106"},"modified":"2024-12-06T08:41:47","modified_gmt":"2024-12-06T11:41:47","slug":"sexta-feira-05-tera-dia-quente-e-predominio-de-temporais-isolados-em-toda-regiao","status":"publish","type":"post","link":"https:\/\/sulsc.com\/index.php\/2024\/12\/06\/sexta-feira-05-tera-dia-quente-e-predominio-de-temporais-isolados-em-toda-regiao\/","title":{"rendered":"Sexta-feira (05) ter\u00e1 dia quente e predom\u00ednio de temporais isolados em toda regi\u00e3o"},"content":{"rendered":"<p>A sexta-feira (06) inicia com tempo firme e predom\u00ednio de sol em Santa Catarina. Ao longo do dia as temperaturas sobem rapidamente, com m\u00e1ximas entre 27 e 30\u00b0C em praticamente todo o estado. Na faixa litor\u00e2nea, Vale do Itaja\u00ed e pontos do Grande Oeste os term\u00f4metros devem marcar de 31 a 35\u00b0C.<\/p>\n<p><img fetchpriority=\"high\" decoding=\"async\" class=\"aligncenter size-full wp-image-18107\" src=\"http:\/\/sulsc.com\/wp-content\/uploads\/2024\/12\/6.png\" alt=\"\" width=\"1486\" height=\"1014\" srcset=\"https:\/\/sulsc.com\/wp-content\/uploads\/2024\/12\/6.png 1486w, https:\/\/sulsc.com\/wp-content\/uploads\/2024\/12\/6-300x205.png 300w, https:\/\/sulsc.com\/wp-content\/uploads\/2024\/12\/6-1024x699.png 1024w, https:\/\/sulsc.com\/wp-content\/uploads\/2024\/12\/6-768x524.png 768w\" sizes=\"(max-width: 1486px) 100vw, 1486px\" \/><\/p>\n<p><img decoding=\"async\" class=\"aligncenter  wp-image-17436\" src=\"http:\/\/sulsc.com\/wp-content\/uploads\/2024\/11\/Tempo-2.png\" alt=\"\" width=\"675\" height=\"125\" srcset=\"https:\/\/sulsc.com\/wp-content\/uploads\/2024\/11\/Tempo-2.png 1024w, https:\/\/sulsc.com\/wp-content\/uploads\/2024\/11\/Tempo-2-300x55.png 300w, https:\/\/sulsc.com\/wp-content\/uploads\/2024\/11\/Tempo-2-768x142.png 768w\" sizes=\"(max-width: 675px) 100vw, 675px\" \/><\/p>\n<p style=\"text-align: center;\">Imagens demonstrativas\/Defesa Civil SC<\/p>\n<p>O calor somado \u00e0 aproxima\u00e7\u00e3o de uma frente fria favorece condi\u00e7\u00f5es para temporais isolados em todas as regi\u00f5es, que devem vir acompanhados de raios, rajadas de vento, chuva pontualmente intensa e queda de granizo. O risco \u00e9 moderado a alto para ocorr\u00eancias associadas a destelhamentos, alagamentos e enxurradas pontuais. O vento sopra de noroeste pelo estado, com fraca a moderada intensidade e com rajadas de 50 a 70 km\/h.<\/p>\n<p>Fonte: Defesa CivilSC\/Meteorologista: Nicolle Reis<\/p>\n<p>Foto: Portal Sulsc.com<\/p>\n","protected":false},"excerpt":{"rendered":"<p>A sexta-feira (06) inicia com tempo firme e predom\u00ednio de sol em Santa Catarina. Ao longo do dia as temperaturas sobem rapidamente, com m\u00e1ximas entre 27 e 30\u00b0C em praticamente todo o estado. Na faixa litor\u00e2nea, Vale do Itaja\u00ed e pontos do Grande Oeste os term\u00f4metros devem marcar de 31 a 35\u00b0C. Imagens demonstrativas\/Defesa Civil &hellip;<\/p>\n<p class=\"read-more\"> <a class=\"\" href=\"https:\/\/sulsc.com\/index.php\/2024\/12\/06\/sexta-feira-05-tera-dia-quente-e-predominio-de-temporais-isolados-em-toda-regiao\/\"> <span class=\"screen-reader-text\">Sexta-feira (05) ter\u00e1 dia quente e predom\u00ednio de temporais isolados em toda regi\u00e3o<\/span> Read More &raquo;<\/a><\/p>\n","protected":false},"author":3,"featured_media":16928,"comment_status":"open","ping_status":"open","sticky":false,"template":"","format":"standard","meta":{"site-sidebar-layout":"default","site-content-layout":"","ast-site-content-layout":"default","site-content-style":"default","site-sidebar-style":"default","ast-global-header-display":"","ast-banner-title-visibility":"","ast-main-header-display":"","ast-hfb-above-header-display":"","ast-hfb-below-header-display":"","ast-hfb-mobile-header-display":"","site-post-title":"","ast-breadcrumbs-content":"","ast-featured-img":"","footer-sml-layout":"","theme-transparent-header-meta":"default","adv-header-id-meta":"","stick-header-meta":"","header-above-stick-meta":"","header-main-stick-meta":"","header-below-stick-meta":"","astra-migrate-meta-layouts":"set","footnotes":""},"categories":[38],"tags":[90],"yoast_head":"<!-- This site is optimized with the Yoast SEO plugin v21.4 - https:\/\/yoast.com\/wordpress\/plugins\/seo\/ -->\n<title>Sexta-feira (05) ter\u00e1 dia quente e predom\u00ednio de temporais isolados em toda regi\u00e3o -<\/title>\n<meta name=\"description\" content=\"O calor somado \u00e0 aproxima\u00e7\u00e3o de uma frente fria favorece condi\u00e7\u00f5es para temporais isolados em todas as regi\u00f5es\" \/>\n<meta name=\"robots\" content=\"index, follow, max-snippet:-1, max-image-preview:large, max-video-preview:-1\" \/>\n<link rel=\"canonical\" href=\"https:\/\/sulsc.com\/index.php\/2024\/12\/06\/sexta-feira-05-tera-dia-quente-e-predominio-de-temporais-isolados-em-toda-regiao\/\" \/>\n<meta property=\"og:locale\" content=\"en_US\" \/>\n<meta property=\"og:type\" content=\"article\" \/>\n<meta property=\"og:title\" content=\"Sexta-feira (05) ter\u00e1 dia quente e predom\u00ednio de temporais isolados em toda regi\u00e3o -\" \/>\n<meta property=\"og:description\" content=\"O calor somado \u00e0 aproxima\u00e7\u00e3o de uma frente fria favorece condi\u00e7\u00f5es para temporais isolados em todas as regi\u00f5es\" \/>\n<meta property=\"og:url\" content=\"https:\/\/sulsc.com\/index.php\/2024\/12\/06\/sexta-feira-05-tera-dia-quente-e-predominio-de-temporais-isolados-em-toda-regiao\/\" \/>\n<meta property=\"article:author\" content=\"https:\/\/www.facebook.com\/profile.php?id=61559278119680\" \/>\n<meta property=\"article:published_time\" content=\"2024-12-06T11:41:47+00:00\" \/>\n<meta property=\"og:image\" content=\"http:\/\/sulsc.com\/wp-content\/uploads\/2024\/11\/Tempo-3.jpg\" \/>\n\t<meta property=\"og:image:width\" content=\"640\" \/>\n\t<meta property=\"og:image:height\" content=\"480\" \/>\n\t<meta property=\"og:image:type\" content=\"image\/jpeg\" \/>\n<meta name=\"author\" content=\"Reda\u00e7\u00e3o Sul SC\" \/>\n<meta name=\"twitter:card\" content=\"summary_large_image\" \/>\n<meta name=\"twitter:creator\" content=\"@https:\/\/twitter.com\/PortalSulSC\" \/>\n<meta name=\"twitter:label1\" content=\"Written by\" \/>\n\t<meta name=\"twitter:data1\" content=\"Reda\u00e7\u00e3o Sul SC\" \/>\n\t<meta name=\"twitter:label2\" content=\"Est. reading time\" \/>\n\t<meta name=\"twitter:data2\" content=\"1 minute\" \/>\n<script type=\"application\/ld+json\" class=\"yoast-schema-graph\">{\"@context\":\"https:\/\/schema.org\",\"@graph\":[{\"@type\":\"WebPage\",\"@id\":\"https:\/\/sulsc.com\/index.php\/2024\/12\/06\/sexta-feira-05-tera-dia-quente-e-predominio-de-temporais-isolados-em-toda-regiao\/\",\"url\":\"https:\/\/sulsc.com\/index.php\/2024\/12\/06\/sexta-feira-05-tera-dia-quente-e-predominio-de-temporais-isolados-em-toda-regiao\/\",\"name\":\"Sexta-feira (05) ter\u00e1 dia quente e predom\u00ednio de temporais isolados em toda regi\u00e3o -\",\"isPartOf\":{\"@id\":\"https:\/\/sulsc.com\/#website\"},\"datePublished\":\"2024-12-06T11:41:47+00:00\",\"dateModified\":\"2024-12-06T11:41:47+00:00\",\"author\":{\"@id\":\"https:\/\/sulsc.com\/#\/schema\/person\/84d2fc571684f6248ba83092f07750a3\"},\"description\":\"O calor somado \u00e0 aproxima\u00e7\u00e3o de uma frente fria favorece condi\u00e7\u00f5es para temporais isolados em todas as regi\u00f5es\",\"breadcrumb\":{\"@id\":\"https:\/\/sulsc.com\/index.php\/2024\/12\/06\/sexta-feira-05-tera-dia-quente-e-predominio-de-temporais-isolados-em-toda-regiao\/#breadcrumb\"},\"inLanguage\":\"en-US\",\"potentialAction\":[{\"@type\":\"ReadAction\",\"target\":[\"https:\/\/sulsc.com\/index.php\/2024\/12\/06\/sexta-feira-05-tera-dia-quente-e-predominio-de-temporais-isolados-em-toda-regiao\/\"]}]},{\"@type\":\"BreadcrumbList\",\"@id\":\"https:\/\/sulsc.com\/index.php\/2024\/12\/06\/sexta-feira-05-tera-dia-quente-e-predominio-de-temporais-isolados-em-toda-regiao\/#breadcrumb\",\"itemListElement\":[{\"@type\":\"ListItem\",\"position\":1,\"name\":\"In\u00edcio\",\"item\":\"https:\/\/sulsc.com\/\"},{\"@type\":\"ListItem\",\"position\":2,\"name\":\"Sexta-feira (05) ter\u00e1 dia quente e predom\u00ednio de temporais isolados em toda regi\u00e3o\"}]},{\"@type\":\"WebSite\",\"@id\":\"https:\/\/sulsc.com\/#website\",\"url\":\"https:\/\/sulsc.com\/\",\"name\":\"\",\"description\":\"\",\"potentialAction\":[{\"@type\":\"SearchAction\",\"target\":{\"@type\":\"EntryPoint\",\"urlTemplate\":\"https:\/\/sulsc.com\/?s={search_term_string}\"},\"query-input\":\"required name=search_term_string\"}],\"inLanguage\":\"en-US\"},{\"@type\":\"Person\",\"@id\":\"https:\/\/sulsc.com\/#\/schema\/person\/84d2fc571684f6248ba83092f07750a3\",\"name\":\"Reda\u00e7\u00e3o Sul SC\",\"image\":{\"@type\":\"ImageObject\",\"inLanguage\":\"en-US\",\"@id\":\"https:\/\/sulsc.com\/#\/schema\/person\/image\/e08d7fe2cc4ed596372063bbe852b8d0\",\"url\":\"https:\/\/sulsc.com\/wp-content\/uploads\/2023\/09\/redacao.png\",\"contentUrl\":\"https:\/\/sulsc.com\/wp-content\/uploads\/2023\/09\/redacao.png\",\"caption\":\"Reda\u00e7\u00e3o Sul SC\"},\"description\":\"Foco em um jornalismo imparcial, voltado \u00e0 qualidade dos seus conte\u00fados e, assim, levar informa\u00e7\u00e3o de valor que agregue \u00e0 vida dos leitores. Esta \u00e9 grande miss\u00e3o do Portal de Not\u00edcias Sul SC. N\u00e3o \u00e9 quantidade que muda o mundo, sempre foi e seguir\u00e1 sendo qualidade!\",\"sameAs\":[\"https:\/\/sulsc.com\/\",\"https:\/\/www.facebook.com\/profile.php?id=61559278119680\",\"https:\/\/www.instagram.com\/sulscportal\/?hl=pt-br\",\"https:\/\/twitter.com\/https:\/\/twitter.com\/PortalSulSC\",\"https:\/\/www.youtube.com\/channel\/UCv_BE8GeySluDov2n8qhVmw\"],\"url\":\"https:\/\/sulsc.com\/index.php\/author\/redacao\/\"}]}<\/script>\n<!-- \/ Yoast SEO plugin. -->","yoast_head_json":{"title":"Sexta-feira (05) ter\u00e1 dia quente e predom\u00ednio de temporais isolados em toda regi\u00e3o -","description":"O calor somado \u00e0 aproxima\u00e7\u00e3o de uma frente fria favorece condi\u00e7\u00f5es para temporais isolados em todas as regi\u00f5es","robots":{"index":"index","follow":"follow","max-snippet":"max-snippet:-1","max-image-preview":"max-image-preview:large","max-video-preview":"max-video-preview:-1"},"canonical":"https:\/\/sulsc.com\/index.php\/2024\/12\/06\/sexta-feira-05-tera-dia-quente-e-predominio-de-temporais-isolados-em-toda-regiao\/","og_locale":"en_US","og_type":"article","og_title":"Sexta-feira (05) ter\u00e1 dia quente e predom\u00ednio de temporais isolados em toda regi\u00e3o -","og_description":"O calor somado \u00e0 aproxima\u00e7\u00e3o de uma frente fria favorece condi\u00e7\u00f5es para temporais isolados em todas as regi\u00f5es","og_url":"https:\/\/sulsc.com\/index.php\/2024\/12\/06\/sexta-feira-05-tera-dia-quente-e-predominio-de-temporais-isolados-em-toda-regiao\/","article_author":"https:\/\/www.facebook.com\/profile.php?id=61559278119680","article_published_time":"2024-12-06T11:41:47+00:00","og_image":[{"width":640,"height":480,"url":"http:\/\/sulsc.com\/wp-content\/uploads\/2024\/11\/Tempo-3.jpg","type":"image\/jpeg"}],"author":"Reda\u00e7\u00e3o Sul SC","twitter_card":"summary_large_image","twitter_creator":"@https:\/\/twitter.com\/PortalSulSC","twitter_misc":{"Written by":"Reda\u00e7\u00e3o Sul SC","Est. reading time":"1 minute"},"schema":{"@context":"https:\/\/schema.org","@graph":[{"@type":"WebPage","@id":"https:\/\/sulsc.com\/index.php\/2024\/12\/06\/sexta-feira-05-tera-dia-quente-e-predominio-de-temporais-isolados-em-toda-regiao\/","url":"https:\/\/sulsc.com\/index.php\/2024\/12\/06\/sexta-feira-05-tera-dia-quente-e-predominio-de-temporais-isolados-em-toda-regiao\/","name":"Sexta-feira (05) ter\u00e1 dia quente e predom\u00ednio de temporais isolados em toda regi\u00e3o -","isPartOf":{"@id":"https:\/\/sulsc.com\/#website"},"datePublished":"2024-12-06T11:41:47+00:00","dateModified":"2024-12-06T11:41:47+00:00","author":{"@id":"https:\/\/sulsc.com\/#\/schema\/person\/84d2fc571684f6248ba83092f07750a3"},"description":"O calor somado \u00e0 aproxima\u00e7\u00e3o de uma frente fria favorece condi\u00e7\u00f5es para temporais isolados em todas as regi\u00f5es","breadcrumb":{"@id":"https:\/\/sulsc.com\/index.php\/2024\/12\/06\/sexta-feira-05-tera-dia-quente-e-predominio-de-temporais-isolados-em-toda-regiao\/#breadcrumb"},"inLanguage":"en-US","potentialAction":[{"@type":"ReadAction","target":["https:\/\/sulsc.com\/index.php\/2024\/12\/06\/sexta-feira-05-tera-dia-quente-e-predominio-de-temporais-isolados-em-toda-regiao\/"]}]},{"@type":"BreadcrumbList","@id":"https:\/\/sulsc.com\/index.php\/2024\/12\/06\/sexta-feira-05-tera-dia-quente-e-predominio-de-temporais-isolados-em-toda-regiao\/#breadcrumb","itemListElement":[{"@type":"ListItem","position":1,"name":"In\u00edcio","item":"https:\/\/sulsc.com\/"},{"@type":"ListItem","position":2,"name":"Sexta-feira (05) ter\u00e1 dia quente e predom\u00ednio de temporais isolados em toda regi\u00e3o"}]},{"@type":"WebSite","@id":"https:\/\/sulsc.com\/#website","url":"https:\/\/sulsc.com\/","name":"","description":"","potentialAction":[{"@type":"SearchAction","target":{"@type":"EntryPoint","urlTemplate":"https:\/\/sulsc.com\/?s={search_term_string}"},"query-input":"required name=search_term_string"}],"inLanguage":"en-US"},{"@type":"Person","@id":"https:\/\/sulsc.com\/#\/schema\/person\/84d2fc571684f6248ba83092f07750a3","name":"Reda\u00e7\u00e3o Sul SC","image":{"@type":"ImageObject","inLanguage":"en-US","@id":"https:\/\/sulsc.com\/#\/schema\/person\/image\/e08d7fe2cc4ed596372063bbe852b8d0","url":"https:\/\/sulsc.com\/wp-content\/uploads\/2023\/09\/redacao.png","contentUrl":"https:\/\/sulsc.com\/wp-content\/uploads\/2023\/09\/redacao.png","caption":"Reda\u00e7\u00e3o Sul SC"},"description":"Foco em um jornalismo imparcial, voltado \u00e0 qualidade dos seus conte\u00fados e, assim, levar informa\u00e7\u00e3o de valor que agregue \u00e0 vida dos leitores. Esta \u00e9 grande miss\u00e3o do Portal de Not\u00edcias Sul SC. N\u00e3o \u00e9 quantidade que muda o mundo, sempre foi e seguir\u00e1 sendo qualidade!","sameAs":["https:\/\/sulsc.com\/","https:\/\/www.facebook.com\/profile.php?id=61559278119680","https:\/\/www.instagram.com\/sulscportal\/?hl=pt-br","https:\/\/twitter.com\/https:\/\/twitter.com\/PortalSulSC","https:\/\/www.youtube.com\/channel\/UCv_BE8GeySluDov2n8qhVmw"],"url":"https:\/\/sulsc.com\/index.php\/author\/redacao\/"}]}},"authors":[],"_links":{"self":[{"href":"https:\/\/sulsc.com\/index.php\/wp-json\/wp\/v2\/posts\/18106"}],"collection":[{"href":"https:\/\/sulsc.com\/index.php\/wp-json\/wp\/v2\/posts"}],"about":[{"href":"https:\/\/sulsc.com\/index.php\/wp-json\/wp\/v2\/types\/post"}],"author":[{"embeddable":true,"href":"https:\/\/sulsc.com\/index.php\/wp-json\/wp\/v2\/users\/3"}],"replies":[{"embeddable":true,"href":"https:\/\/sulsc.com\/index.php\/wp-json\/wp\/v2\/comments?post=18106"}],"version-history":[{"count":1,"href":"https:\/\/sulsc.com\/index.php\/wp-json\/wp\/v2\/posts\/18106\/revisions"}],"predecessor-version":[{"id":18108,"href":"https:\/\/sulsc.com\/index.php\/wp-json\/wp\/v2\/posts\/18106\/revisions\/18108"}],"wp:featuredmedia":[{"embeddable":true,"href":"https:\/\/sulsc.com\/index.php\/wp-json\/wp\/v2\/media\/16928"}],"wp:attachment":[{"href":"https:\/\/sulsc.com\/index.php\/wp-json\/wp\/v2\/media?parent=18106"}],"wp:term":[{"taxonomy":"category","embeddable":true,"href":"https:\/\/sulsc.com\/index.php\/wp-json\/wp\/v2\/categories?post=18106"},{"taxonomy":"post_tag","embeddable":true,"href":"https:\/\/sulsc.com\/index.php\/wp-json\/wp\/v2\/tags?post=18106"}],"curies":[{"name":"wp","href":"https:\/\/api.w.org\/{rel}","templated":true}]}}