{"id":1812,"date":"2023-10-04T11:40:14","date_gmt":"2023-10-04T14:40:14","guid":{"rendered":"https:\/\/sulsc.com\/?p=1812"},"modified":"2023-10-04T11:40:26","modified_gmt":"2023-10-04T14:40:26","slug":"emergencia-meteorologica-saiba-quando-acionar-bombeiros-militares-ou-defesa-civil","status":"publish","type":"post","link":"https:\/\/sulsc.com\/index.php\/2023\/10\/04\/emergencia-meteorologica-saiba-quando-acionar-bombeiros-militares-ou-defesa-civil\/","title":{"rendered":"Emerg\u00eancia meteorol\u00f3gica: saiba quando acionar Bombeiros Militares ou Defesa Civil"},"content":{"rendered":"<p data-raofz=\"16\">A Defesa Civil do Estado emitiu alerta para a noite desta ter\u00e7a-feira (3), e para quarta (4), devido \u00e0 previs\u00e3o de temporais e chuva volumosa. Essas condi\u00e7\u00f5es s\u00e3o trazidas por uma frente fria que se aproxima. Quem mora em Santa Catarina sabe que as mudan\u00e7as nas condi\u00e7\u00f5es meteorol\u00f3gicas s\u00e3o frequentes e repentinas. N\u00e3o \u00e9 raro que em uma mesma semana tenhamos temporais isolados, rajadas de vento, ressaca no mar, baixas temperaturas e dias de calor intenso.<\/p>\n<p data-raofz=\"16\">Toda essa condi\u00e7\u00e3o se justifica porque o nosso estado est\u00e1 localizado em uma zona de encontro de massas de ar frio e quente, que se comportam de maneira diferente e por isso favorecem a forma\u00e7\u00e3o de ciclones, frentes frias e \u00e1reas de alta e baixa press\u00e3o. E quanto maior for a instabilidade gerada pelo encontro dessas massas de ar, mais volumosas s\u00e3o as chuvas e mais frequentes as frentes frias e forma\u00e7\u00e3o de ciclones extratropicais. Esses comportamentos atmosf\u00e9ricos precisam de acompanhamento constante para que seja poss\u00edvel prevenir e minimizar os desastres.<\/p>\n<p data-raofz=\"16\">Em um contexto de mudan\u00e7as clim\u00e1ticas onde a tend\u00eancia \u00e9 que os eventos extremos passem a ser cada vez mais frequentes, o monitoramento e as a\u00e7\u00f5es de preven\u00e7\u00e3o, realizados pela Defesa Civil de Santa Catarina, se tornam ainda mais importantes para a seguran\u00e7a do cidad\u00e3o e para a prepara\u00e7\u00e3o das equipes do Corpo de Bombeiros Militar de Santa Catarina (CBMSC) que atuam na resposta \u00e0s necessidades em situa\u00e7\u00e3o de emerg\u00eancia.<\/p>\n<p data-raofz=\"16\">Por tudo isso, \u00e9 fundamental que as pessoas entendam as diferen\u00e7as dos atendimentos de cada institui\u00e7\u00e3o e saibam a quem recorrer em cada momento.<\/p>\n<figure class=\"wp-block-image size-full\"><img fetchpriority=\"high\" decoding=\"async\" class=\"wp-image-258698\" src=\"https:\/\/estado.sc.gov.br\/noticias\/wp-content\/uploads\/sites\/3\/2023\/09\/CCS_7912.jpg\" alt=\"\" width=\"6192\" height=\"4128\" \/><\/figure>\n<p data-raofz=\"16\">\n<p data-raofz=\"16\"><strong>Como agir e para quem ligar?\u00a0<\/strong><\/p>\n<p data-raofz=\"16\">Em per\u00edodos de chuvas persistentes em que o cidad\u00e3o estiver em uma \u00e1rea de risco, local de dif\u00edcil acesso ou impossibilitado de se locomover, o acionamento deve ser feito para o CBMSC pelo\u00a0<strong>193<\/strong>, \u00f3rg\u00e3o respons\u00e1vel pelo atendimento aos atingidos com foco, principalmente, em situa\u00e7\u00f5es de busca e resgate. Em casos extremos, onde a capacidade de atendimento local estiver comprometida, h\u00e1 o acionamento das equipes de For\u00e7as-Tarefa (FT) para refor\u00e7o.<\/p>\n<p data-raofz=\"16\">Quando se sentir inseguro em rela\u00e7\u00e3o a poss\u00edveis enchentes, alagamentos, deslizamentos de terra ou estiver exposto a uma situa\u00e7\u00e3o de risco, o cidad\u00e3o deve acionar a Defesa Civil de Santa Catarina pelo telefone\u00a0<strong>199<\/strong>, \u00f3rg\u00e3o respons\u00e1vel pelas a\u00e7\u00f5es de monitoramento e de preven\u00e7\u00e3o relacionadas a desastres. Estar atento \u00e0s previs\u00f5es do tempo e \u00e0s informa\u00e7\u00f5es divulgadas nos notici\u00e1rios e canais oficiais da Defesa Civil do estado tamb\u00e9m \u00e9 indicado. Al\u00e9m disso, a popula\u00e7\u00e3o pode receber avisos e alertas da Defesa Civil de Santa Catarina por SMS. Para isso, basta enviar o CEP da localidade que deseja receber, via SMS, para o n\u00famero 40199 e seu telefone estar\u00e1 apto para receber as informa\u00e7\u00f5es dos avisos e alertas.<\/p>\n<p data-raofz=\"16\">\n<p data-raofz=\"16\"><strong>O CBMSC nas a\u00e7\u00f5es de resposta a desastres naturais<\/strong><\/p>\n<p data-raofz=\"16\">H\u00e1 mais de uma d\u00e9cada o CBMSC criou as For\u00e7as-Tarefa (FT) da corpora\u00e7\u00e3o para potencializar as a\u00e7\u00f5es de resposta em caso de desastre natural. Nesse tipo de ocorr\u00eancia, a atua\u00e7\u00e3o das equipes especializadas de bombeiros militares se d\u00e1 por meio de a\u00e7\u00f5es de pronta resposta operacional como busca e salvamento, ajuda humanit\u00e1ria e apoio \u00e0s a\u00e7\u00f5es de restabelecimento.<\/p>\n<figure class=\"wp-block-image size-full\"><img decoding=\"async\" class=\"wp-image-258700\" src=\"https:\/\/estado.sc.gov.br\/noticias\/wp-content\/uploads\/sites\/3\/2023\/09\/CCS_7557.jpg\" alt=\"\" width=\"6192\" height=\"4128\" \/><\/figure>\n<p data-raofz=\"16\">Os bombeiros militares que comp\u00f5em essas equipes possuem habilidades t\u00e9cnicas espec\u00edficas, s\u00e3o selecionados e treinados para essas atua\u00e7\u00f5es e possuem r\u00e1pida capacidade de mobiliza\u00e7\u00e3o e deslocamento, bem como de log\u00edstica pr\u00f3pria.<\/p>\n<p data-raofz=\"16\">Cada um dos 15 batalh\u00f5es do CBMSC possui equipes de FT com bombeiros militares especializados e aparelhados para atuar em ocorr\u00eancias de grande magnitude com a autonomia necess\u00e1ria. Essa distribui\u00e7\u00e3o das FT em c\u00e9lulas proporciona que as equipes atuem de forma descentralizada fazendo com que as a\u00e7\u00f5es de mobiliza\u00e7\u00e3o sejam \u00e1geis e eficientes.<\/p>\n<figure class=\"wp-block-image size-full\"><img decoding=\"async\" class=\"wp-image-258702\" src=\"https:\/\/estado.sc.gov.br\/noticias\/wp-content\/uploads\/sites\/3\/2023\/09\/CCS_0729.jpg\" alt=\"\" width=\"6192\" height=\"4128\" \/><\/figure>\n<p data-raofz=\"16\">As equipes s\u00e3o estruturadas para atua\u00e7\u00e3o nas seguintes \u00e1reas, que servem como um norte para os principais tipos de ocorr\u00eancias para as quais as FT podem ser acionadas:<\/p>\n<ul>\n<li data-raofz=\"16\">Estruturas colapsadas e desastres urbanos;<\/li>\n<li data-raofz=\"16\">Deslizamentos;<\/li>\n<li data-raofz=\"16\">Alagamentos, inunda\u00e7\u00f5es e enxurradas;<\/li>\n<li data-raofz=\"16\">Inc\u00eandios florestais;<\/li>\n<li data-raofz=\"16\">Acidentes com aeronave em tr\u00e2nsito;<\/li>\n<li data-raofz=\"16\">Rompimento de barragens;<\/li>\n<li data-raofz=\"16\">Assist\u00eancia humanit\u00e1ria;<\/li>\n<li data-raofz=\"16\">Restabelecimento<\/li>\n<\/ul>\n<p data-raofz=\"16\">\n<p data-raofz=\"16\"><strong>Defesa Civil de SC atua no monitoramento e preven\u00e7\u00e3o<\/strong><\/p>\n<p data-raofz=\"16\">A Defesa Civil de Santa Catarina desempenha um papel crucial em um cen\u00e1rio em que a ocorr\u00eancia de desastres est\u00e1 se tornando cada vez mais frequente, resultando em perdas econ\u00f4micas, sociais e ambientais, al\u00e9m de aumentarem a vulnerabilidade da popula\u00e7\u00e3o. Nesse contexto, \u00e9 importante realizar monitoramentos, estudos e implementar medidas destinadas a minimizar perdas e prever riscos, uma vez que a preven\u00e7\u00e3o e a prepara\u00e7\u00e3o s\u00e3o as abordagens mais eficazes.<\/p>\n<p data-raofz=\"16\">Com foco na gest\u00e3o de riscos de desastres, a Defesa Civil de Santa Catarina trabalha para identificar e avaliar os riscos existentes. Com base nessas informa\u00e7\u00f5es, busca reduzir a probabilidade e intensidade de amea\u00e7as e fortalecer a capacidade de enfrentamento dos riscos monitorados, reduzindo a vulnerabilidade da popula\u00e7\u00e3o.<\/p>\n<p data-raofz=\"16\">\n<p data-raofz=\"16\">Fonte: Gov. SC<\/p>\n","protected":false},"excerpt":{"rendered":"<p>A Defesa Civil do Estado emitiu alerta para a noite desta ter\u00e7a-feira (3), e para quarta (4), devido \u00e0 previs\u00e3o de temporais e chuva volumosa. Essas condi\u00e7\u00f5es s\u00e3o trazidas por uma frente fria que se aproxima. Quem mora em Santa Catarina sabe que as mudan\u00e7as nas condi\u00e7\u00f5es meteorol\u00f3gicas s\u00e3o frequentes e repentinas. N\u00e3o \u00e9 raro &hellip;<\/p>\n<p class=\"read-more\"> <a class=\"\" href=\"https:\/\/sulsc.com\/index.php\/2023\/10\/04\/emergencia-meteorologica-saiba-quando-acionar-bombeiros-militares-ou-defesa-civil\/\"> <span class=\"screen-reader-text\">Emerg\u00eancia meteorol\u00f3gica: saiba quando acionar Bombeiros Militares ou Defesa Civil<\/span> Read More &raquo;<\/a><\/p>\n","protected":false},"author":3,"featured_media":1813,"comment_status":"open","ping_status":"open","sticky":false,"template":"","format":"standard","meta":{"site-sidebar-layout":"default","site-content-layout":"default","ast-site-content-layout":"","site-content-style":"default","site-sidebar-style":"default","ast-global-header-display":"","ast-banner-title-visibility":"","ast-main-header-display":"","ast-hfb-above-header-display":"","ast-hfb-below-header-display":"","ast-hfb-mobile-header-display":"","site-post-title":"","ast-breadcrumbs-content":"","ast-featured-img":"","footer-sml-layout":"","theme-transparent-header-meta":"default","adv-header-id-meta":"","stick-header-meta":"","header-above-stick-meta":"","header-main-stick-meta":"","header-below-stick-meta":"","astra-migrate-meta-layouts":"","footnotes":""},"categories":[8],"tags":[],"yoast_head":"<!-- This site is optimized with the Yoast SEO plugin v21.4 - https:\/\/yoast.com\/wordpress\/plugins\/seo\/ -->\n<title>Emerg\u00eancia meteorol\u00f3gica: saiba quando acionar Bombeiros Militares ou Defesa Civil -<\/title>\n<meta name=\"robots\" content=\"index, follow, max-snippet:-1, max-image-preview:large, max-video-preview:-1\" \/>\n<link rel=\"canonical\" href=\"https:\/\/sulsc.com\/index.php\/2023\/10\/04\/emergencia-meteorologica-saiba-quando-acionar-bombeiros-militares-ou-defesa-civil\/\" \/>\n<meta property=\"og:locale\" content=\"en_US\" \/>\n<meta property=\"og:type\" content=\"article\" \/>\n<meta property=\"og:title\" content=\"Emerg\u00eancia meteorol\u00f3gica: saiba quando acionar Bombeiros Militares ou Defesa Civil -\" \/>\n<meta property=\"og:description\" content=\"A Defesa Civil do Estado emitiu alerta para a noite desta ter\u00e7a-feira (3), e para quarta (4), devido \u00e0 previs\u00e3o de temporais e chuva volumosa. Essas condi\u00e7\u00f5es s\u00e3o trazidas por uma frente fria que se aproxima. Quem mora em Santa Catarina sabe que as mudan\u00e7as nas condi\u00e7\u00f5es meteorol\u00f3gicas s\u00e3o frequentes e repentinas. N\u00e3o \u00e9 raro &hellip; Emerg\u00eancia meteorol\u00f3gica: saiba quando acionar Bombeiros Militares ou Defesa Civil Read More &raquo;\" \/>\n<meta property=\"og:url\" content=\"https:\/\/sulsc.com\/index.php\/2023\/10\/04\/emergencia-meteorologica-saiba-quando-acionar-bombeiros-militares-ou-defesa-civil\/\" \/>\n<meta property=\"article:author\" content=\"https:\/\/www.facebook.com\/profile.php?id=61559278119680\" \/>\n<meta property=\"article:published_time\" content=\"2023-10-04T14:40:14+00:00\" \/>\n<meta property=\"article:modified_time\" content=\"2023-10-04T14:40:26+00:00\" \/>\n<meta property=\"og:image\" content=\"https:\/\/sulsc.com\/wp-content\/uploads\/2023\/10\/chuvas_em_sc.jpeg\" \/>\n\t<meta property=\"og:image:width\" content=\"620\" \/>\n\t<meta property=\"og:image:height\" content=\"362\" \/>\n\t<meta property=\"og:image:type\" content=\"image\/jpeg\" \/>\n<meta name=\"author\" content=\"Reda\u00e7\u00e3o Sul SC\" \/>\n<meta name=\"twitter:card\" content=\"summary_large_image\" \/>\n<meta name=\"twitter:creator\" content=\"@https:\/\/twitter.com\/PortalSulSC\" \/>\n<meta name=\"twitter:label1\" content=\"Written by\" \/>\n\t<meta name=\"twitter:data1\" content=\"Reda\u00e7\u00e3o Sul SC\" \/>\n\t<meta name=\"twitter:label2\" content=\"Est. reading time\" \/>\n\t<meta name=\"twitter:data2\" content=\"4 minutes\" \/>\n<script type=\"application\/ld+json\" class=\"yoast-schema-graph\">{\"@context\":\"https:\/\/schema.org\",\"@graph\":[{\"@type\":\"WebPage\",\"@id\":\"https:\/\/sulsc.com\/index.php\/2023\/10\/04\/emergencia-meteorologica-saiba-quando-acionar-bombeiros-militares-ou-defesa-civil\/\",\"url\":\"https:\/\/sulsc.com\/index.php\/2023\/10\/04\/emergencia-meteorologica-saiba-quando-acionar-bombeiros-militares-ou-defesa-civil\/\",\"name\":\"Emerg\u00eancia meteorol\u00f3gica: saiba quando acionar Bombeiros Militares ou Defesa Civil -\",\"isPartOf\":{\"@id\":\"https:\/\/sulsc.com\/#website\"},\"datePublished\":\"2023-10-04T14:40:14+00:00\",\"dateModified\":\"2023-10-04T14:40:26+00:00\",\"author\":{\"@id\":\"https:\/\/sulsc.com\/#\/schema\/person\/84d2fc571684f6248ba83092f07750a3\"},\"breadcrumb\":{\"@id\":\"https:\/\/sulsc.com\/index.php\/2023\/10\/04\/emergencia-meteorologica-saiba-quando-acionar-bombeiros-militares-ou-defesa-civil\/#breadcrumb\"},\"inLanguage\":\"en-US\",\"potentialAction\":[{\"@type\":\"ReadAction\",\"target\":[\"https:\/\/sulsc.com\/index.php\/2023\/10\/04\/emergencia-meteorologica-saiba-quando-acionar-bombeiros-militares-ou-defesa-civil\/\"]}]},{\"@type\":\"BreadcrumbList\",\"@id\":\"https:\/\/sulsc.com\/index.php\/2023\/10\/04\/emergencia-meteorologica-saiba-quando-acionar-bombeiros-militares-ou-defesa-civil\/#breadcrumb\",\"itemListElement\":[{\"@type\":\"ListItem\",\"position\":1,\"name\":\"In\u00edcio\",\"item\":\"https:\/\/sulsc.com\/\"},{\"@type\":\"ListItem\",\"position\":2,\"name\":\"Emerg\u00eancia meteorol\u00f3gica: saiba quando acionar Bombeiros Militares ou Defesa Civil\"}]},{\"@type\":\"WebSite\",\"@id\":\"https:\/\/sulsc.com\/#website\",\"url\":\"https:\/\/sulsc.com\/\",\"name\":\"\",\"description\":\"\",\"potentialAction\":[{\"@type\":\"SearchAction\",\"target\":{\"@type\":\"EntryPoint\",\"urlTemplate\":\"https:\/\/sulsc.com\/?s={search_term_string}\"},\"query-input\":\"required name=search_term_string\"}],\"inLanguage\":\"en-US\"},{\"@type\":\"Person\",\"@id\":\"https:\/\/sulsc.com\/#\/schema\/person\/84d2fc571684f6248ba83092f07750a3\",\"name\":\"Reda\u00e7\u00e3o Sul SC\",\"image\":{\"@type\":\"ImageObject\",\"inLanguage\":\"en-US\",\"@id\":\"https:\/\/sulsc.com\/#\/schema\/person\/image\/e08d7fe2cc4ed596372063bbe852b8d0\",\"url\":\"https:\/\/sulsc.com\/wp-content\/uploads\/2023\/09\/redacao.png\",\"contentUrl\":\"https:\/\/sulsc.com\/wp-content\/uploads\/2023\/09\/redacao.png\",\"caption\":\"Reda\u00e7\u00e3o Sul SC\"},\"description\":\"Foco em um jornalismo imparcial, voltado \u00e0 qualidade dos seus conte\u00fados e, assim, levar informa\u00e7\u00e3o de valor que agregue \u00e0 vida dos leitores. Esta \u00e9 grande miss\u00e3o do Portal de Not\u00edcias Sul SC. N\u00e3o \u00e9 quantidade que muda o mundo, sempre foi e seguir\u00e1 sendo qualidade!\",\"sameAs\":[\"https:\/\/sulsc.com\/\",\"https:\/\/www.facebook.com\/profile.php?id=61559278119680\",\"https:\/\/www.instagram.com\/sulscportal\/?hl=pt-br\",\"https:\/\/twitter.com\/https:\/\/twitter.com\/PortalSulSC\",\"https:\/\/www.youtube.com\/channel\/UCv_BE8GeySluDov2n8qhVmw\"],\"url\":\"https:\/\/sulsc.com\/index.php\/author\/redacao\/\"}]}<\/script>\n<!-- \/ Yoast SEO plugin. -->","yoast_head_json":{"title":"Emerg\u00eancia meteorol\u00f3gica: saiba quando acionar Bombeiros Militares ou Defesa Civil -","robots":{"index":"index","follow":"follow","max-snippet":"max-snippet:-1","max-image-preview":"max-image-preview:large","max-video-preview":"max-video-preview:-1"},"canonical":"https:\/\/sulsc.com\/index.php\/2023\/10\/04\/emergencia-meteorologica-saiba-quando-acionar-bombeiros-militares-ou-defesa-civil\/","og_locale":"en_US","og_type":"article","og_title":"Emerg\u00eancia meteorol\u00f3gica: saiba quando acionar Bombeiros Militares ou Defesa Civil -","og_description":"A Defesa Civil do Estado emitiu alerta para a noite desta ter\u00e7a-feira (3), e para quarta (4), devido \u00e0 previs\u00e3o de temporais e chuva volumosa. Essas condi\u00e7\u00f5es s\u00e3o trazidas por uma frente fria que se aproxima. Quem mora em Santa Catarina sabe que as mudan\u00e7as nas condi\u00e7\u00f5es meteorol\u00f3gicas s\u00e3o frequentes e repentinas. N\u00e3o \u00e9 raro &hellip; Emerg\u00eancia meteorol\u00f3gica: saiba quando acionar Bombeiros Militares ou Defesa Civil Read More &raquo;","og_url":"https:\/\/sulsc.com\/index.php\/2023\/10\/04\/emergencia-meteorologica-saiba-quando-acionar-bombeiros-militares-ou-defesa-civil\/","article_author":"https:\/\/www.facebook.com\/profile.php?id=61559278119680","article_published_time":"2023-10-04T14:40:14+00:00","article_modified_time":"2023-10-04T14:40:26+00:00","og_image":[{"width":620,"height":362,"url":"https:\/\/sulsc.com\/wp-content\/uploads\/2023\/10\/chuvas_em_sc.jpeg","type":"image\/jpeg"}],"author":"Reda\u00e7\u00e3o Sul SC","twitter_card":"summary_large_image","twitter_creator":"@https:\/\/twitter.com\/PortalSulSC","twitter_misc":{"Written by":"Reda\u00e7\u00e3o Sul SC","Est. reading time":"4 minutes"},"schema":{"@context":"https:\/\/schema.org","@graph":[{"@type":"WebPage","@id":"https:\/\/sulsc.com\/index.php\/2023\/10\/04\/emergencia-meteorologica-saiba-quando-acionar-bombeiros-militares-ou-defesa-civil\/","url":"https:\/\/sulsc.com\/index.php\/2023\/10\/04\/emergencia-meteorologica-saiba-quando-acionar-bombeiros-militares-ou-defesa-civil\/","name":"Emerg\u00eancia meteorol\u00f3gica: saiba quando acionar Bombeiros Militares ou Defesa Civil -","isPartOf":{"@id":"https:\/\/sulsc.com\/#website"},"datePublished":"2023-10-04T14:40:14+00:00","dateModified":"2023-10-04T14:40:26+00:00","author":{"@id":"https:\/\/sulsc.com\/#\/schema\/person\/84d2fc571684f6248ba83092f07750a3"},"breadcrumb":{"@id":"https:\/\/sulsc.com\/index.php\/2023\/10\/04\/emergencia-meteorologica-saiba-quando-acionar-bombeiros-militares-ou-defesa-civil\/#breadcrumb"},"inLanguage":"en-US","potentialAction":[{"@type":"ReadAction","target":["https:\/\/sulsc.com\/index.php\/2023\/10\/04\/emergencia-meteorologica-saiba-quando-acionar-bombeiros-militares-ou-defesa-civil\/"]}]},{"@type":"BreadcrumbList","@id":"https:\/\/sulsc.com\/index.php\/2023\/10\/04\/emergencia-meteorologica-saiba-quando-acionar-bombeiros-militares-ou-defesa-civil\/#breadcrumb","itemListElement":[{"@type":"ListItem","position":1,"name":"In\u00edcio","item":"https:\/\/sulsc.com\/"},{"@type":"ListItem","position":2,"name":"Emerg\u00eancia meteorol\u00f3gica: saiba quando acionar Bombeiros Militares ou Defesa Civil"}]},{"@type":"WebSite","@id":"https:\/\/sulsc.com\/#website","url":"https:\/\/sulsc.com\/","name":"","description":"","potentialAction":[{"@type":"SearchAction","target":{"@type":"EntryPoint","urlTemplate":"https:\/\/sulsc.com\/?s={search_term_string}"},"query-input":"required name=search_term_string"}],"inLanguage":"en-US"},{"@type":"Person","@id":"https:\/\/sulsc.com\/#\/schema\/person\/84d2fc571684f6248ba83092f07750a3","name":"Reda\u00e7\u00e3o Sul SC","image":{"@type":"ImageObject","inLanguage":"en-US","@id":"https:\/\/sulsc.com\/#\/schema\/person\/image\/e08d7fe2cc4ed596372063bbe852b8d0","url":"https:\/\/sulsc.com\/wp-content\/uploads\/2023\/09\/redacao.png","contentUrl":"https:\/\/sulsc.com\/wp-content\/uploads\/2023\/09\/redacao.png","caption":"Reda\u00e7\u00e3o Sul SC"},"description":"Foco em um jornalismo imparcial, voltado \u00e0 qualidade dos seus conte\u00fados e, assim, levar informa\u00e7\u00e3o de valor que agregue \u00e0 vida dos leitores. Esta \u00e9 grande miss\u00e3o do Portal de Not\u00edcias Sul SC. N\u00e3o \u00e9 quantidade que muda o mundo, sempre foi e seguir\u00e1 sendo qualidade!","sameAs":["https:\/\/sulsc.com\/","https:\/\/www.facebook.com\/profile.php?id=61559278119680","https:\/\/www.instagram.com\/sulscportal\/?hl=pt-br","https:\/\/twitter.com\/https:\/\/twitter.com\/PortalSulSC","https:\/\/www.youtube.com\/channel\/UCv_BE8GeySluDov2n8qhVmw"],"url":"https:\/\/sulsc.com\/index.php\/author\/redacao\/"}]}},"authors":[],"_links":{"self":[{"href":"https:\/\/sulsc.com\/index.php\/wp-json\/wp\/v2\/posts\/1812"}],"collection":[{"href":"https:\/\/sulsc.com\/index.php\/wp-json\/wp\/v2\/posts"}],"about":[{"href":"https:\/\/sulsc.com\/index.php\/wp-json\/wp\/v2\/types\/post"}],"author":[{"embeddable":true,"href":"https:\/\/sulsc.com\/index.php\/wp-json\/wp\/v2\/users\/3"}],"replies":[{"embeddable":true,"href":"https:\/\/sulsc.com\/index.php\/wp-json\/wp\/v2\/comments?post=1812"}],"version-history":[{"count":1,"href":"https:\/\/sulsc.com\/index.php\/wp-json\/wp\/v2\/posts\/1812\/revisions"}],"predecessor-version":[{"id":1814,"href":"https:\/\/sulsc.com\/index.php\/wp-json\/wp\/v2\/posts\/1812\/revisions\/1814"}],"wp:featuredmedia":[{"embeddable":true,"href":"https:\/\/sulsc.com\/index.php\/wp-json\/wp\/v2\/media\/1813"}],"wp:attachment":[{"href":"https:\/\/sulsc.com\/index.php\/wp-json\/wp\/v2\/media?parent=1812"}],"wp:term":[{"taxonomy":"category","embeddable":true,"href":"https:\/\/sulsc.com\/index.php\/wp-json\/wp\/v2\/categories?post=1812"},{"taxonomy":"post_tag","embeddable":true,"href":"https:\/\/sulsc.com\/index.php\/wp-json\/wp\/v2\/tags?post=1812"}],"curies":[{"name":"wp","href":"https:\/\/api.w.org\/{rel}","templated":true}]}}