{"id":18145,"date":"2024-12-06T19:42:32","date_gmt":"2024-12-06T22:42:32","guid":{"rendered":"https:\/\/sulsc.com\/?p=18145"},"modified":"2024-12-06T19:42:32","modified_gmt":"2024-12-06T22:42:32","slug":"secretaria-de-protecao-e-defesa-civil-de-tubarao-esta-em-alerta-por-conta-das-fortes-chuvas-que-sao-esperadas-para-o-sul-do-pais","status":"publish","type":"post","link":"https:\/\/sulsc.com\/index.php\/2024\/12\/06\/secretaria-de-protecao-e-defesa-civil-de-tubarao-esta-em-alerta-por-conta-das-fortes-chuvas-que-sao-esperadas-para-o-sul-do-pais\/","title":{"rendered":"Secretaria de Prote\u00e7\u00e3o e Defesa Civil de Tubar\u00e3o est\u00e1 em alerta por conta das fortes chuvas  que s\u00e3o esperadas para o Sul do pa\u00eds"},"content":{"rendered":"<p>A Secretaria de Prote\u00e7\u00e3o e Defesa Civil de Tubar\u00e3o est\u00e1 de prontid\u00e3o por conta da previs\u00e3o das chuvas intensas que s\u00e3o esperadas para o Sul do pa\u00eds nos pr\u00f3ximos dias.<\/p>\n<p>Nesta sexta-feira (6), gestores da secretaria participaram de uma reuni\u00e3o com meteorologistas da Defesa Civil do Estado para monitorar a situa\u00e7\u00e3o e alinhar estrat\u00e9gias. Para a regi\u00e3o da Amurel, at\u00e9 a pr\u00f3xima segunda-feira (9), \u00e9 esperado um volume de 60 a 80 mm de chuvas. Munic\u00edpios como Santa Rosa de Lima, Rio Fortuna e Gr\u00e3o Par\u00e1 podem ter de 100 a 120 mm.<\/p>\n<p><img fetchpriority=\"high\" decoding=\"async\" class=\"aligncenter size-full wp-image-18146\" src=\"http:\/\/sulsc.com\/wp-content\/uploads\/2024\/12\/CARD-ALERTA-DEFESA-CIVIL-2.png\" alt=\"\" width=\"800\" height=\"445\" srcset=\"https:\/\/sulsc.com\/wp-content\/uploads\/2024\/12\/CARD-ALERTA-DEFESA-CIVIL-2.png 800w, https:\/\/sulsc.com\/wp-content\/uploads\/2024\/12\/CARD-ALERTA-DEFESA-CIVIL-2-300x167.png 300w, https:\/\/sulsc.com\/wp-content\/uploads\/2024\/12\/CARD-ALERTA-DEFESA-CIVIL-2-768x427.png 768w\" sizes=\"(max-width: 800px) 100vw, 800px\" \/><\/p>\n<p>Por conta disso, o prefeito Jairo Cascaes j\u00e1 encaminhou algumas a\u00e7\u00f5es preventivas, caso as chuvas causem algum impacto em Tubar\u00e3o. A Secretaria de Infraestrutura, Secretaria de Agricultura e Interior e Secretaria de Servi\u00e7os P\u00fablicos est\u00e3o mobilizadas para atuar de maneira imediata com servidores e maquin\u00e1rios em caso de situa\u00e7\u00f5es emergenciais. A Secretaria de Desenvolvimento Social e a Secretaria de Seguran\u00e7a, Tr\u00e2nsito e Patrim\u00f4nio tamb\u00e9m fazem parte dessa for\u00e7a-tarefa preventiva.<\/p>\n<p><strong>Aten\u00e7\u00e3o<\/strong><\/p>\n<p>Em caso de situa\u00e7\u00f5es de risco ou sensa\u00e7\u00e3o de inseguran\u00e7a, a popula\u00e7\u00e3o deve acionar a <strong>Defesa Civil (telefone 199), Guarda Municipal (telefone 153), Corpo de Bombeiros (193) ou Pol\u00edcia Militar (190).<\/strong><\/p>\n","protected":false},"excerpt":{"rendered":"<p>A Secretaria de Prote\u00e7\u00e3o e Defesa Civil de Tubar\u00e3o est\u00e1 de prontid\u00e3o por conta da previs\u00e3o das chuvas intensas que s\u00e3o esperadas para o Sul do pa\u00eds nos pr\u00f3ximos dias. Nesta sexta-feira (6), gestores da secretaria participaram de uma reuni\u00e3o com meteorologistas da Defesa Civil do Estado para monitorar a situa\u00e7\u00e3o e alinhar estrat\u00e9gias. Para &hellip;<\/p>\n<p class=\"read-more\"> <a class=\"\" href=\"https:\/\/sulsc.com\/index.php\/2024\/12\/06\/secretaria-de-protecao-e-defesa-civil-de-tubarao-esta-em-alerta-por-conta-das-fortes-chuvas-que-sao-esperadas-para-o-sul-do-pais\/\"> <span class=\"screen-reader-text\">Secretaria de Prote\u00e7\u00e3o e Defesa Civil de Tubar\u00e3o est\u00e1 em alerta por conta das fortes chuvas  que s\u00e3o esperadas para o Sul do pa\u00eds<\/span> Read More &raquo;<\/a><\/p>\n","protected":false},"author":3,"featured_media":18146,"comment_status":"open","ping_status":"open","sticky":false,"template":"","format":"standard","meta":{"site-sidebar-layout":"default","site-content-layout":"","ast-site-content-layout":"default","site-content-style":"default","site-sidebar-style":"default","ast-global-header-display":"","ast-banner-title-visibility":"","ast-main-header-display":"","ast-hfb-above-header-display":"","ast-hfb-below-header-display":"","ast-hfb-mobile-header-display":"","site-post-title":"","ast-breadcrumbs-content":"","ast-featured-img":"","footer-sml-layout":"","theme-transparent-header-meta":"default","adv-header-id-meta":"","stick-header-meta":"","header-above-stick-meta":"","header-main-stick-meta":"","header-below-stick-meta":"","astra-migrate-meta-layouts":"set","footnotes":""},"categories":[38],"tags":[180],"yoast_head":"<!-- This site is optimized with the Yoast SEO plugin v21.4 - https:\/\/yoast.com\/wordpress\/plugins\/seo\/ -->\n<title>Secretaria de Prote\u00e7\u00e3o e Defesa Civil de Tubar\u00e3o est\u00e1 em alerta por conta das fortes chuvas que s\u00e3o esperadas para o Sul do pa\u00eds -<\/title>\n<meta name=\"description\" content=\"Para a regi\u00e3o da Amurel at\u00e9 a pr\u00f3xima segunda-feira 9) \u00e9 esperado um volume de 60 a 80 mm de chuvas em caso de risco ligue Defesa Civil 199\" \/>\n<meta name=\"robots\" content=\"index, follow, max-snippet:-1, max-image-preview:large, max-video-preview:-1\" \/>\n<link rel=\"canonical\" href=\"https:\/\/sulsc.com\/index.php\/2024\/12\/06\/secretaria-de-protecao-e-defesa-civil-de-tubarao-esta-em-alerta-por-conta-das-fortes-chuvas-que-sao-esperadas-para-o-sul-do-pais\/\" \/>\n<meta property=\"og:locale\" content=\"en_US\" \/>\n<meta property=\"og:type\" content=\"article\" \/>\n<meta property=\"og:title\" content=\"Secretaria de Prote\u00e7\u00e3o e Defesa Civil de Tubar\u00e3o est\u00e1 em alerta por conta das fortes chuvas que s\u00e3o esperadas para o Sul do pa\u00eds -\" \/>\n<meta property=\"og:description\" content=\"Para a regi\u00e3o da Amurel at\u00e9 a pr\u00f3xima segunda-feira 9) \u00e9 esperado um volume de 60 a 80 mm de chuvas em caso de risco ligue Defesa Civil 199\" \/>\n<meta property=\"og:url\" content=\"https:\/\/sulsc.com\/index.php\/2024\/12\/06\/secretaria-de-protecao-e-defesa-civil-de-tubarao-esta-em-alerta-por-conta-das-fortes-chuvas-que-sao-esperadas-para-o-sul-do-pais\/\" \/>\n<meta property=\"article:author\" content=\"https:\/\/www.facebook.com\/profile.php?id=61559278119680\" \/>\n<meta property=\"article:published_time\" content=\"2024-12-06T22:42:32+00:00\" \/>\n<meta property=\"og:image\" content=\"http:\/\/sulsc.com\/wp-content\/uploads\/2024\/12\/CARD-ALERTA-DEFESA-CIVIL-2.png\" \/>\n\t<meta property=\"og:image:width\" content=\"800\" \/>\n\t<meta property=\"og:image:height\" content=\"445\" \/>\n\t<meta property=\"og:image:type\" content=\"image\/png\" \/>\n<meta name=\"author\" content=\"Reda\u00e7\u00e3o Sul SC\" \/>\n<meta name=\"twitter:card\" content=\"summary_large_image\" \/>\n<meta name=\"twitter:creator\" content=\"@https:\/\/twitter.com\/PortalSulSC\" \/>\n<meta name=\"twitter:label1\" content=\"Written by\" \/>\n\t<meta name=\"twitter:data1\" content=\"Reda\u00e7\u00e3o Sul SC\" \/>\n\t<meta name=\"twitter:label2\" content=\"Est. reading time\" \/>\n\t<meta name=\"twitter:data2\" content=\"2 minutes\" \/>\n<script type=\"application\/ld+json\" class=\"yoast-schema-graph\">{\"@context\":\"https:\/\/schema.org\",\"@graph\":[{\"@type\":\"WebPage\",\"@id\":\"https:\/\/sulsc.com\/index.php\/2024\/12\/06\/secretaria-de-protecao-e-defesa-civil-de-tubarao-esta-em-alerta-por-conta-das-fortes-chuvas-que-sao-esperadas-para-o-sul-do-pais\/\",\"url\":\"https:\/\/sulsc.com\/index.php\/2024\/12\/06\/secretaria-de-protecao-e-defesa-civil-de-tubarao-esta-em-alerta-por-conta-das-fortes-chuvas-que-sao-esperadas-para-o-sul-do-pais\/\",\"name\":\"Secretaria de Prote\u00e7\u00e3o e Defesa Civil de Tubar\u00e3o est\u00e1 em alerta por conta das fortes chuvas que s\u00e3o esperadas para o Sul do pa\u00eds -\",\"isPartOf\":{\"@id\":\"https:\/\/sulsc.com\/#website\"},\"datePublished\":\"2024-12-06T22:42:32+00:00\",\"dateModified\":\"2024-12-06T22:42:32+00:00\",\"author\":{\"@id\":\"https:\/\/sulsc.com\/#\/schema\/person\/84d2fc571684f6248ba83092f07750a3\"},\"description\":\"Para a regi\u00e3o da Amurel at\u00e9 a pr\u00f3xima segunda-feira 9) \u00e9 esperado um volume de 60 a 80 mm de chuvas em caso de risco ligue Defesa Civil 199\",\"breadcrumb\":{\"@id\":\"https:\/\/sulsc.com\/index.php\/2024\/12\/06\/secretaria-de-protecao-e-defesa-civil-de-tubarao-esta-em-alerta-por-conta-das-fortes-chuvas-que-sao-esperadas-para-o-sul-do-pais\/#breadcrumb\"},\"inLanguage\":\"en-US\",\"potentialAction\":[{\"@type\":\"ReadAction\",\"target\":[\"https:\/\/sulsc.com\/index.php\/2024\/12\/06\/secretaria-de-protecao-e-defesa-civil-de-tubarao-esta-em-alerta-por-conta-das-fortes-chuvas-que-sao-esperadas-para-o-sul-do-pais\/\"]}]},{\"@type\":\"BreadcrumbList\",\"@id\":\"https:\/\/sulsc.com\/index.php\/2024\/12\/06\/secretaria-de-protecao-e-defesa-civil-de-tubarao-esta-em-alerta-por-conta-das-fortes-chuvas-que-sao-esperadas-para-o-sul-do-pais\/#breadcrumb\",\"itemListElement\":[{\"@type\":\"ListItem\",\"position\":1,\"name\":\"In\u00edcio\",\"item\":\"https:\/\/sulsc.com\/\"},{\"@type\":\"ListItem\",\"position\":2,\"name\":\"Secretaria de Prote\u00e7\u00e3o e Defesa Civil de Tubar\u00e3o est\u00e1 em alerta por conta das fortes chuvas que s\u00e3o esperadas para o Sul do pa\u00eds\"}]},{\"@type\":\"WebSite\",\"@id\":\"https:\/\/sulsc.com\/#website\",\"url\":\"https:\/\/sulsc.com\/\",\"name\":\"\",\"description\":\"\",\"potentialAction\":[{\"@type\":\"SearchAction\",\"target\":{\"@type\":\"EntryPoint\",\"urlTemplate\":\"https:\/\/sulsc.com\/?s={search_term_string}\"},\"query-input\":\"required name=search_term_string\"}],\"inLanguage\":\"en-US\"},{\"@type\":\"Person\",\"@id\":\"https:\/\/sulsc.com\/#\/schema\/person\/84d2fc571684f6248ba83092f07750a3\",\"name\":\"Reda\u00e7\u00e3o Sul SC\",\"image\":{\"@type\":\"ImageObject\",\"inLanguage\":\"en-US\",\"@id\":\"https:\/\/sulsc.com\/#\/schema\/person\/image\/e08d7fe2cc4ed596372063bbe852b8d0\",\"url\":\"https:\/\/sulsc.com\/wp-content\/uploads\/2023\/09\/redacao.png\",\"contentUrl\":\"https:\/\/sulsc.com\/wp-content\/uploads\/2023\/09\/redacao.png\",\"caption\":\"Reda\u00e7\u00e3o Sul SC\"},\"description\":\"Foco em um jornalismo imparcial, voltado \u00e0 qualidade dos seus conte\u00fados e, assim, levar informa\u00e7\u00e3o de valor que agregue \u00e0 vida dos leitores. Esta \u00e9 grande miss\u00e3o do Portal de Not\u00edcias Sul SC. N\u00e3o \u00e9 quantidade que muda o mundo, sempre foi e seguir\u00e1 sendo qualidade!\",\"sameAs\":[\"https:\/\/sulsc.com\/\",\"https:\/\/www.facebook.com\/profile.php?id=61559278119680\",\"https:\/\/www.instagram.com\/sulscportal\/?hl=pt-br\",\"https:\/\/twitter.com\/https:\/\/twitter.com\/PortalSulSC\",\"https:\/\/www.youtube.com\/channel\/UCv_BE8GeySluDov2n8qhVmw\"],\"url\":\"https:\/\/sulsc.com\/index.php\/author\/redacao\/\"}]}<\/script>\n<!-- \/ Yoast SEO plugin. -->","yoast_head_json":{"title":"Secretaria de Prote\u00e7\u00e3o e Defesa Civil de Tubar\u00e3o est\u00e1 em alerta por conta das fortes chuvas que s\u00e3o esperadas para o Sul do pa\u00eds -","description":"Para a regi\u00e3o da Amurel at\u00e9 a pr\u00f3xima segunda-feira 9) \u00e9 esperado um volume de 60 a 80 mm de chuvas em caso de risco ligue Defesa Civil 199","robots":{"index":"index","follow":"follow","max-snippet":"max-snippet:-1","max-image-preview":"max-image-preview:large","max-video-preview":"max-video-preview:-1"},"canonical":"https:\/\/sulsc.com\/index.php\/2024\/12\/06\/secretaria-de-protecao-e-defesa-civil-de-tubarao-esta-em-alerta-por-conta-das-fortes-chuvas-que-sao-esperadas-para-o-sul-do-pais\/","og_locale":"en_US","og_type":"article","og_title":"Secretaria de Prote\u00e7\u00e3o e Defesa Civil de Tubar\u00e3o est\u00e1 em alerta por conta das fortes chuvas que s\u00e3o esperadas para o Sul do pa\u00eds -","og_description":"Para a regi\u00e3o da Amurel at\u00e9 a pr\u00f3xima segunda-feira 9) \u00e9 esperado um volume de 60 a 80 mm de chuvas em caso de risco ligue Defesa Civil 199","og_url":"https:\/\/sulsc.com\/index.php\/2024\/12\/06\/secretaria-de-protecao-e-defesa-civil-de-tubarao-esta-em-alerta-por-conta-das-fortes-chuvas-que-sao-esperadas-para-o-sul-do-pais\/","article_author":"https:\/\/www.facebook.com\/profile.php?id=61559278119680","article_published_time":"2024-12-06T22:42:32+00:00","og_image":[{"width":800,"height":445,"url":"http:\/\/sulsc.com\/wp-content\/uploads\/2024\/12\/CARD-ALERTA-DEFESA-CIVIL-2.png","type":"image\/png"}],"author":"Reda\u00e7\u00e3o Sul SC","twitter_card":"summary_large_image","twitter_creator":"@https:\/\/twitter.com\/PortalSulSC","twitter_misc":{"Written by":"Reda\u00e7\u00e3o Sul SC","Est. reading time":"2 minutes"},"schema":{"@context":"https:\/\/schema.org","@graph":[{"@type":"WebPage","@id":"https:\/\/sulsc.com\/index.php\/2024\/12\/06\/secretaria-de-protecao-e-defesa-civil-de-tubarao-esta-em-alerta-por-conta-das-fortes-chuvas-que-sao-esperadas-para-o-sul-do-pais\/","url":"https:\/\/sulsc.com\/index.php\/2024\/12\/06\/secretaria-de-protecao-e-defesa-civil-de-tubarao-esta-em-alerta-por-conta-das-fortes-chuvas-que-sao-esperadas-para-o-sul-do-pais\/","name":"Secretaria de Prote\u00e7\u00e3o e Defesa Civil de Tubar\u00e3o est\u00e1 em alerta por conta das fortes chuvas que s\u00e3o esperadas para o Sul do pa\u00eds -","isPartOf":{"@id":"https:\/\/sulsc.com\/#website"},"datePublished":"2024-12-06T22:42:32+00:00","dateModified":"2024-12-06T22:42:32+00:00","author":{"@id":"https:\/\/sulsc.com\/#\/schema\/person\/84d2fc571684f6248ba83092f07750a3"},"description":"Para a regi\u00e3o da Amurel at\u00e9 a pr\u00f3xima segunda-feira 9) \u00e9 esperado um volume de 60 a 80 mm de chuvas em caso de risco ligue Defesa Civil 199","breadcrumb":{"@id":"https:\/\/sulsc.com\/index.php\/2024\/12\/06\/secretaria-de-protecao-e-defesa-civil-de-tubarao-esta-em-alerta-por-conta-das-fortes-chuvas-que-sao-esperadas-para-o-sul-do-pais\/#breadcrumb"},"inLanguage":"en-US","potentialAction":[{"@type":"ReadAction","target":["https:\/\/sulsc.com\/index.php\/2024\/12\/06\/secretaria-de-protecao-e-defesa-civil-de-tubarao-esta-em-alerta-por-conta-das-fortes-chuvas-que-sao-esperadas-para-o-sul-do-pais\/"]}]},{"@type":"BreadcrumbList","@id":"https:\/\/sulsc.com\/index.php\/2024\/12\/06\/secretaria-de-protecao-e-defesa-civil-de-tubarao-esta-em-alerta-por-conta-das-fortes-chuvas-que-sao-esperadas-para-o-sul-do-pais\/#breadcrumb","itemListElement":[{"@type":"ListItem","position":1,"name":"In\u00edcio","item":"https:\/\/sulsc.com\/"},{"@type":"ListItem","position":2,"name":"Secretaria de Prote\u00e7\u00e3o e Defesa Civil de Tubar\u00e3o est\u00e1 em alerta por conta das fortes chuvas que s\u00e3o esperadas para o Sul do pa\u00eds"}]},{"@type":"WebSite","@id":"https:\/\/sulsc.com\/#website","url":"https:\/\/sulsc.com\/","name":"","description":"","potentialAction":[{"@type":"SearchAction","target":{"@type":"EntryPoint","urlTemplate":"https:\/\/sulsc.com\/?s={search_term_string}"},"query-input":"required name=search_term_string"}],"inLanguage":"en-US"},{"@type":"Person","@id":"https:\/\/sulsc.com\/#\/schema\/person\/84d2fc571684f6248ba83092f07750a3","name":"Reda\u00e7\u00e3o Sul SC","image":{"@type":"ImageObject","inLanguage":"en-US","@id":"https:\/\/sulsc.com\/#\/schema\/person\/image\/e08d7fe2cc4ed596372063bbe852b8d0","url":"https:\/\/sulsc.com\/wp-content\/uploads\/2023\/09\/redacao.png","contentUrl":"https:\/\/sulsc.com\/wp-content\/uploads\/2023\/09\/redacao.png","caption":"Reda\u00e7\u00e3o Sul SC"},"description":"Foco em um jornalismo imparcial, voltado \u00e0 qualidade dos seus conte\u00fados e, assim, levar informa\u00e7\u00e3o de valor que agregue \u00e0 vida dos leitores. Esta \u00e9 grande miss\u00e3o do Portal de Not\u00edcias Sul SC. N\u00e3o \u00e9 quantidade que muda o mundo, sempre foi e seguir\u00e1 sendo qualidade!","sameAs":["https:\/\/sulsc.com\/","https:\/\/www.facebook.com\/profile.php?id=61559278119680","https:\/\/www.instagram.com\/sulscportal\/?hl=pt-br","https:\/\/twitter.com\/https:\/\/twitter.com\/PortalSulSC","https:\/\/www.youtube.com\/channel\/UCv_BE8GeySluDov2n8qhVmw"],"url":"https:\/\/sulsc.com\/index.php\/author\/redacao\/"}]}},"authors":[],"_links":{"self":[{"href":"https:\/\/sulsc.com\/index.php\/wp-json\/wp\/v2\/posts\/18145"}],"collection":[{"href":"https:\/\/sulsc.com\/index.php\/wp-json\/wp\/v2\/posts"}],"about":[{"href":"https:\/\/sulsc.com\/index.php\/wp-json\/wp\/v2\/types\/post"}],"author":[{"embeddable":true,"href":"https:\/\/sulsc.com\/index.php\/wp-json\/wp\/v2\/users\/3"}],"replies":[{"embeddable":true,"href":"https:\/\/sulsc.com\/index.php\/wp-json\/wp\/v2\/comments?post=18145"}],"version-history":[{"count":1,"href":"https:\/\/sulsc.com\/index.php\/wp-json\/wp\/v2\/posts\/18145\/revisions"}],"predecessor-version":[{"id":18147,"href":"https:\/\/sulsc.com\/index.php\/wp-json\/wp\/v2\/posts\/18145\/revisions\/18147"}],"wp:featuredmedia":[{"embeddable":true,"href":"https:\/\/sulsc.com\/index.php\/wp-json\/wp\/v2\/media\/18146"}],"wp:attachment":[{"href":"https:\/\/sulsc.com\/index.php\/wp-json\/wp\/v2\/media?parent=18145"}],"wp:term":[{"taxonomy":"category","embeddable":true,"href":"https:\/\/sulsc.com\/index.php\/wp-json\/wp\/v2\/categories?post=18145"},{"taxonomy":"post_tag","embeddable":true,"href":"https:\/\/sulsc.com\/index.php\/wp-json\/wp\/v2\/tags?post=18145"}],"curies":[{"name":"wp","href":"https:\/\/api.w.org\/{rel}","templated":true}]}}