{"id":18167,"date":"2024-12-07T15:48:14","date_gmt":"2024-12-07T18:48:14","guid":{"rendered":"https:\/\/sulsc.com\/?p=18167"},"modified":"2024-12-07T15:48:14","modified_gmt":"2024-12-07T18:48:14","slug":"proerd-forma-759-criancas-em-imbituba","status":"publish","type":"post","link":"https:\/\/sulsc.com\/index.php\/2024\/12\/07\/proerd-forma-759-criancas-em-imbituba\/","title":{"rendered":"PROERD forma 759 crian\u00e7as em Imbituba"},"content":{"rendered":"<p>O Programa Educacional de Resist\u00eancia \u00e0s Drogas e \u00e0 Viol\u00eancia (PROERD), da Pol\u00edcia Militar, formou, na noite da \u00faltima quarta-feira (04), 759 crian\u00e7as, de 22 escolas de Imbituba. Participaram das aulas em 2024, turmas de escolas municipais, estaduais e particulares.<\/p>\n<p>O Gin\u00e1sio de Esportes Olivar Francisco, no Centro, ficou lotado para o evento, que reuniu alunos, professores e familiares dos formandos. Um grande espet\u00e1culo foi montado para a formatura.<\/p>\n<p>O PROERD, que chegou a 25\u00aa edi\u00e7\u00e3o em Imbituba, tem a parceria da Prefeitura de Imbituba, atrav\u00e9s da Secretaria Municipal de Educa\u00e7\u00e3o, Cultura e Esporte (SEDUCE), oferece atividades educacionais em sala de aula, como forma de preven\u00e7\u00e3o ao uso de drogas e \u00e0 viol\u00eancia.<\/p>\n<p>O evento, coordenado pelo Comandante do 34\u00ba Batalh\u00e3o de Pol\u00edcia Militar de Imbituba, Tenente-coronel Lu\u00eds Carlos Cruz dos Santos, contou com a presen\u00e7a do Prefeito de Imbituba, Rosenvaldo da Silva J\u00fanior, da Secret\u00e1ria Municipal de Educa\u00e7\u00e3o Cultura e Esporte, Kellin Marques Silveira, e do Secret\u00e1rio Municipal de Fiscaliza\u00e7\u00e3o, Douglas Silva e Souza.<\/p>\n","protected":false},"excerpt":{"rendered":"<p>O Programa Educacional de Resist\u00eancia \u00e0s Drogas e \u00e0 Viol\u00eancia (PROERD), da Pol\u00edcia Militar, formou, na noite da \u00faltima quarta-feira (04), 759 crian\u00e7as, de 22 escolas de Imbituba. Participaram das aulas em 2024, turmas de escolas municipais, estaduais e particulares. O Gin\u00e1sio de Esportes Olivar Francisco, no Centro, ficou lotado para o evento, que reuniu &hellip;<\/p>\n<p class=\"read-more\"> <a class=\"\" href=\"https:\/\/sulsc.com\/index.php\/2024\/12\/07\/proerd-forma-759-criancas-em-imbituba\/\"> <span class=\"screen-reader-text\">PROERD forma 759 crian\u00e7as em Imbituba<\/span> Read More &raquo;<\/a><\/p>\n","protected":false},"author":3,"featured_media":18168,"comment_status":"open","ping_status":"open","sticky":false,"template":"","format":"standard","meta":{"site-sidebar-layout":"default","site-content-layout":"","ast-site-content-layout":"default","site-content-style":"default","site-sidebar-style":"default","ast-global-header-display":"","ast-banner-title-visibility":"","ast-main-header-display":"","ast-hfb-above-header-display":"","ast-hfb-below-header-display":"","ast-hfb-mobile-header-display":"","site-post-title":"","ast-breadcrumbs-content":"","ast-featured-img":"","footer-sml-layout":"","theme-transparent-header-meta":"default","adv-header-id-meta":"","stick-header-meta":"","header-above-stick-meta":"","header-main-stick-meta":"","header-below-stick-meta":"","astra-migrate-meta-layouts":"set","footnotes":""},"categories":[1],"tags":[],"yoast_head":"<!-- This site is optimized with the Yoast SEO plugin v21.4 - https:\/\/yoast.com\/wordpress\/plugins\/seo\/ -->\n<title>PROERD forma 759 crian\u00e7as em Imbituba -<\/title>\n<meta name=\"robots\" content=\"index, follow, max-snippet:-1, max-image-preview:large, max-video-preview:-1\" \/>\n<link rel=\"canonical\" href=\"https:\/\/sulsc.com\/index.php\/2024\/12\/07\/proerd-forma-759-criancas-em-imbituba\/\" \/>\n<meta property=\"og:locale\" content=\"en_US\" \/>\n<meta property=\"og:type\" content=\"article\" \/>\n<meta property=\"og:title\" content=\"PROERD forma 759 crian\u00e7as em Imbituba -\" \/>\n<meta property=\"og:description\" content=\"O Programa Educacional de Resist\u00eancia \u00e0s Drogas e \u00e0 Viol\u00eancia (PROERD), da Pol\u00edcia Militar, formou, na noite da \u00faltima quarta-feira (04), 759 crian\u00e7as, de 22 escolas de Imbituba. Participaram das aulas em 2024, turmas de escolas municipais, estaduais e particulares. O Gin\u00e1sio de Esportes Olivar Francisco, no Centro, ficou lotado para o evento, que reuniu &hellip; PROERD forma 759 crian\u00e7as em Imbituba Read More &raquo;\" \/>\n<meta property=\"og:url\" content=\"https:\/\/sulsc.com\/index.php\/2024\/12\/07\/proerd-forma-759-criancas-em-imbituba\/\" \/>\n<meta property=\"article:author\" content=\"https:\/\/www.facebook.com\/profile.php?id=61559278119680\" \/>\n<meta property=\"article:published_time\" content=\"2024-12-07T18:48:14+00:00\" \/>\n<meta property=\"og:image\" content=\"http:\/\/sulsc.com\/wp-content\/uploads\/2024\/12\/WhatsApp-Image-2024-12-05-at-14.17.02-1024x576-1.jpeg\" \/>\n\t<meta property=\"og:image:width\" content=\"1024\" \/>\n\t<meta property=\"og:image:height\" content=\"576\" \/>\n\t<meta property=\"og:image:type\" content=\"image\/jpeg\" \/>\n<meta name=\"author\" content=\"Reda\u00e7\u00e3o Sul SC\" \/>\n<meta name=\"twitter:card\" content=\"summary_large_image\" \/>\n<meta name=\"twitter:creator\" content=\"@https:\/\/twitter.com\/PortalSulSC\" \/>\n<meta name=\"twitter:label1\" content=\"Written by\" \/>\n\t<meta name=\"twitter:data1\" content=\"Reda\u00e7\u00e3o Sul SC\" \/>\n\t<meta name=\"twitter:label2\" content=\"Est. reading time\" \/>\n\t<meta name=\"twitter:data2\" content=\"1 minute\" \/>\n<script type=\"application\/ld+json\" class=\"yoast-schema-graph\">{\"@context\":\"https:\/\/schema.org\",\"@graph\":[{\"@type\":\"WebPage\",\"@id\":\"https:\/\/sulsc.com\/index.php\/2024\/12\/07\/proerd-forma-759-criancas-em-imbituba\/\",\"url\":\"https:\/\/sulsc.com\/index.php\/2024\/12\/07\/proerd-forma-759-criancas-em-imbituba\/\",\"name\":\"PROERD forma 759 crian\u00e7as em Imbituba -\",\"isPartOf\":{\"@id\":\"https:\/\/sulsc.com\/#website\"},\"datePublished\":\"2024-12-07T18:48:14+00:00\",\"dateModified\":\"2024-12-07T18:48:14+00:00\",\"author\":{\"@id\":\"https:\/\/sulsc.com\/#\/schema\/person\/84d2fc571684f6248ba83092f07750a3\"},\"breadcrumb\":{\"@id\":\"https:\/\/sulsc.com\/index.php\/2024\/12\/07\/proerd-forma-759-criancas-em-imbituba\/#breadcrumb\"},\"inLanguage\":\"en-US\",\"potentialAction\":[{\"@type\":\"ReadAction\",\"target\":[\"https:\/\/sulsc.com\/index.php\/2024\/12\/07\/proerd-forma-759-criancas-em-imbituba\/\"]}]},{\"@type\":\"BreadcrumbList\",\"@id\":\"https:\/\/sulsc.com\/index.php\/2024\/12\/07\/proerd-forma-759-criancas-em-imbituba\/#breadcrumb\",\"itemListElement\":[{\"@type\":\"ListItem\",\"position\":1,\"name\":\"In\u00edcio\",\"item\":\"https:\/\/sulsc.com\/\"},{\"@type\":\"ListItem\",\"position\":2,\"name\":\"PROERD forma 759 crian\u00e7as em Imbituba\"}]},{\"@type\":\"WebSite\",\"@id\":\"https:\/\/sulsc.com\/#website\",\"url\":\"https:\/\/sulsc.com\/\",\"name\":\"\",\"description\":\"\",\"potentialAction\":[{\"@type\":\"SearchAction\",\"target\":{\"@type\":\"EntryPoint\",\"urlTemplate\":\"https:\/\/sulsc.com\/?s={search_term_string}\"},\"query-input\":\"required name=search_term_string\"}],\"inLanguage\":\"en-US\"},{\"@type\":\"Person\",\"@id\":\"https:\/\/sulsc.com\/#\/schema\/person\/84d2fc571684f6248ba83092f07750a3\",\"name\":\"Reda\u00e7\u00e3o Sul SC\",\"image\":{\"@type\":\"ImageObject\",\"inLanguage\":\"en-US\",\"@id\":\"https:\/\/sulsc.com\/#\/schema\/person\/image\/e08d7fe2cc4ed596372063bbe852b8d0\",\"url\":\"https:\/\/sulsc.com\/wp-content\/uploads\/2023\/09\/redacao.png\",\"contentUrl\":\"https:\/\/sulsc.com\/wp-content\/uploads\/2023\/09\/redacao.png\",\"caption\":\"Reda\u00e7\u00e3o Sul SC\"},\"description\":\"Foco em um jornalismo imparcial, voltado \u00e0 qualidade dos seus conte\u00fados e, assim, levar informa\u00e7\u00e3o de valor que agregue \u00e0 vida dos leitores. Esta \u00e9 grande miss\u00e3o do Portal de Not\u00edcias Sul SC. N\u00e3o \u00e9 quantidade que muda o mundo, sempre foi e seguir\u00e1 sendo qualidade!\",\"sameAs\":[\"https:\/\/sulsc.com\/\",\"https:\/\/www.facebook.com\/profile.php?id=61559278119680\",\"https:\/\/www.instagram.com\/sulscportal\/?hl=pt-br\",\"https:\/\/twitter.com\/https:\/\/twitter.com\/PortalSulSC\",\"https:\/\/www.youtube.com\/channel\/UCv_BE8GeySluDov2n8qhVmw\"],\"url\":\"https:\/\/sulsc.com\/index.php\/author\/redacao\/\"}]}<\/script>\n<!-- \/ Yoast SEO plugin. -->","yoast_head_json":{"title":"PROERD forma 759 crian\u00e7as em Imbituba -","robots":{"index":"index","follow":"follow","max-snippet":"max-snippet:-1","max-image-preview":"max-image-preview:large","max-video-preview":"max-video-preview:-1"},"canonical":"https:\/\/sulsc.com\/index.php\/2024\/12\/07\/proerd-forma-759-criancas-em-imbituba\/","og_locale":"en_US","og_type":"article","og_title":"PROERD forma 759 crian\u00e7as em Imbituba -","og_description":"O Programa Educacional de Resist\u00eancia \u00e0s Drogas e \u00e0 Viol\u00eancia (PROERD), da Pol\u00edcia Militar, formou, na noite da \u00faltima quarta-feira (04), 759 crian\u00e7as, de 22 escolas de Imbituba. Participaram das aulas em 2024, turmas de escolas municipais, estaduais e particulares. O Gin\u00e1sio de Esportes Olivar Francisco, no Centro, ficou lotado para o evento, que reuniu &hellip; PROERD forma 759 crian\u00e7as em Imbituba Read More &raquo;","og_url":"https:\/\/sulsc.com\/index.php\/2024\/12\/07\/proerd-forma-759-criancas-em-imbituba\/","article_author":"https:\/\/www.facebook.com\/profile.php?id=61559278119680","article_published_time":"2024-12-07T18:48:14+00:00","og_image":[{"width":1024,"height":576,"url":"http:\/\/sulsc.com\/wp-content\/uploads\/2024\/12\/WhatsApp-Image-2024-12-05-at-14.17.02-1024x576-1.jpeg","type":"image\/jpeg"}],"author":"Reda\u00e7\u00e3o Sul SC","twitter_card":"summary_large_image","twitter_creator":"@https:\/\/twitter.com\/PortalSulSC","twitter_misc":{"Written by":"Reda\u00e7\u00e3o Sul SC","Est. reading time":"1 minute"},"schema":{"@context":"https:\/\/schema.org","@graph":[{"@type":"WebPage","@id":"https:\/\/sulsc.com\/index.php\/2024\/12\/07\/proerd-forma-759-criancas-em-imbituba\/","url":"https:\/\/sulsc.com\/index.php\/2024\/12\/07\/proerd-forma-759-criancas-em-imbituba\/","name":"PROERD forma 759 crian\u00e7as em Imbituba -","isPartOf":{"@id":"https:\/\/sulsc.com\/#website"},"datePublished":"2024-12-07T18:48:14+00:00","dateModified":"2024-12-07T18:48:14+00:00","author":{"@id":"https:\/\/sulsc.com\/#\/schema\/person\/84d2fc571684f6248ba83092f07750a3"},"breadcrumb":{"@id":"https:\/\/sulsc.com\/index.php\/2024\/12\/07\/proerd-forma-759-criancas-em-imbituba\/#breadcrumb"},"inLanguage":"en-US","potentialAction":[{"@type":"ReadAction","target":["https:\/\/sulsc.com\/index.php\/2024\/12\/07\/proerd-forma-759-criancas-em-imbituba\/"]}]},{"@type":"BreadcrumbList","@id":"https:\/\/sulsc.com\/index.php\/2024\/12\/07\/proerd-forma-759-criancas-em-imbituba\/#breadcrumb","itemListElement":[{"@type":"ListItem","position":1,"name":"In\u00edcio","item":"https:\/\/sulsc.com\/"},{"@type":"ListItem","position":2,"name":"PROERD forma 759 crian\u00e7as em Imbituba"}]},{"@type":"WebSite","@id":"https:\/\/sulsc.com\/#website","url":"https:\/\/sulsc.com\/","name":"","description":"","potentialAction":[{"@type":"SearchAction","target":{"@type":"EntryPoint","urlTemplate":"https:\/\/sulsc.com\/?s={search_term_string}"},"query-input":"required name=search_term_string"}],"inLanguage":"en-US"},{"@type":"Person","@id":"https:\/\/sulsc.com\/#\/schema\/person\/84d2fc571684f6248ba83092f07750a3","name":"Reda\u00e7\u00e3o Sul SC","image":{"@type":"ImageObject","inLanguage":"en-US","@id":"https:\/\/sulsc.com\/#\/schema\/person\/image\/e08d7fe2cc4ed596372063bbe852b8d0","url":"https:\/\/sulsc.com\/wp-content\/uploads\/2023\/09\/redacao.png","contentUrl":"https:\/\/sulsc.com\/wp-content\/uploads\/2023\/09\/redacao.png","caption":"Reda\u00e7\u00e3o Sul SC"},"description":"Foco em um jornalismo imparcial, voltado \u00e0 qualidade dos seus conte\u00fados e, assim, levar informa\u00e7\u00e3o de valor que agregue \u00e0 vida dos leitores. Esta \u00e9 grande miss\u00e3o do Portal de Not\u00edcias Sul SC. N\u00e3o \u00e9 quantidade que muda o mundo, sempre foi e seguir\u00e1 sendo qualidade!","sameAs":["https:\/\/sulsc.com\/","https:\/\/www.facebook.com\/profile.php?id=61559278119680","https:\/\/www.instagram.com\/sulscportal\/?hl=pt-br","https:\/\/twitter.com\/https:\/\/twitter.com\/PortalSulSC","https:\/\/www.youtube.com\/channel\/UCv_BE8GeySluDov2n8qhVmw"],"url":"https:\/\/sulsc.com\/index.php\/author\/redacao\/"}]}},"authors":[],"_links":{"self":[{"href":"https:\/\/sulsc.com\/index.php\/wp-json\/wp\/v2\/posts\/18167"}],"collection":[{"href":"https:\/\/sulsc.com\/index.php\/wp-json\/wp\/v2\/posts"}],"about":[{"href":"https:\/\/sulsc.com\/index.php\/wp-json\/wp\/v2\/types\/post"}],"author":[{"embeddable":true,"href":"https:\/\/sulsc.com\/index.php\/wp-json\/wp\/v2\/users\/3"}],"replies":[{"embeddable":true,"href":"https:\/\/sulsc.com\/index.php\/wp-json\/wp\/v2\/comments?post=18167"}],"version-history":[{"count":1,"href":"https:\/\/sulsc.com\/index.php\/wp-json\/wp\/v2\/posts\/18167\/revisions"}],"predecessor-version":[{"id":18169,"href":"https:\/\/sulsc.com\/index.php\/wp-json\/wp\/v2\/posts\/18167\/revisions\/18169"}],"wp:featuredmedia":[{"embeddable":true,"href":"https:\/\/sulsc.com\/index.php\/wp-json\/wp\/v2\/media\/18168"}],"wp:attachment":[{"href":"https:\/\/sulsc.com\/index.php\/wp-json\/wp\/v2\/media?parent=18167"}],"wp:term":[{"taxonomy":"category","embeddable":true,"href":"https:\/\/sulsc.com\/index.php\/wp-json\/wp\/v2\/categories?post=18167"},{"taxonomy":"post_tag","embeddable":true,"href":"https:\/\/sulsc.com\/index.php\/wp-json\/wp\/v2\/tags?post=18167"}],"curies":[{"name":"wp","href":"https:\/\/api.w.org\/{rel}","templated":true}]}}