{"id":18174,"date":"2024-12-08T08:15:13","date_gmt":"2024-12-08T11:15:13","guid":{"rendered":"https:\/\/sulsc.com\/?p=18174"},"modified":"2024-12-08T08:15:13","modified_gmt":"2024-12-08T11:15:13","slug":"domingo-08-chuvoso-e-frente-fria-atuante-em-santa-catarina","status":"publish","type":"post","link":"https:\/\/sulsc.com\/index.php\/2024\/12\/08\/domingo-08-chuvoso-e-frente-fria-atuante-em-santa-catarina\/","title":{"rendered":"Domingo (08) chuvoso e frente fria atuante em Santa Catarina"},"content":{"rendered":"<p>No domingo (08), a frente fria adquire caracter\u00edsticas estacion\u00e1rias sobre o estado, que somada \u00e0 influ\u00eancia de uma \u00e1rea de baixa press\u00e3o no interior do continente, segue mantendo o tempo inst\u00e1vel com a ocorr\u00eancia de chuva intensa, eventualmente acompanhada de raios em v\u00e1rias regi\u00f5es, especialmente entre a tarde e noite.<\/p>\n<p>Embora a condi\u00e7\u00e3o seja menor, n\u00e3o descarta-se a ocorr\u00eancia de temporais com vento forte e granizo de forma isolada no Oeste. O risco permanece moderado a alto para ocorr\u00eancias associadas \u00e0 chuva intensa, persistente e volumosa como alagamentos, enxurradas e deslizamentos.<\/p>\n<p><img fetchpriority=\"high\" decoding=\"async\" class=\"aligncenter size-full wp-image-18175\" src=\"http:\/\/sulsc.com\/wp-content\/uploads\/2024\/12\/domingo.png\" alt=\"\" width=\"1024\" height=\"700\" srcset=\"https:\/\/sulsc.com\/wp-content\/uploads\/2024\/12\/domingo.png 1024w, https:\/\/sulsc.com\/wp-content\/uploads\/2024\/12\/domingo-300x205.png 300w, https:\/\/sulsc.com\/wp-content\/uploads\/2024\/12\/domingo-768x525.png 768w\" sizes=\"(max-width: 1024px) 100vw, 1024px\" \/><\/p>\n<p><img decoding=\"async\" class=\"aligncenter  wp-image-17436\" src=\"http:\/\/sulsc.com\/wp-content\/uploads\/2024\/11\/Tempo-2.png\" alt=\"\" width=\"665\" height=\"123\" srcset=\"https:\/\/sulsc.com\/wp-content\/uploads\/2024\/11\/Tempo-2.png 1024w, https:\/\/sulsc.com\/wp-content\/uploads\/2024\/11\/Tempo-2-300x55.png 300w, https:\/\/sulsc.com\/wp-content\/uploads\/2024\/11\/Tempo-2-768x142.png 768w\" sizes=\"(max-width: 665px) 100vw, 665px\" \/><\/p>\n<p>Em fun\u00e7\u00e3o do c\u00e9u encoberto e da chuva ao longo do dia, as temperaturas sobem pouco \u00e0 tarde, oscilando entre 15\u00b0C e 21\u00b0C na maioria das \u00e1reas. Os ventos variam de sudeste a nordeste pelo estado com rajadas entre 40 e 65 km\/h.<\/p>\n<p>Fonte: Defesa Civil SC\/Meteorologista: Fernando Rafael<\/p>\n","protected":false},"excerpt":{"rendered":"<p>No domingo (08), a frente fria adquire caracter\u00edsticas estacion\u00e1rias sobre o estado, que somada \u00e0 influ\u00eancia de uma \u00e1rea de baixa press\u00e3o no interior do continente, segue mantendo o tempo inst\u00e1vel com a ocorr\u00eancia de chuva intensa, eventualmente acompanhada de raios em v\u00e1rias regi\u00f5es, especialmente entre a tarde e noite. Embora a condi\u00e7\u00e3o seja menor, &hellip;<\/p>\n<p class=\"read-more\"> <a class=\"\" href=\"https:\/\/sulsc.com\/index.php\/2024\/12\/08\/domingo-08-chuvoso-e-frente-fria-atuante-em-santa-catarina\/\"> <span class=\"screen-reader-text\">Domingo (08) chuvoso e frente fria atuante em Santa Catarina<\/span> Read More &raquo;<\/a><\/p>\n","protected":false},"author":3,"featured_media":12162,"comment_status":"open","ping_status":"open","sticky":false,"template":"","format":"standard","meta":{"site-sidebar-layout":"default","site-content-layout":"","ast-site-content-layout":"default","site-content-style":"default","site-sidebar-style":"default","ast-global-header-display":"","ast-banner-title-visibility":"","ast-main-header-display":"","ast-hfb-above-header-display":"","ast-hfb-below-header-display":"","ast-hfb-mobile-header-display":"","site-post-title":"","ast-breadcrumbs-content":"","ast-featured-img":"","footer-sml-layout":"","theme-transparent-header-meta":"default","adv-header-id-meta":"","stick-header-meta":"","header-above-stick-meta":"","header-main-stick-meta":"","header-below-stick-meta":"","astra-migrate-meta-layouts":"set","footnotes":""},"categories":[38],"tags":[90],"yoast_head":"<!-- This site is optimized with the Yoast SEO plugin v21.4 - https:\/\/yoast.com\/wordpress\/plugins\/seo\/ -->\n<title>Domingo (08) chuvoso e frente fria atuante em Santa Catarina -<\/title>\n<meta name=\"description\" content=\"Em fun\u00e7\u00e3o do c\u00e9u encoberto e da chuva ao longo do dia as temperaturas sobem pouco \u00e0 tarde oscilando entre 15\u00b0C e 21\u00b0C na maioria das \u00e1reas\" \/>\n<meta name=\"robots\" content=\"index, follow, max-snippet:-1, max-image-preview:large, max-video-preview:-1\" \/>\n<link rel=\"canonical\" href=\"https:\/\/sulsc.com\/index.php\/2024\/12\/08\/domingo-08-chuvoso-e-frente-fria-atuante-em-santa-catarina\/\" \/>\n<meta property=\"og:locale\" content=\"en_US\" \/>\n<meta property=\"og:type\" content=\"article\" \/>\n<meta property=\"og:title\" content=\"Domingo (08) chuvoso e frente fria atuante em Santa Catarina -\" \/>\n<meta property=\"og:description\" content=\"Em fun\u00e7\u00e3o do c\u00e9u encoberto e da chuva ao longo do dia as temperaturas sobem pouco \u00e0 tarde oscilando entre 15\u00b0C e 21\u00b0C na maioria das \u00e1reas\" \/>\n<meta property=\"og:url\" content=\"https:\/\/sulsc.com\/index.php\/2024\/12\/08\/domingo-08-chuvoso-e-frente-fria-atuante-em-santa-catarina\/\" \/>\n<meta property=\"article:author\" content=\"https:\/\/www.facebook.com\/profile.php?id=61559278119680\" \/>\n<meta property=\"article:published_time\" content=\"2024-12-08T11:15:13+00:00\" \/>\n<meta property=\"og:image\" content=\"http:\/\/sulsc.com\/wp-content\/uploads\/2024\/05\/mau-tempo.jpeg\" \/>\n\t<meta property=\"og:image:width\" content=\"243\" \/>\n\t<meta property=\"og:image:height\" content=\"208\" \/>\n\t<meta property=\"og:image:type\" content=\"image\/jpeg\" \/>\n<meta name=\"author\" content=\"Reda\u00e7\u00e3o Sul SC\" \/>\n<meta name=\"twitter:card\" content=\"summary_large_image\" \/>\n<meta name=\"twitter:creator\" content=\"@https:\/\/twitter.com\/PortalSulSC\" \/>\n<meta name=\"twitter:label1\" content=\"Written by\" \/>\n\t<meta name=\"twitter:data1\" content=\"Reda\u00e7\u00e3o Sul SC\" \/>\n\t<meta name=\"twitter:label2\" content=\"Est. reading time\" \/>\n\t<meta name=\"twitter:data2\" content=\"2 minutes\" \/>\n<script type=\"application\/ld+json\" class=\"yoast-schema-graph\">{\"@context\":\"https:\/\/schema.org\",\"@graph\":[{\"@type\":\"WebPage\",\"@id\":\"https:\/\/sulsc.com\/index.php\/2024\/12\/08\/domingo-08-chuvoso-e-frente-fria-atuante-em-santa-catarina\/\",\"url\":\"https:\/\/sulsc.com\/index.php\/2024\/12\/08\/domingo-08-chuvoso-e-frente-fria-atuante-em-santa-catarina\/\",\"name\":\"Domingo (08) chuvoso e frente fria atuante em Santa Catarina -\",\"isPartOf\":{\"@id\":\"https:\/\/sulsc.com\/#website\"},\"datePublished\":\"2024-12-08T11:15:13+00:00\",\"dateModified\":\"2024-12-08T11:15:13+00:00\",\"author\":{\"@id\":\"https:\/\/sulsc.com\/#\/schema\/person\/84d2fc571684f6248ba83092f07750a3\"},\"description\":\"Em fun\u00e7\u00e3o do c\u00e9u encoberto e da chuva ao longo do dia as temperaturas sobem pouco \u00e0 tarde oscilando entre 15\u00b0C e 21\u00b0C na maioria das \u00e1reas\",\"breadcrumb\":{\"@id\":\"https:\/\/sulsc.com\/index.php\/2024\/12\/08\/domingo-08-chuvoso-e-frente-fria-atuante-em-santa-catarina\/#breadcrumb\"},\"inLanguage\":\"en-US\",\"potentialAction\":[{\"@type\":\"ReadAction\",\"target\":[\"https:\/\/sulsc.com\/index.php\/2024\/12\/08\/domingo-08-chuvoso-e-frente-fria-atuante-em-santa-catarina\/\"]}]},{\"@type\":\"BreadcrumbList\",\"@id\":\"https:\/\/sulsc.com\/index.php\/2024\/12\/08\/domingo-08-chuvoso-e-frente-fria-atuante-em-santa-catarina\/#breadcrumb\",\"itemListElement\":[{\"@type\":\"ListItem\",\"position\":1,\"name\":\"In\u00edcio\",\"item\":\"https:\/\/sulsc.com\/\"},{\"@type\":\"ListItem\",\"position\":2,\"name\":\"Domingo (08) chuvoso e frente fria atuante em Santa Catarina\"}]},{\"@type\":\"WebSite\",\"@id\":\"https:\/\/sulsc.com\/#website\",\"url\":\"https:\/\/sulsc.com\/\",\"name\":\"\",\"description\":\"\",\"potentialAction\":[{\"@type\":\"SearchAction\",\"target\":{\"@type\":\"EntryPoint\",\"urlTemplate\":\"https:\/\/sulsc.com\/?s={search_term_string}\"},\"query-input\":\"required name=search_term_string\"}],\"inLanguage\":\"en-US\"},{\"@type\":\"Person\",\"@id\":\"https:\/\/sulsc.com\/#\/schema\/person\/84d2fc571684f6248ba83092f07750a3\",\"name\":\"Reda\u00e7\u00e3o Sul SC\",\"image\":{\"@type\":\"ImageObject\",\"inLanguage\":\"en-US\",\"@id\":\"https:\/\/sulsc.com\/#\/schema\/person\/image\/e08d7fe2cc4ed596372063bbe852b8d0\",\"url\":\"https:\/\/sulsc.com\/wp-content\/uploads\/2023\/09\/redacao.png\",\"contentUrl\":\"https:\/\/sulsc.com\/wp-content\/uploads\/2023\/09\/redacao.png\",\"caption\":\"Reda\u00e7\u00e3o Sul SC\"},\"description\":\"Foco em um jornalismo imparcial, voltado \u00e0 qualidade dos seus conte\u00fados e, assim, levar informa\u00e7\u00e3o de valor que agregue \u00e0 vida dos leitores. Esta \u00e9 grande miss\u00e3o do Portal de Not\u00edcias Sul SC. N\u00e3o \u00e9 quantidade que muda o mundo, sempre foi e seguir\u00e1 sendo qualidade!\",\"sameAs\":[\"https:\/\/sulsc.com\/\",\"https:\/\/www.facebook.com\/profile.php?id=61559278119680\",\"https:\/\/www.instagram.com\/sulscportal\/?hl=pt-br\",\"https:\/\/twitter.com\/https:\/\/twitter.com\/PortalSulSC\",\"https:\/\/www.youtube.com\/channel\/UCv_BE8GeySluDov2n8qhVmw\"],\"url\":\"https:\/\/sulsc.com\/index.php\/author\/redacao\/\"}]}<\/script>\n<!-- \/ Yoast SEO plugin. -->","yoast_head_json":{"title":"Domingo (08) chuvoso e frente fria atuante em Santa Catarina -","description":"Em fun\u00e7\u00e3o do c\u00e9u encoberto e da chuva ao longo do dia as temperaturas sobem pouco \u00e0 tarde oscilando entre 15\u00b0C e 21\u00b0C na maioria das \u00e1reas","robots":{"index":"index","follow":"follow","max-snippet":"max-snippet:-1","max-image-preview":"max-image-preview:large","max-video-preview":"max-video-preview:-1"},"canonical":"https:\/\/sulsc.com\/index.php\/2024\/12\/08\/domingo-08-chuvoso-e-frente-fria-atuante-em-santa-catarina\/","og_locale":"en_US","og_type":"article","og_title":"Domingo (08) chuvoso e frente fria atuante em Santa Catarina -","og_description":"Em fun\u00e7\u00e3o do c\u00e9u encoberto e da chuva ao longo do dia as temperaturas sobem pouco \u00e0 tarde oscilando entre 15\u00b0C e 21\u00b0C na maioria das \u00e1reas","og_url":"https:\/\/sulsc.com\/index.php\/2024\/12\/08\/domingo-08-chuvoso-e-frente-fria-atuante-em-santa-catarina\/","article_author":"https:\/\/www.facebook.com\/profile.php?id=61559278119680","article_published_time":"2024-12-08T11:15:13+00:00","og_image":[{"width":243,"height":208,"url":"http:\/\/sulsc.com\/wp-content\/uploads\/2024\/05\/mau-tempo.jpeg","type":"image\/jpeg"}],"author":"Reda\u00e7\u00e3o Sul SC","twitter_card":"summary_large_image","twitter_creator":"@https:\/\/twitter.com\/PortalSulSC","twitter_misc":{"Written by":"Reda\u00e7\u00e3o Sul SC","Est. reading time":"2 minutes"},"schema":{"@context":"https:\/\/schema.org","@graph":[{"@type":"WebPage","@id":"https:\/\/sulsc.com\/index.php\/2024\/12\/08\/domingo-08-chuvoso-e-frente-fria-atuante-em-santa-catarina\/","url":"https:\/\/sulsc.com\/index.php\/2024\/12\/08\/domingo-08-chuvoso-e-frente-fria-atuante-em-santa-catarina\/","name":"Domingo (08) chuvoso e frente fria atuante em Santa Catarina -","isPartOf":{"@id":"https:\/\/sulsc.com\/#website"},"datePublished":"2024-12-08T11:15:13+00:00","dateModified":"2024-12-08T11:15:13+00:00","author":{"@id":"https:\/\/sulsc.com\/#\/schema\/person\/84d2fc571684f6248ba83092f07750a3"},"description":"Em fun\u00e7\u00e3o do c\u00e9u encoberto e da chuva ao longo do dia as temperaturas sobem pouco \u00e0 tarde oscilando entre 15\u00b0C e 21\u00b0C na maioria das \u00e1reas","breadcrumb":{"@id":"https:\/\/sulsc.com\/index.php\/2024\/12\/08\/domingo-08-chuvoso-e-frente-fria-atuante-em-santa-catarina\/#breadcrumb"},"inLanguage":"en-US","potentialAction":[{"@type":"ReadAction","target":["https:\/\/sulsc.com\/index.php\/2024\/12\/08\/domingo-08-chuvoso-e-frente-fria-atuante-em-santa-catarina\/"]}]},{"@type":"BreadcrumbList","@id":"https:\/\/sulsc.com\/index.php\/2024\/12\/08\/domingo-08-chuvoso-e-frente-fria-atuante-em-santa-catarina\/#breadcrumb","itemListElement":[{"@type":"ListItem","position":1,"name":"In\u00edcio","item":"https:\/\/sulsc.com\/"},{"@type":"ListItem","position":2,"name":"Domingo (08) chuvoso e frente fria atuante em Santa Catarina"}]},{"@type":"WebSite","@id":"https:\/\/sulsc.com\/#website","url":"https:\/\/sulsc.com\/","name":"","description":"","potentialAction":[{"@type":"SearchAction","target":{"@type":"EntryPoint","urlTemplate":"https:\/\/sulsc.com\/?s={search_term_string}"},"query-input":"required name=search_term_string"}],"inLanguage":"en-US"},{"@type":"Person","@id":"https:\/\/sulsc.com\/#\/schema\/person\/84d2fc571684f6248ba83092f07750a3","name":"Reda\u00e7\u00e3o Sul SC","image":{"@type":"ImageObject","inLanguage":"en-US","@id":"https:\/\/sulsc.com\/#\/schema\/person\/image\/e08d7fe2cc4ed596372063bbe852b8d0","url":"https:\/\/sulsc.com\/wp-content\/uploads\/2023\/09\/redacao.png","contentUrl":"https:\/\/sulsc.com\/wp-content\/uploads\/2023\/09\/redacao.png","caption":"Reda\u00e7\u00e3o Sul SC"},"description":"Foco em um jornalismo imparcial, voltado \u00e0 qualidade dos seus conte\u00fados e, assim, levar informa\u00e7\u00e3o de valor que agregue \u00e0 vida dos leitores. Esta \u00e9 grande miss\u00e3o do Portal de Not\u00edcias Sul SC. N\u00e3o \u00e9 quantidade que muda o mundo, sempre foi e seguir\u00e1 sendo qualidade!","sameAs":["https:\/\/sulsc.com\/","https:\/\/www.facebook.com\/profile.php?id=61559278119680","https:\/\/www.instagram.com\/sulscportal\/?hl=pt-br","https:\/\/twitter.com\/https:\/\/twitter.com\/PortalSulSC","https:\/\/www.youtube.com\/channel\/UCv_BE8GeySluDov2n8qhVmw"],"url":"https:\/\/sulsc.com\/index.php\/author\/redacao\/"}]}},"authors":[],"_links":{"self":[{"href":"https:\/\/sulsc.com\/index.php\/wp-json\/wp\/v2\/posts\/18174"}],"collection":[{"href":"https:\/\/sulsc.com\/index.php\/wp-json\/wp\/v2\/posts"}],"about":[{"href":"https:\/\/sulsc.com\/index.php\/wp-json\/wp\/v2\/types\/post"}],"author":[{"embeddable":true,"href":"https:\/\/sulsc.com\/index.php\/wp-json\/wp\/v2\/users\/3"}],"replies":[{"embeddable":true,"href":"https:\/\/sulsc.com\/index.php\/wp-json\/wp\/v2\/comments?post=18174"}],"version-history":[{"count":1,"href":"https:\/\/sulsc.com\/index.php\/wp-json\/wp\/v2\/posts\/18174\/revisions"}],"predecessor-version":[{"id":18176,"href":"https:\/\/sulsc.com\/index.php\/wp-json\/wp\/v2\/posts\/18174\/revisions\/18176"}],"wp:featuredmedia":[{"embeddable":true,"href":"https:\/\/sulsc.com\/index.php\/wp-json\/wp\/v2\/media\/12162"}],"wp:attachment":[{"href":"https:\/\/sulsc.com\/index.php\/wp-json\/wp\/v2\/media?parent=18174"}],"wp:term":[{"taxonomy":"category","embeddable":true,"href":"https:\/\/sulsc.com\/index.php\/wp-json\/wp\/v2\/categories?post=18174"},{"taxonomy":"post_tag","embeddable":true,"href":"https:\/\/sulsc.com\/index.php\/wp-json\/wp\/v2\/tags?post=18174"}],"curies":[{"name":"wp","href":"https:\/\/api.w.org\/{rel}","templated":true}]}}