{"id":1829,"date":"2023-10-04T15:20:50","date_gmt":"2023-10-04T18:20:50","guid":{"rendered":"https:\/\/sulsc.com\/?p=1829"},"modified":"2023-10-04T15:37:16","modified_gmt":"2023-10-04T18:37:16","slug":"edital-para-a-atividade-de-comercio-temporario-de-praia-em-imbituba-e-aberto","status":"publish","type":"post","link":"https:\/\/sulsc.com\/index.php\/2023\/10\/04\/edital-para-a-atividade-de-comercio-temporario-de-praia-em-imbituba-e-aberto\/","title":{"rendered":"Edital para a atividade de Com\u00e9rcio Tempor\u00e1rio de Praia em Imbituba \u00e9 aberto"},"content":{"rendered":"<p>A Prefeitura Municipal de Imbituba, torna p\u00fablica a realiza\u00e7\u00e3o de um processo de inscri\u00e7\u00e3o para o exerc\u00edcio de atividade de Com\u00e9rcio Tempor\u00e1rio de Praia Fixo (Trailer\/Tenda) e Ambulante (sem ponto fixo). A a\u00e7\u00e3o ocorre de acordo com as atribui\u00e7\u00f5es legais previstas no Art. 93 da Lei Org\u00e2nica Municipal e em conformidade com o Decreto PMI N\u00ba 127, de 26 de setembro de 2023.<\/p>\n<p>A inscri\u00e7\u00e3o \u00e9 para o exerc\u00edcio do trabalho no per\u00edodo entre 1\u00ba de dezembro de 2023 e 6 de maio de 2024.\u00a0Os interessados dever\u00e3o se inscreve no per\u00edodo entre 4 e 24 de outubro, at\u00e9 \u00e0s 23h59, pelo Protocolo On-line da Prefeitura.<\/p>\n<p><img fetchpriority=\"high\" decoding=\"async\" class=\"alignnone size-large wp-image-1151\" src=\"http:\/\/sulsc.com\/wp-content\/uploads\/2023\/09\/aerea-imbituba-sc-1024x490.jpg\" alt=\"\" width=\"1024\" height=\"490\" srcset=\"https:\/\/sulsc.com\/wp-content\/uploads\/2023\/09\/aerea-imbituba-sc-1024x490.jpg 1024w, https:\/\/sulsc.com\/wp-content\/uploads\/2023\/09\/aerea-imbituba-sc-300x144.jpg 300w, https:\/\/sulsc.com\/wp-content\/uploads\/2023\/09\/aerea-imbituba-sc-768x368.jpg 768w, https:\/\/sulsc.com\/wp-content\/uploads\/2023\/09\/aerea-imbituba-sc.jpg 1500w\" sizes=\"(max-width: 1024px) 100vw, 1024px\" \/><\/p>\n<p>Os interessados poder\u00e3o acessar o protocolo para preenchimento pelo link: <a href=\"https:\/\/imbituba.1doc.com.br\/b.php?pg=wp\/wp&amp;passo=2&amp;itd=5&amp;iagr=&amp;ss=&amp;erro=g#in\">https:\/\/imbituba.1doc.com.br\/b.php?pg=wp\/wp&amp;passo=2&amp;itd=5&amp;iagr=&amp;ss=&amp;erro=g#in<\/a>\u00a0ou, presencialmente, na Sala do Empreendedor, que fica situada na Rua Santana, n\u00ba 937, Vila Nova, das 13 \u00e0s 19 horas.<\/p>\n<p>&nbsp;<\/p>\n<p>Fonte: Pref. Imbituba<\/p>\n","protected":false},"excerpt":{"rendered":"<p>A Prefeitura Municipal de Imbituba, torna p\u00fablica a realiza\u00e7\u00e3o de um processo de inscri\u00e7\u00e3o para o exerc\u00edcio de atividade de Com\u00e9rcio Tempor\u00e1rio de Praia Fixo (Trailer\/Tenda) e Ambulante (sem ponto fixo). A a\u00e7\u00e3o ocorre de acordo com as atribui\u00e7\u00f5es legais previstas no Art. 93 da Lei Org\u00e2nica Municipal e em conformidade com o Decreto PMI &hellip;<\/p>\n<p class=\"read-more\"> <a class=\"\" href=\"https:\/\/sulsc.com\/index.php\/2023\/10\/04\/edital-para-a-atividade-de-comercio-temporario-de-praia-em-imbituba-e-aberto\/\"> <span class=\"screen-reader-text\">Edital para a atividade de Com\u00e9rcio Tempor\u00e1rio de Praia em Imbituba \u00e9 aberto<\/span> Read More &raquo;<\/a><\/p>\n","protected":false},"author":3,"featured_media":1830,"comment_status":"open","ping_status":"open","sticky":false,"template":"","format":"standard","meta":{"site-sidebar-layout":"default","site-content-layout":"default","ast-site-content-layout":"","site-content-style":"default","site-sidebar-style":"default","ast-global-header-display":"","ast-banner-title-visibility":"","ast-main-header-display":"","ast-hfb-above-header-display":"","ast-hfb-below-header-display":"","ast-hfb-mobile-header-display":"","site-post-title":"","ast-breadcrumbs-content":"","ast-featured-img":"","footer-sml-layout":"","theme-transparent-header-meta":"default","adv-header-id-meta":"","stick-header-meta":"","header-above-stick-meta":"","header-main-stick-meta":"","header-below-stick-meta":"","astra-migrate-meta-layouts":"","footnotes":""},"categories":[11,1,41],"tags":[],"yoast_head":"<!-- This site is optimized with the Yoast SEO plugin v21.4 - https:\/\/yoast.com\/wordpress\/plugins\/seo\/ -->\n<title>Edital para a atividade de Com\u00e9rcio Tempor\u00e1rio de Praia em Imbituba \u00e9 aberto -<\/title>\n<meta name=\"robots\" content=\"index, follow, max-snippet:-1, max-image-preview:large, max-video-preview:-1\" \/>\n<link rel=\"canonical\" href=\"https:\/\/sulsc.com\/index.php\/2023\/10\/04\/edital-para-a-atividade-de-comercio-temporario-de-praia-em-imbituba-e-aberto\/\" \/>\n<meta property=\"og:locale\" content=\"en_US\" \/>\n<meta property=\"og:type\" content=\"article\" \/>\n<meta property=\"og:title\" content=\"Edital para a atividade de Com\u00e9rcio Tempor\u00e1rio de Praia em Imbituba \u00e9 aberto -\" \/>\n<meta property=\"og:description\" content=\"A Prefeitura Municipal de Imbituba, torna p\u00fablica a realiza\u00e7\u00e3o de um processo de inscri\u00e7\u00e3o para o exerc\u00edcio de atividade de Com\u00e9rcio Tempor\u00e1rio de Praia Fixo (Trailer\/Tenda) e Ambulante (sem ponto fixo). A a\u00e7\u00e3o ocorre de acordo com as atribui\u00e7\u00f5es legais previstas no Art. 93 da Lei Org\u00e2nica Municipal e em conformidade com o Decreto PMI &hellip; Edital para a atividade de Com\u00e9rcio Tempor\u00e1rio de Praia em Imbituba \u00e9 aberto Read More &raquo;\" \/>\n<meta property=\"og:url\" content=\"https:\/\/sulsc.com\/index.php\/2023\/10\/04\/edital-para-a-atividade-de-comercio-temporario-de-praia-em-imbituba-e-aberto\/\" \/>\n<meta property=\"article:author\" content=\"https:\/\/www.facebook.com\/profile.php?id=61559278119680\" \/>\n<meta property=\"article:published_time\" content=\"2023-10-04T18:20:50+00:00\" \/>\n<meta property=\"article:modified_time\" content=\"2023-10-04T18:37:16+00:00\" \/>\n<meta property=\"og:image\" content=\"https:\/\/sulsc.com\/wp-content\/uploads\/2023\/10\/praia-imbituba.jpg\" \/>\n\t<meta property=\"og:image:width\" content=\"800\" \/>\n\t<meta property=\"og:image:height\" content=\"445\" \/>\n\t<meta property=\"og:image:type\" content=\"image\/jpeg\" \/>\n<meta name=\"author\" content=\"Reda\u00e7\u00e3o Sul SC\" \/>\n<meta name=\"twitter:card\" content=\"summary_large_image\" \/>\n<meta name=\"twitter:creator\" content=\"@https:\/\/twitter.com\/PortalSulSC\" \/>\n<meta name=\"twitter:label1\" content=\"Written by\" \/>\n\t<meta name=\"twitter:data1\" content=\"Reda\u00e7\u00e3o Sul SC\" \/>\n\t<meta name=\"twitter:label2\" content=\"Est. reading time\" \/>\n\t<meta name=\"twitter:data2\" content=\"1 minute\" \/>\n<script type=\"application\/ld+json\" class=\"yoast-schema-graph\">{\"@context\":\"https:\/\/schema.org\",\"@graph\":[{\"@type\":\"WebPage\",\"@id\":\"https:\/\/sulsc.com\/index.php\/2023\/10\/04\/edital-para-a-atividade-de-comercio-temporario-de-praia-em-imbituba-e-aberto\/\",\"url\":\"https:\/\/sulsc.com\/index.php\/2023\/10\/04\/edital-para-a-atividade-de-comercio-temporario-de-praia-em-imbituba-e-aberto\/\",\"name\":\"Edital para a atividade de Com\u00e9rcio Tempor\u00e1rio de Praia em Imbituba \u00e9 aberto -\",\"isPartOf\":{\"@id\":\"https:\/\/sulsc.com\/#website\"},\"datePublished\":\"2023-10-04T18:20:50+00:00\",\"dateModified\":\"2023-10-04T18:37:16+00:00\",\"author\":{\"@id\":\"https:\/\/sulsc.com\/#\/schema\/person\/84d2fc571684f6248ba83092f07750a3\"},\"breadcrumb\":{\"@id\":\"https:\/\/sulsc.com\/index.php\/2023\/10\/04\/edital-para-a-atividade-de-comercio-temporario-de-praia-em-imbituba-e-aberto\/#breadcrumb\"},\"inLanguage\":\"en-US\",\"potentialAction\":[{\"@type\":\"ReadAction\",\"target\":[\"https:\/\/sulsc.com\/index.php\/2023\/10\/04\/edital-para-a-atividade-de-comercio-temporario-de-praia-em-imbituba-e-aberto\/\"]}]},{\"@type\":\"BreadcrumbList\",\"@id\":\"https:\/\/sulsc.com\/index.php\/2023\/10\/04\/edital-para-a-atividade-de-comercio-temporario-de-praia-em-imbituba-e-aberto\/#breadcrumb\",\"itemListElement\":[{\"@type\":\"ListItem\",\"position\":1,\"name\":\"In\u00edcio\",\"item\":\"https:\/\/sulsc.com\/\"},{\"@type\":\"ListItem\",\"position\":2,\"name\":\"Edital para a atividade de Com\u00e9rcio Tempor\u00e1rio de Praia em Imbituba \u00e9 aberto\"}]},{\"@type\":\"WebSite\",\"@id\":\"https:\/\/sulsc.com\/#website\",\"url\":\"https:\/\/sulsc.com\/\",\"name\":\"\",\"description\":\"\",\"potentialAction\":[{\"@type\":\"SearchAction\",\"target\":{\"@type\":\"EntryPoint\",\"urlTemplate\":\"https:\/\/sulsc.com\/?s={search_term_string}\"},\"query-input\":\"required name=search_term_string\"}],\"inLanguage\":\"en-US\"},{\"@type\":\"Person\",\"@id\":\"https:\/\/sulsc.com\/#\/schema\/person\/84d2fc571684f6248ba83092f07750a3\",\"name\":\"Reda\u00e7\u00e3o Sul SC\",\"image\":{\"@type\":\"ImageObject\",\"inLanguage\":\"en-US\",\"@id\":\"https:\/\/sulsc.com\/#\/schema\/person\/image\/e08d7fe2cc4ed596372063bbe852b8d0\",\"url\":\"https:\/\/sulsc.com\/wp-content\/uploads\/2023\/09\/redacao.png\",\"contentUrl\":\"https:\/\/sulsc.com\/wp-content\/uploads\/2023\/09\/redacao.png\",\"caption\":\"Reda\u00e7\u00e3o Sul SC\"},\"description\":\"Foco em um jornalismo imparcial, voltado \u00e0 qualidade dos seus conte\u00fados e, assim, levar informa\u00e7\u00e3o de valor que agregue \u00e0 vida dos leitores. Esta \u00e9 grande miss\u00e3o do Portal de Not\u00edcias Sul SC. N\u00e3o \u00e9 quantidade que muda o mundo, sempre foi e seguir\u00e1 sendo qualidade!\",\"sameAs\":[\"https:\/\/sulsc.com\/\",\"https:\/\/www.facebook.com\/profile.php?id=61559278119680\",\"https:\/\/www.instagram.com\/sulscportal\/?hl=pt-br\",\"https:\/\/twitter.com\/https:\/\/twitter.com\/PortalSulSC\",\"https:\/\/www.youtube.com\/channel\/UCv_BE8GeySluDov2n8qhVmw\"],\"url\":\"https:\/\/sulsc.com\/index.php\/author\/redacao\/\"}]}<\/script>\n<!-- \/ Yoast SEO plugin. -->","yoast_head_json":{"title":"Edital para a atividade de Com\u00e9rcio Tempor\u00e1rio de Praia em Imbituba \u00e9 aberto -","robots":{"index":"index","follow":"follow","max-snippet":"max-snippet:-1","max-image-preview":"max-image-preview:large","max-video-preview":"max-video-preview:-1"},"canonical":"https:\/\/sulsc.com\/index.php\/2023\/10\/04\/edital-para-a-atividade-de-comercio-temporario-de-praia-em-imbituba-e-aberto\/","og_locale":"en_US","og_type":"article","og_title":"Edital para a atividade de Com\u00e9rcio Tempor\u00e1rio de Praia em Imbituba \u00e9 aberto -","og_description":"A Prefeitura Municipal de Imbituba, torna p\u00fablica a realiza\u00e7\u00e3o de um processo de inscri\u00e7\u00e3o para o exerc\u00edcio de atividade de Com\u00e9rcio Tempor\u00e1rio de Praia Fixo (Trailer\/Tenda) e Ambulante (sem ponto fixo). A a\u00e7\u00e3o ocorre de acordo com as atribui\u00e7\u00f5es legais previstas no Art. 93 da Lei Org\u00e2nica Municipal e em conformidade com o Decreto PMI &hellip; Edital para a atividade de Com\u00e9rcio Tempor\u00e1rio de Praia em Imbituba \u00e9 aberto Read More &raquo;","og_url":"https:\/\/sulsc.com\/index.php\/2023\/10\/04\/edital-para-a-atividade-de-comercio-temporario-de-praia-em-imbituba-e-aberto\/","article_author":"https:\/\/www.facebook.com\/profile.php?id=61559278119680","article_published_time":"2023-10-04T18:20:50+00:00","article_modified_time":"2023-10-04T18:37:16+00:00","og_image":[{"width":800,"height":445,"url":"https:\/\/sulsc.com\/wp-content\/uploads\/2023\/10\/praia-imbituba.jpg","type":"image\/jpeg"}],"author":"Reda\u00e7\u00e3o Sul SC","twitter_card":"summary_large_image","twitter_creator":"@https:\/\/twitter.com\/PortalSulSC","twitter_misc":{"Written by":"Reda\u00e7\u00e3o Sul SC","Est. reading time":"1 minute"},"schema":{"@context":"https:\/\/schema.org","@graph":[{"@type":"WebPage","@id":"https:\/\/sulsc.com\/index.php\/2023\/10\/04\/edital-para-a-atividade-de-comercio-temporario-de-praia-em-imbituba-e-aberto\/","url":"https:\/\/sulsc.com\/index.php\/2023\/10\/04\/edital-para-a-atividade-de-comercio-temporario-de-praia-em-imbituba-e-aberto\/","name":"Edital para a atividade de Com\u00e9rcio Tempor\u00e1rio de Praia em Imbituba \u00e9 aberto -","isPartOf":{"@id":"https:\/\/sulsc.com\/#website"},"datePublished":"2023-10-04T18:20:50+00:00","dateModified":"2023-10-04T18:37:16+00:00","author":{"@id":"https:\/\/sulsc.com\/#\/schema\/person\/84d2fc571684f6248ba83092f07750a3"},"breadcrumb":{"@id":"https:\/\/sulsc.com\/index.php\/2023\/10\/04\/edital-para-a-atividade-de-comercio-temporario-de-praia-em-imbituba-e-aberto\/#breadcrumb"},"inLanguage":"en-US","potentialAction":[{"@type":"ReadAction","target":["https:\/\/sulsc.com\/index.php\/2023\/10\/04\/edital-para-a-atividade-de-comercio-temporario-de-praia-em-imbituba-e-aberto\/"]}]},{"@type":"BreadcrumbList","@id":"https:\/\/sulsc.com\/index.php\/2023\/10\/04\/edital-para-a-atividade-de-comercio-temporario-de-praia-em-imbituba-e-aberto\/#breadcrumb","itemListElement":[{"@type":"ListItem","position":1,"name":"In\u00edcio","item":"https:\/\/sulsc.com\/"},{"@type":"ListItem","position":2,"name":"Edital para a atividade de Com\u00e9rcio Tempor\u00e1rio de Praia em Imbituba \u00e9 aberto"}]},{"@type":"WebSite","@id":"https:\/\/sulsc.com\/#website","url":"https:\/\/sulsc.com\/","name":"","description":"","potentialAction":[{"@type":"SearchAction","target":{"@type":"EntryPoint","urlTemplate":"https:\/\/sulsc.com\/?s={search_term_string}"},"query-input":"required name=search_term_string"}],"inLanguage":"en-US"},{"@type":"Person","@id":"https:\/\/sulsc.com\/#\/schema\/person\/84d2fc571684f6248ba83092f07750a3","name":"Reda\u00e7\u00e3o Sul SC","image":{"@type":"ImageObject","inLanguage":"en-US","@id":"https:\/\/sulsc.com\/#\/schema\/person\/image\/e08d7fe2cc4ed596372063bbe852b8d0","url":"https:\/\/sulsc.com\/wp-content\/uploads\/2023\/09\/redacao.png","contentUrl":"https:\/\/sulsc.com\/wp-content\/uploads\/2023\/09\/redacao.png","caption":"Reda\u00e7\u00e3o Sul SC"},"description":"Foco em um jornalismo imparcial, voltado \u00e0 qualidade dos seus conte\u00fados e, assim, levar informa\u00e7\u00e3o de valor que agregue \u00e0 vida dos leitores. Esta \u00e9 grande miss\u00e3o do Portal de Not\u00edcias Sul SC. N\u00e3o \u00e9 quantidade que muda o mundo, sempre foi e seguir\u00e1 sendo qualidade!","sameAs":["https:\/\/sulsc.com\/","https:\/\/www.facebook.com\/profile.php?id=61559278119680","https:\/\/www.instagram.com\/sulscportal\/?hl=pt-br","https:\/\/twitter.com\/https:\/\/twitter.com\/PortalSulSC","https:\/\/www.youtube.com\/channel\/UCv_BE8GeySluDov2n8qhVmw"],"url":"https:\/\/sulsc.com\/index.php\/author\/redacao\/"}]}},"authors":[],"_links":{"self":[{"href":"https:\/\/sulsc.com\/index.php\/wp-json\/wp\/v2\/posts\/1829"}],"collection":[{"href":"https:\/\/sulsc.com\/index.php\/wp-json\/wp\/v2\/posts"}],"about":[{"href":"https:\/\/sulsc.com\/index.php\/wp-json\/wp\/v2\/types\/post"}],"author":[{"embeddable":true,"href":"https:\/\/sulsc.com\/index.php\/wp-json\/wp\/v2\/users\/3"}],"replies":[{"embeddable":true,"href":"https:\/\/sulsc.com\/index.php\/wp-json\/wp\/v2\/comments?post=1829"}],"version-history":[{"count":1,"href":"https:\/\/sulsc.com\/index.php\/wp-json\/wp\/v2\/posts\/1829\/revisions"}],"predecessor-version":[{"id":1831,"href":"https:\/\/sulsc.com\/index.php\/wp-json\/wp\/v2\/posts\/1829\/revisions\/1831"}],"wp:featuredmedia":[{"embeddable":true,"href":"https:\/\/sulsc.com\/index.php\/wp-json\/wp\/v2\/media\/1830"}],"wp:attachment":[{"href":"https:\/\/sulsc.com\/index.php\/wp-json\/wp\/v2\/media?parent=1829"}],"wp:term":[{"taxonomy":"category","embeddable":true,"href":"https:\/\/sulsc.com\/index.php\/wp-json\/wp\/v2\/categories?post=1829"},{"taxonomy":"post_tag","embeddable":true,"href":"https:\/\/sulsc.com\/index.php\/wp-json\/wp\/v2\/tags?post=1829"}],"curies":[{"name":"wp","href":"https:\/\/api.w.org\/{rel}","templated":true}]}}