{"id":1840,"date":"2023-10-04T16:40:24","date_gmt":"2023-10-04T19:40:24","guid":{"rendered":"https:\/\/sulsc.com\/?p=1840"},"modified":"2023-10-04T16:54:11","modified_gmt":"2023-10-04T19:54:11","slug":"carro-invade-a-contramao-e-colide-em-caminhao-na-serra-do-rio-do-rastro","status":"publish","type":"post","link":"https:\/\/sulsc.com\/index.php\/2023\/10\/04\/carro-invade-a-contramao-e-colide-em-caminhao-na-serra-do-rio-do-rastro\/","title":{"rendered":"Carro invade a contram\u00e3o e colide em caminh\u00e3o na Serra do Rio do Rastro"},"content":{"rendered":"<p>Um carro colidiu na lateral de um caminh\u00e3o em uma curva fechada na SC-390, na Serra do Rio do Rastro, em Lauro M\u00fcller. O acidente foi registrado no km 409,750 da rodovia na manh\u00e3 desta quarta-feira (4).<\/p>\n<p>O incidente ocorreu ap\u00f3s o ve\u00edculo invadir a contram\u00e3o.\u00a0Segundo a Pol\u00edcia Militar Rodovi\u00e1ria (PMRv) o acidente envolveu um Chevrolet Prisma e um caminh\u00e3o Mercedes Benz Accelo.<\/p>\n<p>No momento do acidente, a pista estava molhada e chovia. Os motoristas do carro e do caminh\u00e3o, de 44 e 45 anos, respectivamente, n\u00e3o se feriram.<\/p>\n<p><img fetchpriority=\"high\" decoding=\"async\" class=\"alignnone size-full wp-image-1651\" src=\"http:\/\/sulsc.com\/wp-content\/uploads\/2023\/10\/giroflex-2.jpg\" alt=\"\" width=\"627\" height=\"393\" srcset=\"https:\/\/sulsc.com\/wp-content\/uploads\/2023\/10\/giroflex-2.jpg 627w, https:\/\/sulsc.com\/wp-content\/uploads\/2023\/10\/giroflex-2-300x188.jpg 300w\" sizes=\"(max-width: 627px) 100vw, 627px\" \/><\/p>\n<p>&nbsp;<\/p>\n<p>Fonte: Engeplus<\/p>\n","protected":false},"excerpt":{"rendered":"<p>Um carro colidiu na lateral de um caminh\u00e3o em uma curva fechada na SC-390, na Serra do Rio do Rastro, em Lauro M\u00fcller. O acidente foi registrado no km 409,750 da rodovia na manh\u00e3 desta quarta-feira (4). O incidente ocorreu ap\u00f3s o ve\u00edculo invadir a contram\u00e3o.\u00a0Segundo a Pol\u00edcia Militar Rodovi\u00e1ria (PMRv) o acidente envolveu um &hellip;<\/p>\n<p class=\"read-more\"> <a class=\"\" href=\"https:\/\/sulsc.com\/index.php\/2023\/10\/04\/carro-invade-a-contramao-e-colide-em-caminhao-na-serra-do-rio-do-rastro\/\"> <span class=\"screen-reader-text\">Carro invade a contram\u00e3o e colide em caminh\u00e3o na Serra do Rio do Rastro<\/span> Read More &raquo;<\/a><\/p>\n","protected":false},"author":3,"featured_media":1841,"comment_status":"open","ping_status":"open","sticky":false,"template":"","format":"standard","meta":{"site-sidebar-layout":"default","site-content-layout":"default","ast-site-content-layout":"","site-content-style":"default","site-sidebar-style":"default","ast-global-header-display":"","ast-banner-title-visibility":"","ast-main-header-display":"","ast-hfb-above-header-display":"","ast-hfb-below-header-display":"","ast-hfb-mobile-header-display":"","site-post-title":"","ast-breadcrumbs-content":"","ast-featured-img":"","footer-sml-layout":"","theme-transparent-header-meta":"default","adv-header-id-meta":"","stick-header-meta":"","header-above-stick-meta":"","header-main-stick-meta":"","header-below-stick-meta":"","astra-migrate-meta-layouts":"","footnotes":""},"categories":[8],"tags":[],"yoast_head":"<!-- This site is optimized with the Yoast SEO plugin v21.4 - https:\/\/yoast.com\/wordpress\/plugins\/seo\/ -->\n<title>Carro invade a contram\u00e3o e colide em caminh\u00e3o na Serra do Rio do Rastro -<\/title>\n<meta name=\"robots\" content=\"index, follow, max-snippet:-1, max-image-preview:large, max-video-preview:-1\" \/>\n<link rel=\"canonical\" href=\"https:\/\/sulsc.com\/index.php\/2023\/10\/04\/carro-invade-a-contramao-e-colide-em-caminhao-na-serra-do-rio-do-rastro\/\" \/>\n<meta property=\"og:locale\" content=\"en_US\" \/>\n<meta property=\"og:type\" content=\"article\" \/>\n<meta property=\"og:title\" content=\"Carro invade a contram\u00e3o e colide em caminh\u00e3o na Serra do Rio do Rastro -\" \/>\n<meta property=\"og:description\" content=\"Um carro colidiu na lateral de um caminh\u00e3o em uma curva fechada na SC-390, na Serra do Rio do Rastro, em Lauro M\u00fcller. O acidente foi registrado no km 409,750 da rodovia na manh\u00e3 desta quarta-feira (4). O incidente ocorreu ap\u00f3s o ve\u00edculo invadir a contram\u00e3o.\u00a0Segundo a Pol\u00edcia Militar Rodovi\u00e1ria (PMRv) o acidente envolveu um &hellip; Carro invade a contram\u00e3o e colide em caminh\u00e3o na Serra do Rio do Rastro Read More &raquo;\" \/>\n<meta property=\"og:url\" content=\"https:\/\/sulsc.com\/index.php\/2023\/10\/04\/carro-invade-a-contramao-e-colide-em-caminhao-na-serra-do-rio-do-rastro\/\" \/>\n<meta property=\"article:author\" content=\"https:\/\/www.facebook.com\/profile.php?id=61559278119680\" \/>\n<meta property=\"article:published_time\" content=\"2023-10-04T19:40:24+00:00\" \/>\n<meta property=\"article:modified_time\" content=\"2023-10-04T19:54:11+00:00\" \/>\n<meta property=\"og:image\" content=\"https:\/\/sulsc.com\/wp-content\/uploads\/2023\/10\/carro-invade-a-contramao-e-colide-em-caminhao-na-serra-do-rio-do-rastro.jpg\" \/>\n\t<meta property=\"og:image:width\" content=\"451\" \/>\n\t<meta property=\"og:image:height\" content=\"600\" \/>\n\t<meta property=\"og:image:type\" content=\"image\/jpeg\" \/>\n<meta name=\"author\" content=\"Reda\u00e7\u00e3o Sul SC\" \/>\n<meta name=\"twitter:card\" content=\"summary_large_image\" \/>\n<meta name=\"twitter:creator\" content=\"@https:\/\/twitter.com\/PortalSulSC\" \/>\n<meta name=\"twitter:label1\" content=\"Written by\" \/>\n\t<meta name=\"twitter:data1\" content=\"Reda\u00e7\u00e3o Sul SC\" \/>\n<script type=\"application\/ld+json\" class=\"yoast-schema-graph\">{\"@context\":\"https:\/\/schema.org\",\"@graph\":[{\"@type\":\"WebPage\",\"@id\":\"https:\/\/sulsc.com\/index.php\/2023\/10\/04\/carro-invade-a-contramao-e-colide-em-caminhao-na-serra-do-rio-do-rastro\/\",\"url\":\"https:\/\/sulsc.com\/index.php\/2023\/10\/04\/carro-invade-a-contramao-e-colide-em-caminhao-na-serra-do-rio-do-rastro\/\",\"name\":\"Carro invade a contram\u00e3o e colide em caminh\u00e3o na Serra do Rio do Rastro -\",\"isPartOf\":{\"@id\":\"https:\/\/sulsc.com\/#website\"},\"datePublished\":\"2023-10-04T19:40:24+00:00\",\"dateModified\":\"2023-10-04T19:54:11+00:00\",\"author\":{\"@id\":\"https:\/\/sulsc.com\/#\/schema\/person\/84d2fc571684f6248ba83092f07750a3\"},\"breadcrumb\":{\"@id\":\"https:\/\/sulsc.com\/index.php\/2023\/10\/04\/carro-invade-a-contramao-e-colide-em-caminhao-na-serra-do-rio-do-rastro\/#breadcrumb\"},\"inLanguage\":\"en-US\",\"potentialAction\":[{\"@type\":\"ReadAction\",\"target\":[\"https:\/\/sulsc.com\/index.php\/2023\/10\/04\/carro-invade-a-contramao-e-colide-em-caminhao-na-serra-do-rio-do-rastro\/\"]}]},{\"@type\":\"BreadcrumbList\",\"@id\":\"https:\/\/sulsc.com\/index.php\/2023\/10\/04\/carro-invade-a-contramao-e-colide-em-caminhao-na-serra-do-rio-do-rastro\/#breadcrumb\",\"itemListElement\":[{\"@type\":\"ListItem\",\"position\":1,\"name\":\"In\u00edcio\",\"item\":\"https:\/\/sulsc.com\/\"},{\"@type\":\"ListItem\",\"position\":2,\"name\":\"Carro invade a contram\u00e3o e colide em caminh\u00e3o na Serra do Rio do Rastro\"}]},{\"@type\":\"WebSite\",\"@id\":\"https:\/\/sulsc.com\/#website\",\"url\":\"https:\/\/sulsc.com\/\",\"name\":\"\",\"description\":\"\",\"potentialAction\":[{\"@type\":\"SearchAction\",\"target\":{\"@type\":\"EntryPoint\",\"urlTemplate\":\"https:\/\/sulsc.com\/?s={search_term_string}\"},\"query-input\":\"required name=search_term_string\"}],\"inLanguage\":\"en-US\"},{\"@type\":\"Person\",\"@id\":\"https:\/\/sulsc.com\/#\/schema\/person\/84d2fc571684f6248ba83092f07750a3\",\"name\":\"Reda\u00e7\u00e3o Sul SC\",\"image\":{\"@type\":\"ImageObject\",\"inLanguage\":\"en-US\",\"@id\":\"https:\/\/sulsc.com\/#\/schema\/person\/image\/e08d7fe2cc4ed596372063bbe852b8d0\",\"url\":\"https:\/\/sulsc.com\/wp-content\/uploads\/2023\/09\/redacao.png\",\"contentUrl\":\"https:\/\/sulsc.com\/wp-content\/uploads\/2023\/09\/redacao.png\",\"caption\":\"Reda\u00e7\u00e3o Sul SC\"},\"description\":\"Foco em um jornalismo imparcial, voltado \u00e0 qualidade dos seus conte\u00fados e, assim, levar informa\u00e7\u00e3o de valor que agregue \u00e0 vida dos leitores. Esta \u00e9 grande miss\u00e3o do Portal de Not\u00edcias Sul SC. N\u00e3o \u00e9 quantidade que muda o mundo, sempre foi e seguir\u00e1 sendo qualidade!\",\"sameAs\":[\"https:\/\/sulsc.com\/\",\"https:\/\/www.facebook.com\/profile.php?id=61559278119680\",\"https:\/\/www.instagram.com\/sulscportal\/?hl=pt-br\",\"https:\/\/twitter.com\/https:\/\/twitter.com\/PortalSulSC\",\"https:\/\/www.youtube.com\/channel\/UCv_BE8GeySluDov2n8qhVmw\"],\"url\":\"https:\/\/sulsc.com\/index.php\/author\/redacao\/\"}]}<\/script>\n<!-- \/ Yoast SEO plugin. -->","yoast_head_json":{"title":"Carro invade a contram\u00e3o e colide em caminh\u00e3o na Serra do Rio do Rastro -","robots":{"index":"index","follow":"follow","max-snippet":"max-snippet:-1","max-image-preview":"max-image-preview:large","max-video-preview":"max-video-preview:-1"},"canonical":"https:\/\/sulsc.com\/index.php\/2023\/10\/04\/carro-invade-a-contramao-e-colide-em-caminhao-na-serra-do-rio-do-rastro\/","og_locale":"en_US","og_type":"article","og_title":"Carro invade a contram\u00e3o e colide em caminh\u00e3o na Serra do Rio do Rastro -","og_description":"Um carro colidiu na lateral de um caminh\u00e3o em uma curva fechada na SC-390, na Serra do Rio do Rastro, em Lauro M\u00fcller. O acidente foi registrado no km 409,750 da rodovia na manh\u00e3 desta quarta-feira (4). O incidente ocorreu ap\u00f3s o ve\u00edculo invadir a contram\u00e3o.\u00a0Segundo a Pol\u00edcia Militar Rodovi\u00e1ria (PMRv) o acidente envolveu um &hellip; Carro invade a contram\u00e3o e colide em caminh\u00e3o na Serra do Rio do Rastro Read More &raquo;","og_url":"https:\/\/sulsc.com\/index.php\/2023\/10\/04\/carro-invade-a-contramao-e-colide-em-caminhao-na-serra-do-rio-do-rastro\/","article_author":"https:\/\/www.facebook.com\/profile.php?id=61559278119680","article_published_time":"2023-10-04T19:40:24+00:00","article_modified_time":"2023-10-04T19:54:11+00:00","og_image":[{"width":451,"height":600,"url":"https:\/\/sulsc.com\/wp-content\/uploads\/2023\/10\/carro-invade-a-contramao-e-colide-em-caminhao-na-serra-do-rio-do-rastro.jpg","type":"image\/jpeg"}],"author":"Reda\u00e7\u00e3o Sul SC","twitter_card":"summary_large_image","twitter_creator":"@https:\/\/twitter.com\/PortalSulSC","twitter_misc":{"Written by":"Reda\u00e7\u00e3o Sul SC"},"schema":{"@context":"https:\/\/schema.org","@graph":[{"@type":"WebPage","@id":"https:\/\/sulsc.com\/index.php\/2023\/10\/04\/carro-invade-a-contramao-e-colide-em-caminhao-na-serra-do-rio-do-rastro\/","url":"https:\/\/sulsc.com\/index.php\/2023\/10\/04\/carro-invade-a-contramao-e-colide-em-caminhao-na-serra-do-rio-do-rastro\/","name":"Carro invade a contram\u00e3o e colide em caminh\u00e3o na Serra do Rio do Rastro -","isPartOf":{"@id":"https:\/\/sulsc.com\/#website"},"datePublished":"2023-10-04T19:40:24+00:00","dateModified":"2023-10-04T19:54:11+00:00","author":{"@id":"https:\/\/sulsc.com\/#\/schema\/person\/84d2fc571684f6248ba83092f07750a3"},"breadcrumb":{"@id":"https:\/\/sulsc.com\/index.php\/2023\/10\/04\/carro-invade-a-contramao-e-colide-em-caminhao-na-serra-do-rio-do-rastro\/#breadcrumb"},"inLanguage":"en-US","potentialAction":[{"@type":"ReadAction","target":["https:\/\/sulsc.com\/index.php\/2023\/10\/04\/carro-invade-a-contramao-e-colide-em-caminhao-na-serra-do-rio-do-rastro\/"]}]},{"@type":"BreadcrumbList","@id":"https:\/\/sulsc.com\/index.php\/2023\/10\/04\/carro-invade-a-contramao-e-colide-em-caminhao-na-serra-do-rio-do-rastro\/#breadcrumb","itemListElement":[{"@type":"ListItem","position":1,"name":"In\u00edcio","item":"https:\/\/sulsc.com\/"},{"@type":"ListItem","position":2,"name":"Carro invade a contram\u00e3o e colide em caminh\u00e3o na Serra do Rio do Rastro"}]},{"@type":"WebSite","@id":"https:\/\/sulsc.com\/#website","url":"https:\/\/sulsc.com\/","name":"","description":"","potentialAction":[{"@type":"SearchAction","target":{"@type":"EntryPoint","urlTemplate":"https:\/\/sulsc.com\/?s={search_term_string}"},"query-input":"required name=search_term_string"}],"inLanguage":"en-US"},{"@type":"Person","@id":"https:\/\/sulsc.com\/#\/schema\/person\/84d2fc571684f6248ba83092f07750a3","name":"Reda\u00e7\u00e3o Sul SC","image":{"@type":"ImageObject","inLanguage":"en-US","@id":"https:\/\/sulsc.com\/#\/schema\/person\/image\/e08d7fe2cc4ed596372063bbe852b8d0","url":"https:\/\/sulsc.com\/wp-content\/uploads\/2023\/09\/redacao.png","contentUrl":"https:\/\/sulsc.com\/wp-content\/uploads\/2023\/09\/redacao.png","caption":"Reda\u00e7\u00e3o Sul SC"},"description":"Foco em um jornalismo imparcial, voltado \u00e0 qualidade dos seus conte\u00fados e, assim, levar informa\u00e7\u00e3o de valor que agregue \u00e0 vida dos leitores. Esta \u00e9 grande miss\u00e3o do Portal de Not\u00edcias Sul SC. N\u00e3o \u00e9 quantidade que muda o mundo, sempre foi e seguir\u00e1 sendo qualidade!","sameAs":["https:\/\/sulsc.com\/","https:\/\/www.facebook.com\/profile.php?id=61559278119680","https:\/\/www.instagram.com\/sulscportal\/?hl=pt-br","https:\/\/twitter.com\/https:\/\/twitter.com\/PortalSulSC","https:\/\/www.youtube.com\/channel\/UCv_BE8GeySluDov2n8qhVmw"],"url":"https:\/\/sulsc.com\/index.php\/author\/redacao\/"}]}},"authors":[],"_links":{"self":[{"href":"https:\/\/sulsc.com\/index.php\/wp-json\/wp\/v2\/posts\/1840"}],"collection":[{"href":"https:\/\/sulsc.com\/index.php\/wp-json\/wp\/v2\/posts"}],"about":[{"href":"https:\/\/sulsc.com\/index.php\/wp-json\/wp\/v2\/types\/post"}],"author":[{"embeddable":true,"href":"https:\/\/sulsc.com\/index.php\/wp-json\/wp\/v2\/users\/3"}],"replies":[{"embeddable":true,"href":"https:\/\/sulsc.com\/index.php\/wp-json\/wp\/v2\/comments?post=1840"}],"version-history":[{"count":1,"href":"https:\/\/sulsc.com\/index.php\/wp-json\/wp\/v2\/posts\/1840\/revisions"}],"predecessor-version":[{"id":1842,"href":"https:\/\/sulsc.com\/index.php\/wp-json\/wp\/v2\/posts\/1840\/revisions\/1842"}],"wp:featuredmedia":[{"embeddable":true,"href":"https:\/\/sulsc.com\/index.php\/wp-json\/wp\/v2\/media\/1841"}],"wp:attachment":[{"href":"https:\/\/sulsc.com\/index.php\/wp-json\/wp\/v2\/media?parent=1840"}],"wp:term":[{"taxonomy":"category","embeddable":true,"href":"https:\/\/sulsc.com\/index.php\/wp-json\/wp\/v2\/categories?post=1840"},{"taxonomy":"post_tag","embeddable":true,"href":"https:\/\/sulsc.com\/index.php\/wp-json\/wp\/v2\/tags?post=1840"}],"curies":[{"name":"wp","href":"https:\/\/api.w.org\/{rel}","templated":true}]}}