{"id":18455,"date":"2024-12-16T07:55:31","date_gmt":"2024-12-16T10:55:31","guid":{"rendered":"https:\/\/sulsc.com\/?p=18455"},"modified":"2024-12-16T07:55:31","modified_gmt":"2024-12-16T10:55:31","slug":"sol-entre-nuvens-e-condicoes-de-chuvas-isoladas-em-todas-as-regioes-nesta-segunda-feira-16","status":"publish","type":"post","link":"https:\/\/sulsc.com\/index.php\/2024\/12\/16\/sol-entre-nuvens-e-condicoes-de-chuvas-isoladas-em-todas-as-regioes-nesta-segunda-feira-16\/","title":{"rendered":"Sol entre nuvens e condi\u00e7\u00f5es de chuvas isoladas em todas as regi\u00f5es nesta segunda-feira (16)"},"content":{"rendered":"<p>Na segunda-feira (16) o tempo se mant\u00e9m com a presen\u00e7a de bastante nebulosidade e condi\u00e7\u00f5es para chuvas isoladas e passageiras entre os planaltos e o litoral. Isso ocorre devido ao deslocamento de umidade, provocado pela atua\u00e7\u00e3o do ciclone no mar, mas estas condi\u00e7\u00f5es n\u00e3o trazem riscos para ocorr\u00eancias associadas \u00e0s condi\u00e7\u00f5es de tempo.<\/p>\n<p><img fetchpriority=\"high\" decoding=\"async\" class=\"aligncenter size-full wp-image-18456\" src=\"http:\/\/sulsc.com\/wp-content\/uploads\/2024\/12\/2-2.png\" alt=\"\" width=\"1477\" height=\"1006\" srcset=\"https:\/\/sulsc.com\/wp-content\/uploads\/2024\/12\/2-2.png 1477w, https:\/\/sulsc.com\/wp-content\/uploads\/2024\/12\/2-2-300x204.png 300w, https:\/\/sulsc.com\/wp-content\/uploads\/2024\/12\/2-2-1024x697.png 1024w, https:\/\/sulsc.com\/wp-content\/uploads\/2024\/12\/2-2-768x523.png 768w\" sizes=\"(max-width: 1477px) 100vw, 1477px\" \/><\/p>\n<p><img decoding=\"async\" class=\"aligncenter  wp-image-17436\" src=\"http:\/\/sulsc.com\/wp-content\/uploads\/2024\/11\/Tempo-2.png\" alt=\"\" width=\"643\" height=\"119\" srcset=\"https:\/\/sulsc.com\/wp-content\/uploads\/2024\/11\/Tempo-2.png 1024w, https:\/\/sulsc.com\/wp-content\/uploads\/2024\/11\/Tempo-2-300x55.png 300w, https:\/\/sulsc.com\/wp-content\/uploads\/2024\/11\/Tempo-2-768x142.png 768w\" sizes=\"(max-width: 643px) 100vw, 643px\" \/><\/p>\n<p>O sol aparece entre nuvens, ainda permitindo uma maior eleva\u00e7\u00e3o das temperaturas no estado. Os ventos sopram com intensidade fraca a moderada de quadrante sudoeste\/sul, com os maiores valores observados nas regi\u00f5es costeiras. Com a mudan\u00e7a para os ventos de quadrante sul, as temperaturas ficam amenas em rela\u00e7\u00e3o ao dia anterior.<\/p>\n<p>Fonte: Defesa Civil SC\/Meteorologista: Caio Guerra<\/p>\n","protected":false},"excerpt":{"rendered":"<p>Na segunda-feira (16) o tempo se mant\u00e9m com a presen\u00e7a de bastante nebulosidade e condi\u00e7\u00f5es para chuvas isoladas e passageiras entre os planaltos e o litoral. Isso ocorre devido ao deslocamento de umidade, provocado pela atua\u00e7\u00e3o do ciclone no mar, mas estas condi\u00e7\u00f5es n\u00e3o trazem riscos para ocorr\u00eancias associadas \u00e0s condi\u00e7\u00f5es de tempo. O sol &hellip;<\/p>\n<p class=\"read-more\"> <a class=\"\" href=\"https:\/\/sulsc.com\/index.php\/2024\/12\/16\/sol-entre-nuvens-e-condicoes-de-chuvas-isoladas-em-todas-as-regioes-nesta-segunda-feira-16\/\"> <span class=\"screen-reader-text\">Sol entre nuvens e condi\u00e7\u00f5es de chuvas isoladas em todas as regi\u00f5es nesta segunda-feira (16)<\/span> Read More &raquo;<\/a><\/p>\n","protected":false},"author":3,"featured_media":18457,"comment_status":"open","ping_status":"open","sticky":false,"template":"","format":"standard","meta":{"site-sidebar-layout":"default","site-content-layout":"","ast-site-content-layout":"default","site-content-style":"default","site-sidebar-style":"default","ast-global-header-display":"","ast-banner-title-visibility":"","ast-main-header-display":"","ast-hfb-above-header-display":"","ast-hfb-below-header-display":"","ast-hfb-mobile-header-display":"","site-post-title":"","ast-breadcrumbs-content":"","ast-featured-img":"","footer-sml-layout":"","theme-transparent-header-meta":"default","adv-header-id-meta":"","stick-header-meta":"","header-above-stick-meta":"","header-main-stick-meta":"","header-below-stick-meta":"","astra-migrate-meta-layouts":"set","footnotes":""},"categories":[38],"tags":[90],"yoast_head":"<!-- This site is optimized with the Yoast SEO plugin v21.4 - https:\/\/yoast.com\/wordpress\/plugins\/seo\/ -->\n<title>Sol entre nuvens e condi\u00e7\u00f5es de chuvas isoladas em todas as regi\u00f5es nesta segunda-feira (16) -<\/title>\n<meta name=\"description\" content=\"Os ventos sopram com intensidade fraca a moderada de quadrante sudoeste sul com os maiores valores observados nas regi\u00f5es costeiras\" \/>\n<meta name=\"robots\" content=\"index, follow, max-snippet:-1, max-image-preview:large, max-video-preview:-1\" \/>\n<link rel=\"canonical\" href=\"https:\/\/sulsc.com\/index.php\/2024\/12\/16\/sol-entre-nuvens-e-condicoes-de-chuvas-isoladas-em-todas-as-regioes-nesta-segunda-feira-16\/\" \/>\n<meta property=\"og:locale\" content=\"en_US\" \/>\n<meta property=\"og:type\" content=\"article\" \/>\n<meta property=\"og:title\" content=\"Sol entre nuvens e condi\u00e7\u00f5es de chuvas isoladas em todas as regi\u00f5es nesta segunda-feira (16) -\" \/>\n<meta property=\"og:description\" content=\"Os ventos sopram com intensidade fraca a moderada de quadrante sudoeste sul com os maiores valores observados nas regi\u00f5es costeiras\" \/>\n<meta property=\"og:url\" content=\"https:\/\/sulsc.com\/index.php\/2024\/12\/16\/sol-entre-nuvens-e-condicoes-de-chuvas-isoladas-em-todas-as-regioes-nesta-segunda-feira-16\/\" \/>\n<meta property=\"article:author\" content=\"https:\/\/www.facebook.com\/profile.php?id=61559278119680\" \/>\n<meta property=\"article:published_time\" content=\"2024-12-16T10:55:31+00:00\" \/>\n<meta property=\"og:image\" content=\"http:\/\/sulsc.com\/wp-content\/uploads\/2024\/12\/1-1.jpg\" \/>\n\t<meta property=\"og:image:width\" content=\"719\" \/>\n\t<meta property=\"og:image:height\" content=\"1600\" \/>\n\t<meta property=\"og:image:type\" content=\"image\/jpeg\" \/>\n<meta name=\"author\" content=\"Reda\u00e7\u00e3o Sul SC\" \/>\n<meta name=\"twitter:card\" content=\"summary_large_image\" \/>\n<meta name=\"twitter:creator\" content=\"@https:\/\/twitter.com\/PortalSulSC\" \/>\n<meta name=\"twitter:label1\" content=\"Written by\" \/>\n\t<meta name=\"twitter:data1\" content=\"Reda\u00e7\u00e3o Sul SC\" \/>\n\t<meta name=\"twitter:label2\" content=\"Est. reading time\" \/>\n\t<meta name=\"twitter:data2\" content=\"1 minute\" \/>\n<script type=\"application\/ld+json\" class=\"yoast-schema-graph\">{\"@context\":\"https:\/\/schema.org\",\"@graph\":[{\"@type\":\"WebPage\",\"@id\":\"https:\/\/sulsc.com\/index.php\/2024\/12\/16\/sol-entre-nuvens-e-condicoes-de-chuvas-isoladas-em-todas-as-regioes-nesta-segunda-feira-16\/\",\"url\":\"https:\/\/sulsc.com\/index.php\/2024\/12\/16\/sol-entre-nuvens-e-condicoes-de-chuvas-isoladas-em-todas-as-regioes-nesta-segunda-feira-16\/\",\"name\":\"Sol entre nuvens e condi\u00e7\u00f5es de chuvas isoladas em todas as regi\u00f5es nesta segunda-feira (16) -\",\"isPartOf\":{\"@id\":\"https:\/\/sulsc.com\/#website\"},\"datePublished\":\"2024-12-16T10:55:31+00:00\",\"dateModified\":\"2024-12-16T10:55:31+00:00\",\"author\":{\"@id\":\"https:\/\/sulsc.com\/#\/schema\/person\/84d2fc571684f6248ba83092f07750a3\"},\"description\":\"Os ventos sopram com intensidade fraca a moderada de quadrante sudoeste sul com os maiores valores observados nas regi\u00f5es costeiras\",\"breadcrumb\":{\"@id\":\"https:\/\/sulsc.com\/index.php\/2024\/12\/16\/sol-entre-nuvens-e-condicoes-de-chuvas-isoladas-em-todas-as-regioes-nesta-segunda-feira-16\/#breadcrumb\"},\"inLanguage\":\"en-US\",\"potentialAction\":[{\"@type\":\"ReadAction\",\"target\":[\"https:\/\/sulsc.com\/index.php\/2024\/12\/16\/sol-entre-nuvens-e-condicoes-de-chuvas-isoladas-em-todas-as-regioes-nesta-segunda-feira-16\/\"]}]},{\"@type\":\"BreadcrumbList\",\"@id\":\"https:\/\/sulsc.com\/index.php\/2024\/12\/16\/sol-entre-nuvens-e-condicoes-de-chuvas-isoladas-em-todas-as-regioes-nesta-segunda-feira-16\/#breadcrumb\",\"itemListElement\":[{\"@type\":\"ListItem\",\"position\":1,\"name\":\"In\u00edcio\",\"item\":\"https:\/\/sulsc.com\/\"},{\"@type\":\"ListItem\",\"position\":2,\"name\":\"Sol entre nuvens e condi\u00e7\u00f5es de chuvas isoladas em todas as regi\u00f5es nesta segunda-feira (16)\"}]},{\"@type\":\"WebSite\",\"@id\":\"https:\/\/sulsc.com\/#website\",\"url\":\"https:\/\/sulsc.com\/\",\"name\":\"\",\"description\":\"\",\"potentialAction\":[{\"@type\":\"SearchAction\",\"target\":{\"@type\":\"EntryPoint\",\"urlTemplate\":\"https:\/\/sulsc.com\/?s={search_term_string}\"},\"query-input\":\"required name=search_term_string\"}],\"inLanguage\":\"en-US\"},{\"@type\":\"Person\",\"@id\":\"https:\/\/sulsc.com\/#\/schema\/person\/84d2fc571684f6248ba83092f07750a3\",\"name\":\"Reda\u00e7\u00e3o Sul SC\",\"image\":{\"@type\":\"ImageObject\",\"inLanguage\":\"en-US\",\"@id\":\"https:\/\/sulsc.com\/#\/schema\/person\/image\/e08d7fe2cc4ed596372063bbe852b8d0\",\"url\":\"https:\/\/sulsc.com\/wp-content\/uploads\/2023\/09\/redacao.png\",\"contentUrl\":\"https:\/\/sulsc.com\/wp-content\/uploads\/2023\/09\/redacao.png\",\"caption\":\"Reda\u00e7\u00e3o Sul SC\"},\"description\":\"Foco em um jornalismo imparcial, voltado \u00e0 qualidade dos seus conte\u00fados e, assim, levar informa\u00e7\u00e3o de valor que agregue \u00e0 vida dos leitores. Esta \u00e9 grande miss\u00e3o do Portal de Not\u00edcias Sul SC. N\u00e3o \u00e9 quantidade que muda o mundo, sempre foi e seguir\u00e1 sendo qualidade!\",\"sameAs\":[\"https:\/\/sulsc.com\/\",\"https:\/\/www.facebook.com\/profile.php?id=61559278119680\",\"https:\/\/www.instagram.com\/sulscportal\/?hl=pt-br\",\"https:\/\/twitter.com\/https:\/\/twitter.com\/PortalSulSC\",\"https:\/\/www.youtube.com\/channel\/UCv_BE8GeySluDov2n8qhVmw\"],\"url\":\"https:\/\/sulsc.com\/index.php\/author\/redacao\/\"}]}<\/script>\n<!-- \/ Yoast SEO plugin. -->","yoast_head_json":{"title":"Sol entre nuvens e condi\u00e7\u00f5es de chuvas isoladas em todas as regi\u00f5es nesta segunda-feira (16) -","description":"Os ventos sopram com intensidade fraca a moderada de quadrante sudoeste sul com os maiores valores observados nas regi\u00f5es costeiras","robots":{"index":"index","follow":"follow","max-snippet":"max-snippet:-1","max-image-preview":"max-image-preview:large","max-video-preview":"max-video-preview:-1"},"canonical":"https:\/\/sulsc.com\/index.php\/2024\/12\/16\/sol-entre-nuvens-e-condicoes-de-chuvas-isoladas-em-todas-as-regioes-nesta-segunda-feira-16\/","og_locale":"en_US","og_type":"article","og_title":"Sol entre nuvens e condi\u00e7\u00f5es de chuvas isoladas em todas as regi\u00f5es nesta segunda-feira (16) -","og_description":"Os ventos sopram com intensidade fraca a moderada de quadrante sudoeste sul com os maiores valores observados nas regi\u00f5es costeiras","og_url":"https:\/\/sulsc.com\/index.php\/2024\/12\/16\/sol-entre-nuvens-e-condicoes-de-chuvas-isoladas-em-todas-as-regioes-nesta-segunda-feira-16\/","article_author":"https:\/\/www.facebook.com\/profile.php?id=61559278119680","article_published_time":"2024-12-16T10:55:31+00:00","og_image":[{"width":719,"height":1600,"url":"http:\/\/sulsc.com\/wp-content\/uploads\/2024\/12\/1-1.jpg","type":"image\/jpeg"}],"author":"Reda\u00e7\u00e3o Sul SC","twitter_card":"summary_large_image","twitter_creator":"@https:\/\/twitter.com\/PortalSulSC","twitter_misc":{"Written by":"Reda\u00e7\u00e3o Sul SC","Est. reading time":"1 minute"},"schema":{"@context":"https:\/\/schema.org","@graph":[{"@type":"WebPage","@id":"https:\/\/sulsc.com\/index.php\/2024\/12\/16\/sol-entre-nuvens-e-condicoes-de-chuvas-isoladas-em-todas-as-regioes-nesta-segunda-feira-16\/","url":"https:\/\/sulsc.com\/index.php\/2024\/12\/16\/sol-entre-nuvens-e-condicoes-de-chuvas-isoladas-em-todas-as-regioes-nesta-segunda-feira-16\/","name":"Sol entre nuvens e condi\u00e7\u00f5es de chuvas isoladas em todas as regi\u00f5es nesta segunda-feira (16) -","isPartOf":{"@id":"https:\/\/sulsc.com\/#website"},"datePublished":"2024-12-16T10:55:31+00:00","dateModified":"2024-12-16T10:55:31+00:00","author":{"@id":"https:\/\/sulsc.com\/#\/schema\/person\/84d2fc571684f6248ba83092f07750a3"},"description":"Os ventos sopram com intensidade fraca a moderada de quadrante sudoeste sul com os maiores valores observados nas regi\u00f5es costeiras","breadcrumb":{"@id":"https:\/\/sulsc.com\/index.php\/2024\/12\/16\/sol-entre-nuvens-e-condicoes-de-chuvas-isoladas-em-todas-as-regioes-nesta-segunda-feira-16\/#breadcrumb"},"inLanguage":"en-US","potentialAction":[{"@type":"ReadAction","target":["https:\/\/sulsc.com\/index.php\/2024\/12\/16\/sol-entre-nuvens-e-condicoes-de-chuvas-isoladas-em-todas-as-regioes-nesta-segunda-feira-16\/"]}]},{"@type":"BreadcrumbList","@id":"https:\/\/sulsc.com\/index.php\/2024\/12\/16\/sol-entre-nuvens-e-condicoes-de-chuvas-isoladas-em-todas-as-regioes-nesta-segunda-feira-16\/#breadcrumb","itemListElement":[{"@type":"ListItem","position":1,"name":"In\u00edcio","item":"https:\/\/sulsc.com\/"},{"@type":"ListItem","position":2,"name":"Sol entre nuvens e condi\u00e7\u00f5es de chuvas isoladas em todas as regi\u00f5es nesta segunda-feira (16)"}]},{"@type":"WebSite","@id":"https:\/\/sulsc.com\/#website","url":"https:\/\/sulsc.com\/","name":"","description":"","potentialAction":[{"@type":"SearchAction","target":{"@type":"EntryPoint","urlTemplate":"https:\/\/sulsc.com\/?s={search_term_string}"},"query-input":"required name=search_term_string"}],"inLanguage":"en-US"},{"@type":"Person","@id":"https:\/\/sulsc.com\/#\/schema\/person\/84d2fc571684f6248ba83092f07750a3","name":"Reda\u00e7\u00e3o Sul SC","image":{"@type":"ImageObject","inLanguage":"en-US","@id":"https:\/\/sulsc.com\/#\/schema\/person\/image\/e08d7fe2cc4ed596372063bbe852b8d0","url":"https:\/\/sulsc.com\/wp-content\/uploads\/2023\/09\/redacao.png","contentUrl":"https:\/\/sulsc.com\/wp-content\/uploads\/2023\/09\/redacao.png","caption":"Reda\u00e7\u00e3o Sul SC"},"description":"Foco em um jornalismo imparcial, voltado \u00e0 qualidade dos seus conte\u00fados e, assim, levar informa\u00e7\u00e3o de valor que agregue \u00e0 vida dos leitores. Esta \u00e9 grande miss\u00e3o do Portal de Not\u00edcias Sul SC. N\u00e3o \u00e9 quantidade que muda o mundo, sempre foi e seguir\u00e1 sendo qualidade!","sameAs":["https:\/\/sulsc.com\/","https:\/\/www.facebook.com\/profile.php?id=61559278119680","https:\/\/www.instagram.com\/sulscportal\/?hl=pt-br","https:\/\/twitter.com\/https:\/\/twitter.com\/PortalSulSC","https:\/\/www.youtube.com\/channel\/UCv_BE8GeySluDov2n8qhVmw"],"url":"https:\/\/sulsc.com\/index.php\/author\/redacao\/"}]}},"authors":[],"_links":{"self":[{"href":"https:\/\/sulsc.com\/index.php\/wp-json\/wp\/v2\/posts\/18455"}],"collection":[{"href":"https:\/\/sulsc.com\/index.php\/wp-json\/wp\/v2\/posts"}],"about":[{"href":"https:\/\/sulsc.com\/index.php\/wp-json\/wp\/v2\/types\/post"}],"author":[{"embeddable":true,"href":"https:\/\/sulsc.com\/index.php\/wp-json\/wp\/v2\/users\/3"}],"replies":[{"embeddable":true,"href":"https:\/\/sulsc.com\/index.php\/wp-json\/wp\/v2\/comments?post=18455"}],"version-history":[{"count":1,"href":"https:\/\/sulsc.com\/index.php\/wp-json\/wp\/v2\/posts\/18455\/revisions"}],"predecessor-version":[{"id":18458,"href":"https:\/\/sulsc.com\/index.php\/wp-json\/wp\/v2\/posts\/18455\/revisions\/18458"}],"wp:featuredmedia":[{"embeddable":true,"href":"https:\/\/sulsc.com\/index.php\/wp-json\/wp\/v2\/media\/18457"}],"wp:attachment":[{"href":"https:\/\/sulsc.com\/index.php\/wp-json\/wp\/v2\/media?parent=18455"}],"wp:term":[{"taxonomy":"category","embeddable":true,"href":"https:\/\/sulsc.com\/index.php\/wp-json\/wp\/v2\/categories?post=18455"},{"taxonomy":"post_tag","embeddable":true,"href":"https:\/\/sulsc.com\/index.php\/wp-json\/wp\/v2\/tags?post=18455"}],"curies":[{"name":"wp","href":"https:\/\/api.w.org\/{rel}","templated":true}]}}