{"id":18479,"date":"2024-12-16T10:53:12","date_gmt":"2024-12-16T13:53:12","guid":{"rendered":"https:\/\/sulsc.com\/?p=18479"},"modified":"2024-12-16T11:23:48","modified_gmt":"2024-12-16T14:23:48","slug":"diplomacao-dos-eleitos-de-laguna-e-pescaria-brava-sera-nesta-terca-feira-17","status":"publish","type":"post","link":"https:\/\/sulsc.com\/index.php\/2024\/12\/16\/diplomacao-dos-eleitos-de-laguna-e-pescaria-brava-sera-nesta-terca-feira-17\/","title":{"rendered":"Diploma\u00e7\u00e3o dos eleitos de Laguna e Pescaria Brava ser\u00e1 nesta ter\u00e7a-feira (17)"},"content":{"rendered":"<p>Os candidatos vencedores nas elei\u00e7\u00f5es de 6 de outubro receber\u00e3o, na ter\u00e7a-feira, 17 de dezembro, os diplomas que oficializam suas vit\u00f3rias em Laguna e Pescaria Brava, assegurando sua elegibilidade para a posse marcada para 1\u00ba de janeiro.<\/p>\n<p>Este evento marca o encerramento das atividades da Justi\u00e7a Eleitoral de Laguna, respons\u00e1vel pela supervis\u00e3o do processo eleitoral nas duas cidades. A cerim\u00f4nia ser\u00e1 realizada no Cine Mussi, \u00e0s 18h, e ter\u00e1 acesso restrito a convidados.<\/p>\n<p>Em Laguna, ser\u00e3o diplomados: Peterson Crippa (PL) e Leandro Bento (PSDB) como prefeito e vice; e Anderson Silveira (Podemos), Eduardo Carneiro (Podemos), Hir\u00e3 Ramos (PL), Luiz Ot\u00e1vio Pereira (PL), Gabriel Martins (PL), Tanara Cidade (PT), Edi Goulart (MDB), Valdomiro Barbosa (MDB), Cleosmar Fernandes (MDB), Rhoomening Rodrigues (MDB), V\u00edtor El\u00edbio (MDB), Jaleel Farias (PSD) e Fernando Mendon\u00e7a (PP), como vereadores.<\/p>\n<p>J\u00e1 em Pescaria Brava: Luiz Henrique Castro (PP) e Jana\u00edna Botega (Republicanos) como prefeito e vice; e Rosilene Fa\u00edsca (Republicanos), Leandro Francisco (Republicanos), Jaisson Castro (PP), Talita Santos (PP), Jos\u00e9 Eraldo Francisco (PP), M\u00e1rcio dos Santos (PP), Pedro Paulo Medeiros (PP), Gilberto Neves (MDB) e Jos\u00e9 Carlos Pereira (PL).<\/p>\n<p><em>As informa\u00e7\u00f5es s\u00e3o do portal Agora Laguna.<\/em><\/p>\n","protected":false},"excerpt":{"rendered":"<p>Os candidatos vencedores nas elei\u00e7\u00f5es de 6 de outubro receber\u00e3o, na ter\u00e7a-feira, 17 de dezembro, os diplomas que oficializam suas vit\u00f3rias em Laguna e Pescaria Brava, assegurando sua elegibilidade para a posse marcada para 1\u00ba de janeiro. Este evento marca o encerramento das atividades da Justi\u00e7a Eleitoral de Laguna, respons\u00e1vel pela supervis\u00e3o do processo eleitoral &hellip;<\/p>\n<p class=\"read-more\"> <a class=\"\" href=\"https:\/\/sulsc.com\/index.php\/2024\/12\/16\/diplomacao-dos-eleitos-de-laguna-e-pescaria-brava-sera-nesta-terca-feira-17\/\"> <span class=\"screen-reader-text\">Diploma\u00e7\u00e3o dos eleitos de Laguna e Pescaria Brava ser\u00e1 nesta ter\u00e7a-feira (17)<\/span> Read More &raquo;<\/a><\/p>\n","protected":false},"author":3,"featured_media":18480,"comment_status":"open","ping_status":"open","sticky":false,"template":"","format":"standard","meta":{"site-sidebar-layout":"default","site-content-layout":"","ast-site-content-layout":"default","site-content-style":"default","site-sidebar-style":"default","ast-global-header-display":"","ast-banner-title-visibility":"","ast-main-header-display":"","ast-hfb-above-header-display":"","ast-hfb-below-header-display":"","ast-hfb-mobile-header-display":"","site-post-title":"","ast-breadcrumbs-content":"","ast-featured-img":"","footer-sml-layout":"","theme-transparent-header-meta":"default","adv-header-id-meta":"","stick-header-meta":"","header-above-stick-meta":"","header-main-stick-meta":"","header-below-stick-meta":"","astra-migrate-meta-layouts":"set","footnotes":""},"categories":[1],"tags":[],"yoast_head":"<!-- This site is optimized with the Yoast SEO plugin v21.4 - https:\/\/yoast.com\/wordpress\/plugins\/seo\/ -->\n<title>Diploma\u00e7\u00e3o dos eleitos de Laguna e Pescaria Brava ser\u00e1 nesta ter\u00e7a-feira (17) -<\/title>\n<meta name=\"robots\" content=\"index, follow, max-snippet:-1, max-image-preview:large, max-video-preview:-1\" \/>\n<link rel=\"canonical\" href=\"https:\/\/sulsc.com\/index.php\/2024\/12\/16\/diplomacao-dos-eleitos-de-laguna-e-pescaria-brava-sera-nesta-terca-feira-17\/\" \/>\n<meta property=\"og:locale\" content=\"en_US\" \/>\n<meta property=\"og:type\" content=\"article\" \/>\n<meta property=\"og:title\" content=\"Diploma\u00e7\u00e3o dos eleitos de Laguna e Pescaria Brava ser\u00e1 nesta ter\u00e7a-feira (17) -\" \/>\n<meta property=\"og:description\" content=\"Os candidatos vencedores nas elei\u00e7\u00f5es de 6 de outubro receber\u00e3o, na ter\u00e7a-feira, 17 de dezembro, os diplomas que oficializam suas vit\u00f3rias em Laguna e Pescaria Brava, assegurando sua elegibilidade para a posse marcada para 1\u00ba de janeiro. Este evento marca o encerramento das atividades da Justi\u00e7a Eleitoral de Laguna, respons\u00e1vel pela supervis\u00e3o do processo eleitoral &hellip; Diploma\u00e7\u00e3o dos eleitos de Laguna e Pescaria Brava ser\u00e1 nesta ter\u00e7a-feira (17) Read More &raquo;\" \/>\n<meta property=\"og:url\" content=\"https:\/\/sulsc.com\/index.php\/2024\/12\/16\/diplomacao-dos-eleitos-de-laguna-e-pescaria-brava-sera-nesta-terca-feira-17\/\" \/>\n<meta property=\"article:author\" content=\"https:\/\/www.facebook.com\/profile.php?id=61559278119680\" \/>\n<meta property=\"article:published_time\" content=\"2024-12-16T13:53:12+00:00\" \/>\n<meta property=\"article:modified_time\" content=\"2024-12-16T14:23:48+00:00\" \/>\n<meta property=\"og:image\" content=\"http:\/\/sulsc.com\/wp-content\/uploads\/2024\/12\/images-3.jpg\" \/>\n\t<meta property=\"og:image:width\" content=\"371\" \/>\n\t<meta property=\"og:image:height\" content=\"136\" \/>\n\t<meta property=\"og:image:type\" content=\"image\/jpeg\" \/>\n<meta name=\"author\" content=\"Reda\u00e7\u00e3o Sul SC\" \/>\n<meta name=\"twitter:card\" content=\"summary_large_image\" \/>\n<meta name=\"twitter:creator\" content=\"@https:\/\/twitter.com\/PortalSulSC\" \/>\n<meta name=\"twitter:label1\" content=\"Written by\" \/>\n\t<meta name=\"twitter:data1\" content=\"Reda\u00e7\u00e3o Sul SC\" \/>\n\t<meta name=\"twitter:label2\" content=\"Est. reading time\" \/>\n\t<meta name=\"twitter:data2\" content=\"1 minute\" \/>\n<script type=\"application\/ld+json\" class=\"yoast-schema-graph\">{\"@context\":\"https:\/\/schema.org\",\"@graph\":[{\"@type\":\"WebPage\",\"@id\":\"https:\/\/sulsc.com\/index.php\/2024\/12\/16\/diplomacao-dos-eleitos-de-laguna-e-pescaria-brava-sera-nesta-terca-feira-17\/\",\"url\":\"https:\/\/sulsc.com\/index.php\/2024\/12\/16\/diplomacao-dos-eleitos-de-laguna-e-pescaria-brava-sera-nesta-terca-feira-17\/\",\"name\":\"Diploma\u00e7\u00e3o dos eleitos de Laguna e Pescaria Brava ser\u00e1 nesta ter\u00e7a-feira (17) -\",\"isPartOf\":{\"@id\":\"https:\/\/sulsc.com\/#website\"},\"datePublished\":\"2024-12-16T13:53:12+00:00\",\"dateModified\":\"2024-12-16T14:23:48+00:00\",\"author\":{\"@id\":\"https:\/\/sulsc.com\/#\/schema\/person\/84d2fc571684f6248ba83092f07750a3\"},\"breadcrumb\":{\"@id\":\"https:\/\/sulsc.com\/index.php\/2024\/12\/16\/diplomacao-dos-eleitos-de-laguna-e-pescaria-brava-sera-nesta-terca-feira-17\/#breadcrumb\"},\"inLanguage\":\"en-US\",\"potentialAction\":[{\"@type\":\"ReadAction\",\"target\":[\"https:\/\/sulsc.com\/index.php\/2024\/12\/16\/diplomacao-dos-eleitos-de-laguna-e-pescaria-brava-sera-nesta-terca-feira-17\/\"]}]},{\"@type\":\"BreadcrumbList\",\"@id\":\"https:\/\/sulsc.com\/index.php\/2024\/12\/16\/diplomacao-dos-eleitos-de-laguna-e-pescaria-brava-sera-nesta-terca-feira-17\/#breadcrumb\",\"itemListElement\":[{\"@type\":\"ListItem\",\"position\":1,\"name\":\"In\u00edcio\",\"item\":\"https:\/\/sulsc.com\/\"},{\"@type\":\"ListItem\",\"position\":2,\"name\":\"Diploma\u00e7\u00e3o dos eleitos de Laguna e Pescaria Brava ser\u00e1 nesta ter\u00e7a-feira (17)\"}]},{\"@type\":\"WebSite\",\"@id\":\"https:\/\/sulsc.com\/#website\",\"url\":\"https:\/\/sulsc.com\/\",\"name\":\"\",\"description\":\"\",\"potentialAction\":[{\"@type\":\"SearchAction\",\"target\":{\"@type\":\"EntryPoint\",\"urlTemplate\":\"https:\/\/sulsc.com\/?s={search_term_string}\"},\"query-input\":\"required name=search_term_string\"}],\"inLanguage\":\"en-US\"},{\"@type\":\"Person\",\"@id\":\"https:\/\/sulsc.com\/#\/schema\/person\/84d2fc571684f6248ba83092f07750a3\",\"name\":\"Reda\u00e7\u00e3o Sul SC\",\"image\":{\"@type\":\"ImageObject\",\"inLanguage\":\"en-US\",\"@id\":\"https:\/\/sulsc.com\/#\/schema\/person\/image\/e08d7fe2cc4ed596372063bbe852b8d0\",\"url\":\"https:\/\/sulsc.com\/wp-content\/uploads\/2023\/09\/redacao.png\",\"contentUrl\":\"https:\/\/sulsc.com\/wp-content\/uploads\/2023\/09\/redacao.png\",\"caption\":\"Reda\u00e7\u00e3o Sul SC\"},\"description\":\"Foco em um jornalismo imparcial, voltado \u00e0 qualidade dos seus conte\u00fados e, assim, levar informa\u00e7\u00e3o de valor que agregue \u00e0 vida dos leitores. Esta \u00e9 grande miss\u00e3o do Portal de Not\u00edcias Sul SC. N\u00e3o \u00e9 quantidade que muda o mundo, sempre foi e seguir\u00e1 sendo qualidade!\",\"sameAs\":[\"https:\/\/sulsc.com\/\",\"https:\/\/www.facebook.com\/profile.php?id=61559278119680\",\"https:\/\/www.instagram.com\/sulscportal\/?hl=pt-br\",\"https:\/\/twitter.com\/https:\/\/twitter.com\/PortalSulSC\",\"https:\/\/www.youtube.com\/channel\/UCv_BE8GeySluDov2n8qhVmw\"],\"url\":\"https:\/\/sulsc.com\/index.php\/author\/redacao\/\"}]}<\/script>\n<!-- \/ Yoast SEO plugin. -->","yoast_head_json":{"title":"Diploma\u00e7\u00e3o dos eleitos de Laguna e Pescaria Brava ser\u00e1 nesta ter\u00e7a-feira (17) -","robots":{"index":"index","follow":"follow","max-snippet":"max-snippet:-1","max-image-preview":"max-image-preview:large","max-video-preview":"max-video-preview:-1"},"canonical":"https:\/\/sulsc.com\/index.php\/2024\/12\/16\/diplomacao-dos-eleitos-de-laguna-e-pescaria-brava-sera-nesta-terca-feira-17\/","og_locale":"en_US","og_type":"article","og_title":"Diploma\u00e7\u00e3o dos eleitos de Laguna e Pescaria Brava ser\u00e1 nesta ter\u00e7a-feira (17) -","og_description":"Os candidatos vencedores nas elei\u00e7\u00f5es de 6 de outubro receber\u00e3o, na ter\u00e7a-feira, 17 de dezembro, os diplomas que oficializam suas vit\u00f3rias em Laguna e Pescaria Brava, assegurando sua elegibilidade para a posse marcada para 1\u00ba de janeiro. Este evento marca o encerramento das atividades da Justi\u00e7a Eleitoral de Laguna, respons\u00e1vel pela supervis\u00e3o do processo eleitoral &hellip; Diploma\u00e7\u00e3o dos eleitos de Laguna e Pescaria Brava ser\u00e1 nesta ter\u00e7a-feira (17) Read More &raquo;","og_url":"https:\/\/sulsc.com\/index.php\/2024\/12\/16\/diplomacao-dos-eleitos-de-laguna-e-pescaria-brava-sera-nesta-terca-feira-17\/","article_author":"https:\/\/www.facebook.com\/profile.php?id=61559278119680","article_published_time":"2024-12-16T13:53:12+00:00","article_modified_time":"2024-12-16T14:23:48+00:00","og_image":[{"width":371,"height":136,"url":"http:\/\/sulsc.com\/wp-content\/uploads\/2024\/12\/images-3.jpg","type":"image\/jpeg"}],"author":"Reda\u00e7\u00e3o Sul SC","twitter_card":"summary_large_image","twitter_creator":"@https:\/\/twitter.com\/PortalSulSC","twitter_misc":{"Written by":"Reda\u00e7\u00e3o Sul SC","Est. reading time":"1 minute"},"schema":{"@context":"https:\/\/schema.org","@graph":[{"@type":"WebPage","@id":"https:\/\/sulsc.com\/index.php\/2024\/12\/16\/diplomacao-dos-eleitos-de-laguna-e-pescaria-brava-sera-nesta-terca-feira-17\/","url":"https:\/\/sulsc.com\/index.php\/2024\/12\/16\/diplomacao-dos-eleitos-de-laguna-e-pescaria-brava-sera-nesta-terca-feira-17\/","name":"Diploma\u00e7\u00e3o dos eleitos de Laguna e Pescaria Brava ser\u00e1 nesta ter\u00e7a-feira (17) -","isPartOf":{"@id":"https:\/\/sulsc.com\/#website"},"datePublished":"2024-12-16T13:53:12+00:00","dateModified":"2024-12-16T14:23:48+00:00","author":{"@id":"https:\/\/sulsc.com\/#\/schema\/person\/84d2fc571684f6248ba83092f07750a3"},"breadcrumb":{"@id":"https:\/\/sulsc.com\/index.php\/2024\/12\/16\/diplomacao-dos-eleitos-de-laguna-e-pescaria-brava-sera-nesta-terca-feira-17\/#breadcrumb"},"inLanguage":"en-US","potentialAction":[{"@type":"ReadAction","target":["https:\/\/sulsc.com\/index.php\/2024\/12\/16\/diplomacao-dos-eleitos-de-laguna-e-pescaria-brava-sera-nesta-terca-feira-17\/"]}]},{"@type":"BreadcrumbList","@id":"https:\/\/sulsc.com\/index.php\/2024\/12\/16\/diplomacao-dos-eleitos-de-laguna-e-pescaria-brava-sera-nesta-terca-feira-17\/#breadcrumb","itemListElement":[{"@type":"ListItem","position":1,"name":"In\u00edcio","item":"https:\/\/sulsc.com\/"},{"@type":"ListItem","position":2,"name":"Diploma\u00e7\u00e3o dos eleitos de Laguna e Pescaria Brava ser\u00e1 nesta ter\u00e7a-feira (17)"}]},{"@type":"WebSite","@id":"https:\/\/sulsc.com\/#website","url":"https:\/\/sulsc.com\/","name":"","description":"","potentialAction":[{"@type":"SearchAction","target":{"@type":"EntryPoint","urlTemplate":"https:\/\/sulsc.com\/?s={search_term_string}"},"query-input":"required name=search_term_string"}],"inLanguage":"en-US"},{"@type":"Person","@id":"https:\/\/sulsc.com\/#\/schema\/person\/84d2fc571684f6248ba83092f07750a3","name":"Reda\u00e7\u00e3o Sul SC","image":{"@type":"ImageObject","inLanguage":"en-US","@id":"https:\/\/sulsc.com\/#\/schema\/person\/image\/e08d7fe2cc4ed596372063bbe852b8d0","url":"https:\/\/sulsc.com\/wp-content\/uploads\/2023\/09\/redacao.png","contentUrl":"https:\/\/sulsc.com\/wp-content\/uploads\/2023\/09\/redacao.png","caption":"Reda\u00e7\u00e3o Sul SC"},"description":"Foco em um jornalismo imparcial, voltado \u00e0 qualidade dos seus conte\u00fados e, assim, levar informa\u00e7\u00e3o de valor que agregue \u00e0 vida dos leitores. Esta \u00e9 grande miss\u00e3o do Portal de Not\u00edcias Sul SC. N\u00e3o \u00e9 quantidade que muda o mundo, sempre foi e seguir\u00e1 sendo qualidade!","sameAs":["https:\/\/sulsc.com\/","https:\/\/www.facebook.com\/profile.php?id=61559278119680","https:\/\/www.instagram.com\/sulscportal\/?hl=pt-br","https:\/\/twitter.com\/https:\/\/twitter.com\/PortalSulSC","https:\/\/www.youtube.com\/channel\/UCv_BE8GeySluDov2n8qhVmw"],"url":"https:\/\/sulsc.com\/index.php\/author\/redacao\/"}]}},"authors":[],"_links":{"self":[{"href":"https:\/\/sulsc.com\/index.php\/wp-json\/wp\/v2\/posts\/18479"}],"collection":[{"href":"https:\/\/sulsc.com\/index.php\/wp-json\/wp\/v2\/posts"}],"about":[{"href":"https:\/\/sulsc.com\/index.php\/wp-json\/wp\/v2\/types\/post"}],"author":[{"embeddable":true,"href":"https:\/\/sulsc.com\/index.php\/wp-json\/wp\/v2\/users\/3"}],"replies":[{"embeddable":true,"href":"https:\/\/sulsc.com\/index.php\/wp-json\/wp\/v2\/comments?post=18479"}],"version-history":[{"count":2,"href":"https:\/\/sulsc.com\/index.php\/wp-json\/wp\/v2\/posts\/18479\/revisions"}],"predecessor-version":[{"id":18483,"href":"https:\/\/sulsc.com\/index.php\/wp-json\/wp\/v2\/posts\/18479\/revisions\/18483"}],"wp:featuredmedia":[{"embeddable":true,"href":"https:\/\/sulsc.com\/index.php\/wp-json\/wp\/v2\/media\/18480"}],"wp:attachment":[{"href":"https:\/\/sulsc.com\/index.php\/wp-json\/wp\/v2\/media?parent=18479"}],"wp:term":[{"taxonomy":"category","embeddable":true,"href":"https:\/\/sulsc.com\/index.php\/wp-json\/wp\/v2\/categories?post=18479"},{"taxonomy":"post_tag","embeddable":true,"href":"https:\/\/sulsc.com\/index.php\/wp-json\/wp\/v2\/tags?post=18479"}],"curies":[{"name":"wp","href":"https:\/\/api.w.org\/{rel}","templated":true}]}}