{"id":1857,"date":"2023-10-06T07:00:33","date_gmt":"2023-10-06T10:00:33","guid":{"rendered":"https:\/\/sulsc.com\/?p=1857"},"modified":"2023-10-06T07:12:55","modified_gmt":"2023-10-06T10:12:55","slug":"intensificacao-do-fluxo-de-ar-quente-e-umido-favorece-o-retorno-dos-temporais-nesta-sexta-feira-6-em-sc","status":"publish","type":"post","link":"https:\/\/sulsc.com\/index.php\/2023\/10\/06\/intensificacao-do-fluxo-de-ar-quente-e-umido-favorece-o-retorno-dos-temporais-nesta-sexta-feira-6-em-sc\/","title":{"rendered":"Intensifica\u00e7\u00e3o do fluxo de ar quente e \u00famido favorece o retorno dos temporais nesta sexta-feira (6), em SC"},"content":{"rendered":"<p>A semana encerra com instabilidades que voltam a influenciar o tempo em Santa Catarina. Nesta sexta-feira (6), a intensifica\u00e7\u00e3o do fluxo de ar quente e \u00famido da regi\u00e3o amaz\u00f4nica juntamente com a presen\u00e7a de sistemas de baixa press\u00e3o e diversos n\u00edveis da atmosfera, favorecem o retorno dos temporais.<\/p>\n<p>A previs\u00e3o \u00e9 que haja chuva pontualmente intensa e volumosa acompanhada de trovoadas, fortes rajadas de vento e eventual queda de granizo com risco moderado a alto para ocorr\u00eancias associadas a alagamentos, enxurradas e deslizamentos. As chuvas iniciam pelas \u00e1reas do norte do estado ainda durante a madrugada e avan\u00e7am em dire\u00e7\u00e3o \u00e0s demais regi\u00f5es entre a manh\u00e3 e tarde.<\/p>\n<p>Os ventos sopram com fraca intensidade de quadrante norte, com rajadas moderadas pelo estado, principalmente no Grande Oeste, onde sopram com velocidades entre 40 a 70 km\/h, podendo ultrapassar esses valores, com risco baixo a moderado para ocorr\u00eancias relacionadas aos ventos.<\/p>\n<p>As m\u00ednimas oscilam entre 15\u00b0C e 22\u00b0C no Grande Oeste e \u00e1reas costeiras e variam entre 9 e 15\u00b0C nas demais regi\u00f5es. As M\u00e1ximas variam entre 19 e 32\u00b0C no Grande Oeste, Planaltos e no Alto Vale do Itaja\u00ed e marcam entre 16 e 20\u00b0C no restante do estado.<\/p>\n<p>&nbsp;<\/p>\n<p>Fonte: Defesa Civil<\/p>\n","protected":false},"excerpt":{"rendered":"<p>A semana encerra com instabilidades que voltam a influenciar o tempo em Santa Catarina. Nesta sexta-feira (6), a intensifica\u00e7\u00e3o do fluxo de ar quente e \u00famido da regi\u00e3o amaz\u00f4nica juntamente com a presen\u00e7a de sistemas de baixa press\u00e3o e diversos n\u00edveis da atmosfera, favorecem o retorno dos temporais. A previs\u00e3o \u00e9 que haja chuva pontualmente &hellip;<\/p>\n<p class=\"read-more\"> <a class=\"\" href=\"https:\/\/sulsc.com\/index.php\/2023\/10\/06\/intensificacao-do-fluxo-de-ar-quente-e-umido-favorece-o-retorno-dos-temporais-nesta-sexta-feira-6-em-sc\/\"> <span class=\"screen-reader-text\">Intensifica\u00e7\u00e3o do fluxo de ar quente e \u00famido favorece o retorno dos temporais nesta sexta-feira (6), em SC<\/span> Read More &raquo;<\/a><\/p>\n","protected":false},"author":3,"featured_media":1858,"comment_status":"open","ping_status":"open","sticky":false,"template":"","format":"standard","meta":{"site-sidebar-layout":"default","site-content-layout":"default","ast-site-content-layout":"","site-content-style":"default","site-sidebar-style":"default","ast-global-header-display":"","ast-banner-title-visibility":"","ast-main-header-display":"","ast-hfb-above-header-display":"","ast-hfb-below-header-display":"","ast-hfb-mobile-header-display":"","site-post-title":"","ast-breadcrumbs-content":"","ast-featured-img":"","footer-sml-layout":"","theme-transparent-header-meta":"default","adv-header-id-meta":"","stick-header-meta":"","header-above-stick-meta":"","header-main-stick-meta":"","header-below-stick-meta":"","astra-migrate-meta-layouts":"","footnotes":""},"categories":[1,38],"tags":[],"yoast_head":"<!-- This site is optimized with the Yoast SEO plugin v21.4 - https:\/\/yoast.com\/wordpress\/plugins\/seo\/ -->\n<title>Intensifica\u00e7\u00e3o do fluxo de ar quente e \u00famido favorece o retorno dos temporais nesta sexta-feira (6), em SC -<\/title>\n<meta name=\"robots\" content=\"index, follow, max-snippet:-1, max-image-preview:large, max-video-preview:-1\" \/>\n<link rel=\"canonical\" href=\"https:\/\/sulsc.com\/index.php\/2023\/10\/06\/intensificacao-do-fluxo-de-ar-quente-e-umido-favorece-o-retorno-dos-temporais-nesta-sexta-feira-6-em-sc\/\" \/>\n<meta property=\"og:locale\" content=\"en_US\" \/>\n<meta property=\"og:type\" content=\"article\" \/>\n<meta property=\"og:title\" content=\"Intensifica\u00e7\u00e3o do fluxo de ar quente e \u00famido favorece o retorno dos temporais nesta sexta-feira (6), em SC -\" \/>\n<meta property=\"og:description\" content=\"A semana encerra com instabilidades que voltam a influenciar o tempo em Santa Catarina. Nesta sexta-feira (6), a intensifica\u00e7\u00e3o do fluxo de ar quente e \u00famido da regi\u00e3o amaz\u00f4nica juntamente com a presen\u00e7a de sistemas de baixa press\u00e3o e diversos n\u00edveis da atmosfera, favorecem o retorno dos temporais. A previs\u00e3o \u00e9 que haja chuva pontualmente &hellip; Intensifica\u00e7\u00e3o do fluxo de ar quente e \u00famido favorece o retorno dos temporais nesta sexta-feira (6), em SC Read More &raquo;\" \/>\n<meta property=\"og:url\" content=\"https:\/\/sulsc.com\/index.php\/2023\/10\/06\/intensificacao-do-fluxo-de-ar-quente-e-umido-favorece-o-retorno-dos-temporais-nesta-sexta-feira-6-em-sc\/\" \/>\n<meta property=\"article:author\" content=\"https:\/\/www.facebook.com\/profile.php?id=61559278119680\" \/>\n<meta property=\"article:published_time\" content=\"2023-10-06T10:00:33+00:00\" \/>\n<meta property=\"article:modified_time\" content=\"2023-10-06T10:12:55+00:00\" \/>\n<meta property=\"og:image\" content=\"https:\/\/sulsc.com\/wp-content\/uploads\/2023\/10\/chuva-scaled.jpg\" \/>\n\t<meta property=\"og:image:width\" content=\"1707\" \/>\n\t<meta property=\"og:image:height\" content=\"2560\" \/>\n\t<meta property=\"og:image:type\" content=\"image\/jpeg\" \/>\n<meta name=\"author\" content=\"Reda\u00e7\u00e3o Sul SC\" \/>\n<meta name=\"twitter:card\" content=\"summary_large_image\" \/>\n<meta name=\"twitter:creator\" content=\"@https:\/\/twitter.com\/PortalSulSC\" \/>\n<meta name=\"twitter:label1\" content=\"Written by\" \/>\n\t<meta name=\"twitter:data1\" content=\"Reda\u00e7\u00e3o Sul SC\" \/>\n\t<meta name=\"twitter:label2\" content=\"Est. reading time\" \/>\n\t<meta name=\"twitter:data2\" content=\"1 minute\" \/>\n<script type=\"application\/ld+json\" class=\"yoast-schema-graph\">{\"@context\":\"https:\/\/schema.org\",\"@graph\":[{\"@type\":\"WebPage\",\"@id\":\"https:\/\/sulsc.com\/index.php\/2023\/10\/06\/intensificacao-do-fluxo-de-ar-quente-e-umido-favorece-o-retorno-dos-temporais-nesta-sexta-feira-6-em-sc\/\",\"url\":\"https:\/\/sulsc.com\/index.php\/2023\/10\/06\/intensificacao-do-fluxo-de-ar-quente-e-umido-favorece-o-retorno-dos-temporais-nesta-sexta-feira-6-em-sc\/\",\"name\":\"Intensifica\u00e7\u00e3o do fluxo de ar quente e \u00famido favorece o retorno dos temporais nesta sexta-feira (6), em SC -\",\"isPartOf\":{\"@id\":\"https:\/\/sulsc.com\/#website\"},\"datePublished\":\"2023-10-06T10:00:33+00:00\",\"dateModified\":\"2023-10-06T10:12:55+00:00\",\"author\":{\"@id\":\"https:\/\/sulsc.com\/#\/schema\/person\/84d2fc571684f6248ba83092f07750a3\"},\"breadcrumb\":{\"@id\":\"https:\/\/sulsc.com\/index.php\/2023\/10\/06\/intensificacao-do-fluxo-de-ar-quente-e-umido-favorece-o-retorno-dos-temporais-nesta-sexta-feira-6-em-sc\/#breadcrumb\"},\"inLanguage\":\"en-US\",\"potentialAction\":[{\"@type\":\"ReadAction\",\"target\":[\"https:\/\/sulsc.com\/index.php\/2023\/10\/06\/intensificacao-do-fluxo-de-ar-quente-e-umido-favorece-o-retorno-dos-temporais-nesta-sexta-feira-6-em-sc\/\"]}]},{\"@type\":\"BreadcrumbList\",\"@id\":\"https:\/\/sulsc.com\/index.php\/2023\/10\/06\/intensificacao-do-fluxo-de-ar-quente-e-umido-favorece-o-retorno-dos-temporais-nesta-sexta-feira-6-em-sc\/#breadcrumb\",\"itemListElement\":[{\"@type\":\"ListItem\",\"position\":1,\"name\":\"In\u00edcio\",\"item\":\"https:\/\/sulsc.com\/\"},{\"@type\":\"ListItem\",\"position\":2,\"name\":\"Intensifica\u00e7\u00e3o do fluxo de ar quente e \u00famido favorece o retorno dos temporais nesta sexta-feira (6), em SC\"}]},{\"@type\":\"WebSite\",\"@id\":\"https:\/\/sulsc.com\/#website\",\"url\":\"https:\/\/sulsc.com\/\",\"name\":\"\",\"description\":\"\",\"potentialAction\":[{\"@type\":\"SearchAction\",\"target\":{\"@type\":\"EntryPoint\",\"urlTemplate\":\"https:\/\/sulsc.com\/?s={search_term_string}\"},\"query-input\":\"required name=search_term_string\"}],\"inLanguage\":\"en-US\"},{\"@type\":\"Person\",\"@id\":\"https:\/\/sulsc.com\/#\/schema\/person\/84d2fc571684f6248ba83092f07750a3\",\"name\":\"Reda\u00e7\u00e3o Sul SC\",\"image\":{\"@type\":\"ImageObject\",\"inLanguage\":\"en-US\",\"@id\":\"https:\/\/sulsc.com\/#\/schema\/person\/image\/e08d7fe2cc4ed596372063bbe852b8d0\",\"url\":\"https:\/\/sulsc.com\/wp-content\/uploads\/2023\/09\/redacao.png\",\"contentUrl\":\"https:\/\/sulsc.com\/wp-content\/uploads\/2023\/09\/redacao.png\",\"caption\":\"Reda\u00e7\u00e3o Sul SC\"},\"description\":\"Foco em um jornalismo imparcial, voltado \u00e0 qualidade dos seus conte\u00fados e, assim, levar informa\u00e7\u00e3o de valor que agregue \u00e0 vida dos leitores. Esta \u00e9 grande miss\u00e3o do Portal de Not\u00edcias Sul SC. N\u00e3o \u00e9 quantidade que muda o mundo, sempre foi e seguir\u00e1 sendo qualidade!\",\"sameAs\":[\"https:\/\/sulsc.com\/\",\"https:\/\/www.facebook.com\/profile.php?id=61559278119680\",\"https:\/\/www.instagram.com\/sulscportal\/?hl=pt-br\",\"https:\/\/twitter.com\/https:\/\/twitter.com\/PortalSulSC\",\"https:\/\/www.youtube.com\/channel\/UCv_BE8GeySluDov2n8qhVmw\"],\"url\":\"https:\/\/sulsc.com\/index.php\/author\/redacao\/\"}]}<\/script>\n<!-- \/ Yoast SEO plugin. -->","yoast_head_json":{"title":"Intensifica\u00e7\u00e3o do fluxo de ar quente e \u00famido favorece o retorno dos temporais nesta sexta-feira (6), em SC -","robots":{"index":"index","follow":"follow","max-snippet":"max-snippet:-1","max-image-preview":"max-image-preview:large","max-video-preview":"max-video-preview:-1"},"canonical":"https:\/\/sulsc.com\/index.php\/2023\/10\/06\/intensificacao-do-fluxo-de-ar-quente-e-umido-favorece-o-retorno-dos-temporais-nesta-sexta-feira-6-em-sc\/","og_locale":"en_US","og_type":"article","og_title":"Intensifica\u00e7\u00e3o do fluxo de ar quente e \u00famido favorece o retorno dos temporais nesta sexta-feira (6), em SC -","og_description":"A semana encerra com instabilidades que voltam a influenciar o tempo em Santa Catarina. Nesta sexta-feira (6), a intensifica\u00e7\u00e3o do fluxo de ar quente e \u00famido da regi\u00e3o amaz\u00f4nica juntamente com a presen\u00e7a de sistemas de baixa press\u00e3o e diversos n\u00edveis da atmosfera, favorecem o retorno dos temporais. A previs\u00e3o \u00e9 que haja chuva pontualmente &hellip; Intensifica\u00e7\u00e3o do fluxo de ar quente e \u00famido favorece o retorno dos temporais nesta sexta-feira (6), em SC Read More &raquo;","og_url":"https:\/\/sulsc.com\/index.php\/2023\/10\/06\/intensificacao-do-fluxo-de-ar-quente-e-umido-favorece-o-retorno-dos-temporais-nesta-sexta-feira-6-em-sc\/","article_author":"https:\/\/www.facebook.com\/profile.php?id=61559278119680","article_published_time":"2023-10-06T10:00:33+00:00","article_modified_time":"2023-10-06T10:12:55+00:00","og_image":[{"width":1707,"height":2560,"url":"https:\/\/sulsc.com\/wp-content\/uploads\/2023\/10\/chuva-scaled.jpg","type":"image\/jpeg"}],"author":"Reda\u00e7\u00e3o Sul SC","twitter_card":"summary_large_image","twitter_creator":"@https:\/\/twitter.com\/PortalSulSC","twitter_misc":{"Written by":"Reda\u00e7\u00e3o Sul SC","Est. reading time":"1 minute"},"schema":{"@context":"https:\/\/schema.org","@graph":[{"@type":"WebPage","@id":"https:\/\/sulsc.com\/index.php\/2023\/10\/06\/intensificacao-do-fluxo-de-ar-quente-e-umido-favorece-o-retorno-dos-temporais-nesta-sexta-feira-6-em-sc\/","url":"https:\/\/sulsc.com\/index.php\/2023\/10\/06\/intensificacao-do-fluxo-de-ar-quente-e-umido-favorece-o-retorno-dos-temporais-nesta-sexta-feira-6-em-sc\/","name":"Intensifica\u00e7\u00e3o do fluxo de ar quente e \u00famido favorece o retorno dos temporais nesta sexta-feira (6), em SC -","isPartOf":{"@id":"https:\/\/sulsc.com\/#website"},"datePublished":"2023-10-06T10:00:33+00:00","dateModified":"2023-10-06T10:12:55+00:00","author":{"@id":"https:\/\/sulsc.com\/#\/schema\/person\/84d2fc571684f6248ba83092f07750a3"},"breadcrumb":{"@id":"https:\/\/sulsc.com\/index.php\/2023\/10\/06\/intensificacao-do-fluxo-de-ar-quente-e-umido-favorece-o-retorno-dos-temporais-nesta-sexta-feira-6-em-sc\/#breadcrumb"},"inLanguage":"en-US","potentialAction":[{"@type":"ReadAction","target":["https:\/\/sulsc.com\/index.php\/2023\/10\/06\/intensificacao-do-fluxo-de-ar-quente-e-umido-favorece-o-retorno-dos-temporais-nesta-sexta-feira-6-em-sc\/"]}]},{"@type":"BreadcrumbList","@id":"https:\/\/sulsc.com\/index.php\/2023\/10\/06\/intensificacao-do-fluxo-de-ar-quente-e-umido-favorece-o-retorno-dos-temporais-nesta-sexta-feira-6-em-sc\/#breadcrumb","itemListElement":[{"@type":"ListItem","position":1,"name":"In\u00edcio","item":"https:\/\/sulsc.com\/"},{"@type":"ListItem","position":2,"name":"Intensifica\u00e7\u00e3o do fluxo de ar quente e \u00famido favorece o retorno dos temporais nesta sexta-feira (6), em SC"}]},{"@type":"WebSite","@id":"https:\/\/sulsc.com\/#website","url":"https:\/\/sulsc.com\/","name":"","description":"","potentialAction":[{"@type":"SearchAction","target":{"@type":"EntryPoint","urlTemplate":"https:\/\/sulsc.com\/?s={search_term_string}"},"query-input":"required name=search_term_string"}],"inLanguage":"en-US"},{"@type":"Person","@id":"https:\/\/sulsc.com\/#\/schema\/person\/84d2fc571684f6248ba83092f07750a3","name":"Reda\u00e7\u00e3o Sul SC","image":{"@type":"ImageObject","inLanguage":"en-US","@id":"https:\/\/sulsc.com\/#\/schema\/person\/image\/e08d7fe2cc4ed596372063bbe852b8d0","url":"https:\/\/sulsc.com\/wp-content\/uploads\/2023\/09\/redacao.png","contentUrl":"https:\/\/sulsc.com\/wp-content\/uploads\/2023\/09\/redacao.png","caption":"Reda\u00e7\u00e3o Sul SC"},"description":"Foco em um jornalismo imparcial, voltado \u00e0 qualidade dos seus conte\u00fados e, assim, levar informa\u00e7\u00e3o de valor que agregue \u00e0 vida dos leitores. Esta \u00e9 grande miss\u00e3o do Portal de Not\u00edcias Sul SC. N\u00e3o \u00e9 quantidade que muda o mundo, sempre foi e seguir\u00e1 sendo qualidade!","sameAs":["https:\/\/sulsc.com\/","https:\/\/www.facebook.com\/profile.php?id=61559278119680","https:\/\/www.instagram.com\/sulscportal\/?hl=pt-br","https:\/\/twitter.com\/https:\/\/twitter.com\/PortalSulSC","https:\/\/www.youtube.com\/channel\/UCv_BE8GeySluDov2n8qhVmw"],"url":"https:\/\/sulsc.com\/index.php\/author\/redacao\/"}]}},"authors":[],"_links":{"self":[{"href":"https:\/\/sulsc.com\/index.php\/wp-json\/wp\/v2\/posts\/1857"}],"collection":[{"href":"https:\/\/sulsc.com\/index.php\/wp-json\/wp\/v2\/posts"}],"about":[{"href":"https:\/\/sulsc.com\/index.php\/wp-json\/wp\/v2\/types\/post"}],"author":[{"embeddable":true,"href":"https:\/\/sulsc.com\/index.php\/wp-json\/wp\/v2\/users\/3"}],"replies":[{"embeddable":true,"href":"https:\/\/sulsc.com\/index.php\/wp-json\/wp\/v2\/comments?post=1857"}],"version-history":[{"count":1,"href":"https:\/\/sulsc.com\/index.php\/wp-json\/wp\/v2\/posts\/1857\/revisions"}],"predecessor-version":[{"id":1859,"href":"https:\/\/sulsc.com\/index.php\/wp-json\/wp\/v2\/posts\/1857\/revisions\/1859"}],"wp:featuredmedia":[{"embeddable":true,"href":"https:\/\/sulsc.com\/index.php\/wp-json\/wp\/v2\/media\/1858"}],"wp:attachment":[{"href":"https:\/\/sulsc.com\/index.php\/wp-json\/wp\/v2\/media?parent=1857"}],"wp:term":[{"taxonomy":"category","embeddable":true,"href":"https:\/\/sulsc.com\/index.php\/wp-json\/wp\/v2\/categories?post=1857"},{"taxonomy":"post_tag","embeddable":true,"href":"https:\/\/sulsc.com\/index.php\/wp-json\/wp\/v2\/tags?post=1857"}],"curies":[{"name":"wp","href":"https:\/\/api.w.org\/{rel}","templated":true}]}}