{"id":18584,"date":"2024-12-19T07:15:16","date_gmt":"2024-12-19T10:15:16","guid":{"rendered":"https:\/\/sulsc.com\/?p=18584"},"modified":"2024-12-19T07:15:16","modified_gmt":"2024-12-19T10:15:16","slug":"defesa-civil-alerta-para-temporais-isolados-em-santa-catarina-nesta-quinta-feira-19","status":"publish","type":"post","link":"https:\/\/sulsc.com\/index.php\/2024\/12\/19\/defesa-civil-alerta-para-temporais-isolados-em-santa-catarina-nesta-quinta-feira-19\/","title":{"rendered":"Defesa Civil alerta para temporais isolados em Santa Catarina nesta quinta-feira (19)"},"content":{"rendered":"<p data-sourcepos=\"5:1-5:421\">A Defesa Civil de Santa Catarina alerta para a possibilidade de temporais isolados, com chuva intensa, raios, fortes rajadas de vento e at\u00e9 mesmo granizo nesta quinta-feira (19). Uma \u00e1rea de baixa press\u00e3o intensificada deve desestabilizar a atmosfera em todo o estado, com os primeiros impactos sendo sentidos no Oeste catarinense, pr\u00f3ximo \u00e0s fronteiras com Paran\u00e1, Rio Grande do Sul e Argentina, ainda no final da manh\u00e3.<\/p>\n<p data-sourcepos=\"7:1-7:201\">Ao longo da tarde e noite, a previs\u00e3o \u00e9 de que os temporais se espalhem por outras regi\u00f5es, com risco baixo a moderado de ocorr\u00eancias como destelhamentos, danos \u00e0 rede el\u00e9trica e alagamentos pontuais.<\/p>\n<p data-sourcepos=\"9:1-9:182\">As temperaturas devem ser elevadas, com m\u00e1ximas de at\u00e9 31\u00b0C a 33\u00b0C no Litoral Sul e entre 25\u00b0C e 30\u00b0C nas demais regi\u00f5es. As \u00e1reas serranas devem apresentar temperaturas mais amenas.<\/p>\n","protected":false},"excerpt":{"rendered":"<p>A Defesa Civil de Santa Catarina alerta para a possibilidade de temporais isolados, com chuva intensa, raios, fortes rajadas de vento e at\u00e9 mesmo granizo nesta quinta-feira (19). Uma \u00e1rea de baixa press\u00e3o intensificada deve desestabilizar a atmosfera em todo o estado, com os primeiros impactos sendo sentidos no Oeste catarinense, pr\u00f3ximo \u00e0s fronteiras com &hellip;<\/p>\n<p class=\"read-more\"> <a class=\"\" href=\"https:\/\/sulsc.com\/index.php\/2024\/12\/19\/defesa-civil-alerta-para-temporais-isolados-em-santa-catarina-nesta-quinta-feira-19\/\"> <span class=\"screen-reader-text\">Defesa Civil alerta para temporais isolados em Santa Catarina nesta quinta-feira (19)<\/span> Read More &raquo;<\/a><\/p>\n","protected":false},"author":3,"featured_media":18585,"comment_status":"open","ping_status":"open","sticky":false,"template":"","format":"standard","meta":{"site-sidebar-layout":"default","site-content-layout":"","ast-site-content-layout":"default","site-content-style":"default","site-sidebar-style":"default","ast-global-header-display":"","ast-banner-title-visibility":"","ast-main-header-display":"","ast-hfb-above-header-display":"","ast-hfb-below-header-display":"","ast-hfb-mobile-header-display":"","site-post-title":"","ast-breadcrumbs-content":"","ast-featured-img":"","footer-sml-layout":"","theme-transparent-header-meta":"default","adv-header-id-meta":"","stick-header-meta":"","header-above-stick-meta":"","header-main-stick-meta":"","header-below-stick-meta":"","astra-migrate-meta-layouts":"set","footnotes":""},"categories":[38],"tags":[],"yoast_head":"<!-- This site is optimized with the Yoast SEO plugin v21.4 - https:\/\/yoast.com\/wordpress\/plugins\/seo\/ -->\n<title>Defesa Civil alerta para temporais isolados em Santa Catarina nesta quinta-feira (19) -<\/title>\n<meta name=\"robots\" content=\"index, follow, max-snippet:-1, max-image-preview:large, max-video-preview:-1\" \/>\n<link rel=\"canonical\" href=\"https:\/\/sulsc.com\/index.php\/2024\/12\/19\/defesa-civil-alerta-para-temporais-isolados-em-santa-catarina-nesta-quinta-feira-19\/\" \/>\n<meta property=\"og:locale\" content=\"en_US\" \/>\n<meta property=\"og:type\" content=\"article\" \/>\n<meta property=\"og:title\" content=\"Defesa Civil alerta para temporais isolados em Santa Catarina nesta quinta-feira (19) -\" \/>\n<meta property=\"og:description\" content=\"A Defesa Civil de Santa Catarina alerta para a possibilidade de temporais isolados, com chuva intensa, raios, fortes rajadas de vento e at\u00e9 mesmo granizo nesta quinta-feira (19). Uma \u00e1rea de baixa press\u00e3o intensificada deve desestabilizar a atmosfera em todo o estado, com os primeiros impactos sendo sentidos no Oeste catarinense, pr\u00f3ximo \u00e0s fronteiras com &hellip; Defesa Civil alerta para temporais isolados em Santa Catarina nesta quinta-feira (19) Read More &raquo;\" \/>\n<meta property=\"og:url\" content=\"https:\/\/sulsc.com\/index.php\/2024\/12\/19\/defesa-civil-alerta-para-temporais-isolados-em-santa-catarina-nesta-quinta-feira-19\/\" \/>\n<meta property=\"article:author\" content=\"https:\/\/www.facebook.com\/profile.php?id=61559278119680\" \/>\n<meta property=\"article:published_time\" content=\"2024-12-19T10:15:16+00:00\" \/>\n<meta property=\"og:image\" content=\"http:\/\/sulsc.com\/wp-content\/uploads\/2024\/12\/image-23.png\" \/>\n\t<meta property=\"og:image:width\" content=\"1479\" \/>\n\t<meta property=\"og:image:height\" content=\"1008\" \/>\n\t<meta property=\"og:image:type\" content=\"image\/png\" \/>\n<meta name=\"author\" content=\"Reda\u00e7\u00e3o Sul SC\" \/>\n<meta name=\"twitter:card\" content=\"summary_large_image\" \/>\n<meta name=\"twitter:creator\" content=\"@https:\/\/twitter.com\/PortalSulSC\" \/>\n<meta name=\"twitter:label1\" content=\"Written by\" \/>\n\t<meta name=\"twitter:data1\" content=\"Reda\u00e7\u00e3o Sul SC\" \/>\n\t<meta name=\"twitter:label2\" content=\"Est. reading time\" \/>\n\t<meta name=\"twitter:data2\" content=\"1 minute\" \/>\n<script type=\"application\/ld+json\" class=\"yoast-schema-graph\">{\"@context\":\"https:\/\/schema.org\",\"@graph\":[{\"@type\":\"WebPage\",\"@id\":\"https:\/\/sulsc.com\/index.php\/2024\/12\/19\/defesa-civil-alerta-para-temporais-isolados-em-santa-catarina-nesta-quinta-feira-19\/\",\"url\":\"https:\/\/sulsc.com\/index.php\/2024\/12\/19\/defesa-civil-alerta-para-temporais-isolados-em-santa-catarina-nesta-quinta-feira-19\/\",\"name\":\"Defesa Civil alerta para temporais isolados em Santa Catarina nesta quinta-feira (19) -\",\"isPartOf\":{\"@id\":\"https:\/\/sulsc.com\/#website\"},\"datePublished\":\"2024-12-19T10:15:16+00:00\",\"dateModified\":\"2024-12-19T10:15:16+00:00\",\"author\":{\"@id\":\"https:\/\/sulsc.com\/#\/schema\/person\/84d2fc571684f6248ba83092f07750a3\"},\"breadcrumb\":{\"@id\":\"https:\/\/sulsc.com\/index.php\/2024\/12\/19\/defesa-civil-alerta-para-temporais-isolados-em-santa-catarina-nesta-quinta-feira-19\/#breadcrumb\"},\"inLanguage\":\"en-US\",\"potentialAction\":[{\"@type\":\"ReadAction\",\"target\":[\"https:\/\/sulsc.com\/index.php\/2024\/12\/19\/defesa-civil-alerta-para-temporais-isolados-em-santa-catarina-nesta-quinta-feira-19\/\"]}]},{\"@type\":\"BreadcrumbList\",\"@id\":\"https:\/\/sulsc.com\/index.php\/2024\/12\/19\/defesa-civil-alerta-para-temporais-isolados-em-santa-catarina-nesta-quinta-feira-19\/#breadcrumb\",\"itemListElement\":[{\"@type\":\"ListItem\",\"position\":1,\"name\":\"In\u00edcio\",\"item\":\"https:\/\/sulsc.com\/\"},{\"@type\":\"ListItem\",\"position\":2,\"name\":\"Defesa Civil alerta para temporais isolados em Santa Catarina nesta quinta-feira (19)\"}]},{\"@type\":\"WebSite\",\"@id\":\"https:\/\/sulsc.com\/#website\",\"url\":\"https:\/\/sulsc.com\/\",\"name\":\"\",\"description\":\"\",\"potentialAction\":[{\"@type\":\"SearchAction\",\"target\":{\"@type\":\"EntryPoint\",\"urlTemplate\":\"https:\/\/sulsc.com\/?s={search_term_string}\"},\"query-input\":\"required name=search_term_string\"}],\"inLanguage\":\"en-US\"},{\"@type\":\"Person\",\"@id\":\"https:\/\/sulsc.com\/#\/schema\/person\/84d2fc571684f6248ba83092f07750a3\",\"name\":\"Reda\u00e7\u00e3o Sul SC\",\"image\":{\"@type\":\"ImageObject\",\"inLanguage\":\"en-US\",\"@id\":\"https:\/\/sulsc.com\/#\/schema\/person\/image\/e08d7fe2cc4ed596372063bbe852b8d0\",\"url\":\"https:\/\/sulsc.com\/wp-content\/uploads\/2023\/09\/redacao.png\",\"contentUrl\":\"https:\/\/sulsc.com\/wp-content\/uploads\/2023\/09\/redacao.png\",\"caption\":\"Reda\u00e7\u00e3o Sul SC\"},\"description\":\"Foco em um jornalismo imparcial, voltado \u00e0 qualidade dos seus conte\u00fados e, assim, levar informa\u00e7\u00e3o de valor que agregue \u00e0 vida dos leitores. Esta \u00e9 grande miss\u00e3o do Portal de Not\u00edcias Sul SC. N\u00e3o \u00e9 quantidade que muda o mundo, sempre foi e seguir\u00e1 sendo qualidade!\",\"sameAs\":[\"https:\/\/sulsc.com\/\",\"https:\/\/www.facebook.com\/profile.php?id=61559278119680\",\"https:\/\/www.instagram.com\/sulscportal\/?hl=pt-br\",\"https:\/\/twitter.com\/https:\/\/twitter.com\/PortalSulSC\",\"https:\/\/www.youtube.com\/channel\/UCv_BE8GeySluDov2n8qhVmw\"],\"url\":\"https:\/\/sulsc.com\/index.php\/author\/redacao\/\"}]}<\/script>\n<!-- \/ Yoast SEO plugin. -->","yoast_head_json":{"title":"Defesa Civil alerta para temporais isolados em Santa Catarina nesta quinta-feira (19) -","robots":{"index":"index","follow":"follow","max-snippet":"max-snippet:-1","max-image-preview":"max-image-preview:large","max-video-preview":"max-video-preview:-1"},"canonical":"https:\/\/sulsc.com\/index.php\/2024\/12\/19\/defesa-civil-alerta-para-temporais-isolados-em-santa-catarina-nesta-quinta-feira-19\/","og_locale":"en_US","og_type":"article","og_title":"Defesa Civil alerta para temporais isolados em Santa Catarina nesta quinta-feira (19) -","og_description":"A Defesa Civil de Santa Catarina alerta para a possibilidade de temporais isolados, com chuva intensa, raios, fortes rajadas de vento e at\u00e9 mesmo granizo nesta quinta-feira (19). Uma \u00e1rea de baixa press\u00e3o intensificada deve desestabilizar a atmosfera em todo o estado, com os primeiros impactos sendo sentidos no Oeste catarinense, pr\u00f3ximo \u00e0s fronteiras com &hellip; Defesa Civil alerta para temporais isolados em Santa Catarina nesta quinta-feira (19) Read More &raquo;","og_url":"https:\/\/sulsc.com\/index.php\/2024\/12\/19\/defesa-civil-alerta-para-temporais-isolados-em-santa-catarina-nesta-quinta-feira-19\/","article_author":"https:\/\/www.facebook.com\/profile.php?id=61559278119680","article_published_time":"2024-12-19T10:15:16+00:00","og_image":[{"width":1479,"height":1008,"url":"http:\/\/sulsc.com\/wp-content\/uploads\/2024\/12\/image-23.png","type":"image\/png"}],"author":"Reda\u00e7\u00e3o Sul SC","twitter_card":"summary_large_image","twitter_creator":"@https:\/\/twitter.com\/PortalSulSC","twitter_misc":{"Written by":"Reda\u00e7\u00e3o Sul SC","Est. reading time":"1 minute"},"schema":{"@context":"https:\/\/schema.org","@graph":[{"@type":"WebPage","@id":"https:\/\/sulsc.com\/index.php\/2024\/12\/19\/defesa-civil-alerta-para-temporais-isolados-em-santa-catarina-nesta-quinta-feira-19\/","url":"https:\/\/sulsc.com\/index.php\/2024\/12\/19\/defesa-civil-alerta-para-temporais-isolados-em-santa-catarina-nesta-quinta-feira-19\/","name":"Defesa Civil alerta para temporais isolados em Santa Catarina nesta quinta-feira (19) -","isPartOf":{"@id":"https:\/\/sulsc.com\/#website"},"datePublished":"2024-12-19T10:15:16+00:00","dateModified":"2024-12-19T10:15:16+00:00","author":{"@id":"https:\/\/sulsc.com\/#\/schema\/person\/84d2fc571684f6248ba83092f07750a3"},"breadcrumb":{"@id":"https:\/\/sulsc.com\/index.php\/2024\/12\/19\/defesa-civil-alerta-para-temporais-isolados-em-santa-catarina-nesta-quinta-feira-19\/#breadcrumb"},"inLanguage":"en-US","potentialAction":[{"@type":"ReadAction","target":["https:\/\/sulsc.com\/index.php\/2024\/12\/19\/defesa-civil-alerta-para-temporais-isolados-em-santa-catarina-nesta-quinta-feira-19\/"]}]},{"@type":"BreadcrumbList","@id":"https:\/\/sulsc.com\/index.php\/2024\/12\/19\/defesa-civil-alerta-para-temporais-isolados-em-santa-catarina-nesta-quinta-feira-19\/#breadcrumb","itemListElement":[{"@type":"ListItem","position":1,"name":"In\u00edcio","item":"https:\/\/sulsc.com\/"},{"@type":"ListItem","position":2,"name":"Defesa Civil alerta para temporais isolados em Santa Catarina nesta quinta-feira (19)"}]},{"@type":"WebSite","@id":"https:\/\/sulsc.com\/#website","url":"https:\/\/sulsc.com\/","name":"","description":"","potentialAction":[{"@type":"SearchAction","target":{"@type":"EntryPoint","urlTemplate":"https:\/\/sulsc.com\/?s={search_term_string}"},"query-input":"required name=search_term_string"}],"inLanguage":"en-US"},{"@type":"Person","@id":"https:\/\/sulsc.com\/#\/schema\/person\/84d2fc571684f6248ba83092f07750a3","name":"Reda\u00e7\u00e3o Sul SC","image":{"@type":"ImageObject","inLanguage":"en-US","@id":"https:\/\/sulsc.com\/#\/schema\/person\/image\/e08d7fe2cc4ed596372063bbe852b8d0","url":"https:\/\/sulsc.com\/wp-content\/uploads\/2023\/09\/redacao.png","contentUrl":"https:\/\/sulsc.com\/wp-content\/uploads\/2023\/09\/redacao.png","caption":"Reda\u00e7\u00e3o Sul SC"},"description":"Foco em um jornalismo imparcial, voltado \u00e0 qualidade dos seus conte\u00fados e, assim, levar informa\u00e7\u00e3o de valor que agregue \u00e0 vida dos leitores. Esta \u00e9 grande miss\u00e3o do Portal de Not\u00edcias Sul SC. N\u00e3o \u00e9 quantidade que muda o mundo, sempre foi e seguir\u00e1 sendo qualidade!","sameAs":["https:\/\/sulsc.com\/","https:\/\/www.facebook.com\/profile.php?id=61559278119680","https:\/\/www.instagram.com\/sulscportal\/?hl=pt-br","https:\/\/twitter.com\/https:\/\/twitter.com\/PortalSulSC","https:\/\/www.youtube.com\/channel\/UCv_BE8GeySluDov2n8qhVmw"],"url":"https:\/\/sulsc.com\/index.php\/author\/redacao\/"}]}},"authors":[],"_links":{"self":[{"href":"https:\/\/sulsc.com\/index.php\/wp-json\/wp\/v2\/posts\/18584"}],"collection":[{"href":"https:\/\/sulsc.com\/index.php\/wp-json\/wp\/v2\/posts"}],"about":[{"href":"https:\/\/sulsc.com\/index.php\/wp-json\/wp\/v2\/types\/post"}],"author":[{"embeddable":true,"href":"https:\/\/sulsc.com\/index.php\/wp-json\/wp\/v2\/users\/3"}],"replies":[{"embeddable":true,"href":"https:\/\/sulsc.com\/index.php\/wp-json\/wp\/v2\/comments?post=18584"}],"version-history":[{"count":1,"href":"https:\/\/sulsc.com\/index.php\/wp-json\/wp\/v2\/posts\/18584\/revisions"}],"predecessor-version":[{"id":18586,"href":"https:\/\/sulsc.com\/index.php\/wp-json\/wp\/v2\/posts\/18584\/revisions\/18586"}],"wp:featuredmedia":[{"embeddable":true,"href":"https:\/\/sulsc.com\/index.php\/wp-json\/wp\/v2\/media\/18585"}],"wp:attachment":[{"href":"https:\/\/sulsc.com\/index.php\/wp-json\/wp\/v2\/media?parent=18584"}],"wp:term":[{"taxonomy":"category","embeddable":true,"href":"https:\/\/sulsc.com\/index.php\/wp-json\/wp\/v2\/categories?post=18584"},{"taxonomy":"post_tag","embeddable":true,"href":"https:\/\/sulsc.com\/index.php\/wp-json\/wp\/v2\/tags?post=18584"}],"curies":[{"name":"wp","href":"https:\/\/api.w.org\/{rel}","templated":true}]}}