{"id":1860,"date":"2023-10-05T09:00:44","date_gmt":"2023-10-05T12:00:44","guid":{"rendered":"https:\/\/sulsc.com\/?p=1860"},"modified":"2023-10-05T08:37:16","modified_gmt":"2023-10-05T11:37:16","slug":"sem-laudo-de-estado-puerperal-da-mae-policia-indicia-pais-por-morte-de-bebe-pisoteado-em-icara","status":"publish","type":"post","link":"https:\/\/sulsc.com\/index.php\/2023\/10\/05\/sem-laudo-de-estado-puerperal-da-mae-policia-indicia-pais-por-morte-de-bebe-pisoteado-em-icara\/","title":{"rendered":"Sem laudo de estado puerperal da m\u00e3e, pol\u00edcia indicia pais por morte de beb\u00ea pisoteado em I\u00e7ara"},"content":{"rendered":"<p>A Pol\u00edcia Civil finalizou o inqu\u00e9rito sobre a morte de um beb\u00ea pisoteado pela m\u00e3e na cidade de I\u00e7ara. O caso aconteceu no dia 9 de setembro e chegou ao conhecimento da pol\u00edcia depois de a v\u00edtima ser levada pelos pais at\u00e9 o Hospital S\u00e3o Donato (HSD) suja de terra, com hipotermia e ferimentos na cabe\u00e7a e pesco\u00e7o. A crian\u00e7a chegou a ser atendida, mas n\u00e3o resistiu.<\/p>\n<p>O delegado Rafael Iasco foi o respons\u00e1vel pela investiga\u00e7\u00e3o e indiciou a m\u00e3e e o pai do beb\u00ea por homic\u00eddio qualificado por uso de meio que dificultou a defesa de v\u00edtima. \u201cO inqu\u00e9rito policial foi conclu\u00eddo e encaminhado ao Poder Judici\u00e1rio. A causa da morte foi traumatismo cranioencef\u00e1lico\u201d, confirmou o delegado.<\/p>\n<p><img fetchpriority=\"high\" decoding=\"async\" class=\"alignnone size-full wp-image-1176\" src=\"http:\/\/sulsc.com\/wp-content\/uploads\/2023\/09\/policia-civil.jpg\" alt=\"\" width=\"950\" height=\"633\" srcset=\"https:\/\/sulsc.com\/wp-content\/uploads\/2023\/09\/policia-civil.jpg 950w, https:\/\/sulsc.com\/wp-content\/uploads\/2023\/09\/policia-civil-300x200.jpg 300w, https:\/\/sulsc.com\/wp-content\/uploads\/2023\/09\/policia-civil-768x512.jpg 768w\" sizes=\"(max-width: 950px) 100vw, 950px\" \/><\/p>\n<p>V\u00eddeos de c\u00e2meras de seguran\u00e7as coletados pela Pol\u00edcia Civil mostram o momento em que a crian\u00e7a nasce, entre um carro e o muro da casa onde os pais moram. As cenas ainda exibem o momento em que a m\u00e3e pisoteia a crian\u00e7a. Durante a investiga\u00e7\u00e3o, um laudo foi solicitado para tentar apurar se a m\u00e3e estava sob estado puerperal, que \u00e9 per\u00edodo que ocorre logo ap\u00f3s o parto.<\/p>\n<p>Nesta fase, o corpo da mulher est\u00e1 em processo de recupera\u00e7\u00e3o da gravidez, sofrendo uma s\u00e9rie de modifica\u00e7\u00f5es f\u00edsicas e psicol\u00f3gicas. \u201cSolicitamos estas informa\u00e7\u00f5es, por\u00e9m at\u00e9 o envio do inqu\u00e9rito policial para o poder judici\u00e1rio o IML n\u00e3o havia se manifestado\u201d, disse Iasco.<\/p>\n<p>O delegado afirma que o inqu\u00e9rito policial pode ser reavaliado caso o laudo seja finalizado e aponte alguma prova de inconsci\u00eancia da m\u00e3e causada pelo puerp\u00e9rio. \u201cO pai foi indiciado por nada fazer para conter a m\u00e3e\u201d, completou o delegado.<\/p>\n<p>Al\u00e9m do v\u00eddeo, depoimentos e o laudo da morte da crian\u00e7a tamb\u00e9m foram anexadas \u00e0s investiga\u00e7\u00f5es como provas do caso. Os pais seguem respondendo em liberdade e o delegado finalizou o inqu\u00e9rito sem pedir a pris\u00e3o deles.<\/p>\n<p>&nbsp;<\/p>\n<p>Fonte: Engeplus<\/p>\n","protected":false},"excerpt":{"rendered":"<p>A Pol\u00edcia Civil finalizou o inqu\u00e9rito sobre a morte de um beb\u00ea pisoteado pela m\u00e3e na cidade de I\u00e7ara. O caso aconteceu no dia 9 de setembro e chegou ao conhecimento da pol\u00edcia depois de a v\u00edtima ser levada pelos pais at\u00e9 o Hospital S\u00e3o Donato (HSD) suja de terra, com hipotermia e ferimentos na &hellip;<\/p>\n<p class=\"read-more\"> <a class=\"\" href=\"https:\/\/sulsc.com\/index.php\/2023\/10\/05\/sem-laudo-de-estado-puerperal-da-mae-policia-indicia-pais-por-morte-de-bebe-pisoteado-em-icara\/\"> <span class=\"screen-reader-text\">Sem laudo de estado puerperal da m\u00e3e, pol\u00edcia indicia pais por morte de beb\u00ea pisoteado em I\u00e7ara<\/span> Read More &raquo;<\/a><\/p>\n","protected":false},"author":3,"featured_media":1861,"comment_status":"open","ping_status":"open","sticky":false,"template":"","format":"standard","meta":{"site-sidebar-layout":"default","site-content-layout":"default","ast-site-content-layout":"","site-content-style":"default","site-sidebar-style":"default","ast-global-header-display":"","ast-banner-title-visibility":"","ast-main-header-display":"","ast-hfb-above-header-display":"","ast-hfb-below-header-display":"","ast-hfb-mobile-header-display":"","site-post-title":"","ast-breadcrumbs-content":"","ast-featured-img":"","footer-sml-layout":"","theme-transparent-header-meta":"default","adv-header-id-meta":"","stick-header-meta":"","header-above-stick-meta":"","header-main-stick-meta":"","header-below-stick-meta":"","astra-migrate-meta-layouts":"","footnotes":""},"categories":[23,8],"tags":[],"yoast_head":"<!-- This site is optimized with the Yoast SEO plugin v21.4 - https:\/\/yoast.com\/wordpress\/plugins\/seo\/ -->\n<title>Sem laudo de estado puerperal da m\u00e3e, pol\u00edcia indicia pais por morte de beb\u00ea pisoteado em I\u00e7ara -<\/title>\n<meta name=\"robots\" content=\"index, follow, max-snippet:-1, max-image-preview:large, max-video-preview:-1\" \/>\n<link rel=\"canonical\" href=\"https:\/\/sulsc.com\/index.php\/2023\/10\/05\/sem-laudo-de-estado-puerperal-da-mae-policia-indicia-pais-por-morte-de-bebe-pisoteado-em-icara\/\" \/>\n<meta property=\"og:locale\" content=\"en_US\" \/>\n<meta property=\"og:type\" content=\"article\" \/>\n<meta property=\"og:title\" content=\"Sem laudo de estado puerperal da m\u00e3e, pol\u00edcia indicia pais por morte de beb\u00ea pisoteado em I\u00e7ara -\" \/>\n<meta property=\"og:description\" content=\"A Pol\u00edcia Civil finalizou o inqu\u00e9rito sobre a morte de um beb\u00ea pisoteado pela m\u00e3e na cidade de I\u00e7ara. O caso aconteceu no dia 9 de setembro e chegou ao conhecimento da pol\u00edcia depois de a v\u00edtima ser levada pelos pais at\u00e9 o Hospital S\u00e3o Donato (HSD) suja de terra, com hipotermia e ferimentos na &hellip; Sem laudo de estado puerperal da m\u00e3e, pol\u00edcia indicia pais por morte de beb\u00ea pisoteado em I\u00e7ara Read More &raquo;\" \/>\n<meta property=\"og:url\" content=\"https:\/\/sulsc.com\/index.php\/2023\/10\/05\/sem-laudo-de-estado-puerperal-da-mae-policia-indicia-pais-por-morte-de-bebe-pisoteado-em-icara\/\" \/>\n<meta property=\"article:author\" content=\"https:\/\/www.facebook.com\/profile.php?id=61559278119680\" \/>\n<meta property=\"article:published_time\" content=\"2023-10-05T12:00:44+00:00\" \/>\n<meta property=\"article:modified_time\" content=\"2023-10-05T11:37:16+00:00\" \/>\n<meta property=\"og:image\" content=\"https:\/\/sulsc.com\/wp-content\/uploads\/2023\/10\/sem-laudo-de-estado-puerperal-da-mae-policia-indicia-pais-por-morte-de-bebe-pisoteado-em-icara.jpg\" \/>\n\t<meta property=\"og:image:width\" content=\"800\" \/>\n\t<meta property=\"og:image:height\" content=\"533\" \/>\n\t<meta property=\"og:image:type\" content=\"image\/jpeg\" \/>\n<meta name=\"author\" content=\"Reda\u00e7\u00e3o Sul SC\" \/>\n<meta name=\"twitter:card\" content=\"summary_large_image\" \/>\n<meta name=\"twitter:creator\" content=\"@https:\/\/twitter.com\/PortalSulSC\" \/>\n<meta name=\"twitter:label1\" content=\"Written by\" \/>\n\t<meta name=\"twitter:data1\" content=\"Reda\u00e7\u00e3o Sul SC\" \/>\n\t<meta name=\"twitter:label2\" content=\"Est. reading time\" \/>\n\t<meta name=\"twitter:data2\" content=\"2 minutes\" \/>\n<script type=\"application\/ld+json\" class=\"yoast-schema-graph\">{\"@context\":\"https:\/\/schema.org\",\"@graph\":[{\"@type\":\"WebPage\",\"@id\":\"https:\/\/sulsc.com\/index.php\/2023\/10\/05\/sem-laudo-de-estado-puerperal-da-mae-policia-indicia-pais-por-morte-de-bebe-pisoteado-em-icara\/\",\"url\":\"https:\/\/sulsc.com\/index.php\/2023\/10\/05\/sem-laudo-de-estado-puerperal-da-mae-policia-indicia-pais-por-morte-de-bebe-pisoteado-em-icara\/\",\"name\":\"Sem laudo de estado puerperal da m\u00e3e, pol\u00edcia indicia pais por morte de beb\u00ea pisoteado em I\u00e7ara -\",\"isPartOf\":{\"@id\":\"https:\/\/sulsc.com\/#website\"},\"datePublished\":\"2023-10-05T12:00:44+00:00\",\"dateModified\":\"2023-10-05T11:37:16+00:00\",\"author\":{\"@id\":\"https:\/\/sulsc.com\/#\/schema\/person\/84d2fc571684f6248ba83092f07750a3\"},\"breadcrumb\":{\"@id\":\"https:\/\/sulsc.com\/index.php\/2023\/10\/05\/sem-laudo-de-estado-puerperal-da-mae-policia-indicia-pais-por-morte-de-bebe-pisoteado-em-icara\/#breadcrumb\"},\"inLanguage\":\"en-US\",\"potentialAction\":[{\"@type\":\"ReadAction\",\"target\":[\"https:\/\/sulsc.com\/index.php\/2023\/10\/05\/sem-laudo-de-estado-puerperal-da-mae-policia-indicia-pais-por-morte-de-bebe-pisoteado-em-icara\/\"]}]},{\"@type\":\"BreadcrumbList\",\"@id\":\"https:\/\/sulsc.com\/index.php\/2023\/10\/05\/sem-laudo-de-estado-puerperal-da-mae-policia-indicia-pais-por-morte-de-bebe-pisoteado-em-icara\/#breadcrumb\",\"itemListElement\":[{\"@type\":\"ListItem\",\"position\":1,\"name\":\"In\u00edcio\",\"item\":\"https:\/\/sulsc.com\/\"},{\"@type\":\"ListItem\",\"position\":2,\"name\":\"Sem laudo de estado puerperal da m\u00e3e, pol\u00edcia indicia pais por morte de beb\u00ea pisoteado em I\u00e7ara\"}]},{\"@type\":\"WebSite\",\"@id\":\"https:\/\/sulsc.com\/#website\",\"url\":\"https:\/\/sulsc.com\/\",\"name\":\"\",\"description\":\"\",\"potentialAction\":[{\"@type\":\"SearchAction\",\"target\":{\"@type\":\"EntryPoint\",\"urlTemplate\":\"https:\/\/sulsc.com\/?s={search_term_string}\"},\"query-input\":\"required name=search_term_string\"}],\"inLanguage\":\"en-US\"},{\"@type\":\"Person\",\"@id\":\"https:\/\/sulsc.com\/#\/schema\/person\/84d2fc571684f6248ba83092f07750a3\",\"name\":\"Reda\u00e7\u00e3o Sul SC\",\"image\":{\"@type\":\"ImageObject\",\"inLanguage\":\"en-US\",\"@id\":\"https:\/\/sulsc.com\/#\/schema\/person\/image\/e08d7fe2cc4ed596372063bbe852b8d0\",\"url\":\"https:\/\/sulsc.com\/wp-content\/uploads\/2023\/09\/redacao.png\",\"contentUrl\":\"https:\/\/sulsc.com\/wp-content\/uploads\/2023\/09\/redacao.png\",\"caption\":\"Reda\u00e7\u00e3o Sul SC\"},\"description\":\"Foco em um jornalismo imparcial, voltado \u00e0 qualidade dos seus conte\u00fados e, assim, levar informa\u00e7\u00e3o de valor que agregue \u00e0 vida dos leitores. Esta \u00e9 grande miss\u00e3o do Portal de Not\u00edcias Sul SC. N\u00e3o \u00e9 quantidade que muda o mundo, sempre foi e seguir\u00e1 sendo qualidade!\",\"sameAs\":[\"https:\/\/sulsc.com\/\",\"https:\/\/www.facebook.com\/profile.php?id=61559278119680\",\"https:\/\/www.instagram.com\/sulscportal\/?hl=pt-br\",\"https:\/\/twitter.com\/https:\/\/twitter.com\/PortalSulSC\",\"https:\/\/www.youtube.com\/channel\/UCv_BE8GeySluDov2n8qhVmw\"],\"url\":\"https:\/\/sulsc.com\/index.php\/author\/redacao\/\"}]}<\/script>\n<!-- \/ Yoast SEO plugin. -->","yoast_head_json":{"title":"Sem laudo de estado puerperal da m\u00e3e, pol\u00edcia indicia pais por morte de beb\u00ea pisoteado em I\u00e7ara -","robots":{"index":"index","follow":"follow","max-snippet":"max-snippet:-1","max-image-preview":"max-image-preview:large","max-video-preview":"max-video-preview:-1"},"canonical":"https:\/\/sulsc.com\/index.php\/2023\/10\/05\/sem-laudo-de-estado-puerperal-da-mae-policia-indicia-pais-por-morte-de-bebe-pisoteado-em-icara\/","og_locale":"en_US","og_type":"article","og_title":"Sem laudo de estado puerperal da m\u00e3e, pol\u00edcia indicia pais por morte de beb\u00ea pisoteado em I\u00e7ara -","og_description":"A Pol\u00edcia Civil finalizou o inqu\u00e9rito sobre a morte de um beb\u00ea pisoteado pela m\u00e3e na cidade de I\u00e7ara. O caso aconteceu no dia 9 de setembro e chegou ao conhecimento da pol\u00edcia depois de a v\u00edtima ser levada pelos pais at\u00e9 o Hospital S\u00e3o Donato (HSD) suja de terra, com hipotermia e ferimentos na &hellip; Sem laudo de estado puerperal da m\u00e3e, pol\u00edcia indicia pais por morte de beb\u00ea pisoteado em I\u00e7ara Read More &raquo;","og_url":"https:\/\/sulsc.com\/index.php\/2023\/10\/05\/sem-laudo-de-estado-puerperal-da-mae-policia-indicia-pais-por-morte-de-bebe-pisoteado-em-icara\/","article_author":"https:\/\/www.facebook.com\/profile.php?id=61559278119680","article_published_time":"2023-10-05T12:00:44+00:00","article_modified_time":"2023-10-05T11:37:16+00:00","og_image":[{"width":800,"height":533,"url":"https:\/\/sulsc.com\/wp-content\/uploads\/2023\/10\/sem-laudo-de-estado-puerperal-da-mae-policia-indicia-pais-por-morte-de-bebe-pisoteado-em-icara.jpg","type":"image\/jpeg"}],"author":"Reda\u00e7\u00e3o Sul SC","twitter_card":"summary_large_image","twitter_creator":"@https:\/\/twitter.com\/PortalSulSC","twitter_misc":{"Written by":"Reda\u00e7\u00e3o Sul SC","Est. reading time":"2 minutes"},"schema":{"@context":"https:\/\/schema.org","@graph":[{"@type":"WebPage","@id":"https:\/\/sulsc.com\/index.php\/2023\/10\/05\/sem-laudo-de-estado-puerperal-da-mae-policia-indicia-pais-por-morte-de-bebe-pisoteado-em-icara\/","url":"https:\/\/sulsc.com\/index.php\/2023\/10\/05\/sem-laudo-de-estado-puerperal-da-mae-policia-indicia-pais-por-morte-de-bebe-pisoteado-em-icara\/","name":"Sem laudo de estado puerperal da m\u00e3e, pol\u00edcia indicia pais por morte de beb\u00ea pisoteado em I\u00e7ara -","isPartOf":{"@id":"https:\/\/sulsc.com\/#website"},"datePublished":"2023-10-05T12:00:44+00:00","dateModified":"2023-10-05T11:37:16+00:00","author":{"@id":"https:\/\/sulsc.com\/#\/schema\/person\/84d2fc571684f6248ba83092f07750a3"},"breadcrumb":{"@id":"https:\/\/sulsc.com\/index.php\/2023\/10\/05\/sem-laudo-de-estado-puerperal-da-mae-policia-indicia-pais-por-morte-de-bebe-pisoteado-em-icara\/#breadcrumb"},"inLanguage":"en-US","potentialAction":[{"@type":"ReadAction","target":["https:\/\/sulsc.com\/index.php\/2023\/10\/05\/sem-laudo-de-estado-puerperal-da-mae-policia-indicia-pais-por-morte-de-bebe-pisoteado-em-icara\/"]}]},{"@type":"BreadcrumbList","@id":"https:\/\/sulsc.com\/index.php\/2023\/10\/05\/sem-laudo-de-estado-puerperal-da-mae-policia-indicia-pais-por-morte-de-bebe-pisoteado-em-icara\/#breadcrumb","itemListElement":[{"@type":"ListItem","position":1,"name":"In\u00edcio","item":"https:\/\/sulsc.com\/"},{"@type":"ListItem","position":2,"name":"Sem laudo de estado puerperal da m\u00e3e, pol\u00edcia indicia pais por morte de beb\u00ea pisoteado em I\u00e7ara"}]},{"@type":"WebSite","@id":"https:\/\/sulsc.com\/#website","url":"https:\/\/sulsc.com\/","name":"","description":"","potentialAction":[{"@type":"SearchAction","target":{"@type":"EntryPoint","urlTemplate":"https:\/\/sulsc.com\/?s={search_term_string}"},"query-input":"required name=search_term_string"}],"inLanguage":"en-US"},{"@type":"Person","@id":"https:\/\/sulsc.com\/#\/schema\/person\/84d2fc571684f6248ba83092f07750a3","name":"Reda\u00e7\u00e3o Sul SC","image":{"@type":"ImageObject","inLanguage":"en-US","@id":"https:\/\/sulsc.com\/#\/schema\/person\/image\/e08d7fe2cc4ed596372063bbe852b8d0","url":"https:\/\/sulsc.com\/wp-content\/uploads\/2023\/09\/redacao.png","contentUrl":"https:\/\/sulsc.com\/wp-content\/uploads\/2023\/09\/redacao.png","caption":"Reda\u00e7\u00e3o Sul SC"},"description":"Foco em um jornalismo imparcial, voltado \u00e0 qualidade dos seus conte\u00fados e, assim, levar informa\u00e7\u00e3o de valor que agregue \u00e0 vida dos leitores. Esta \u00e9 grande miss\u00e3o do Portal de Not\u00edcias Sul SC. N\u00e3o \u00e9 quantidade que muda o mundo, sempre foi e seguir\u00e1 sendo qualidade!","sameAs":["https:\/\/sulsc.com\/","https:\/\/www.facebook.com\/profile.php?id=61559278119680","https:\/\/www.instagram.com\/sulscportal\/?hl=pt-br","https:\/\/twitter.com\/https:\/\/twitter.com\/PortalSulSC","https:\/\/www.youtube.com\/channel\/UCv_BE8GeySluDov2n8qhVmw"],"url":"https:\/\/sulsc.com\/index.php\/author\/redacao\/"}]}},"authors":[],"_links":{"self":[{"href":"https:\/\/sulsc.com\/index.php\/wp-json\/wp\/v2\/posts\/1860"}],"collection":[{"href":"https:\/\/sulsc.com\/index.php\/wp-json\/wp\/v2\/posts"}],"about":[{"href":"https:\/\/sulsc.com\/index.php\/wp-json\/wp\/v2\/types\/post"}],"author":[{"embeddable":true,"href":"https:\/\/sulsc.com\/index.php\/wp-json\/wp\/v2\/users\/3"}],"replies":[{"embeddable":true,"href":"https:\/\/sulsc.com\/index.php\/wp-json\/wp\/v2\/comments?post=1860"}],"version-history":[{"count":1,"href":"https:\/\/sulsc.com\/index.php\/wp-json\/wp\/v2\/posts\/1860\/revisions"}],"predecessor-version":[{"id":1862,"href":"https:\/\/sulsc.com\/index.php\/wp-json\/wp\/v2\/posts\/1860\/revisions\/1862"}],"wp:featuredmedia":[{"embeddable":true,"href":"https:\/\/sulsc.com\/index.php\/wp-json\/wp\/v2\/media\/1861"}],"wp:attachment":[{"href":"https:\/\/sulsc.com\/index.php\/wp-json\/wp\/v2\/media?parent=1860"}],"wp:term":[{"taxonomy":"category","embeddable":true,"href":"https:\/\/sulsc.com\/index.php\/wp-json\/wp\/v2\/categories?post=1860"},{"taxonomy":"post_tag","embeddable":true,"href":"https:\/\/sulsc.com\/index.php\/wp-json\/wp\/v2\/tags?post=1860"}],"curies":[{"name":"wp","href":"https:\/\/api.w.org\/{rel}","templated":true}]}}