{"id":18626,"date":"2024-12-20T08:50:22","date_gmt":"2024-12-20T11:50:22","guid":{"rendered":"https:\/\/sulsc.com\/?p=18626"},"modified":"2024-12-20T08:51:45","modified_gmt":"2024-12-20T11:51:45","slug":"sexta-feira-20-com-dia-de-sol-e-temperaturas-altas-no-litoral-sul","status":"publish","type":"post","link":"https:\/\/sulsc.com\/index.php\/2024\/12\/20\/sexta-feira-20-com-dia-de-sol-e-temperaturas-altas-no-litoral-sul\/","title":{"rendered":"Sexta-feira (20) com dia de sol e temperaturas altas no litoral sul"},"content":{"rendered":"<p><span style=\"vertical-align: inherit;\"><span style=\"vertical-align: inherit;\">Sexta-feira (20), sobre a influ\u00eancia de uma \u00e1rea de baixa press\u00e3o e a forma\u00e7\u00e3o de uma nova frente fria segue mantendo o tempo inst\u00e1vel em SC. Ao longo do dia, a chuva ocorre em forma de pancadas e intercaladas por per\u00edodos de melhoria com sol e forte aquecimento.<\/span><\/span><\/p>\n<p><span style=\"vertical-align: inherit;\"><span style=\"vertical-align: inherit;\">No entanto, h\u00e1 condi\u00e7\u00f5es projetadas para o desenvolvimento de temporais isolados com chuva intensa, raios, fortes rajadas de vento e especializa\u00e7\u00e3o de granizo, principalmente entre o Planalto Norte, Vale do Itaja\u00ed, GR. Florian\u00f3polis e Litoral Norte.<\/span><\/span><\/p>\n<p><img fetchpriority=\"high\" decoding=\"async\" class=\"aligncenter wp-image-18627\" src=\"http:\/\/sulsc.com\/wp-content\/uploads\/2024\/12\/6-2.png\" alt=\"\" width=\"735\" height=\"503\" srcset=\"https:\/\/sulsc.com\/wp-content\/uploads\/2024\/12\/6-2.png 1479w, https:\/\/sulsc.com\/wp-content\/uploads\/2024\/12\/6-2-300x205.png 300w, https:\/\/sulsc.com\/wp-content\/uploads\/2024\/12\/6-2-1024x701.png 1024w, https:\/\/sulsc.com\/wp-content\/uploads\/2024\/12\/6-2-768x526.png 768w\" sizes=\"(max-width: 735px) 100vw, 735px\" \/><\/p>\n<p><img decoding=\"async\" class=\"aligncenter wp-image-17095\" src=\"http:\/\/sulsc.com\/wp-content\/uploads\/2024\/11\/Tempo-1.png\" alt=\"\" width=\"681\" height=\"126\" srcset=\"https:\/\/sulsc.com\/wp-content\/uploads\/2024\/11\/Tempo-1.png 1024w, https:\/\/sulsc.com\/wp-content\/uploads\/2024\/11\/Tempo-1-300x55.png 300w, https:\/\/sulsc.com\/wp-content\/uploads\/2024\/11\/Tempo-1-768x142.png 768w\" sizes=\"(max-width: 681px) 100vw, 681px\" \/><\/p>\n<p><span style=\"vertical-align: inherit;\"><span style=\"vertical-align: inherit;\">No Grande Oeste, o sol predomina a partir da tarde. Os ventos de norte\/nordeste apresentam rajadas entre 50 e 70 km\/h entre o Litoral Sul e Grd. Florian\u00f3polis e \u00e1reas serranas. O risco \u00e9 baixo a moderado para ocorr\u00eancias associadas aos temporais. Com rela\u00e7\u00e3o \u00e0s temperaturas, elas variam \u00e0 tarde entre 24\u00b0C e 34\u00b0C pelo estado, com os maiores valores ocorrendo no litoral.<\/span><\/span><\/p>\n<p><span style=\"vertical-align: inherit;\"><span style=\"vertical-align: inherit;\">Fonte: Defesa Civil SC\/Meteorologista: Fernando Rafael<\/span><\/span><\/p>\n<p><span style=\"vertical-align: inherit;\"><span style=\"vertical-align: inherit;\">Foto\/Portal SulSC<\/span><\/span><\/p>\n","protected":false},"excerpt":{"rendered":"<p>Sexta-feira (20), sobre a influ\u00eancia de uma \u00e1rea de baixa press\u00e3o e a forma\u00e7\u00e3o de uma nova frente fria segue mantendo o tempo inst\u00e1vel em SC. Ao longo do dia, a chuva ocorre em forma de pancadas e intercaladas por per\u00edodos de melhoria com sol e forte aquecimento. No entanto, h\u00e1 condi\u00e7\u00f5es projetadas para o &hellip;<\/p>\n<p class=\"read-more\"> <a class=\"\" href=\"https:\/\/sulsc.com\/index.php\/2024\/12\/20\/sexta-feira-20-com-dia-de-sol-e-temperaturas-altas-no-litoral-sul\/\"> <span class=\"screen-reader-text\">Sexta-feira (20) com dia de sol e temperaturas altas no litoral sul<\/span> Read More &raquo;<\/a><\/p>\n","protected":false},"author":3,"featured_media":16995,"comment_status":"open","ping_status":"open","sticky":false,"template":"","format":"standard","meta":{"site-sidebar-layout":"default","site-content-layout":"","ast-site-content-layout":"default","site-content-style":"default","site-sidebar-style":"default","ast-global-header-display":"","ast-banner-title-visibility":"","ast-main-header-display":"","ast-hfb-above-header-display":"","ast-hfb-below-header-display":"","ast-hfb-mobile-header-display":"","site-post-title":"","ast-breadcrumbs-content":"","ast-featured-img":"","footer-sml-layout":"","theme-transparent-header-meta":"default","adv-header-id-meta":"","stick-header-meta":"","header-above-stick-meta":"","header-main-stick-meta":"","header-below-stick-meta":"","astra-migrate-meta-layouts":"set","footnotes":""},"categories":[38],"tags":[90],"yoast_head":"<!-- This site is optimized with the Yoast SEO plugin v21.4 - https:\/\/yoast.com\/wordpress\/plugins\/seo\/ -->\n<title>Sexta-feira (20) com dia de sol e temperaturas altas no litoral sul -<\/title>\n<meta name=\"description\" content=\"Temperaturas variam \u00e0 tarde entre 24\u00b0C e 34\u00b0C pelo estado com os maiores valores ocorrendo no litoral\" \/>\n<meta name=\"robots\" content=\"index, follow, max-snippet:-1, max-image-preview:large, max-video-preview:-1\" \/>\n<link rel=\"canonical\" href=\"https:\/\/sulsc.com\/index.php\/2024\/12\/20\/sexta-feira-20-com-dia-de-sol-e-temperaturas-altas-no-litoral-sul\/\" \/>\n<meta property=\"og:locale\" content=\"en_US\" \/>\n<meta property=\"og:type\" content=\"article\" \/>\n<meta property=\"og:title\" content=\"Sexta-feira (20) com dia de sol e temperaturas altas no litoral sul -\" \/>\n<meta property=\"og:description\" content=\"Temperaturas variam \u00e0 tarde entre 24\u00b0C e 34\u00b0C pelo estado com os maiores valores ocorrendo no litoral\" \/>\n<meta property=\"og:url\" content=\"https:\/\/sulsc.com\/index.php\/2024\/12\/20\/sexta-feira-20-com-dia-de-sol-e-temperaturas-altas-no-litoral-sul\/\" \/>\n<meta property=\"article:author\" content=\"https:\/\/www.facebook.com\/profile.php?id=61559278119680\" \/>\n<meta property=\"article:published_time\" content=\"2024-12-20T11:50:22+00:00\" \/>\n<meta property=\"article:modified_time\" content=\"2024-12-20T11:51:45+00:00\" \/>\n<meta property=\"og:image\" content=\"http:\/\/sulsc.com\/wp-content\/uploads\/2024\/11\/Tempo-1.jpg\" \/>\n\t<meta property=\"og:image:width\" content=\"900\" \/>\n\t<meta property=\"og:image:height\" content=\"1600\" \/>\n\t<meta property=\"og:image:type\" content=\"image\/jpeg\" \/>\n<meta name=\"author\" content=\"Reda\u00e7\u00e3o Sul SC\" \/>\n<meta name=\"twitter:card\" content=\"summary_large_image\" \/>\n<meta name=\"twitter:creator\" content=\"@https:\/\/twitter.com\/PortalSulSC\" \/>\n<meta name=\"twitter:label1\" content=\"Written by\" \/>\n\t<meta name=\"twitter:data1\" content=\"Reda\u00e7\u00e3o Sul SC\" \/>\n\t<meta name=\"twitter:label2\" content=\"Est. reading time\" \/>\n\t<meta name=\"twitter:data2\" content=\"2 minutes\" \/>\n<script type=\"application\/ld+json\" class=\"yoast-schema-graph\">{\"@context\":\"https:\/\/schema.org\",\"@graph\":[{\"@type\":\"WebPage\",\"@id\":\"https:\/\/sulsc.com\/index.php\/2024\/12\/20\/sexta-feira-20-com-dia-de-sol-e-temperaturas-altas-no-litoral-sul\/\",\"url\":\"https:\/\/sulsc.com\/index.php\/2024\/12\/20\/sexta-feira-20-com-dia-de-sol-e-temperaturas-altas-no-litoral-sul\/\",\"name\":\"Sexta-feira (20) com dia de sol e temperaturas altas no litoral sul -\",\"isPartOf\":{\"@id\":\"https:\/\/sulsc.com\/#website\"},\"datePublished\":\"2024-12-20T11:50:22+00:00\",\"dateModified\":\"2024-12-20T11:51:45+00:00\",\"author\":{\"@id\":\"https:\/\/sulsc.com\/#\/schema\/person\/84d2fc571684f6248ba83092f07750a3\"},\"description\":\"Temperaturas variam \u00e0 tarde entre 24\u00b0C e 34\u00b0C pelo estado com os maiores valores ocorrendo no litoral\",\"breadcrumb\":{\"@id\":\"https:\/\/sulsc.com\/index.php\/2024\/12\/20\/sexta-feira-20-com-dia-de-sol-e-temperaturas-altas-no-litoral-sul\/#breadcrumb\"},\"inLanguage\":\"en-US\",\"potentialAction\":[{\"@type\":\"ReadAction\",\"target\":[\"https:\/\/sulsc.com\/index.php\/2024\/12\/20\/sexta-feira-20-com-dia-de-sol-e-temperaturas-altas-no-litoral-sul\/\"]}]},{\"@type\":\"BreadcrumbList\",\"@id\":\"https:\/\/sulsc.com\/index.php\/2024\/12\/20\/sexta-feira-20-com-dia-de-sol-e-temperaturas-altas-no-litoral-sul\/#breadcrumb\",\"itemListElement\":[{\"@type\":\"ListItem\",\"position\":1,\"name\":\"In\u00edcio\",\"item\":\"https:\/\/sulsc.com\/\"},{\"@type\":\"ListItem\",\"position\":2,\"name\":\"Sexta-feira (20) com dia de sol e temperaturas altas no litoral sul\"}]},{\"@type\":\"WebSite\",\"@id\":\"https:\/\/sulsc.com\/#website\",\"url\":\"https:\/\/sulsc.com\/\",\"name\":\"\",\"description\":\"\",\"potentialAction\":[{\"@type\":\"SearchAction\",\"target\":{\"@type\":\"EntryPoint\",\"urlTemplate\":\"https:\/\/sulsc.com\/?s={search_term_string}\"},\"query-input\":\"required name=search_term_string\"}],\"inLanguage\":\"en-US\"},{\"@type\":\"Person\",\"@id\":\"https:\/\/sulsc.com\/#\/schema\/person\/84d2fc571684f6248ba83092f07750a3\",\"name\":\"Reda\u00e7\u00e3o Sul SC\",\"image\":{\"@type\":\"ImageObject\",\"inLanguage\":\"en-US\",\"@id\":\"https:\/\/sulsc.com\/#\/schema\/person\/image\/e08d7fe2cc4ed596372063bbe852b8d0\",\"url\":\"https:\/\/sulsc.com\/wp-content\/uploads\/2023\/09\/redacao.png\",\"contentUrl\":\"https:\/\/sulsc.com\/wp-content\/uploads\/2023\/09\/redacao.png\",\"caption\":\"Reda\u00e7\u00e3o Sul SC\"},\"description\":\"Foco em um jornalismo imparcial, voltado \u00e0 qualidade dos seus conte\u00fados e, assim, levar informa\u00e7\u00e3o de valor que agregue \u00e0 vida dos leitores. Esta \u00e9 grande miss\u00e3o do Portal de Not\u00edcias Sul SC. N\u00e3o \u00e9 quantidade que muda o mundo, sempre foi e seguir\u00e1 sendo qualidade!\",\"sameAs\":[\"https:\/\/sulsc.com\/\",\"https:\/\/www.facebook.com\/profile.php?id=61559278119680\",\"https:\/\/www.instagram.com\/sulscportal\/?hl=pt-br\",\"https:\/\/twitter.com\/https:\/\/twitter.com\/PortalSulSC\",\"https:\/\/www.youtube.com\/channel\/UCv_BE8GeySluDov2n8qhVmw\"],\"url\":\"https:\/\/sulsc.com\/index.php\/author\/redacao\/\"}]}<\/script>\n<!-- \/ Yoast SEO plugin. -->","yoast_head_json":{"title":"Sexta-feira (20) com dia de sol e temperaturas altas no litoral sul -","description":"Temperaturas variam \u00e0 tarde entre 24\u00b0C e 34\u00b0C pelo estado com os maiores valores ocorrendo no litoral","robots":{"index":"index","follow":"follow","max-snippet":"max-snippet:-1","max-image-preview":"max-image-preview:large","max-video-preview":"max-video-preview:-1"},"canonical":"https:\/\/sulsc.com\/index.php\/2024\/12\/20\/sexta-feira-20-com-dia-de-sol-e-temperaturas-altas-no-litoral-sul\/","og_locale":"en_US","og_type":"article","og_title":"Sexta-feira (20) com dia de sol e temperaturas altas no litoral sul -","og_description":"Temperaturas variam \u00e0 tarde entre 24\u00b0C e 34\u00b0C pelo estado com os maiores valores ocorrendo no litoral","og_url":"https:\/\/sulsc.com\/index.php\/2024\/12\/20\/sexta-feira-20-com-dia-de-sol-e-temperaturas-altas-no-litoral-sul\/","article_author":"https:\/\/www.facebook.com\/profile.php?id=61559278119680","article_published_time":"2024-12-20T11:50:22+00:00","article_modified_time":"2024-12-20T11:51:45+00:00","og_image":[{"width":900,"height":1600,"url":"http:\/\/sulsc.com\/wp-content\/uploads\/2024\/11\/Tempo-1.jpg","type":"image\/jpeg"}],"author":"Reda\u00e7\u00e3o Sul SC","twitter_card":"summary_large_image","twitter_creator":"@https:\/\/twitter.com\/PortalSulSC","twitter_misc":{"Written by":"Reda\u00e7\u00e3o Sul SC","Est. reading time":"2 minutes"},"schema":{"@context":"https:\/\/schema.org","@graph":[{"@type":"WebPage","@id":"https:\/\/sulsc.com\/index.php\/2024\/12\/20\/sexta-feira-20-com-dia-de-sol-e-temperaturas-altas-no-litoral-sul\/","url":"https:\/\/sulsc.com\/index.php\/2024\/12\/20\/sexta-feira-20-com-dia-de-sol-e-temperaturas-altas-no-litoral-sul\/","name":"Sexta-feira (20) com dia de sol e temperaturas altas no litoral sul -","isPartOf":{"@id":"https:\/\/sulsc.com\/#website"},"datePublished":"2024-12-20T11:50:22+00:00","dateModified":"2024-12-20T11:51:45+00:00","author":{"@id":"https:\/\/sulsc.com\/#\/schema\/person\/84d2fc571684f6248ba83092f07750a3"},"description":"Temperaturas variam \u00e0 tarde entre 24\u00b0C e 34\u00b0C pelo estado com os maiores valores ocorrendo no litoral","breadcrumb":{"@id":"https:\/\/sulsc.com\/index.php\/2024\/12\/20\/sexta-feira-20-com-dia-de-sol-e-temperaturas-altas-no-litoral-sul\/#breadcrumb"},"inLanguage":"en-US","potentialAction":[{"@type":"ReadAction","target":["https:\/\/sulsc.com\/index.php\/2024\/12\/20\/sexta-feira-20-com-dia-de-sol-e-temperaturas-altas-no-litoral-sul\/"]}]},{"@type":"BreadcrumbList","@id":"https:\/\/sulsc.com\/index.php\/2024\/12\/20\/sexta-feira-20-com-dia-de-sol-e-temperaturas-altas-no-litoral-sul\/#breadcrumb","itemListElement":[{"@type":"ListItem","position":1,"name":"In\u00edcio","item":"https:\/\/sulsc.com\/"},{"@type":"ListItem","position":2,"name":"Sexta-feira (20) com dia de sol e temperaturas altas no litoral sul"}]},{"@type":"WebSite","@id":"https:\/\/sulsc.com\/#website","url":"https:\/\/sulsc.com\/","name":"","description":"","potentialAction":[{"@type":"SearchAction","target":{"@type":"EntryPoint","urlTemplate":"https:\/\/sulsc.com\/?s={search_term_string}"},"query-input":"required name=search_term_string"}],"inLanguage":"en-US"},{"@type":"Person","@id":"https:\/\/sulsc.com\/#\/schema\/person\/84d2fc571684f6248ba83092f07750a3","name":"Reda\u00e7\u00e3o Sul SC","image":{"@type":"ImageObject","inLanguage":"en-US","@id":"https:\/\/sulsc.com\/#\/schema\/person\/image\/e08d7fe2cc4ed596372063bbe852b8d0","url":"https:\/\/sulsc.com\/wp-content\/uploads\/2023\/09\/redacao.png","contentUrl":"https:\/\/sulsc.com\/wp-content\/uploads\/2023\/09\/redacao.png","caption":"Reda\u00e7\u00e3o Sul SC"},"description":"Foco em um jornalismo imparcial, voltado \u00e0 qualidade dos seus conte\u00fados e, assim, levar informa\u00e7\u00e3o de valor que agregue \u00e0 vida dos leitores. Esta \u00e9 grande miss\u00e3o do Portal de Not\u00edcias Sul SC. N\u00e3o \u00e9 quantidade que muda o mundo, sempre foi e seguir\u00e1 sendo qualidade!","sameAs":["https:\/\/sulsc.com\/","https:\/\/www.facebook.com\/profile.php?id=61559278119680","https:\/\/www.instagram.com\/sulscportal\/?hl=pt-br","https:\/\/twitter.com\/https:\/\/twitter.com\/PortalSulSC","https:\/\/www.youtube.com\/channel\/UCv_BE8GeySluDov2n8qhVmw"],"url":"https:\/\/sulsc.com\/index.php\/author\/redacao\/"}]}},"authors":[],"_links":{"self":[{"href":"https:\/\/sulsc.com\/index.php\/wp-json\/wp\/v2\/posts\/18626"}],"collection":[{"href":"https:\/\/sulsc.com\/index.php\/wp-json\/wp\/v2\/posts"}],"about":[{"href":"https:\/\/sulsc.com\/index.php\/wp-json\/wp\/v2\/types\/post"}],"author":[{"embeddable":true,"href":"https:\/\/sulsc.com\/index.php\/wp-json\/wp\/v2\/users\/3"}],"replies":[{"embeddable":true,"href":"https:\/\/sulsc.com\/index.php\/wp-json\/wp\/v2\/comments?post=18626"}],"version-history":[{"count":3,"href":"https:\/\/sulsc.com\/index.php\/wp-json\/wp\/v2\/posts\/18626\/revisions"}],"predecessor-version":[{"id":18630,"href":"https:\/\/sulsc.com\/index.php\/wp-json\/wp\/v2\/posts\/18626\/revisions\/18630"}],"wp:featuredmedia":[{"embeddable":true,"href":"https:\/\/sulsc.com\/index.php\/wp-json\/wp\/v2\/media\/16995"}],"wp:attachment":[{"href":"https:\/\/sulsc.com\/index.php\/wp-json\/wp\/v2\/media?parent=18626"}],"wp:term":[{"taxonomy":"category","embeddable":true,"href":"https:\/\/sulsc.com\/index.php\/wp-json\/wp\/v2\/categories?post=18626"},{"taxonomy":"post_tag","embeddable":true,"href":"https:\/\/sulsc.com\/index.php\/wp-json\/wp\/v2\/tags?post=18626"}],"curies":[{"name":"wp","href":"https:\/\/api.w.org\/{rel}","templated":true}]}}