{"id":18687,"date":"2024-12-21T07:35:51","date_gmt":"2024-12-21T10:35:51","guid":{"rendered":"https:\/\/sulsc.com\/?p=18687"},"modified":"2024-12-21T07:35:51","modified_gmt":"2024-12-21T10:35:51","slug":"sabado-21-ensolarado-e-temperaturas-altas","status":"publish","type":"post","link":"https:\/\/sulsc.com\/index.php\/2024\/12\/21\/sabado-21-ensolarado-e-temperaturas-altas\/","title":{"rendered":"S\u00e1bado (21) ensolarado e temperaturas altas"},"content":{"rendered":"<p>s\u00e1bado (21), a presen\u00e7a de uma frente fria no Oceano Atl\u00e2ntico e de uma \u00e1rea de baixa press\u00e3o seguem mantendo maior quantidade de nuvens e condi\u00e7\u00e3o para pancadas de chuva em \u00e1reas do centro\/leste do estado, especialmente nas \u00e1reas serranas e encostas do Litoral Sul e Grd.<\/p>\n<p>Florian\u00f3polis, oferecendo risco baixo para ocorr\u00eancias associadas a alagamentos pontuais. No Grande Oeste e em parte do Planalto Sul, o sol predomina entre poucas nuvens. No amanhecer, as temperaturas oscilam entre 9\u00b0C e 19\u00b0C entre o Meio-Oeste, Planaltos , Grd. Florian\u00f3polis\u00a0 e na\u00a0 regi\u00e3o Serrana e de 20\u00b0C a 24\u00b0C no Litoral.<\/p>\n<p><img fetchpriority=\"high\" decoding=\"async\" class=\"aligncenter size-full wp-image-18688\" src=\"http:\/\/sulsc.com\/wp-content\/uploads\/2024\/12\/sab.png\" alt=\"\" width=\"1483\" height=\"1002\" srcset=\"https:\/\/sulsc.com\/wp-content\/uploads\/2024\/12\/sab.png 1483w, https:\/\/sulsc.com\/wp-content\/uploads\/2024\/12\/sab-300x203.png 300w, https:\/\/sulsc.com\/wp-content\/uploads\/2024\/12\/sab-1024x692.png 1024w, https:\/\/sulsc.com\/wp-content\/uploads\/2024\/12\/sab-768x519.png 768w\" sizes=\"(max-width: 1483px) 100vw, 1483px\" \/><\/p>\n<p><img decoding=\"async\" class=\"aligncenter  wp-image-17436\" src=\"http:\/\/sulsc.com\/wp-content\/uploads\/2024\/11\/Tempo-2.png\" alt=\"\" width=\"740\" height=\"137\" srcset=\"https:\/\/sulsc.com\/wp-content\/uploads\/2024\/11\/Tempo-2.png 1024w, https:\/\/sulsc.com\/wp-content\/uploads\/2024\/11\/Tempo-2-300x55.png 300w, https:\/\/sulsc.com\/wp-content\/uploads\/2024\/11\/Tempo-2-768x142.png 768w\" sizes=\"(max-width: 740px) 100vw, 740px\" \/><\/p>\n<p>Durante a tarde, elas apresentam eleva\u00e7\u00e3o, oscilando de 27\u00b0C a 32\u00b0C na maior parte de SC, com os maiores valores sendo observados no Oeste, Litoral Norte e Vale do Itaja\u00ed.<\/p>\n<p>Fonte: Defesa Civil SC\/Meteorologista: Fernando Rafael<\/p>\n<p>&nbsp;<\/p>\n","protected":false},"excerpt":{"rendered":"<p>s\u00e1bado (21), a presen\u00e7a de uma frente fria no Oceano Atl\u00e2ntico e de uma \u00e1rea de baixa press\u00e3o seguem mantendo maior quantidade de nuvens e condi\u00e7\u00e3o para pancadas de chuva em \u00e1reas do centro\/leste do estado, especialmente nas \u00e1reas serranas e encostas do Litoral Sul e Grd. Florian\u00f3polis, oferecendo risco baixo para ocorr\u00eancias associadas a &hellip;<\/p>\n<p class=\"read-more\"> <a class=\"\" href=\"https:\/\/sulsc.com\/index.php\/2024\/12\/21\/sabado-21-ensolarado-e-temperaturas-altas\/\"> <span class=\"screen-reader-text\">S\u00e1bado (21) ensolarado e temperaturas altas<\/span> Read More &raquo;<\/a><\/p>\n","protected":false},"author":3,"featured_media":18689,"comment_status":"open","ping_status":"open","sticky":false,"template":"","format":"standard","meta":{"site-sidebar-layout":"default","site-content-layout":"","ast-site-content-layout":"default","site-content-style":"default","site-sidebar-style":"default","ast-global-header-display":"","ast-banner-title-visibility":"","ast-main-header-display":"","ast-hfb-above-header-display":"","ast-hfb-below-header-display":"","ast-hfb-mobile-header-display":"","site-post-title":"","ast-breadcrumbs-content":"","ast-featured-img":"","footer-sml-layout":"","theme-transparent-header-meta":"default","adv-header-id-meta":"","stick-header-meta":"","header-above-stick-meta":"","header-main-stick-meta":"","header-below-stick-meta":"","astra-migrate-meta-layouts":"set","footnotes":""},"categories":[38],"tags":[90],"yoast_head":"<!-- This site is optimized with the Yoast SEO plugin v21.4 - https:\/\/yoast.com\/wordpress\/plugins\/seo\/ -->\n<title>S\u00e1bado (21) ensolarado e temperaturas altas -<\/title>\n<meta name=\"description\" content=\"Temperaturas oscilam entre 9\u00b0C e 19\u00b0C entre o Meio-Oeste Planaltos Grande Florian\u00f3polis e Serra e de 20\u00b0C a 24\u00b0C no Litoral\" \/>\n<meta name=\"robots\" content=\"index, follow, max-snippet:-1, max-image-preview:large, max-video-preview:-1\" \/>\n<link rel=\"canonical\" href=\"https:\/\/sulsc.com\/index.php\/2024\/12\/21\/sabado-21-ensolarado-e-temperaturas-altas\/\" \/>\n<meta property=\"og:locale\" content=\"en_US\" \/>\n<meta property=\"og:type\" content=\"article\" \/>\n<meta property=\"og:title\" content=\"S\u00e1bado (21) ensolarado e temperaturas altas -\" \/>\n<meta property=\"og:description\" content=\"Temperaturas oscilam entre 9\u00b0C e 19\u00b0C entre o Meio-Oeste Planaltos Grande Florian\u00f3polis e Serra e de 20\u00b0C a 24\u00b0C no Litoral\" \/>\n<meta property=\"og:url\" content=\"https:\/\/sulsc.com\/index.php\/2024\/12\/21\/sabado-21-ensolarado-e-temperaturas-altas\/\" \/>\n<meta property=\"article:author\" content=\"https:\/\/www.facebook.com\/profile.php?id=61559278119680\" \/>\n<meta property=\"article:published_time\" content=\"2024-12-21T10:35:51+00:00\" \/>\n<meta property=\"og:image\" content=\"http:\/\/sulsc.com\/wp-content\/uploads\/2024\/12\/Tempo-5.jpg\" \/>\n\t<meta property=\"og:image:width\" content=\"1600\" \/>\n\t<meta property=\"og:image:height\" content=\"719\" \/>\n\t<meta property=\"og:image:type\" content=\"image\/jpeg\" \/>\n<meta name=\"author\" content=\"Reda\u00e7\u00e3o Sul SC\" \/>\n<meta name=\"twitter:card\" content=\"summary_large_image\" \/>\n<meta name=\"twitter:creator\" content=\"@https:\/\/twitter.com\/PortalSulSC\" \/>\n<meta name=\"twitter:label1\" content=\"Written by\" \/>\n\t<meta name=\"twitter:data1\" content=\"Reda\u00e7\u00e3o Sul SC\" \/>\n\t<meta name=\"twitter:label2\" content=\"Est. reading time\" \/>\n\t<meta name=\"twitter:data2\" content=\"1 minute\" \/>\n<script type=\"application\/ld+json\" class=\"yoast-schema-graph\">{\"@context\":\"https:\/\/schema.org\",\"@graph\":[{\"@type\":\"WebPage\",\"@id\":\"https:\/\/sulsc.com\/index.php\/2024\/12\/21\/sabado-21-ensolarado-e-temperaturas-altas\/\",\"url\":\"https:\/\/sulsc.com\/index.php\/2024\/12\/21\/sabado-21-ensolarado-e-temperaturas-altas\/\",\"name\":\"S\u00e1bado (21) ensolarado e temperaturas altas -\",\"isPartOf\":{\"@id\":\"https:\/\/sulsc.com\/#website\"},\"datePublished\":\"2024-12-21T10:35:51+00:00\",\"dateModified\":\"2024-12-21T10:35:51+00:00\",\"author\":{\"@id\":\"https:\/\/sulsc.com\/#\/schema\/person\/84d2fc571684f6248ba83092f07750a3\"},\"description\":\"Temperaturas oscilam entre 9\u00b0C e 19\u00b0C entre o Meio-Oeste Planaltos Grande Florian\u00f3polis e Serra e de 20\u00b0C a 24\u00b0C no Litoral\",\"breadcrumb\":{\"@id\":\"https:\/\/sulsc.com\/index.php\/2024\/12\/21\/sabado-21-ensolarado-e-temperaturas-altas\/#breadcrumb\"},\"inLanguage\":\"en-US\",\"potentialAction\":[{\"@type\":\"ReadAction\",\"target\":[\"https:\/\/sulsc.com\/index.php\/2024\/12\/21\/sabado-21-ensolarado-e-temperaturas-altas\/\"]}]},{\"@type\":\"BreadcrumbList\",\"@id\":\"https:\/\/sulsc.com\/index.php\/2024\/12\/21\/sabado-21-ensolarado-e-temperaturas-altas\/#breadcrumb\",\"itemListElement\":[{\"@type\":\"ListItem\",\"position\":1,\"name\":\"In\u00edcio\",\"item\":\"https:\/\/sulsc.com\/\"},{\"@type\":\"ListItem\",\"position\":2,\"name\":\"S\u00e1bado (21) ensolarado e temperaturas altas\"}]},{\"@type\":\"WebSite\",\"@id\":\"https:\/\/sulsc.com\/#website\",\"url\":\"https:\/\/sulsc.com\/\",\"name\":\"\",\"description\":\"\",\"potentialAction\":[{\"@type\":\"SearchAction\",\"target\":{\"@type\":\"EntryPoint\",\"urlTemplate\":\"https:\/\/sulsc.com\/?s={search_term_string}\"},\"query-input\":\"required name=search_term_string\"}],\"inLanguage\":\"en-US\"},{\"@type\":\"Person\",\"@id\":\"https:\/\/sulsc.com\/#\/schema\/person\/84d2fc571684f6248ba83092f07750a3\",\"name\":\"Reda\u00e7\u00e3o Sul SC\",\"image\":{\"@type\":\"ImageObject\",\"inLanguage\":\"en-US\",\"@id\":\"https:\/\/sulsc.com\/#\/schema\/person\/image\/e08d7fe2cc4ed596372063bbe852b8d0\",\"url\":\"https:\/\/sulsc.com\/wp-content\/uploads\/2023\/09\/redacao.png\",\"contentUrl\":\"https:\/\/sulsc.com\/wp-content\/uploads\/2023\/09\/redacao.png\",\"caption\":\"Reda\u00e7\u00e3o Sul SC\"},\"description\":\"Foco em um jornalismo imparcial, voltado \u00e0 qualidade dos seus conte\u00fados e, assim, levar informa\u00e7\u00e3o de valor que agregue \u00e0 vida dos leitores. Esta \u00e9 grande miss\u00e3o do Portal de Not\u00edcias Sul SC. N\u00e3o \u00e9 quantidade que muda o mundo, sempre foi e seguir\u00e1 sendo qualidade!\",\"sameAs\":[\"https:\/\/sulsc.com\/\",\"https:\/\/www.facebook.com\/profile.php?id=61559278119680\",\"https:\/\/www.instagram.com\/sulscportal\/?hl=pt-br\",\"https:\/\/twitter.com\/https:\/\/twitter.com\/PortalSulSC\",\"https:\/\/www.youtube.com\/channel\/UCv_BE8GeySluDov2n8qhVmw\"],\"url\":\"https:\/\/sulsc.com\/index.php\/author\/redacao\/\"}]}<\/script>\n<!-- \/ Yoast SEO plugin. -->","yoast_head_json":{"title":"S\u00e1bado (21) ensolarado e temperaturas altas -","description":"Temperaturas oscilam entre 9\u00b0C e 19\u00b0C entre o Meio-Oeste Planaltos Grande Florian\u00f3polis e Serra e de 20\u00b0C a 24\u00b0C no Litoral","robots":{"index":"index","follow":"follow","max-snippet":"max-snippet:-1","max-image-preview":"max-image-preview:large","max-video-preview":"max-video-preview:-1"},"canonical":"https:\/\/sulsc.com\/index.php\/2024\/12\/21\/sabado-21-ensolarado-e-temperaturas-altas\/","og_locale":"en_US","og_type":"article","og_title":"S\u00e1bado (21) ensolarado e temperaturas altas -","og_description":"Temperaturas oscilam entre 9\u00b0C e 19\u00b0C entre o Meio-Oeste Planaltos Grande Florian\u00f3polis e Serra e de 20\u00b0C a 24\u00b0C no Litoral","og_url":"https:\/\/sulsc.com\/index.php\/2024\/12\/21\/sabado-21-ensolarado-e-temperaturas-altas\/","article_author":"https:\/\/www.facebook.com\/profile.php?id=61559278119680","article_published_time":"2024-12-21T10:35:51+00:00","og_image":[{"width":1600,"height":719,"url":"http:\/\/sulsc.com\/wp-content\/uploads\/2024\/12\/Tempo-5.jpg","type":"image\/jpeg"}],"author":"Reda\u00e7\u00e3o Sul SC","twitter_card":"summary_large_image","twitter_creator":"@https:\/\/twitter.com\/PortalSulSC","twitter_misc":{"Written by":"Reda\u00e7\u00e3o Sul SC","Est. reading time":"1 minute"},"schema":{"@context":"https:\/\/schema.org","@graph":[{"@type":"WebPage","@id":"https:\/\/sulsc.com\/index.php\/2024\/12\/21\/sabado-21-ensolarado-e-temperaturas-altas\/","url":"https:\/\/sulsc.com\/index.php\/2024\/12\/21\/sabado-21-ensolarado-e-temperaturas-altas\/","name":"S\u00e1bado (21) ensolarado e temperaturas altas -","isPartOf":{"@id":"https:\/\/sulsc.com\/#website"},"datePublished":"2024-12-21T10:35:51+00:00","dateModified":"2024-12-21T10:35:51+00:00","author":{"@id":"https:\/\/sulsc.com\/#\/schema\/person\/84d2fc571684f6248ba83092f07750a3"},"description":"Temperaturas oscilam entre 9\u00b0C e 19\u00b0C entre o Meio-Oeste Planaltos Grande Florian\u00f3polis e Serra e de 20\u00b0C a 24\u00b0C no Litoral","breadcrumb":{"@id":"https:\/\/sulsc.com\/index.php\/2024\/12\/21\/sabado-21-ensolarado-e-temperaturas-altas\/#breadcrumb"},"inLanguage":"en-US","potentialAction":[{"@type":"ReadAction","target":["https:\/\/sulsc.com\/index.php\/2024\/12\/21\/sabado-21-ensolarado-e-temperaturas-altas\/"]}]},{"@type":"BreadcrumbList","@id":"https:\/\/sulsc.com\/index.php\/2024\/12\/21\/sabado-21-ensolarado-e-temperaturas-altas\/#breadcrumb","itemListElement":[{"@type":"ListItem","position":1,"name":"In\u00edcio","item":"https:\/\/sulsc.com\/"},{"@type":"ListItem","position":2,"name":"S\u00e1bado (21) ensolarado e temperaturas altas"}]},{"@type":"WebSite","@id":"https:\/\/sulsc.com\/#website","url":"https:\/\/sulsc.com\/","name":"","description":"","potentialAction":[{"@type":"SearchAction","target":{"@type":"EntryPoint","urlTemplate":"https:\/\/sulsc.com\/?s={search_term_string}"},"query-input":"required name=search_term_string"}],"inLanguage":"en-US"},{"@type":"Person","@id":"https:\/\/sulsc.com\/#\/schema\/person\/84d2fc571684f6248ba83092f07750a3","name":"Reda\u00e7\u00e3o Sul SC","image":{"@type":"ImageObject","inLanguage":"en-US","@id":"https:\/\/sulsc.com\/#\/schema\/person\/image\/e08d7fe2cc4ed596372063bbe852b8d0","url":"https:\/\/sulsc.com\/wp-content\/uploads\/2023\/09\/redacao.png","contentUrl":"https:\/\/sulsc.com\/wp-content\/uploads\/2023\/09\/redacao.png","caption":"Reda\u00e7\u00e3o Sul SC"},"description":"Foco em um jornalismo imparcial, voltado \u00e0 qualidade dos seus conte\u00fados e, assim, levar informa\u00e7\u00e3o de valor que agregue \u00e0 vida dos leitores. Esta \u00e9 grande miss\u00e3o do Portal de Not\u00edcias Sul SC. N\u00e3o \u00e9 quantidade que muda o mundo, sempre foi e seguir\u00e1 sendo qualidade!","sameAs":["https:\/\/sulsc.com\/","https:\/\/www.facebook.com\/profile.php?id=61559278119680","https:\/\/www.instagram.com\/sulscportal\/?hl=pt-br","https:\/\/twitter.com\/https:\/\/twitter.com\/PortalSulSC","https:\/\/www.youtube.com\/channel\/UCv_BE8GeySluDov2n8qhVmw"],"url":"https:\/\/sulsc.com\/index.php\/author\/redacao\/"}]}},"authors":[],"_links":{"self":[{"href":"https:\/\/sulsc.com\/index.php\/wp-json\/wp\/v2\/posts\/18687"}],"collection":[{"href":"https:\/\/sulsc.com\/index.php\/wp-json\/wp\/v2\/posts"}],"about":[{"href":"https:\/\/sulsc.com\/index.php\/wp-json\/wp\/v2\/types\/post"}],"author":[{"embeddable":true,"href":"https:\/\/sulsc.com\/index.php\/wp-json\/wp\/v2\/users\/3"}],"replies":[{"embeddable":true,"href":"https:\/\/sulsc.com\/index.php\/wp-json\/wp\/v2\/comments?post=18687"}],"version-history":[{"count":1,"href":"https:\/\/sulsc.com\/index.php\/wp-json\/wp\/v2\/posts\/18687\/revisions"}],"predecessor-version":[{"id":18690,"href":"https:\/\/sulsc.com\/index.php\/wp-json\/wp\/v2\/posts\/18687\/revisions\/18690"}],"wp:featuredmedia":[{"embeddable":true,"href":"https:\/\/sulsc.com\/index.php\/wp-json\/wp\/v2\/media\/18689"}],"wp:attachment":[{"href":"https:\/\/sulsc.com\/index.php\/wp-json\/wp\/v2\/media?parent=18687"}],"wp:term":[{"taxonomy":"category","embeddable":true,"href":"https:\/\/sulsc.com\/index.php\/wp-json\/wp\/v2\/categories?post=18687"},{"taxonomy":"post_tag","embeddable":true,"href":"https:\/\/sulsc.com\/index.php\/wp-json\/wp\/v2\/tags?post=18687"}],"curies":[{"name":"wp","href":"https:\/\/api.w.org\/{rel}","templated":true}]}}