{"id":18704,"date":"2024-12-21T08:57:30","date_gmt":"2024-12-21T11:57:30","guid":{"rendered":"https:\/\/sulsc.com\/?p=18704"},"modified":"2024-12-21T08:57:30","modified_gmt":"2024-12-21T11:57:30","slug":"verao-comeca-hoje-e-previsao-e-de-menos-chuvas-na-maior-parte-do-pais","status":"publish","type":"post","link":"https:\/\/sulsc.com\/index.php\/2024\/12\/21\/verao-comeca-hoje-e-previsao-e-de-menos-chuvas-na-maior-parte-do-pais\/","title":{"rendered":"Ver\u00e3o come\u00e7a hoje e previs\u00e3o \u00e9 de menos chuvas na maior parte do pa\u00eds"},"content":{"rendered":"<p>O ver\u00e3o come\u00e7ou neste s\u00e1bado (21), \u00e0s 6h20 (hor\u00e1rio de Bras\u00edlia), em todo o Hemisf\u00e9rio Sul do planeta com mudan\u00e7as r\u00e1pidas nas condi\u00e7\u00f5es do tempo, caracterizadas por chuvas intensas e ventos fortes. A posi\u00e7\u00e3o da Terra mais perto do Sol tamb\u00e9m torna os dias mais longos que a noite e traz temperaturas elevadas em todo o pa\u00eds.<\/p>\n<p>Segundo o Progn\u00f3stico Clim\u00e1tico de Ver\u00e3o, divulgado pelo Instituto Nacional de Meteorologia (Inmet), nesta esta\u00e7\u00e3o o fen\u00f4meno La Ni\u00f1a, que costuma causar fortes chuvas no Norte e Nordeste do Brasil e secas no Sul, ter\u00e1 dura\u00e7\u00e3o mais curta. A probabilidade dessas condi\u00e7\u00f5es prevalecerem \u00e9 de 60% entre janeiro e mar\u00e7o e cai progressivamente para 40% entre fevereiro a abril de 2025.<\/p>\n<p><img fetchpriority=\"high\" decoding=\"async\" class=\"aligncenter size-full wp-image-18699\" src=\"http:\/\/sulsc.com\/wp-content\/uploads\/2024\/12\/galha.jpg\" alt=\"\" width=\"960\" height=\"540\" srcset=\"https:\/\/sulsc.com\/wp-content\/uploads\/2024\/12\/galha.jpg 960w, https:\/\/sulsc.com\/wp-content\/uploads\/2024\/12\/galha-300x169.jpg 300w, https:\/\/sulsc.com\/wp-content\/uploads\/2024\/12\/galha-768x432.jpg 768w\" sizes=\"(max-width: 960px) 100vw, 960px\" \/><\/p>\n<p style=\"text-align: center;\">Foto\/Portal Sul SC<\/p>\n<p>\u201cDe maneira geral, as previs\u00f5es clim\u00e1ticas indicam o predom\u00ednio de chuvas abaixo da m\u00e9dia climatol\u00f3gica em grande parte do pa\u00eds\u201d, explica a meteorologista do Inmet, Mayt\u00ea Coutinho.<\/p>\n<p>A regi\u00e3o Norte \u00e9 exce\u00e7\u00e3o porque haver\u00e1 predom\u00ednio de chuvas acima da m\u00e9dia. No Nordeste, o total de chuvas entre janeiro e mar\u00e7o dever\u00e1 ser menor e nas regi\u00f5es Centro-Oeste e Sudeste elas devem ficar entre o normal e abaixo da m\u00e9dia.<\/p>\n<p><strong>Chuvas mais volumosas<\/strong><br \/>\n\u201cMesmo com a previs\u00e3o de que o total de chuvas em janeiro, fevereiro e mar\u00e7o fique abaixo da m\u00e9dia em quase toda a regi\u00e3o, no noroeste da Regi\u00e3o Nordeste podem ocorrer chuvas mais volumosas em alguns per\u00edodos durante o ver\u00e3o, podendo atingir a m\u00e9dia em algumas localidades\u201d, pondera Mayt\u00ea.<\/p>\n<p>Na regi\u00e3o Sul, onde os volumes j\u00e1 s\u00e3o menores nesta \u00e9poca do ano, as chuvas devem permanecer na faixa normal ou abaixo do normal. No Rio Grande do Sul, principalmente, a previs\u00e3o \u00e9 de chuvas no extremo sul do estado inferiores a 400 mil\u00edmetros.<\/p>\n<p>Para a meteorologista, a regularidade das chuvas nas Regi\u00f5es Norte e Nordeste pode ser ainda mais comprometida se permanecerem as atuais condi\u00e7\u00f5es oce\u00e2nicas.<\/p>\n<p>\u201cAs \u00e1guas mais quentes no Atl\u00e2ntico Tropical Norte e mais frias no Atl\u00e2ntico Tropical Sul formam condi\u00e7\u00f5es para a manuten\u00e7\u00e3o da Zona de Converg\u00eancia Intertropical atuando ao norte da sua posi\u00e7\u00e3o m\u00e9dia climatol\u00f3gica\u201d, acentua.<\/p>\n<p>Segundo o relat\u00f3rio Inmet, tais condi\u00e7\u00f5es podem impactar atividades econ\u00f4micas como a agropecu\u00e1ria, a gera\u00e7\u00e3o de energia por meio de hidrel\u00e9tricas e a reposi\u00e7\u00e3o h\u00eddrica para manuten\u00e7\u00e3o dos reservat\u00f3rios de abastecimento de \u00e1gua em n\u00edveis satisfat\u00f3rios.<\/p>\n","protected":false},"excerpt":{"rendered":"<p>O ver\u00e3o come\u00e7ou neste s\u00e1bado (21), \u00e0s 6h20 (hor\u00e1rio de Bras\u00edlia), em todo o Hemisf\u00e9rio Sul do planeta com mudan\u00e7as r\u00e1pidas nas condi\u00e7\u00f5es do tempo, caracterizadas por chuvas intensas e ventos fortes. A posi\u00e7\u00e3o da Terra mais perto do Sol tamb\u00e9m torna os dias mais longos que a noite e traz temperaturas elevadas em todo &hellip;<\/p>\n<p class=\"read-more\"> <a class=\"\" href=\"https:\/\/sulsc.com\/index.php\/2024\/12\/21\/verao-comeca-hoje-e-previsao-e-de-menos-chuvas-na-maior-parte-do-pais\/\"> <span class=\"screen-reader-text\">Ver\u00e3o come\u00e7a hoje e previs\u00e3o \u00e9 de menos chuvas na maior parte do pa\u00eds<\/span> Read More &raquo;<\/a><\/p>\n","protected":false},"author":3,"featured_media":18705,"comment_status":"open","ping_status":"open","sticky":false,"template":"","format":"standard","meta":{"site-sidebar-layout":"default","site-content-layout":"","ast-site-content-layout":"default","site-content-style":"default","site-sidebar-style":"default","ast-global-header-display":"","ast-banner-title-visibility":"","ast-main-header-display":"","ast-hfb-above-header-display":"","ast-hfb-below-header-display":"","ast-hfb-mobile-header-display":"","site-post-title":"","ast-breadcrumbs-content":"","ast-featured-img":"","footer-sml-layout":"","theme-transparent-header-meta":"default","adv-header-id-meta":"","stick-header-meta":"","header-above-stick-meta":"","header-main-stick-meta":"","header-below-stick-meta":"","astra-migrate-meta-layouts":"set","footnotes":""},"categories":[38],"tags":[2156],"yoast_head":"<!-- This site is optimized with the Yoast SEO plugin v21.4 - https:\/\/yoast.com\/wordpress\/plugins\/seo\/ -->\n<title>Ver\u00e3o come\u00e7a hoje e previs\u00e3o \u00e9 de menos chuvas na maior parte do pa\u00eds -<\/title>\n<meta name=\"description\" content=\"Progn\u00f3stico Clim\u00e1tico do Ver\u00e3o 2025 foi divulgado pelo Instituto Nacional de Meteorologia (Inmet) onde prev\u00ea seca para regi\u00e3o Sul\" \/>\n<meta name=\"robots\" content=\"index, follow, max-snippet:-1, max-image-preview:large, max-video-preview:-1\" \/>\n<link rel=\"canonical\" href=\"https:\/\/sulsc.com\/index.php\/2024\/12\/21\/verao-comeca-hoje-e-previsao-e-de-menos-chuvas-na-maior-parte-do-pais\/\" \/>\n<meta property=\"og:locale\" content=\"en_US\" \/>\n<meta property=\"og:type\" content=\"article\" \/>\n<meta property=\"og:title\" content=\"Ver\u00e3o come\u00e7a hoje e previs\u00e3o \u00e9 de menos chuvas na maior parte do pa\u00eds -\" \/>\n<meta property=\"og:description\" content=\"Progn\u00f3stico Clim\u00e1tico do Ver\u00e3o 2025 foi divulgado pelo Instituto Nacional de Meteorologia (Inmet) onde prev\u00ea seca para regi\u00e3o Sul\" \/>\n<meta property=\"og:url\" content=\"https:\/\/sulsc.com\/index.php\/2024\/12\/21\/verao-comeca-hoje-e-previsao-e-de-menos-chuvas-na-maior-parte-do-pais\/\" \/>\n<meta property=\"article:author\" content=\"https:\/\/www.facebook.com\/profile.php?id=61559278119680\" \/>\n<meta property=\"article:published_time\" content=\"2024-12-21T11:57:30+00:00\" \/>\n<meta property=\"og:image\" content=\"http:\/\/sulsc.com\/wp-content\/uploads\/2024\/12\/verao.jpg\" \/>\n\t<meta property=\"og:image:width\" content=\"678\" \/>\n\t<meta property=\"og:image:height\" content=\"452\" \/>\n\t<meta property=\"og:image:type\" content=\"image\/jpeg\" \/>\n<meta name=\"author\" content=\"Reda\u00e7\u00e3o Sul SC\" \/>\n<meta name=\"twitter:card\" content=\"summary_large_image\" \/>\n<meta name=\"twitter:creator\" content=\"@https:\/\/twitter.com\/PortalSulSC\" \/>\n<meta name=\"twitter:label1\" content=\"Written by\" \/>\n\t<meta name=\"twitter:data1\" content=\"Reda\u00e7\u00e3o Sul SC\" \/>\n\t<meta name=\"twitter:label2\" content=\"Est. reading time\" \/>\n\t<meta name=\"twitter:data2\" content=\"2 minutes\" \/>\n<script type=\"application\/ld+json\" class=\"yoast-schema-graph\">{\"@context\":\"https:\/\/schema.org\",\"@graph\":[{\"@type\":\"WebPage\",\"@id\":\"https:\/\/sulsc.com\/index.php\/2024\/12\/21\/verao-comeca-hoje-e-previsao-e-de-menos-chuvas-na-maior-parte-do-pais\/\",\"url\":\"https:\/\/sulsc.com\/index.php\/2024\/12\/21\/verao-comeca-hoje-e-previsao-e-de-menos-chuvas-na-maior-parte-do-pais\/\",\"name\":\"Ver\u00e3o come\u00e7a hoje e previs\u00e3o \u00e9 de menos chuvas na maior parte do pa\u00eds -\",\"isPartOf\":{\"@id\":\"https:\/\/sulsc.com\/#website\"},\"datePublished\":\"2024-12-21T11:57:30+00:00\",\"dateModified\":\"2024-12-21T11:57:30+00:00\",\"author\":{\"@id\":\"https:\/\/sulsc.com\/#\/schema\/person\/84d2fc571684f6248ba83092f07750a3\"},\"description\":\"Progn\u00f3stico Clim\u00e1tico do Ver\u00e3o 2025 foi divulgado pelo Instituto Nacional de Meteorologia (Inmet) onde prev\u00ea seca para regi\u00e3o Sul\",\"breadcrumb\":{\"@id\":\"https:\/\/sulsc.com\/index.php\/2024\/12\/21\/verao-comeca-hoje-e-previsao-e-de-menos-chuvas-na-maior-parte-do-pais\/#breadcrumb\"},\"inLanguage\":\"en-US\",\"potentialAction\":[{\"@type\":\"ReadAction\",\"target\":[\"https:\/\/sulsc.com\/index.php\/2024\/12\/21\/verao-comeca-hoje-e-previsao-e-de-menos-chuvas-na-maior-parte-do-pais\/\"]}]},{\"@type\":\"BreadcrumbList\",\"@id\":\"https:\/\/sulsc.com\/index.php\/2024\/12\/21\/verao-comeca-hoje-e-previsao-e-de-menos-chuvas-na-maior-parte-do-pais\/#breadcrumb\",\"itemListElement\":[{\"@type\":\"ListItem\",\"position\":1,\"name\":\"In\u00edcio\",\"item\":\"https:\/\/sulsc.com\/\"},{\"@type\":\"ListItem\",\"position\":2,\"name\":\"Ver\u00e3o come\u00e7a hoje e previs\u00e3o \u00e9 de menos chuvas na maior parte do pa\u00eds\"}]},{\"@type\":\"WebSite\",\"@id\":\"https:\/\/sulsc.com\/#website\",\"url\":\"https:\/\/sulsc.com\/\",\"name\":\"\",\"description\":\"\",\"potentialAction\":[{\"@type\":\"SearchAction\",\"target\":{\"@type\":\"EntryPoint\",\"urlTemplate\":\"https:\/\/sulsc.com\/?s={search_term_string}\"},\"query-input\":\"required name=search_term_string\"}],\"inLanguage\":\"en-US\"},{\"@type\":\"Person\",\"@id\":\"https:\/\/sulsc.com\/#\/schema\/person\/84d2fc571684f6248ba83092f07750a3\",\"name\":\"Reda\u00e7\u00e3o Sul SC\",\"image\":{\"@type\":\"ImageObject\",\"inLanguage\":\"en-US\",\"@id\":\"https:\/\/sulsc.com\/#\/schema\/person\/image\/e08d7fe2cc4ed596372063bbe852b8d0\",\"url\":\"https:\/\/sulsc.com\/wp-content\/uploads\/2023\/09\/redacao.png\",\"contentUrl\":\"https:\/\/sulsc.com\/wp-content\/uploads\/2023\/09\/redacao.png\",\"caption\":\"Reda\u00e7\u00e3o Sul SC\"},\"description\":\"Foco em um jornalismo imparcial, voltado \u00e0 qualidade dos seus conte\u00fados e, assim, levar informa\u00e7\u00e3o de valor que agregue \u00e0 vida dos leitores. Esta \u00e9 grande miss\u00e3o do Portal de Not\u00edcias Sul SC. N\u00e3o \u00e9 quantidade que muda o mundo, sempre foi e seguir\u00e1 sendo qualidade!\",\"sameAs\":[\"https:\/\/sulsc.com\/\",\"https:\/\/www.facebook.com\/profile.php?id=61559278119680\",\"https:\/\/www.instagram.com\/sulscportal\/?hl=pt-br\",\"https:\/\/twitter.com\/https:\/\/twitter.com\/PortalSulSC\",\"https:\/\/www.youtube.com\/channel\/UCv_BE8GeySluDov2n8qhVmw\"],\"url\":\"https:\/\/sulsc.com\/index.php\/author\/redacao\/\"}]}<\/script>\n<!-- \/ Yoast SEO plugin. -->","yoast_head_json":{"title":"Ver\u00e3o come\u00e7a hoje e previs\u00e3o \u00e9 de menos chuvas na maior parte do pa\u00eds -","description":"Progn\u00f3stico Clim\u00e1tico do Ver\u00e3o 2025 foi divulgado pelo Instituto Nacional de Meteorologia (Inmet) onde prev\u00ea seca para regi\u00e3o Sul","robots":{"index":"index","follow":"follow","max-snippet":"max-snippet:-1","max-image-preview":"max-image-preview:large","max-video-preview":"max-video-preview:-1"},"canonical":"https:\/\/sulsc.com\/index.php\/2024\/12\/21\/verao-comeca-hoje-e-previsao-e-de-menos-chuvas-na-maior-parte-do-pais\/","og_locale":"en_US","og_type":"article","og_title":"Ver\u00e3o come\u00e7a hoje e previs\u00e3o \u00e9 de menos chuvas na maior parte do pa\u00eds -","og_description":"Progn\u00f3stico Clim\u00e1tico do Ver\u00e3o 2025 foi divulgado pelo Instituto Nacional de Meteorologia (Inmet) onde prev\u00ea seca para regi\u00e3o Sul","og_url":"https:\/\/sulsc.com\/index.php\/2024\/12\/21\/verao-comeca-hoje-e-previsao-e-de-menos-chuvas-na-maior-parte-do-pais\/","article_author":"https:\/\/www.facebook.com\/profile.php?id=61559278119680","article_published_time":"2024-12-21T11:57:30+00:00","og_image":[{"width":678,"height":452,"url":"http:\/\/sulsc.com\/wp-content\/uploads\/2024\/12\/verao.jpg","type":"image\/jpeg"}],"author":"Reda\u00e7\u00e3o Sul SC","twitter_card":"summary_large_image","twitter_creator":"@https:\/\/twitter.com\/PortalSulSC","twitter_misc":{"Written by":"Reda\u00e7\u00e3o Sul SC","Est. reading time":"2 minutes"},"schema":{"@context":"https:\/\/schema.org","@graph":[{"@type":"WebPage","@id":"https:\/\/sulsc.com\/index.php\/2024\/12\/21\/verao-comeca-hoje-e-previsao-e-de-menos-chuvas-na-maior-parte-do-pais\/","url":"https:\/\/sulsc.com\/index.php\/2024\/12\/21\/verao-comeca-hoje-e-previsao-e-de-menos-chuvas-na-maior-parte-do-pais\/","name":"Ver\u00e3o come\u00e7a hoje e previs\u00e3o \u00e9 de menos chuvas na maior parte do pa\u00eds -","isPartOf":{"@id":"https:\/\/sulsc.com\/#website"},"datePublished":"2024-12-21T11:57:30+00:00","dateModified":"2024-12-21T11:57:30+00:00","author":{"@id":"https:\/\/sulsc.com\/#\/schema\/person\/84d2fc571684f6248ba83092f07750a3"},"description":"Progn\u00f3stico Clim\u00e1tico do Ver\u00e3o 2025 foi divulgado pelo Instituto Nacional de Meteorologia (Inmet) onde prev\u00ea seca para regi\u00e3o Sul","breadcrumb":{"@id":"https:\/\/sulsc.com\/index.php\/2024\/12\/21\/verao-comeca-hoje-e-previsao-e-de-menos-chuvas-na-maior-parte-do-pais\/#breadcrumb"},"inLanguage":"en-US","potentialAction":[{"@type":"ReadAction","target":["https:\/\/sulsc.com\/index.php\/2024\/12\/21\/verao-comeca-hoje-e-previsao-e-de-menos-chuvas-na-maior-parte-do-pais\/"]}]},{"@type":"BreadcrumbList","@id":"https:\/\/sulsc.com\/index.php\/2024\/12\/21\/verao-comeca-hoje-e-previsao-e-de-menos-chuvas-na-maior-parte-do-pais\/#breadcrumb","itemListElement":[{"@type":"ListItem","position":1,"name":"In\u00edcio","item":"https:\/\/sulsc.com\/"},{"@type":"ListItem","position":2,"name":"Ver\u00e3o come\u00e7a hoje e previs\u00e3o \u00e9 de menos chuvas na maior parte do pa\u00eds"}]},{"@type":"WebSite","@id":"https:\/\/sulsc.com\/#website","url":"https:\/\/sulsc.com\/","name":"","description":"","potentialAction":[{"@type":"SearchAction","target":{"@type":"EntryPoint","urlTemplate":"https:\/\/sulsc.com\/?s={search_term_string}"},"query-input":"required name=search_term_string"}],"inLanguage":"en-US"},{"@type":"Person","@id":"https:\/\/sulsc.com\/#\/schema\/person\/84d2fc571684f6248ba83092f07750a3","name":"Reda\u00e7\u00e3o Sul SC","image":{"@type":"ImageObject","inLanguage":"en-US","@id":"https:\/\/sulsc.com\/#\/schema\/person\/image\/e08d7fe2cc4ed596372063bbe852b8d0","url":"https:\/\/sulsc.com\/wp-content\/uploads\/2023\/09\/redacao.png","contentUrl":"https:\/\/sulsc.com\/wp-content\/uploads\/2023\/09\/redacao.png","caption":"Reda\u00e7\u00e3o Sul SC"},"description":"Foco em um jornalismo imparcial, voltado \u00e0 qualidade dos seus conte\u00fados e, assim, levar informa\u00e7\u00e3o de valor que agregue \u00e0 vida dos leitores. Esta \u00e9 grande miss\u00e3o do Portal de Not\u00edcias Sul SC. N\u00e3o \u00e9 quantidade que muda o mundo, sempre foi e seguir\u00e1 sendo qualidade!","sameAs":["https:\/\/sulsc.com\/","https:\/\/www.facebook.com\/profile.php?id=61559278119680","https:\/\/www.instagram.com\/sulscportal\/?hl=pt-br","https:\/\/twitter.com\/https:\/\/twitter.com\/PortalSulSC","https:\/\/www.youtube.com\/channel\/UCv_BE8GeySluDov2n8qhVmw"],"url":"https:\/\/sulsc.com\/index.php\/author\/redacao\/"}]}},"authors":[],"_links":{"self":[{"href":"https:\/\/sulsc.com\/index.php\/wp-json\/wp\/v2\/posts\/18704"}],"collection":[{"href":"https:\/\/sulsc.com\/index.php\/wp-json\/wp\/v2\/posts"}],"about":[{"href":"https:\/\/sulsc.com\/index.php\/wp-json\/wp\/v2\/types\/post"}],"author":[{"embeddable":true,"href":"https:\/\/sulsc.com\/index.php\/wp-json\/wp\/v2\/users\/3"}],"replies":[{"embeddable":true,"href":"https:\/\/sulsc.com\/index.php\/wp-json\/wp\/v2\/comments?post=18704"}],"version-history":[{"count":1,"href":"https:\/\/sulsc.com\/index.php\/wp-json\/wp\/v2\/posts\/18704\/revisions"}],"predecessor-version":[{"id":18706,"href":"https:\/\/sulsc.com\/index.php\/wp-json\/wp\/v2\/posts\/18704\/revisions\/18706"}],"wp:featuredmedia":[{"embeddable":true,"href":"https:\/\/sulsc.com\/index.php\/wp-json\/wp\/v2\/media\/18705"}],"wp:attachment":[{"href":"https:\/\/sulsc.com\/index.php\/wp-json\/wp\/v2\/media?parent=18704"}],"wp:term":[{"taxonomy":"category","embeddable":true,"href":"https:\/\/sulsc.com\/index.php\/wp-json\/wp\/v2\/categories?post=18704"},{"taxonomy":"post_tag","embeddable":true,"href":"https:\/\/sulsc.com\/index.php\/wp-json\/wp\/v2\/tags?post=18704"}],"curies":[{"name":"wp","href":"https:\/\/api.w.org\/{rel}","templated":true}]}}