{"id":18803,"date":"2024-12-29T06:09:15","date_gmt":"2024-12-29T09:09:15","guid":{"rendered":"https:\/\/sulsc.com\/?p=18803"},"modified":"2024-12-29T06:09:15","modified_gmt":"2024-12-29T09:09:15","slug":"o-ultimo-domingo-do-ano-sera-de-nebulosidade-chuva-rapida-e-aberturas-de-sol-nas-areas-litoraneas","status":"publish","type":"post","link":"https:\/\/sulsc.com\/index.php\/2024\/12\/29\/o-ultimo-domingo-do-ano-sera-de-nebulosidade-chuva-rapida-e-aberturas-de-sol-nas-areas-litoraneas\/","title":{"rendered":"O \u00faltimo domingo do ano ser\u00e1 de nebulosidade, chuva r\u00e1pida e aberturas de sol nas \u00e1reas litor\u00e2neas"},"content":{"rendered":"<p>Neste domingo (29) as instabilidades aumentam em todo o estado catarinense, devido a atua\u00e7\u00e3o de uma baixa press\u00e3o no interior do continente, somada ao calor e umidade. No Grande Oeste, nos Planaltos e no Alto Vale do Itaja\u00ed, h\u00e1 condi\u00e7\u00f5es para temporais isolados, em especial no per\u00edodo da tarde e noite, acompanhados por raios, rajadas de vento e eventual queda de granizo.<\/p>\n<p><img fetchpriority=\"high\" decoding=\"async\" class=\"aligncenter size-full wp-image-18804\" src=\"http:\/\/sulsc.com\/wp-content\/uploads\/2024\/12\/domingo-1.png\" alt=\"\" width=\"1317\" height=\"889\" srcset=\"https:\/\/sulsc.com\/wp-content\/uploads\/2024\/12\/domingo-1.png 1317w, https:\/\/sulsc.com\/wp-content\/uploads\/2024\/12\/domingo-1-300x203.png 300w, https:\/\/sulsc.com\/wp-content\/uploads\/2024\/12\/domingo-1-1024x691.png 1024w, https:\/\/sulsc.com\/wp-content\/uploads\/2024\/12\/domingo-1-768x518.png 768w\" sizes=\"(max-width: 1317px) 100vw, 1317px\" \/><\/p>\n<p><img decoding=\"async\" class=\"aligncenter  wp-image-17436\" src=\"http:\/\/sulsc.com\/wp-content\/uploads\/2024\/11\/Tempo-2.png\" alt=\"\" width=\"670\" height=\"124\" srcset=\"https:\/\/sulsc.com\/wp-content\/uploads\/2024\/11\/Tempo-2.png 1024w, https:\/\/sulsc.com\/wp-content\/uploads\/2024\/11\/Tempo-2-300x55.png 300w, https:\/\/sulsc.com\/wp-content\/uploads\/2024\/11\/Tempo-2-768x142.png 768w\" sizes=\"(max-width: 670px) 100vw, 670px\" \/><\/p>\n<p>No litoral, o dia permanece com varia\u00e7\u00e3o de nebulosidade e condi\u00e7\u00f5es para chuvas r\u00e1pidas, intercaladas por aberturas de sol. O risco \u00e9 baixo para ocorr\u00eancias associadas \u00e0s condi\u00e7\u00f5es de tempo. As maiores temperaturas devem ser observadas no Oeste, onde ultrapassam os 30\u00b0C, enquanto dos planaltos ao litoral registram valores entre 23 e 27\u00b0C.<\/p>\n<p>Fonte: Defesa Civil SC\/Meteorologista: J\u00e9ssica Silva<\/p>\n<p>Foto\/Portal Sulsc<\/p>\n","protected":false},"excerpt":{"rendered":"<p>Neste domingo (29) as instabilidades aumentam em todo o estado catarinense, devido a atua\u00e7\u00e3o de uma baixa press\u00e3o no interior do continente, somada ao calor e umidade. No Grande Oeste, nos Planaltos e no Alto Vale do Itaja\u00ed, h\u00e1 condi\u00e7\u00f5es para temporais isolados, em especial no per\u00edodo da tarde e noite, acompanhados por raios, rajadas &hellip;<\/p>\n<p class=\"read-more\"> <a class=\"\" href=\"https:\/\/sulsc.com\/index.php\/2024\/12\/29\/o-ultimo-domingo-do-ano-sera-de-nebulosidade-chuva-rapida-e-aberturas-de-sol-nas-areas-litoraneas\/\"> <span class=\"screen-reader-text\">O \u00faltimo domingo do ano ser\u00e1 de nebulosidade, chuva r\u00e1pida e aberturas de sol nas \u00e1reas litor\u00e2neas<\/span> Read More &raquo;<\/a><\/p>\n","protected":false},"author":3,"featured_media":14284,"comment_status":"open","ping_status":"open","sticky":false,"template":"","format":"standard","meta":{"site-sidebar-layout":"default","site-content-layout":"","ast-site-content-layout":"default","site-content-style":"default","site-sidebar-style":"default","ast-global-header-display":"","ast-banner-title-visibility":"","ast-main-header-display":"","ast-hfb-above-header-display":"","ast-hfb-below-header-display":"","ast-hfb-mobile-header-display":"","site-post-title":"","ast-breadcrumbs-content":"","ast-featured-img":"","footer-sml-layout":"","theme-transparent-header-meta":"default","adv-header-id-meta":"","stick-header-meta":"","header-above-stick-meta":"","header-main-stick-meta":"","header-below-stick-meta":"","astra-migrate-meta-layouts":"set","footnotes":""},"categories":[38],"tags":[90],"yoast_head":"<!-- This site is optimized with the Yoast SEO plugin v21.4 - https:\/\/yoast.com\/wordpress\/plugins\/seo\/ -->\n<title>O \u00faltimo domingo do ano ser\u00e1 de nebulosidade, chuva r\u00e1pida e aberturas de sol nas \u00e1reas litor\u00e2neas -<\/title>\n<meta name=\"description\" content=\"As maiores temperaturas ficam no Oeste onde ultrapassam os 30\u00b0C j\u00e1 nos planaltos e litoral entre 23 e 27\u00b0C\" \/>\n<meta name=\"robots\" content=\"index, follow, max-snippet:-1, max-image-preview:large, max-video-preview:-1\" \/>\n<link rel=\"canonical\" href=\"https:\/\/sulsc.com\/index.php\/2024\/12\/29\/o-ultimo-domingo-do-ano-sera-de-nebulosidade-chuva-rapida-e-aberturas-de-sol-nas-areas-litoraneas\/\" \/>\n<meta property=\"og:locale\" content=\"en_US\" \/>\n<meta property=\"og:type\" content=\"article\" \/>\n<meta property=\"og:title\" content=\"O \u00faltimo domingo do ano ser\u00e1 de nebulosidade, chuva r\u00e1pida e aberturas de sol nas \u00e1reas litor\u00e2neas -\" \/>\n<meta property=\"og:description\" content=\"As maiores temperaturas ficam no Oeste onde ultrapassam os 30\u00b0C j\u00e1 nos planaltos e litoral entre 23 e 27\u00b0C\" \/>\n<meta property=\"og:url\" content=\"https:\/\/sulsc.com\/index.php\/2024\/12\/29\/o-ultimo-domingo-do-ano-sera-de-nebulosidade-chuva-rapida-e-aberturas-de-sol-nas-areas-litoraneas\/\" \/>\n<meta property=\"article:author\" content=\"https:\/\/www.facebook.com\/profile.php?id=61559278119680\" \/>\n<meta property=\"article:published_time\" content=\"2024-12-29T09:09:15+00:00\" \/>\n<meta property=\"og:image\" content=\"http:\/\/sulsc.com\/wp-content\/uploads\/2024\/07\/tempo-nublado-4.jpeg\" \/>\n\t<meta property=\"og:image:width\" content=\"1600\" \/>\n\t<meta property=\"og:image:height\" content=\"900\" \/>\n\t<meta property=\"og:image:type\" content=\"image\/jpeg\" \/>\n<meta name=\"author\" content=\"Reda\u00e7\u00e3o Sul SC\" \/>\n<meta name=\"twitter:card\" content=\"summary_large_image\" \/>\n<meta name=\"twitter:creator\" content=\"@https:\/\/twitter.com\/PortalSulSC\" \/>\n<meta name=\"twitter:label1\" content=\"Written by\" \/>\n\t<meta name=\"twitter:data1\" content=\"Reda\u00e7\u00e3o Sul SC\" \/>\n\t<meta name=\"twitter:label2\" content=\"Est. reading time\" \/>\n\t<meta name=\"twitter:data2\" content=\"1 minute\" \/>\n<script type=\"application\/ld+json\" class=\"yoast-schema-graph\">{\"@context\":\"https:\/\/schema.org\",\"@graph\":[{\"@type\":\"WebPage\",\"@id\":\"https:\/\/sulsc.com\/index.php\/2024\/12\/29\/o-ultimo-domingo-do-ano-sera-de-nebulosidade-chuva-rapida-e-aberturas-de-sol-nas-areas-litoraneas\/\",\"url\":\"https:\/\/sulsc.com\/index.php\/2024\/12\/29\/o-ultimo-domingo-do-ano-sera-de-nebulosidade-chuva-rapida-e-aberturas-de-sol-nas-areas-litoraneas\/\",\"name\":\"O \u00faltimo domingo do ano ser\u00e1 de nebulosidade, chuva r\u00e1pida e aberturas de sol nas \u00e1reas litor\u00e2neas -\",\"isPartOf\":{\"@id\":\"https:\/\/sulsc.com\/#website\"},\"datePublished\":\"2024-12-29T09:09:15+00:00\",\"dateModified\":\"2024-12-29T09:09:15+00:00\",\"author\":{\"@id\":\"https:\/\/sulsc.com\/#\/schema\/person\/84d2fc571684f6248ba83092f07750a3\"},\"description\":\"As maiores temperaturas ficam no Oeste onde ultrapassam os 30\u00b0C j\u00e1 nos planaltos e litoral entre 23 e 27\u00b0C\",\"breadcrumb\":{\"@id\":\"https:\/\/sulsc.com\/index.php\/2024\/12\/29\/o-ultimo-domingo-do-ano-sera-de-nebulosidade-chuva-rapida-e-aberturas-de-sol-nas-areas-litoraneas\/#breadcrumb\"},\"inLanguage\":\"en-US\",\"potentialAction\":[{\"@type\":\"ReadAction\",\"target\":[\"https:\/\/sulsc.com\/index.php\/2024\/12\/29\/o-ultimo-domingo-do-ano-sera-de-nebulosidade-chuva-rapida-e-aberturas-de-sol-nas-areas-litoraneas\/\"]}]},{\"@type\":\"BreadcrumbList\",\"@id\":\"https:\/\/sulsc.com\/index.php\/2024\/12\/29\/o-ultimo-domingo-do-ano-sera-de-nebulosidade-chuva-rapida-e-aberturas-de-sol-nas-areas-litoraneas\/#breadcrumb\",\"itemListElement\":[{\"@type\":\"ListItem\",\"position\":1,\"name\":\"In\u00edcio\",\"item\":\"https:\/\/sulsc.com\/\"},{\"@type\":\"ListItem\",\"position\":2,\"name\":\"O \u00faltimo domingo do ano ser\u00e1 de nebulosidade, chuva r\u00e1pida e aberturas de sol nas \u00e1reas litor\u00e2neas\"}]},{\"@type\":\"WebSite\",\"@id\":\"https:\/\/sulsc.com\/#website\",\"url\":\"https:\/\/sulsc.com\/\",\"name\":\"\",\"description\":\"\",\"potentialAction\":[{\"@type\":\"SearchAction\",\"target\":{\"@type\":\"EntryPoint\",\"urlTemplate\":\"https:\/\/sulsc.com\/?s={search_term_string}\"},\"query-input\":\"required name=search_term_string\"}],\"inLanguage\":\"en-US\"},{\"@type\":\"Person\",\"@id\":\"https:\/\/sulsc.com\/#\/schema\/person\/84d2fc571684f6248ba83092f07750a3\",\"name\":\"Reda\u00e7\u00e3o Sul SC\",\"image\":{\"@type\":\"ImageObject\",\"inLanguage\":\"en-US\",\"@id\":\"https:\/\/sulsc.com\/#\/schema\/person\/image\/e08d7fe2cc4ed596372063bbe852b8d0\",\"url\":\"https:\/\/sulsc.com\/wp-content\/uploads\/2023\/09\/redacao.png\",\"contentUrl\":\"https:\/\/sulsc.com\/wp-content\/uploads\/2023\/09\/redacao.png\",\"caption\":\"Reda\u00e7\u00e3o Sul SC\"},\"description\":\"Foco em um jornalismo imparcial, voltado \u00e0 qualidade dos seus conte\u00fados e, assim, levar informa\u00e7\u00e3o de valor que agregue \u00e0 vida dos leitores. Esta \u00e9 grande miss\u00e3o do Portal de Not\u00edcias Sul SC. N\u00e3o \u00e9 quantidade que muda o mundo, sempre foi e seguir\u00e1 sendo qualidade!\",\"sameAs\":[\"https:\/\/sulsc.com\/\",\"https:\/\/www.facebook.com\/profile.php?id=61559278119680\",\"https:\/\/www.instagram.com\/sulscportal\/?hl=pt-br\",\"https:\/\/twitter.com\/https:\/\/twitter.com\/PortalSulSC\",\"https:\/\/www.youtube.com\/channel\/UCv_BE8GeySluDov2n8qhVmw\"],\"url\":\"https:\/\/sulsc.com\/index.php\/author\/redacao\/\"}]}<\/script>\n<!-- \/ Yoast SEO plugin. -->","yoast_head_json":{"title":"O \u00faltimo domingo do ano ser\u00e1 de nebulosidade, chuva r\u00e1pida e aberturas de sol nas \u00e1reas litor\u00e2neas -","description":"As maiores temperaturas ficam no Oeste onde ultrapassam os 30\u00b0C j\u00e1 nos planaltos e litoral entre 23 e 27\u00b0C","robots":{"index":"index","follow":"follow","max-snippet":"max-snippet:-1","max-image-preview":"max-image-preview:large","max-video-preview":"max-video-preview:-1"},"canonical":"https:\/\/sulsc.com\/index.php\/2024\/12\/29\/o-ultimo-domingo-do-ano-sera-de-nebulosidade-chuva-rapida-e-aberturas-de-sol-nas-areas-litoraneas\/","og_locale":"en_US","og_type":"article","og_title":"O \u00faltimo domingo do ano ser\u00e1 de nebulosidade, chuva r\u00e1pida e aberturas de sol nas \u00e1reas litor\u00e2neas -","og_description":"As maiores temperaturas ficam no Oeste onde ultrapassam os 30\u00b0C j\u00e1 nos planaltos e litoral entre 23 e 27\u00b0C","og_url":"https:\/\/sulsc.com\/index.php\/2024\/12\/29\/o-ultimo-domingo-do-ano-sera-de-nebulosidade-chuva-rapida-e-aberturas-de-sol-nas-areas-litoraneas\/","article_author":"https:\/\/www.facebook.com\/profile.php?id=61559278119680","article_published_time":"2024-12-29T09:09:15+00:00","og_image":[{"width":1600,"height":900,"url":"http:\/\/sulsc.com\/wp-content\/uploads\/2024\/07\/tempo-nublado-4.jpeg","type":"image\/jpeg"}],"author":"Reda\u00e7\u00e3o Sul SC","twitter_card":"summary_large_image","twitter_creator":"@https:\/\/twitter.com\/PortalSulSC","twitter_misc":{"Written by":"Reda\u00e7\u00e3o Sul SC","Est. reading time":"1 minute"},"schema":{"@context":"https:\/\/schema.org","@graph":[{"@type":"WebPage","@id":"https:\/\/sulsc.com\/index.php\/2024\/12\/29\/o-ultimo-domingo-do-ano-sera-de-nebulosidade-chuva-rapida-e-aberturas-de-sol-nas-areas-litoraneas\/","url":"https:\/\/sulsc.com\/index.php\/2024\/12\/29\/o-ultimo-domingo-do-ano-sera-de-nebulosidade-chuva-rapida-e-aberturas-de-sol-nas-areas-litoraneas\/","name":"O \u00faltimo domingo do ano ser\u00e1 de nebulosidade, chuva r\u00e1pida e aberturas de sol nas \u00e1reas litor\u00e2neas -","isPartOf":{"@id":"https:\/\/sulsc.com\/#website"},"datePublished":"2024-12-29T09:09:15+00:00","dateModified":"2024-12-29T09:09:15+00:00","author":{"@id":"https:\/\/sulsc.com\/#\/schema\/person\/84d2fc571684f6248ba83092f07750a3"},"description":"As maiores temperaturas ficam no Oeste onde ultrapassam os 30\u00b0C j\u00e1 nos planaltos e litoral entre 23 e 27\u00b0C","breadcrumb":{"@id":"https:\/\/sulsc.com\/index.php\/2024\/12\/29\/o-ultimo-domingo-do-ano-sera-de-nebulosidade-chuva-rapida-e-aberturas-de-sol-nas-areas-litoraneas\/#breadcrumb"},"inLanguage":"en-US","potentialAction":[{"@type":"ReadAction","target":["https:\/\/sulsc.com\/index.php\/2024\/12\/29\/o-ultimo-domingo-do-ano-sera-de-nebulosidade-chuva-rapida-e-aberturas-de-sol-nas-areas-litoraneas\/"]}]},{"@type":"BreadcrumbList","@id":"https:\/\/sulsc.com\/index.php\/2024\/12\/29\/o-ultimo-domingo-do-ano-sera-de-nebulosidade-chuva-rapida-e-aberturas-de-sol-nas-areas-litoraneas\/#breadcrumb","itemListElement":[{"@type":"ListItem","position":1,"name":"In\u00edcio","item":"https:\/\/sulsc.com\/"},{"@type":"ListItem","position":2,"name":"O \u00faltimo domingo do ano ser\u00e1 de nebulosidade, chuva r\u00e1pida e aberturas de sol nas \u00e1reas litor\u00e2neas"}]},{"@type":"WebSite","@id":"https:\/\/sulsc.com\/#website","url":"https:\/\/sulsc.com\/","name":"","description":"","potentialAction":[{"@type":"SearchAction","target":{"@type":"EntryPoint","urlTemplate":"https:\/\/sulsc.com\/?s={search_term_string}"},"query-input":"required name=search_term_string"}],"inLanguage":"en-US"},{"@type":"Person","@id":"https:\/\/sulsc.com\/#\/schema\/person\/84d2fc571684f6248ba83092f07750a3","name":"Reda\u00e7\u00e3o Sul SC","image":{"@type":"ImageObject","inLanguage":"en-US","@id":"https:\/\/sulsc.com\/#\/schema\/person\/image\/e08d7fe2cc4ed596372063bbe852b8d0","url":"https:\/\/sulsc.com\/wp-content\/uploads\/2023\/09\/redacao.png","contentUrl":"https:\/\/sulsc.com\/wp-content\/uploads\/2023\/09\/redacao.png","caption":"Reda\u00e7\u00e3o Sul SC"},"description":"Foco em um jornalismo imparcial, voltado \u00e0 qualidade dos seus conte\u00fados e, assim, levar informa\u00e7\u00e3o de valor que agregue \u00e0 vida dos leitores. Esta \u00e9 grande miss\u00e3o do Portal de Not\u00edcias Sul SC. N\u00e3o \u00e9 quantidade que muda o mundo, sempre foi e seguir\u00e1 sendo qualidade!","sameAs":["https:\/\/sulsc.com\/","https:\/\/www.facebook.com\/profile.php?id=61559278119680","https:\/\/www.instagram.com\/sulscportal\/?hl=pt-br","https:\/\/twitter.com\/https:\/\/twitter.com\/PortalSulSC","https:\/\/www.youtube.com\/channel\/UCv_BE8GeySluDov2n8qhVmw"],"url":"https:\/\/sulsc.com\/index.php\/author\/redacao\/"}]}},"authors":[],"_links":{"self":[{"href":"https:\/\/sulsc.com\/index.php\/wp-json\/wp\/v2\/posts\/18803"}],"collection":[{"href":"https:\/\/sulsc.com\/index.php\/wp-json\/wp\/v2\/posts"}],"about":[{"href":"https:\/\/sulsc.com\/index.php\/wp-json\/wp\/v2\/types\/post"}],"author":[{"embeddable":true,"href":"https:\/\/sulsc.com\/index.php\/wp-json\/wp\/v2\/users\/3"}],"replies":[{"embeddable":true,"href":"https:\/\/sulsc.com\/index.php\/wp-json\/wp\/v2\/comments?post=18803"}],"version-history":[{"count":1,"href":"https:\/\/sulsc.com\/index.php\/wp-json\/wp\/v2\/posts\/18803\/revisions"}],"predecessor-version":[{"id":18805,"href":"https:\/\/sulsc.com\/index.php\/wp-json\/wp\/v2\/posts\/18803\/revisions\/18805"}],"wp:featuredmedia":[{"embeddable":true,"href":"https:\/\/sulsc.com\/index.php\/wp-json\/wp\/v2\/media\/14284"}],"wp:attachment":[{"href":"https:\/\/sulsc.com\/index.php\/wp-json\/wp\/v2\/media?parent=18803"}],"wp:term":[{"taxonomy":"category","embeddable":true,"href":"https:\/\/sulsc.com\/index.php\/wp-json\/wp\/v2\/categories?post=18803"},{"taxonomy":"post_tag","embeddable":true,"href":"https:\/\/sulsc.com\/index.php\/wp-json\/wp\/v2\/tags?post=18803"}],"curies":[{"name":"wp","href":"https:\/\/api.w.org\/{rel}","templated":true}]}}