{"id":18845,"date":"2025-01-03T07:43:09","date_gmt":"2025-01-03T10:43:09","guid":{"rendered":"https:\/\/sulsc.com\/?p=18845"},"modified":"2025-01-03T07:43:09","modified_gmt":"2025-01-03T10:43:09","slug":"primeira-sexta-feira-03-do-ano-ensolarada-e-com-temperaturas-entre-33oc-a-35oc-nas-regioes-litoraneas","status":"publish","type":"post","link":"https:\/\/sulsc.com\/index.php\/2025\/01\/03\/primeira-sexta-feira-03-do-ano-ensolarada-e-com-temperaturas-entre-33oc-a-35oc-nas-regioes-litoraneas\/","title":{"rendered":"Primeira sexta-feira (03) do ano ensolarada e com temperaturas entre 33\u00baC a 35\u00baC nas regi\u00f5es litor\u00e2neas"},"content":{"rendered":"<p>Nesta sexta-feira (03), a frente fria se afasta de Santa Catarina e o tempo volta a ficar mais est\u00e1vel entre o Grande Oeste e os Planaltos. J\u00e1 no leste catarinense o tempo segue inst\u00e1vel, devido ao calor e a umidade, que refor\u00e7am as condi\u00e7\u00f5es para pancadas isoladas de chuva entre a tarde e \u00e0 noite.<\/p>\n<p><img fetchpriority=\"high\" decoding=\"async\" class=\"aligncenter size-full wp-image-18846\" src=\"http:\/\/sulsc.com\/wp-content\/uploads\/2025\/01\/6.png\" alt=\"\" width=\"1024\" height=\"702\" srcset=\"https:\/\/sulsc.com\/wp-content\/uploads\/2025\/01\/6.png 1024w, https:\/\/sulsc.com\/wp-content\/uploads\/2025\/01\/6-300x206.png 300w, https:\/\/sulsc.com\/wp-content\/uploads\/2025\/01\/6-768x527.png 768w\" sizes=\"(max-width: 1024px) 100vw, 1024px\" \/><\/p>\n<p><img decoding=\"async\" class=\"aligncenter  wp-image-17436\" src=\"http:\/\/sulsc.com\/wp-content\/uploads\/2024\/11\/Tempo-2.png\" alt=\"\" width=\"719\" height=\"133\" srcset=\"https:\/\/sulsc.com\/wp-content\/uploads\/2024\/11\/Tempo-2.png 1024w, https:\/\/sulsc.com\/wp-content\/uploads\/2024\/11\/Tempo-2-300x55.png 300w, https:\/\/sulsc.com\/wp-content\/uploads\/2024\/11\/Tempo-2-768x142.png 768w\" sizes=\"(max-width: 719px) 100vw, 719px\" \/><\/p>\n<p>Nessas \u00e1reas, o risco \u00e9 baixo para ocorr\u00eancias meteorol\u00f3gicas. No amanhecer faz entre 13\u00b0C e 17\u00b0C no Meio-Oeste, Planaltos e \u00e1reas Serranas. J\u00e1 na faixa litor\u00e2nea o dia come\u00e7a abafado com temperaturas entre 21\u00b0C e 26\u00b0C. \u00c0 tarde esquenta, especialmente no Extremo Oeste e na faixa litor\u00e2nea, onde os term\u00f4metros podem passar dos 35\u00b0C.<\/p>\n<p>Fonte: Defesa Civil SC\/Meteorologista: Pedro Souza<\/p>\n<p>Foto\/Portal Sulsc<\/p>\n","protected":false},"excerpt":{"rendered":"<p>Nesta sexta-feira (03), a frente fria se afasta de Santa Catarina e o tempo volta a ficar mais est\u00e1vel entre o Grande Oeste e os Planaltos. J\u00e1 no leste catarinense o tempo segue inst\u00e1vel, devido ao calor e a umidade, que refor\u00e7am as condi\u00e7\u00f5es para pancadas isoladas de chuva entre a tarde e \u00e0 noite. &hellip;<\/p>\n<p class=\"read-more\"> <a class=\"\" href=\"https:\/\/sulsc.com\/index.php\/2025\/01\/03\/primeira-sexta-feira-03-do-ano-ensolarada-e-com-temperaturas-entre-33oc-a-35oc-nas-regioes-litoraneas\/\"> <span class=\"screen-reader-text\">Primeira sexta-feira (03) do ano ensolarada e com temperaturas entre 33\u00baC a 35\u00baC nas regi\u00f5es litor\u00e2neas<\/span> Read More &raquo;<\/a><\/p>\n","protected":false},"author":3,"featured_media":18847,"comment_status":"open","ping_status":"open","sticky":false,"template":"","format":"standard","meta":{"site-sidebar-layout":"default","site-content-layout":"","ast-site-content-layout":"default","site-content-style":"default","site-sidebar-style":"default","ast-global-header-display":"","ast-banner-title-visibility":"","ast-main-header-display":"","ast-hfb-above-header-display":"","ast-hfb-below-header-display":"","ast-hfb-mobile-header-display":"","site-post-title":"","ast-breadcrumbs-content":"","ast-featured-img":"","footer-sml-layout":"","theme-transparent-header-meta":"default","adv-header-id-meta":"","stick-header-meta":"","header-above-stick-meta":"","header-main-stick-meta":"","header-below-stick-meta":"","astra-migrate-meta-layouts":"set","footnotes":""},"categories":[38],"tags":[90,89],"yoast_head":"<!-- This site is optimized with the Yoast SEO plugin v21.4 - https:\/\/yoast.com\/wordpress\/plugins\/seo\/ -->\n<title>Primeira sexta-feira (03) do ano ensolarada e com temperaturas entre 33\u00baC a 35\u00baC nas regi\u00f5es litor\u00e2neas -<\/title>\n<meta name=\"description\" content=\"Dia quente e abafado e com temperaturas na faixa litor\u00e2nea temperaturas entre 21\u00b0C e 26\u00b0C j\u00e1 no inicio da manh\u00e3\" \/>\n<meta name=\"robots\" content=\"index, follow, max-snippet:-1, max-image-preview:large, max-video-preview:-1\" \/>\n<link rel=\"canonical\" href=\"https:\/\/sulsc.com\/index.php\/2025\/01\/03\/primeira-sexta-feira-03-do-ano-ensolarada-e-com-temperaturas-entre-33oc-a-35oc-nas-regioes-litoraneas\/\" \/>\n<meta property=\"og:locale\" content=\"en_US\" \/>\n<meta property=\"og:type\" content=\"article\" \/>\n<meta property=\"og:title\" content=\"Primeira sexta-feira (03) do ano ensolarada e com temperaturas entre 33\u00baC a 35\u00baC nas regi\u00f5es litor\u00e2neas -\" \/>\n<meta property=\"og:description\" content=\"Dia quente e abafado e com temperaturas na faixa litor\u00e2nea temperaturas entre 21\u00b0C e 26\u00b0C j\u00e1 no inicio da manh\u00e3\" \/>\n<meta property=\"og:url\" content=\"https:\/\/sulsc.com\/index.php\/2025\/01\/03\/primeira-sexta-feira-03-do-ano-ensolarada-e-com-temperaturas-entre-33oc-a-35oc-nas-regioes-litoraneas\/\" \/>\n<meta property=\"article:author\" content=\"https:\/\/www.facebook.com\/profile.php?id=61559278119680\" \/>\n<meta property=\"article:published_time\" content=\"2025-01-03T10:43:09+00:00\" \/>\n<meta property=\"og:image\" content=\"http:\/\/sulsc.com\/wp-content\/uploads\/2025\/01\/Galha.jpg\" \/>\n\t<meta property=\"og:image:width\" content=\"678\" \/>\n\t<meta property=\"og:image:height\" content=\"452\" \/>\n\t<meta property=\"og:image:type\" content=\"image\/jpeg\" \/>\n<meta name=\"author\" content=\"Reda\u00e7\u00e3o Sul SC\" \/>\n<meta name=\"twitter:card\" content=\"summary_large_image\" \/>\n<meta name=\"twitter:creator\" content=\"@https:\/\/twitter.com\/PortalSulSC\" \/>\n<meta name=\"twitter:label1\" content=\"Written by\" \/>\n\t<meta name=\"twitter:data1\" content=\"Reda\u00e7\u00e3o Sul SC\" \/>\n\t<meta name=\"twitter:label2\" content=\"Est. reading time\" \/>\n\t<meta name=\"twitter:data2\" content=\"1 minute\" \/>\n<script type=\"application\/ld+json\" class=\"yoast-schema-graph\">{\"@context\":\"https:\/\/schema.org\",\"@graph\":[{\"@type\":\"WebPage\",\"@id\":\"https:\/\/sulsc.com\/index.php\/2025\/01\/03\/primeira-sexta-feira-03-do-ano-ensolarada-e-com-temperaturas-entre-33oc-a-35oc-nas-regioes-litoraneas\/\",\"url\":\"https:\/\/sulsc.com\/index.php\/2025\/01\/03\/primeira-sexta-feira-03-do-ano-ensolarada-e-com-temperaturas-entre-33oc-a-35oc-nas-regioes-litoraneas\/\",\"name\":\"Primeira sexta-feira (03) do ano ensolarada e com temperaturas entre 33\u00baC a 35\u00baC nas regi\u00f5es litor\u00e2neas -\",\"isPartOf\":{\"@id\":\"https:\/\/sulsc.com\/#website\"},\"datePublished\":\"2025-01-03T10:43:09+00:00\",\"dateModified\":\"2025-01-03T10:43:09+00:00\",\"author\":{\"@id\":\"https:\/\/sulsc.com\/#\/schema\/person\/84d2fc571684f6248ba83092f07750a3\"},\"description\":\"Dia quente e abafado e com temperaturas na faixa litor\u00e2nea temperaturas entre 21\u00b0C e 26\u00b0C j\u00e1 no inicio da manh\u00e3\",\"breadcrumb\":{\"@id\":\"https:\/\/sulsc.com\/index.php\/2025\/01\/03\/primeira-sexta-feira-03-do-ano-ensolarada-e-com-temperaturas-entre-33oc-a-35oc-nas-regioes-litoraneas\/#breadcrumb\"},\"inLanguage\":\"en-US\",\"potentialAction\":[{\"@type\":\"ReadAction\",\"target\":[\"https:\/\/sulsc.com\/index.php\/2025\/01\/03\/primeira-sexta-feira-03-do-ano-ensolarada-e-com-temperaturas-entre-33oc-a-35oc-nas-regioes-litoraneas\/\"]}]},{\"@type\":\"BreadcrumbList\",\"@id\":\"https:\/\/sulsc.com\/index.php\/2025\/01\/03\/primeira-sexta-feira-03-do-ano-ensolarada-e-com-temperaturas-entre-33oc-a-35oc-nas-regioes-litoraneas\/#breadcrumb\",\"itemListElement\":[{\"@type\":\"ListItem\",\"position\":1,\"name\":\"In\u00edcio\",\"item\":\"https:\/\/sulsc.com\/\"},{\"@type\":\"ListItem\",\"position\":2,\"name\":\"Primeira sexta-feira (03) do ano ensolarada e com temperaturas entre 33\u00baC a 35\u00baC nas regi\u00f5es litor\u00e2neas\"}]},{\"@type\":\"WebSite\",\"@id\":\"https:\/\/sulsc.com\/#website\",\"url\":\"https:\/\/sulsc.com\/\",\"name\":\"\",\"description\":\"\",\"potentialAction\":[{\"@type\":\"SearchAction\",\"target\":{\"@type\":\"EntryPoint\",\"urlTemplate\":\"https:\/\/sulsc.com\/?s={search_term_string}\"},\"query-input\":\"required name=search_term_string\"}],\"inLanguage\":\"en-US\"},{\"@type\":\"Person\",\"@id\":\"https:\/\/sulsc.com\/#\/schema\/person\/84d2fc571684f6248ba83092f07750a3\",\"name\":\"Reda\u00e7\u00e3o Sul SC\",\"image\":{\"@type\":\"ImageObject\",\"inLanguage\":\"en-US\",\"@id\":\"https:\/\/sulsc.com\/#\/schema\/person\/image\/e08d7fe2cc4ed596372063bbe852b8d0\",\"url\":\"https:\/\/sulsc.com\/wp-content\/uploads\/2023\/09\/redacao.png\",\"contentUrl\":\"https:\/\/sulsc.com\/wp-content\/uploads\/2023\/09\/redacao.png\",\"caption\":\"Reda\u00e7\u00e3o Sul SC\"},\"description\":\"Foco em um jornalismo imparcial, voltado \u00e0 qualidade dos seus conte\u00fados e, assim, levar informa\u00e7\u00e3o de valor que agregue \u00e0 vida dos leitores. Esta \u00e9 grande miss\u00e3o do Portal de Not\u00edcias Sul SC. N\u00e3o \u00e9 quantidade que muda o mundo, sempre foi e seguir\u00e1 sendo qualidade!\",\"sameAs\":[\"https:\/\/sulsc.com\/\",\"https:\/\/www.facebook.com\/profile.php?id=61559278119680\",\"https:\/\/www.instagram.com\/sulscportal\/?hl=pt-br\",\"https:\/\/twitter.com\/https:\/\/twitter.com\/PortalSulSC\",\"https:\/\/www.youtube.com\/channel\/UCv_BE8GeySluDov2n8qhVmw\"],\"url\":\"https:\/\/sulsc.com\/index.php\/author\/redacao\/\"}]}<\/script>\n<!-- \/ Yoast SEO plugin. -->","yoast_head_json":{"title":"Primeira sexta-feira (03) do ano ensolarada e com temperaturas entre 33\u00baC a 35\u00baC nas regi\u00f5es litor\u00e2neas -","description":"Dia quente e abafado e com temperaturas na faixa litor\u00e2nea temperaturas entre 21\u00b0C e 26\u00b0C j\u00e1 no inicio da manh\u00e3","robots":{"index":"index","follow":"follow","max-snippet":"max-snippet:-1","max-image-preview":"max-image-preview:large","max-video-preview":"max-video-preview:-1"},"canonical":"https:\/\/sulsc.com\/index.php\/2025\/01\/03\/primeira-sexta-feira-03-do-ano-ensolarada-e-com-temperaturas-entre-33oc-a-35oc-nas-regioes-litoraneas\/","og_locale":"en_US","og_type":"article","og_title":"Primeira sexta-feira (03) do ano ensolarada e com temperaturas entre 33\u00baC a 35\u00baC nas regi\u00f5es litor\u00e2neas -","og_description":"Dia quente e abafado e com temperaturas na faixa litor\u00e2nea temperaturas entre 21\u00b0C e 26\u00b0C j\u00e1 no inicio da manh\u00e3","og_url":"https:\/\/sulsc.com\/index.php\/2025\/01\/03\/primeira-sexta-feira-03-do-ano-ensolarada-e-com-temperaturas-entre-33oc-a-35oc-nas-regioes-litoraneas\/","article_author":"https:\/\/www.facebook.com\/profile.php?id=61559278119680","article_published_time":"2025-01-03T10:43:09+00:00","og_image":[{"width":678,"height":452,"url":"http:\/\/sulsc.com\/wp-content\/uploads\/2025\/01\/Galha.jpg","type":"image\/jpeg"}],"author":"Reda\u00e7\u00e3o Sul SC","twitter_card":"summary_large_image","twitter_creator":"@https:\/\/twitter.com\/PortalSulSC","twitter_misc":{"Written by":"Reda\u00e7\u00e3o Sul SC","Est. reading time":"1 minute"},"schema":{"@context":"https:\/\/schema.org","@graph":[{"@type":"WebPage","@id":"https:\/\/sulsc.com\/index.php\/2025\/01\/03\/primeira-sexta-feira-03-do-ano-ensolarada-e-com-temperaturas-entre-33oc-a-35oc-nas-regioes-litoraneas\/","url":"https:\/\/sulsc.com\/index.php\/2025\/01\/03\/primeira-sexta-feira-03-do-ano-ensolarada-e-com-temperaturas-entre-33oc-a-35oc-nas-regioes-litoraneas\/","name":"Primeira sexta-feira (03) do ano ensolarada e com temperaturas entre 33\u00baC a 35\u00baC nas regi\u00f5es litor\u00e2neas -","isPartOf":{"@id":"https:\/\/sulsc.com\/#website"},"datePublished":"2025-01-03T10:43:09+00:00","dateModified":"2025-01-03T10:43:09+00:00","author":{"@id":"https:\/\/sulsc.com\/#\/schema\/person\/84d2fc571684f6248ba83092f07750a3"},"description":"Dia quente e abafado e com temperaturas na faixa litor\u00e2nea temperaturas entre 21\u00b0C e 26\u00b0C j\u00e1 no inicio da manh\u00e3","breadcrumb":{"@id":"https:\/\/sulsc.com\/index.php\/2025\/01\/03\/primeira-sexta-feira-03-do-ano-ensolarada-e-com-temperaturas-entre-33oc-a-35oc-nas-regioes-litoraneas\/#breadcrumb"},"inLanguage":"en-US","potentialAction":[{"@type":"ReadAction","target":["https:\/\/sulsc.com\/index.php\/2025\/01\/03\/primeira-sexta-feira-03-do-ano-ensolarada-e-com-temperaturas-entre-33oc-a-35oc-nas-regioes-litoraneas\/"]}]},{"@type":"BreadcrumbList","@id":"https:\/\/sulsc.com\/index.php\/2025\/01\/03\/primeira-sexta-feira-03-do-ano-ensolarada-e-com-temperaturas-entre-33oc-a-35oc-nas-regioes-litoraneas\/#breadcrumb","itemListElement":[{"@type":"ListItem","position":1,"name":"In\u00edcio","item":"https:\/\/sulsc.com\/"},{"@type":"ListItem","position":2,"name":"Primeira sexta-feira (03) do ano ensolarada e com temperaturas entre 33\u00baC a 35\u00baC nas regi\u00f5es litor\u00e2neas"}]},{"@type":"WebSite","@id":"https:\/\/sulsc.com\/#website","url":"https:\/\/sulsc.com\/","name":"","description":"","potentialAction":[{"@type":"SearchAction","target":{"@type":"EntryPoint","urlTemplate":"https:\/\/sulsc.com\/?s={search_term_string}"},"query-input":"required name=search_term_string"}],"inLanguage":"en-US"},{"@type":"Person","@id":"https:\/\/sulsc.com\/#\/schema\/person\/84d2fc571684f6248ba83092f07750a3","name":"Reda\u00e7\u00e3o Sul SC","image":{"@type":"ImageObject","inLanguage":"en-US","@id":"https:\/\/sulsc.com\/#\/schema\/person\/image\/e08d7fe2cc4ed596372063bbe852b8d0","url":"https:\/\/sulsc.com\/wp-content\/uploads\/2023\/09\/redacao.png","contentUrl":"https:\/\/sulsc.com\/wp-content\/uploads\/2023\/09\/redacao.png","caption":"Reda\u00e7\u00e3o Sul SC"},"description":"Foco em um jornalismo imparcial, voltado \u00e0 qualidade dos seus conte\u00fados e, assim, levar informa\u00e7\u00e3o de valor que agregue \u00e0 vida dos leitores. Esta \u00e9 grande miss\u00e3o do Portal de Not\u00edcias Sul SC. N\u00e3o \u00e9 quantidade que muda o mundo, sempre foi e seguir\u00e1 sendo qualidade!","sameAs":["https:\/\/sulsc.com\/","https:\/\/www.facebook.com\/profile.php?id=61559278119680","https:\/\/www.instagram.com\/sulscportal\/?hl=pt-br","https:\/\/twitter.com\/https:\/\/twitter.com\/PortalSulSC","https:\/\/www.youtube.com\/channel\/UCv_BE8GeySluDov2n8qhVmw"],"url":"https:\/\/sulsc.com\/index.php\/author\/redacao\/"}]}},"authors":[],"_links":{"self":[{"href":"https:\/\/sulsc.com\/index.php\/wp-json\/wp\/v2\/posts\/18845"}],"collection":[{"href":"https:\/\/sulsc.com\/index.php\/wp-json\/wp\/v2\/posts"}],"about":[{"href":"https:\/\/sulsc.com\/index.php\/wp-json\/wp\/v2\/types\/post"}],"author":[{"embeddable":true,"href":"https:\/\/sulsc.com\/index.php\/wp-json\/wp\/v2\/users\/3"}],"replies":[{"embeddable":true,"href":"https:\/\/sulsc.com\/index.php\/wp-json\/wp\/v2\/comments?post=18845"}],"version-history":[{"count":1,"href":"https:\/\/sulsc.com\/index.php\/wp-json\/wp\/v2\/posts\/18845\/revisions"}],"predecessor-version":[{"id":18848,"href":"https:\/\/sulsc.com\/index.php\/wp-json\/wp\/v2\/posts\/18845\/revisions\/18848"}],"wp:featuredmedia":[{"embeddable":true,"href":"https:\/\/sulsc.com\/index.php\/wp-json\/wp\/v2\/media\/18847"}],"wp:attachment":[{"href":"https:\/\/sulsc.com\/index.php\/wp-json\/wp\/v2\/media?parent=18845"}],"wp:term":[{"taxonomy":"category","embeddable":true,"href":"https:\/\/sulsc.com\/index.php\/wp-json\/wp\/v2\/categories?post=18845"},{"taxonomy":"post_tag","embeddable":true,"href":"https:\/\/sulsc.com\/index.php\/wp-json\/wp\/v2\/tags?post=18845"}],"curies":[{"name":"wp","href":"https:\/\/api.w.org\/{rel}","templated":true}]}}