{"id":18850,"date":"2025-01-03T08:15:03","date_gmt":"2025-01-03T11:15:03","guid":{"rendered":"https:\/\/sulsc.com\/?p=18850"},"modified":"2025-01-03T08:15:03","modified_gmt":"2025-01-03T11:15:03","slug":"deck-do-casario-da-beira-rio-e-interditado-por-tempo-indeterminado","status":"publish","type":"post","link":"https:\/\/sulsc.com\/index.php\/2025\/01\/03\/deck-do-casario-da-beira-rio-e-interditado-por-tempo-indeterminado\/","title":{"rendered":"Deck do Casario da beira-rio \u00e9 interditado por tempo indeterminado"},"content":{"rendered":"<p>O prefeito Est\u00eaner Soratto e o vice-prefeito Denis Matiola solicitaram nesta quinta-feira (2), a interdi\u00e7\u00e3o do deck da rua Lauro M\u00fcller, no Centro.<\/p>\n<p>O impedimento da circula\u00e7\u00e3o no local foi determinado ap\u00f3s uma avalia\u00e7\u00e3o inicial que indicou avarias em diversas madeiras que revestem o espa\u00e7o.<\/p>\n<p>Na \u00faltima quarta-feira (1\u00ba), o empres\u00e1rio Airton da Silva Lopes sofreu um acidente quando estava caminhando no local. O tubaronense teve escoria\u00e7\u00f5es nas pernas e est\u00e1 se recuperando.<\/p>\n<p>O incidente trouxe \u00e0 tona a preocupa\u00e7\u00e3o com a manuten\u00e7\u00e3o do local inaugurado em agosto de 2024 e que, desde ent\u00e3o, tornou-se espa\u00e7o de contempla\u00e7\u00e3o do Rio Tubar\u00e3o, atraindo muitos visitantes.<\/p>\n<p>A vistoria foi acompanhada pelos secret\u00e1rios de Prote\u00e7\u00e3o e Defesa Civil Rafael Marques e de Infraestrutura Fabiano Modolon Corr\u00eaa e pelo presidente d<strong>o\u00a0<\/strong>Sindicato da Ind\u00fastria da Madeira e do Mobili\u00e1rio da Amurel (Sindimad Amurel), Rog\u00e9rio Menegaz.<\/p>\n<p>O prefeito Est\u00eaner Soratto informou que a prefeitura vai notificar a empresa que realizou a obra para que apresente laudo sobre a madeira utilizada na constru\u00e7\u00e3o do deck. \u201cA licita\u00e7\u00e3o indica que deveriam ser utilizadas madeiras de lei autoclavadas, por isso vamos contratar um especialista para avaliar se o material usado na obra corresponde ao licitado\u201d, ressaltou o prefeito.<\/p>\n<p>O contrato prev\u00ea ainda que a empresa contratada deve oferecer garantia total dos servi\u00e7os por um per\u00edodo m\u00ednimo de tr\u00eas anos, sendo respons\u00e1vel por todos os retrabalhos necess\u00e1rios, incluindo o fornecimento de materiais e \u00e9 respons\u00e1vel pela qualidade do produto fornecido, substituindo-o quando n\u00e3o corresponder \u00e0 especifica\u00e7\u00e3o t\u00e9cnica, mesmo se tal defeito for verificado ap\u00f3s o recebimento e utiliza\u00e7\u00e3o do produto.<\/p>\n<p>Na tarde desta quinta-feira (2), a pedido do secret\u00e1rio de Prote\u00e7\u00e3o e Defesa Civil Rafael Marques, o acesso ao local foi interditado pela Guarda Municipal de Tubar\u00e3o. \u201cO espa\u00e7o ficar\u00e1 fechado por tempo indeterminado e s\u00f3 vamos liberar a circula\u00e7\u00e3o ap\u00f3s os reparos que forem indicados pelo laudo t\u00e9cnico. Ainda n\u00e3o sabemos se haver\u00e1 a necessidade de trocar todas as t\u00e1buas ou reparar as que est\u00e3o com problemas. Isso s\u00f3 poder\u00e1 ser definido ap\u00f3s o parecer dos especialistas, por isso, \u00e9 importante que as pessoas se conscientizem e n\u00e3o circulem pelo local\u201d, refor\u00e7a Rafael.<\/p>\n<p>Com 121,5 metros de comprimento e seis metros de largura, o deck conecta as pra\u00e7as Centen\u00e1rio e Orlando Francalacci pela beira-rio. A instala\u00e7\u00e3o promoveu uma grande transforma\u00e7\u00e3o na paisagem urbana de Tubar\u00e3o, pois, al\u00e9m da passarela de madeira para caminhadas, os im\u00f3veis daquele trecho tamb\u00e9m foram revitalizados por seus propriet\u00e1rios e, agora, o colorido das paredes chama a aten\u00e7\u00e3o de quem passa pelo local.<\/p>\n","protected":false},"excerpt":{"rendered":"<p>O prefeito Est\u00eaner Soratto e o vice-prefeito Denis Matiola solicitaram nesta quinta-feira (2), a interdi\u00e7\u00e3o do deck da rua Lauro M\u00fcller, no Centro. O impedimento da circula\u00e7\u00e3o no local foi determinado ap\u00f3s uma avalia\u00e7\u00e3o inicial que indicou avarias em diversas madeiras que revestem o espa\u00e7o. Na \u00faltima quarta-feira (1\u00ba), o empres\u00e1rio Airton da Silva Lopes &hellip;<\/p>\n<p class=\"read-more\"> <a class=\"\" href=\"https:\/\/sulsc.com\/index.php\/2025\/01\/03\/deck-do-casario-da-beira-rio-e-interditado-por-tempo-indeterminado\/\"> <span class=\"screen-reader-text\">Deck do Casario da beira-rio \u00e9 interditado por tempo indeterminado<\/span> Read More &raquo;<\/a><\/p>\n","protected":false},"author":3,"featured_media":18851,"comment_status":"open","ping_status":"open","sticky":false,"template":"","format":"standard","meta":{"site-sidebar-layout":"default","site-content-layout":"","ast-site-content-layout":"default","site-content-style":"default","site-sidebar-style":"default","ast-global-header-display":"","ast-banner-title-visibility":"","ast-main-header-display":"","ast-hfb-above-header-display":"","ast-hfb-below-header-display":"","ast-hfb-mobile-header-display":"","site-post-title":"","ast-breadcrumbs-content":"","ast-featured-img":"","footer-sml-layout":"","theme-transparent-header-meta":"default","adv-header-id-meta":"","stick-header-meta":"","header-above-stick-meta":"","header-main-stick-meta":"","header-below-stick-meta":"","astra-migrate-meta-layouts":"set","footnotes":""},"categories":[1],"tags":[],"yoast_head":"<!-- This site is optimized with the Yoast SEO plugin v21.4 - https:\/\/yoast.com\/wordpress\/plugins\/seo\/ -->\n<title>Deck do Casario da beira-rio \u00e9 interditado por tempo indeterminado -<\/title>\n<meta name=\"robots\" content=\"index, follow, max-snippet:-1, max-image-preview:large, max-video-preview:-1\" \/>\n<link rel=\"canonical\" href=\"https:\/\/sulsc.com\/index.php\/2025\/01\/03\/deck-do-casario-da-beira-rio-e-interditado-por-tempo-indeterminado\/\" \/>\n<meta property=\"og:locale\" content=\"en_US\" \/>\n<meta property=\"og:type\" content=\"article\" \/>\n<meta property=\"og:title\" content=\"Deck do Casario da beira-rio \u00e9 interditado por tempo indeterminado -\" \/>\n<meta property=\"og:description\" content=\"O prefeito Est\u00eaner Soratto e o vice-prefeito Denis Matiola solicitaram nesta quinta-feira (2), a interdi\u00e7\u00e3o do deck da rua Lauro M\u00fcller, no Centro. O impedimento da circula\u00e7\u00e3o no local foi determinado ap\u00f3s uma avalia\u00e7\u00e3o inicial que indicou avarias em diversas madeiras que revestem o espa\u00e7o. Na \u00faltima quarta-feira (1\u00ba), o empres\u00e1rio Airton da Silva Lopes &hellip; Deck do Casario da beira-rio \u00e9 interditado por tempo indeterminado Read More &raquo;\" \/>\n<meta property=\"og:url\" content=\"https:\/\/sulsc.com\/index.php\/2025\/01\/03\/deck-do-casario-da-beira-rio-e-interditado-por-tempo-indeterminado\/\" \/>\n<meta property=\"article:author\" content=\"https:\/\/www.facebook.com\/profile.php?id=61559278119680\" \/>\n<meta property=\"article:published_time\" content=\"2025-01-03T11:15:03+00:00\" \/>\n<meta property=\"og:image\" content=\"http:\/\/sulsc.com\/wp-content\/uploads\/2025\/01\/IMG_0709-1-800x445-1.png\" \/>\n\t<meta property=\"og:image:width\" content=\"800\" \/>\n\t<meta property=\"og:image:height\" content=\"445\" \/>\n\t<meta property=\"og:image:type\" content=\"image\/png\" \/>\n<meta name=\"author\" content=\"Reda\u00e7\u00e3o Sul SC\" \/>\n<meta name=\"twitter:card\" content=\"summary_large_image\" \/>\n<meta name=\"twitter:creator\" content=\"@https:\/\/twitter.com\/PortalSulSC\" \/>\n<meta name=\"twitter:label1\" content=\"Written by\" \/>\n\t<meta name=\"twitter:data1\" content=\"Reda\u00e7\u00e3o Sul SC\" \/>\n\t<meta name=\"twitter:label2\" content=\"Est. reading time\" \/>\n\t<meta name=\"twitter:data2\" content=\"2 minutes\" \/>\n<script type=\"application\/ld+json\" class=\"yoast-schema-graph\">{\"@context\":\"https:\/\/schema.org\",\"@graph\":[{\"@type\":\"WebPage\",\"@id\":\"https:\/\/sulsc.com\/index.php\/2025\/01\/03\/deck-do-casario-da-beira-rio-e-interditado-por-tempo-indeterminado\/\",\"url\":\"https:\/\/sulsc.com\/index.php\/2025\/01\/03\/deck-do-casario-da-beira-rio-e-interditado-por-tempo-indeterminado\/\",\"name\":\"Deck do Casario da beira-rio \u00e9 interditado por tempo indeterminado -\",\"isPartOf\":{\"@id\":\"https:\/\/sulsc.com\/#website\"},\"datePublished\":\"2025-01-03T11:15:03+00:00\",\"dateModified\":\"2025-01-03T11:15:03+00:00\",\"author\":{\"@id\":\"https:\/\/sulsc.com\/#\/schema\/person\/84d2fc571684f6248ba83092f07750a3\"},\"breadcrumb\":{\"@id\":\"https:\/\/sulsc.com\/index.php\/2025\/01\/03\/deck-do-casario-da-beira-rio-e-interditado-por-tempo-indeterminado\/#breadcrumb\"},\"inLanguage\":\"en-US\",\"potentialAction\":[{\"@type\":\"ReadAction\",\"target\":[\"https:\/\/sulsc.com\/index.php\/2025\/01\/03\/deck-do-casario-da-beira-rio-e-interditado-por-tempo-indeterminado\/\"]}]},{\"@type\":\"BreadcrumbList\",\"@id\":\"https:\/\/sulsc.com\/index.php\/2025\/01\/03\/deck-do-casario-da-beira-rio-e-interditado-por-tempo-indeterminado\/#breadcrumb\",\"itemListElement\":[{\"@type\":\"ListItem\",\"position\":1,\"name\":\"In\u00edcio\",\"item\":\"https:\/\/sulsc.com\/\"},{\"@type\":\"ListItem\",\"position\":2,\"name\":\"Deck do Casario da beira-rio \u00e9 interditado por tempo indeterminado\"}]},{\"@type\":\"WebSite\",\"@id\":\"https:\/\/sulsc.com\/#website\",\"url\":\"https:\/\/sulsc.com\/\",\"name\":\"\",\"description\":\"\",\"potentialAction\":[{\"@type\":\"SearchAction\",\"target\":{\"@type\":\"EntryPoint\",\"urlTemplate\":\"https:\/\/sulsc.com\/?s={search_term_string}\"},\"query-input\":\"required name=search_term_string\"}],\"inLanguage\":\"en-US\"},{\"@type\":\"Person\",\"@id\":\"https:\/\/sulsc.com\/#\/schema\/person\/84d2fc571684f6248ba83092f07750a3\",\"name\":\"Reda\u00e7\u00e3o Sul SC\",\"image\":{\"@type\":\"ImageObject\",\"inLanguage\":\"en-US\",\"@id\":\"https:\/\/sulsc.com\/#\/schema\/person\/image\/e08d7fe2cc4ed596372063bbe852b8d0\",\"url\":\"https:\/\/sulsc.com\/wp-content\/uploads\/2023\/09\/redacao.png\",\"contentUrl\":\"https:\/\/sulsc.com\/wp-content\/uploads\/2023\/09\/redacao.png\",\"caption\":\"Reda\u00e7\u00e3o Sul SC\"},\"description\":\"Foco em um jornalismo imparcial, voltado \u00e0 qualidade dos seus conte\u00fados e, assim, levar informa\u00e7\u00e3o de valor que agregue \u00e0 vida dos leitores. Esta \u00e9 grande miss\u00e3o do Portal de Not\u00edcias Sul SC. N\u00e3o \u00e9 quantidade que muda o mundo, sempre foi e seguir\u00e1 sendo qualidade!\",\"sameAs\":[\"https:\/\/sulsc.com\/\",\"https:\/\/www.facebook.com\/profile.php?id=61559278119680\",\"https:\/\/www.instagram.com\/sulscportal\/?hl=pt-br\",\"https:\/\/twitter.com\/https:\/\/twitter.com\/PortalSulSC\",\"https:\/\/www.youtube.com\/channel\/UCv_BE8GeySluDov2n8qhVmw\"],\"url\":\"https:\/\/sulsc.com\/index.php\/author\/redacao\/\"}]}<\/script>\n<!-- \/ Yoast SEO plugin. -->","yoast_head_json":{"title":"Deck do Casario da beira-rio \u00e9 interditado por tempo indeterminado -","robots":{"index":"index","follow":"follow","max-snippet":"max-snippet:-1","max-image-preview":"max-image-preview:large","max-video-preview":"max-video-preview:-1"},"canonical":"https:\/\/sulsc.com\/index.php\/2025\/01\/03\/deck-do-casario-da-beira-rio-e-interditado-por-tempo-indeterminado\/","og_locale":"en_US","og_type":"article","og_title":"Deck do Casario da beira-rio \u00e9 interditado por tempo indeterminado -","og_description":"O prefeito Est\u00eaner Soratto e o vice-prefeito Denis Matiola solicitaram nesta quinta-feira (2), a interdi\u00e7\u00e3o do deck da rua Lauro M\u00fcller, no Centro. O impedimento da circula\u00e7\u00e3o no local foi determinado ap\u00f3s uma avalia\u00e7\u00e3o inicial que indicou avarias em diversas madeiras que revestem o espa\u00e7o. Na \u00faltima quarta-feira (1\u00ba), o empres\u00e1rio Airton da Silva Lopes &hellip; Deck do Casario da beira-rio \u00e9 interditado por tempo indeterminado Read More &raquo;","og_url":"https:\/\/sulsc.com\/index.php\/2025\/01\/03\/deck-do-casario-da-beira-rio-e-interditado-por-tempo-indeterminado\/","article_author":"https:\/\/www.facebook.com\/profile.php?id=61559278119680","article_published_time":"2025-01-03T11:15:03+00:00","og_image":[{"width":800,"height":445,"url":"http:\/\/sulsc.com\/wp-content\/uploads\/2025\/01\/IMG_0709-1-800x445-1.png","type":"image\/png"}],"author":"Reda\u00e7\u00e3o Sul SC","twitter_card":"summary_large_image","twitter_creator":"@https:\/\/twitter.com\/PortalSulSC","twitter_misc":{"Written by":"Reda\u00e7\u00e3o Sul SC","Est. reading time":"2 minutes"},"schema":{"@context":"https:\/\/schema.org","@graph":[{"@type":"WebPage","@id":"https:\/\/sulsc.com\/index.php\/2025\/01\/03\/deck-do-casario-da-beira-rio-e-interditado-por-tempo-indeterminado\/","url":"https:\/\/sulsc.com\/index.php\/2025\/01\/03\/deck-do-casario-da-beira-rio-e-interditado-por-tempo-indeterminado\/","name":"Deck do Casario da beira-rio \u00e9 interditado por tempo indeterminado -","isPartOf":{"@id":"https:\/\/sulsc.com\/#website"},"datePublished":"2025-01-03T11:15:03+00:00","dateModified":"2025-01-03T11:15:03+00:00","author":{"@id":"https:\/\/sulsc.com\/#\/schema\/person\/84d2fc571684f6248ba83092f07750a3"},"breadcrumb":{"@id":"https:\/\/sulsc.com\/index.php\/2025\/01\/03\/deck-do-casario-da-beira-rio-e-interditado-por-tempo-indeterminado\/#breadcrumb"},"inLanguage":"en-US","potentialAction":[{"@type":"ReadAction","target":["https:\/\/sulsc.com\/index.php\/2025\/01\/03\/deck-do-casario-da-beira-rio-e-interditado-por-tempo-indeterminado\/"]}]},{"@type":"BreadcrumbList","@id":"https:\/\/sulsc.com\/index.php\/2025\/01\/03\/deck-do-casario-da-beira-rio-e-interditado-por-tempo-indeterminado\/#breadcrumb","itemListElement":[{"@type":"ListItem","position":1,"name":"In\u00edcio","item":"https:\/\/sulsc.com\/"},{"@type":"ListItem","position":2,"name":"Deck do Casario da beira-rio \u00e9 interditado por tempo indeterminado"}]},{"@type":"WebSite","@id":"https:\/\/sulsc.com\/#website","url":"https:\/\/sulsc.com\/","name":"","description":"","potentialAction":[{"@type":"SearchAction","target":{"@type":"EntryPoint","urlTemplate":"https:\/\/sulsc.com\/?s={search_term_string}"},"query-input":"required name=search_term_string"}],"inLanguage":"en-US"},{"@type":"Person","@id":"https:\/\/sulsc.com\/#\/schema\/person\/84d2fc571684f6248ba83092f07750a3","name":"Reda\u00e7\u00e3o Sul SC","image":{"@type":"ImageObject","inLanguage":"en-US","@id":"https:\/\/sulsc.com\/#\/schema\/person\/image\/e08d7fe2cc4ed596372063bbe852b8d0","url":"https:\/\/sulsc.com\/wp-content\/uploads\/2023\/09\/redacao.png","contentUrl":"https:\/\/sulsc.com\/wp-content\/uploads\/2023\/09\/redacao.png","caption":"Reda\u00e7\u00e3o Sul SC"},"description":"Foco em um jornalismo imparcial, voltado \u00e0 qualidade dos seus conte\u00fados e, assim, levar informa\u00e7\u00e3o de valor que agregue \u00e0 vida dos leitores. Esta \u00e9 grande miss\u00e3o do Portal de Not\u00edcias Sul SC. N\u00e3o \u00e9 quantidade que muda o mundo, sempre foi e seguir\u00e1 sendo qualidade!","sameAs":["https:\/\/sulsc.com\/","https:\/\/www.facebook.com\/profile.php?id=61559278119680","https:\/\/www.instagram.com\/sulscportal\/?hl=pt-br","https:\/\/twitter.com\/https:\/\/twitter.com\/PortalSulSC","https:\/\/www.youtube.com\/channel\/UCv_BE8GeySluDov2n8qhVmw"],"url":"https:\/\/sulsc.com\/index.php\/author\/redacao\/"}]}},"authors":[],"_links":{"self":[{"href":"https:\/\/sulsc.com\/index.php\/wp-json\/wp\/v2\/posts\/18850"}],"collection":[{"href":"https:\/\/sulsc.com\/index.php\/wp-json\/wp\/v2\/posts"}],"about":[{"href":"https:\/\/sulsc.com\/index.php\/wp-json\/wp\/v2\/types\/post"}],"author":[{"embeddable":true,"href":"https:\/\/sulsc.com\/index.php\/wp-json\/wp\/v2\/users\/3"}],"replies":[{"embeddable":true,"href":"https:\/\/sulsc.com\/index.php\/wp-json\/wp\/v2\/comments?post=18850"}],"version-history":[{"count":1,"href":"https:\/\/sulsc.com\/index.php\/wp-json\/wp\/v2\/posts\/18850\/revisions"}],"predecessor-version":[{"id":18852,"href":"https:\/\/sulsc.com\/index.php\/wp-json\/wp\/v2\/posts\/18850\/revisions\/18852"}],"wp:featuredmedia":[{"embeddable":true,"href":"https:\/\/sulsc.com\/index.php\/wp-json\/wp\/v2\/media\/18851"}],"wp:attachment":[{"href":"https:\/\/sulsc.com\/index.php\/wp-json\/wp\/v2\/media?parent=18850"}],"wp:term":[{"taxonomy":"category","embeddable":true,"href":"https:\/\/sulsc.com\/index.php\/wp-json\/wp\/v2\/categories?post=18850"},{"taxonomy":"post_tag","embeddable":true,"href":"https:\/\/sulsc.com\/index.php\/wp-json\/wp\/v2\/tags?post=18850"}],"curies":[{"name":"wp","href":"https:\/\/api.w.org\/{rel}","templated":true}]}}