{"id":18875,"date":"2025-01-04T08:24:51","date_gmt":"2025-01-04T11:24:51","guid":{"rendered":"https:\/\/sulsc.com\/?p=18875"},"modified":"2025-01-04T08:26:49","modified_gmt":"2025-01-04T11:26:49","slug":"18875","status":"publish","type":"post","link":"https:\/\/sulsc.com\/index.php\/2025\/01\/04\/18875\/","title":{"rendered":"Primeiro s\u00e1bado do ano (04) ser\u00e1 de sol e temperaturas altas"},"content":{"rendered":"<p>No primeiro s\u00e1bado do ano (04),\u00a0 o sol aparece durante a maior parte do dia no litoral catarinense, mas entre a tarde e a noite o calor somado \u00e0 disponibilidade de umidade favorecem pancadas de chuva e temporais isolados entre a Grande Florian\u00f3polis e o Litoral Norte. J\u00e1 no Extremo Oeste aos Planaltos o tempo seco e o calor continuam predominando.<\/p>\n<p><img fetchpriority=\"high\" decoding=\"async\" class=\"aligncenter size-full wp-image-18876\" src=\"http:\/\/sulsc.com\/wp-content\/uploads\/2025\/01\/sab.png\" alt=\"\" width=\"1480\" height=\"1008\" srcset=\"https:\/\/sulsc.com\/wp-content\/uploads\/2025\/01\/sab.png 1480w, https:\/\/sulsc.com\/wp-content\/uploads\/2025\/01\/sab-300x204.png 300w, https:\/\/sulsc.com\/wp-content\/uploads\/2025\/01\/sab-1024x697.png 1024w, https:\/\/sulsc.com\/wp-content\/uploads\/2025\/01\/sab-768x523.png 768w\" sizes=\"(max-width: 1480px) 100vw, 1480px\" \/><\/p>\n<p><img decoding=\"async\" class=\"aligncenter wp-image-17436\" src=\"http:\/\/sulsc.com\/wp-content\/uploads\/2024\/11\/Tempo-2.png\" alt=\"\" width=\"665\" height=\"123\" srcset=\"https:\/\/sulsc.com\/wp-content\/uploads\/2024\/11\/Tempo-2.png 1024w, https:\/\/sulsc.com\/wp-content\/uploads\/2024\/11\/Tempo-2-300x55.png 300w, https:\/\/sulsc.com\/wp-content\/uploads\/2024\/11\/Tempo-2-768x142.png 768w\" sizes=\"(max-width: 665px) 100vw, 665px\" \/><\/p>\n<p>Apesar disso, o risco \u00e9 baixo para ocorr\u00eancias associadas aos temporais. O dia amanhece com temperaturas na casa dos 20\u00b0C no litoral e em torno de 16 a 20\u00b0C no interior do estado. O calor se intensifica rapidamente e as m\u00e1ximas chegam aos 30\u00b0C em praticamente todo o estado. No Extremo Oeste, Vale do Itaja\u00ed, Litoral Norte e Grande Florian\u00f3polis as m\u00e1ximas devem ultrapassar os 35\u00b0C.<\/p>\n<p>Fonte: Defesa Civil SC\/Meteorologista: Nicolle Reis<\/p>\n<p><span style=\"vertical-align: inherit;\"><span style=\"vertical-align: inherit;\">Portal Foto\/Sulsc<\/span><\/span><\/p>\n","protected":false},"excerpt":{"rendered":"<p>No primeiro s\u00e1bado do ano (04),\u00a0 o sol aparece durante a maior parte do dia no litoral catarinense, mas entre a tarde e a noite o calor somado \u00e0 disponibilidade de umidade favorecem pancadas de chuva e temporais isolados entre a Grande Florian\u00f3polis e o Litoral Norte. J\u00e1 no Extremo Oeste aos Planaltos o tempo &hellip;<\/p>\n<p class=\"read-more\"> <a class=\"\" href=\"https:\/\/sulsc.com\/index.php\/2025\/01\/04\/18875\/\"> <span class=\"screen-reader-text\">Primeiro s\u00e1bado do ano (04) ser\u00e1 de sol e temperaturas altas<\/span> Read More &raquo;<\/a><\/p>\n","protected":false},"author":3,"featured_media":18877,"comment_status":"open","ping_status":"open","sticky":false,"template":"","format":"standard","meta":{"site-sidebar-layout":"default","site-content-layout":"","ast-site-content-layout":"default","site-content-style":"default","site-sidebar-style":"default","ast-global-header-display":"","ast-banner-title-visibility":"","ast-main-header-display":"","ast-hfb-above-header-display":"","ast-hfb-below-header-display":"","ast-hfb-mobile-header-display":"","site-post-title":"","ast-breadcrumbs-content":"","ast-featured-img":"","footer-sml-layout":"","theme-transparent-header-meta":"default","adv-header-id-meta":"","stick-header-meta":"","header-above-stick-meta":"","header-main-stick-meta":"","header-below-stick-meta":"","astra-migrate-meta-layouts":"set","footnotes":""},"categories":[38],"tags":[90],"yoast_head":"<!-- This site is optimized with the Yoast SEO plugin v21.4 - https:\/\/yoast.com\/wordpress\/plugins\/seo\/ -->\n<title>Primeiro s\u00e1bado do ano (04) ser\u00e1 de sol e temperaturas altas -<\/title>\n<meta name=\"description\" content=\"No per\u00edodo da tarde o calor se intensifica rapidamente e as m\u00e1ximas chegam aos 30\u00b0C em praticamente todo o estado\" \/>\n<meta name=\"robots\" content=\"index, follow, max-snippet:-1, max-image-preview:large, max-video-preview:-1\" \/>\n<link rel=\"canonical\" href=\"https:\/\/sulsc.com\/index.php\/2025\/01\/04\/18875\/\" \/>\n<meta property=\"og:locale\" content=\"en_US\" \/>\n<meta property=\"og:type\" content=\"article\" \/>\n<meta property=\"og:title\" content=\"Primeiro s\u00e1bado do ano (04) ser\u00e1 de sol e temperaturas altas -\" \/>\n<meta property=\"og:description\" content=\"No per\u00edodo da tarde o calor se intensifica rapidamente e as m\u00e1ximas chegam aos 30\u00b0C em praticamente todo o estado\" \/>\n<meta property=\"og:url\" content=\"https:\/\/sulsc.com\/index.php\/2025\/01\/04\/18875\/\" \/>\n<meta property=\"article:author\" content=\"https:\/\/www.facebook.com\/profile.php?id=61559278119680\" \/>\n<meta property=\"article:published_time\" content=\"2025-01-04T11:24:51+00:00\" \/>\n<meta property=\"article:modified_time\" content=\"2025-01-04T11:26:49+00:00\" \/>\n<meta property=\"og:image\" content=\"http:\/\/sulsc.com\/wp-content\/uploads\/2025\/01\/tempo.jpg\" \/>\n\t<meta property=\"og:image:width\" content=\"1600\" \/>\n\t<meta property=\"og:image:height\" content=\"720\" \/>\n\t<meta property=\"og:image:type\" content=\"image\/jpeg\" \/>\n<meta name=\"author\" content=\"Reda\u00e7\u00e3o Sul SC\" \/>\n<meta name=\"twitter:card\" content=\"summary_large_image\" \/>\n<meta name=\"twitter:creator\" content=\"@https:\/\/twitter.com\/PortalSulSC\" \/>\n<meta name=\"twitter:label1\" content=\"Written by\" \/>\n\t<meta name=\"twitter:data1\" content=\"Reda\u00e7\u00e3o Sul SC\" \/>\n\t<meta name=\"twitter:label2\" content=\"Est. reading time\" \/>\n\t<meta name=\"twitter:data2\" content=\"1 minute\" \/>\n<script type=\"application\/ld+json\" class=\"yoast-schema-graph\">{\"@context\":\"https:\/\/schema.org\",\"@graph\":[{\"@type\":\"WebPage\",\"@id\":\"https:\/\/sulsc.com\/index.php\/2025\/01\/04\/18875\/\",\"url\":\"https:\/\/sulsc.com\/index.php\/2025\/01\/04\/18875\/\",\"name\":\"Primeiro s\u00e1bado do ano (04) ser\u00e1 de sol e temperaturas altas -\",\"isPartOf\":{\"@id\":\"https:\/\/sulsc.com\/#website\"},\"datePublished\":\"2025-01-04T11:24:51+00:00\",\"dateModified\":\"2025-01-04T11:26:49+00:00\",\"author\":{\"@id\":\"https:\/\/sulsc.com\/#\/schema\/person\/84d2fc571684f6248ba83092f07750a3\"},\"description\":\"No per\u00edodo da tarde o calor se intensifica rapidamente e as m\u00e1ximas chegam aos 30\u00b0C em praticamente todo o estado\",\"breadcrumb\":{\"@id\":\"https:\/\/sulsc.com\/index.php\/2025\/01\/04\/18875\/#breadcrumb\"},\"inLanguage\":\"en-US\",\"potentialAction\":[{\"@type\":\"ReadAction\",\"target\":[\"https:\/\/sulsc.com\/index.php\/2025\/01\/04\/18875\/\"]}]},{\"@type\":\"BreadcrumbList\",\"@id\":\"https:\/\/sulsc.com\/index.php\/2025\/01\/04\/18875\/#breadcrumb\",\"itemListElement\":[{\"@type\":\"ListItem\",\"position\":1,\"name\":\"In\u00edcio\",\"item\":\"https:\/\/sulsc.com\/\"},{\"@type\":\"ListItem\",\"position\":2,\"name\":\"Primeiro s\u00e1bado do ano (04) ser\u00e1 de sol e temperaturas altas\"}]},{\"@type\":\"WebSite\",\"@id\":\"https:\/\/sulsc.com\/#website\",\"url\":\"https:\/\/sulsc.com\/\",\"name\":\"\",\"description\":\"\",\"potentialAction\":[{\"@type\":\"SearchAction\",\"target\":{\"@type\":\"EntryPoint\",\"urlTemplate\":\"https:\/\/sulsc.com\/?s={search_term_string}\"},\"query-input\":\"required name=search_term_string\"}],\"inLanguage\":\"en-US\"},{\"@type\":\"Person\",\"@id\":\"https:\/\/sulsc.com\/#\/schema\/person\/84d2fc571684f6248ba83092f07750a3\",\"name\":\"Reda\u00e7\u00e3o Sul SC\",\"image\":{\"@type\":\"ImageObject\",\"inLanguage\":\"en-US\",\"@id\":\"https:\/\/sulsc.com\/#\/schema\/person\/image\/e08d7fe2cc4ed596372063bbe852b8d0\",\"url\":\"https:\/\/sulsc.com\/wp-content\/uploads\/2023\/09\/redacao.png\",\"contentUrl\":\"https:\/\/sulsc.com\/wp-content\/uploads\/2023\/09\/redacao.png\",\"caption\":\"Reda\u00e7\u00e3o Sul SC\"},\"description\":\"Foco em um jornalismo imparcial, voltado \u00e0 qualidade dos seus conte\u00fados e, assim, levar informa\u00e7\u00e3o de valor que agregue \u00e0 vida dos leitores. Esta \u00e9 grande miss\u00e3o do Portal de Not\u00edcias Sul SC. N\u00e3o \u00e9 quantidade que muda o mundo, sempre foi e seguir\u00e1 sendo qualidade!\",\"sameAs\":[\"https:\/\/sulsc.com\/\",\"https:\/\/www.facebook.com\/profile.php?id=61559278119680\",\"https:\/\/www.instagram.com\/sulscportal\/?hl=pt-br\",\"https:\/\/twitter.com\/https:\/\/twitter.com\/PortalSulSC\",\"https:\/\/www.youtube.com\/channel\/UCv_BE8GeySluDov2n8qhVmw\"],\"url\":\"https:\/\/sulsc.com\/index.php\/author\/redacao\/\"}]}<\/script>\n<!-- \/ Yoast SEO plugin. -->","yoast_head_json":{"title":"Primeiro s\u00e1bado do ano (04) ser\u00e1 de sol e temperaturas altas -","description":"No per\u00edodo da tarde o calor se intensifica rapidamente e as m\u00e1ximas chegam aos 30\u00b0C em praticamente todo o estado","robots":{"index":"index","follow":"follow","max-snippet":"max-snippet:-1","max-image-preview":"max-image-preview:large","max-video-preview":"max-video-preview:-1"},"canonical":"https:\/\/sulsc.com\/index.php\/2025\/01\/04\/18875\/","og_locale":"en_US","og_type":"article","og_title":"Primeiro s\u00e1bado do ano (04) ser\u00e1 de sol e temperaturas altas -","og_description":"No per\u00edodo da tarde o calor se intensifica rapidamente e as m\u00e1ximas chegam aos 30\u00b0C em praticamente todo o estado","og_url":"https:\/\/sulsc.com\/index.php\/2025\/01\/04\/18875\/","article_author":"https:\/\/www.facebook.com\/profile.php?id=61559278119680","article_published_time":"2025-01-04T11:24:51+00:00","article_modified_time":"2025-01-04T11:26:49+00:00","og_image":[{"width":1600,"height":720,"url":"http:\/\/sulsc.com\/wp-content\/uploads\/2025\/01\/tempo.jpg","type":"image\/jpeg"}],"author":"Reda\u00e7\u00e3o Sul SC","twitter_card":"summary_large_image","twitter_creator":"@https:\/\/twitter.com\/PortalSulSC","twitter_misc":{"Written by":"Reda\u00e7\u00e3o Sul SC","Est. reading time":"1 minute"},"schema":{"@context":"https:\/\/schema.org","@graph":[{"@type":"WebPage","@id":"https:\/\/sulsc.com\/index.php\/2025\/01\/04\/18875\/","url":"https:\/\/sulsc.com\/index.php\/2025\/01\/04\/18875\/","name":"Primeiro s\u00e1bado do ano (04) ser\u00e1 de sol e temperaturas altas -","isPartOf":{"@id":"https:\/\/sulsc.com\/#website"},"datePublished":"2025-01-04T11:24:51+00:00","dateModified":"2025-01-04T11:26:49+00:00","author":{"@id":"https:\/\/sulsc.com\/#\/schema\/person\/84d2fc571684f6248ba83092f07750a3"},"description":"No per\u00edodo da tarde o calor se intensifica rapidamente e as m\u00e1ximas chegam aos 30\u00b0C em praticamente todo o estado","breadcrumb":{"@id":"https:\/\/sulsc.com\/index.php\/2025\/01\/04\/18875\/#breadcrumb"},"inLanguage":"en-US","potentialAction":[{"@type":"ReadAction","target":["https:\/\/sulsc.com\/index.php\/2025\/01\/04\/18875\/"]}]},{"@type":"BreadcrumbList","@id":"https:\/\/sulsc.com\/index.php\/2025\/01\/04\/18875\/#breadcrumb","itemListElement":[{"@type":"ListItem","position":1,"name":"In\u00edcio","item":"https:\/\/sulsc.com\/"},{"@type":"ListItem","position":2,"name":"Primeiro s\u00e1bado do ano (04) ser\u00e1 de sol e temperaturas altas"}]},{"@type":"WebSite","@id":"https:\/\/sulsc.com\/#website","url":"https:\/\/sulsc.com\/","name":"","description":"","potentialAction":[{"@type":"SearchAction","target":{"@type":"EntryPoint","urlTemplate":"https:\/\/sulsc.com\/?s={search_term_string}"},"query-input":"required name=search_term_string"}],"inLanguage":"en-US"},{"@type":"Person","@id":"https:\/\/sulsc.com\/#\/schema\/person\/84d2fc571684f6248ba83092f07750a3","name":"Reda\u00e7\u00e3o Sul SC","image":{"@type":"ImageObject","inLanguage":"en-US","@id":"https:\/\/sulsc.com\/#\/schema\/person\/image\/e08d7fe2cc4ed596372063bbe852b8d0","url":"https:\/\/sulsc.com\/wp-content\/uploads\/2023\/09\/redacao.png","contentUrl":"https:\/\/sulsc.com\/wp-content\/uploads\/2023\/09\/redacao.png","caption":"Reda\u00e7\u00e3o Sul SC"},"description":"Foco em um jornalismo imparcial, voltado \u00e0 qualidade dos seus conte\u00fados e, assim, levar informa\u00e7\u00e3o de valor que agregue \u00e0 vida dos leitores. Esta \u00e9 grande miss\u00e3o do Portal de Not\u00edcias Sul SC. N\u00e3o \u00e9 quantidade que muda o mundo, sempre foi e seguir\u00e1 sendo qualidade!","sameAs":["https:\/\/sulsc.com\/","https:\/\/www.facebook.com\/profile.php?id=61559278119680","https:\/\/www.instagram.com\/sulscportal\/?hl=pt-br","https:\/\/twitter.com\/https:\/\/twitter.com\/PortalSulSC","https:\/\/www.youtube.com\/channel\/UCv_BE8GeySluDov2n8qhVmw"],"url":"https:\/\/sulsc.com\/index.php\/author\/redacao\/"}]}},"authors":[],"_links":{"self":[{"href":"https:\/\/sulsc.com\/index.php\/wp-json\/wp\/v2\/posts\/18875"}],"collection":[{"href":"https:\/\/sulsc.com\/index.php\/wp-json\/wp\/v2\/posts"}],"about":[{"href":"https:\/\/sulsc.com\/index.php\/wp-json\/wp\/v2\/types\/post"}],"author":[{"embeddable":true,"href":"https:\/\/sulsc.com\/index.php\/wp-json\/wp\/v2\/users\/3"}],"replies":[{"embeddable":true,"href":"https:\/\/sulsc.com\/index.php\/wp-json\/wp\/v2\/comments?post=18875"}],"version-history":[{"count":3,"href":"https:\/\/sulsc.com\/index.php\/wp-json\/wp\/v2\/posts\/18875\/revisions"}],"predecessor-version":[{"id":18880,"href":"https:\/\/sulsc.com\/index.php\/wp-json\/wp\/v2\/posts\/18875\/revisions\/18880"}],"wp:featuredmedia":[{"embeddable":true,"href":"https:\/\/sulsc.com\/index.php\/wp-json\/wp\/v2\/media\/18877"}],"wp:attachment":[{"href":"https:\/\/sulsc.com\/index.php\/wp-json\/wp\/v2\/media?parent=18875"}],"wp:term":[{"taxonomy":"category","embeddable":true,"href":"https:\/\/sulsc.com\/index.php\/wp-json\/wp\/v2\/categories?post=18875"},{"taxonomy":"post_tag","embeddable":true,"href":"https:\/\/sulsc.com\/index.php\/wp-json\/wp\/v2\/tags?post=18875"}],"curies":[{"name":"wp","href":"https:\/\/api.w.org\/{rel}","templated":true}]}}