{"id":18903,"date":"2025-01-06T08:25:18","date_gmt":"2025-01-06T11:25:18","guid":{"rendered":"https:\/\/sulsc.com\/?p=18903"},"modified":"2025-01-06T08:25:18","modified_gmt":"2025-01-06T11:25:18","slug":"ladrao-e-preso-em-flagrante-tentando-furtar-veiculo","status":"publish","type":"post","link":"https:\/\/sulsc.com\/index.php\/2025\/01\/06\/ladrao-e-preso-em-flagrante-tentando-furtar-veiculo\/","title":{"rendered":"Ladr\u00e3o \u00e9 preso em flagrante tentando furtar ve\u00edculo"},"content":{"rendered":"<p data-sourcepos=\"11:1-11:225\">Um homem de 41 anos foi preso em flagrante neste domingo (05), ap\u00f3s tentar furtar um ve\u00edculo em um estabelecimento comercial localizado no bairro S\u00e3o Jo\u00e3o Margem Esquerda, em Tubar\u00e3o.<\/p>\n<p data-sourcepos=\"13:1-13:193\">O propriet\u00e1rio do estabelecimento, ao perceber a a\u00e7\u00e3o criminosa, conteve o suspeito at\u00e9 a chegada da pol\u00edcia. Segundo informa\u00e7\u00f5es, o homem tentava remover fios e o cap\u00f4 do ve\u00edculo.<\/p>\n<p data-sourcepos=\"15:1-15:194\">Diante dos fatos, os policiais militares deram voz de pris\u00e3o ao indiv\u00edduo e o conduziram para a Delegacia de Pol\u00edcia, onde foi registrado um boletim de ocorr\u00eancia. O caso segue sob investiga\u00e7\u00e3o.<\/p>\n","protected":false},"excerpt":{"rendered":"<p>Um homem de 41 anos foi preso em flagrante neste domingo (05), ap\u00f3s tentar furtar um ve\u00edculo em um estabelecimento comercial localizado no bairro S\u00e3o Jo\u00e3o Margem Esquerda, em Tubar\u00e3o. O propriet\u00e1rio do estabelecimento, ao perceber a a\u00e7\u00e3o criminosa, conteve o suspeito at\u00e9 a chegada da pol\u00edcia. Segundo informa\u00e7\u00f5es, o homem tentava remover fios e &hellip;<\/p>\n<p class=\"read-more\"> <a class=\"\" href=\"https:\/\/sulsc.com\/index.php\/2025\/01\/06\/ladrao-e-preso-em-flagrante-tentando-furtar-veiculo\/\"> <span class=\"screen-reader-text\">Ladr\u00e3o \u00e9 preso em flagrante tentando furtar ve\u00edculo<\/span> Read More &raquo;<\/a><\/p>\n","protected":false},"author":3,"featured_media":18904,"comment_status":"open","ping_status":"open","sticky":false,"template":"","format":"standard","meta":{"site-sidebar-layout":"default","site-content-layout":"","ast-site-content-layout":"default","site-content-style":"default","site-sidebar-style":"default","ast-global-header-display":"","ast-banner-title-visibility":"","ast-main-header-display":"","ast-hfb-above-header-display":"","ast-hfb-below-header-display":"","ast-hfb-mobile-header-display":"","site-post-title":"","ast-breadcrumbs-content":"","ast-featured-img":"","footer-sml-layout":"","theme-transparent-header-meta":"default","adv-header-id-meta":"","stick-header-meta":"","header-above-stick-meta":"","header-main-stick-meta":"","header-below-stick-meta":"","astra-migrate-meta-layouts":"set","footnotes":""},"categories":[8],"tags":[],"yoast_head":"<!-- This site is optimized with the Yoast SEO plugin v21.4 - https:\/\/yoast.com\/wordpress\/plugins\/seo\/ -->\n<title>Ladr\u00e3o \u00e9 preso em flagrante tentando furtar ve\u00edculo -<\/title>\n<meta name=\"robots\" content=\"index, follow, max-snippet:-1, max-image-preview:large, max-video-preview:-1\" \/>\n<link rel=\"canonical\" href=\"https:\/\/sulsc.com\/index.php\/2025\/01\/06\/ladrao-e-preso-em-flagrante-tentando-furtar-veiculo\/\" \/>\n<meta property=\"og:locale\" content=\"en_US\" \/>\n<meta property=\"og:type\" content=\"article\" \/>\n<meta property=\"og:title\" content=\"Ladr\u00e3o \u00e9 preso em flagrante tentando furtar ve\u00edculo -\" \/>\n<meta property=\"og:description\" content=\"Um homem de 41 anos foi preso em flagrante neste domingo (05), ap\u00f3s tentar furtar um ve\u00edculo em um estabelecimento comercial localizado no bairro S\u00e3o Jo\u00e3o Margem Esquerda, em Tubar\u00e3o. O propriet\u00e1rio do estabelecimento, ao perceber a a\u00e7\u00e3o criminosa, conteve o suspeito at\u00e9 a chegada da pol\u00edcia. Segundo informa\u00e7\u00f5es, o homem tentava remover fios e &hellip; Ladr\u00e3o \u00e9 preso em flagrante tentando furtar ve\u00edculo Read More &raquo;\" \/>\n<meta property=\"og:url\" content=\"https:\/\/sulsc.com\/index.php\/2025\/01\/06\/ladrao-e-preso-em-flagrante-tentando-furtar-veiculo\/\" \/>\n<meta property=\"article:author\" content=\"https:\/\/www.facebook.com\/profile.php?id=61559278119680\" \/>\n<meta property=\"article:published_time\" content=\"2025-01-06T11:25:18+00:00\" \/>\n<meta property=\"og:image\" content=\"http:\/\/sulsc.com\/wp-content\/uploads\/2025\/01\/roubo-de-carro.jpg\" \/>\n\t<meta property=\"og:image:width\" content=\"1200\" \/>\n\t<meta property=\"og:image:height\" content=\"800\" \/>\n\t<meta property=\"og:image:type\" content=\"image\/jpeg\" \/>\n<meta name=\"author\" content=\"Reda\u00e7\u00e3o Sul SC\" \/>\n<meta name=\"twitter:card\" content=\"summary_large_image\" \/>\n<meta name=\"twitter:creator\" content=\"@https:\/\/twitter.com\/PortalSulSC\" \/>\n<meta name=\"twitter:label1\" content=\"Written by\" \/>\n\t<meta name=\"twitter:data1\" content=\"Reda\u00e7\u00e3o Sul SC\" \/>\n\t<meta name=\"twitter:label2\" content=\"Est. reading time\" \/>\n\t<meta name=\"twitter:data2\" content=\"1 minute\" \/>\n<script type=\"application\/ld+json\" class=\"yoast-schema-graph\">{\"@context\":\"https:\/\/schema.org\",\"@graph\":[{\"@type\":\"WebPage\",\"@id\":\"https:\/\/sulsc.com\/index.php\/2025\/01\/06\/ladrao-e-preso-em-flagrante-tentando-furtar-veiculo\/\",\"url\":\"https:\/\/sulsc.com\/index.php\/2025\/01\/06\/ladrao-e-preso-em-flagrante-tentando-furtar-veiculo\/\",\"name\":\"Ladr\u00e3o \u00e9 preso em flagrante tentando furtar ve\u00edculo -\",\"isPartOf\":{\"@id\":\"https:\/\/sulsc.com\/#website\"},\"datePublished\":\"2025-01-06T11:25:18+00:00\",\"dateModified\":\"2025-01-06T11:25:18+00:00\",\"author\":{\"@id\":\"https:\/\/sulsc.com\/#\/schema\/person\/84d2fc571684f6248ba83092f07750a3\"},\"breadcrumb\":{\"@id\":\"https:\/\/sulsc.com\/index.php\/2025\/01\/06\/ladrao-e-preso-em-flagrante-tentando-furtar-veiculo\/#breadcrumb\"},\"inLanguage\":\"en-US\",\"potentialAction\":[{\"@type\":\"ReadAction\",\"target\":[\"https:\/\/sulsc.com\/index.php\/2025\/01\/06\/ladrao-e-preso-em-flagrante-tentando-furtar-veiculo\/\"]}]},{\"@type\":\"BreadcrumbList\",\"@id\":\"https:\/\/sulsc.com\/index.php\/2025\/01\/06\/ladrao-e-preso-em-flagrante-tentando-furtar-veiculo\/#breadcrumb\",\"itemListElement\":[{\"@type\":\"ListItem\",\"position\":1,\"name\":\"In\u00edcio\",\"item\":\"https:\/\/sulsc.com\/\"},{\"@type\":\"ListItem\",\"position\":2,\"name\":\"Ladr\u00e3o \u00e9 preso em flagrante tentando furtar ve\u00edculo\"}]},{\"@type\":\"WebSite\",\"@id\":\"https:\/\/sulsc.com\/#website\",\"url\":\"https:\/\/sulsc.com\/\",\"name\":\"\",\"description\":\"\",\"potentialAction\":[{\"@type\":\"SearchAction\",\"target\":{\"@type\":\"EntryPoint\",\"urlTemplate\":\"https:\/\/sulsc.com\/?s={search_term_string}\"},\"query-input\":\"required name=search_term_string\"}],\"inLanguage\":\"en-US\"},{\"@type\":\"Person\",\"@id\":\"https:\/\/sulsc.com\/#\/schema\/person\/84d2fc571684f6248ba83092f07750a3\",\"name\":\"Reda\u00e7\u00e3o Sul SC\",\"image\":{\"@type\":\"ImageObject\",\"inLanguage\":\"en-US\",\"@id\":\"https:\/\/sulsc.com\/#\/schema\/person\/image\/e08d7fe2cc4ed596372063bbe852b8d0\",\"url\":\"https:\/\/sulsc.com\/wp-content\/uploads\/2023\/09\/redacao.png\",\"contentUrl\":\"https:\/\/sulsc.com\/wp-content\/uploads\/2023\/09\/redacao.png\",\"caption\":\"Reda\u00e7\u00e3o Sul SC\"},\"description\":\"Foco em um jornalismo imparcial, voltado \u00e0 qualidade dos seus conte\u00fados e, assim, levar informa\u00e7\u00e3o de valor que agregue \u00e0 vida dos leitores. Esta \u00e9 grande miss\u00e3o do Portal de Not\u00edcias Sul SC. N\u00e3o \u00e9 quantidade que muda o mundo, sempre foi e seguir\u00e1 sendo qualidade!\",\"sameAs\":[\"https:\/\/sulsc.com\/\",\"https:\/\/www.facebook.com\/profile.php?id=61559278119680\",\"https:\/\/www.instagram.com\/sulscportal\/?hl=pt-br\",\"https:\/\/twitter.com\/https:\/\/twitter.com\/PortalSulSC\",\"https:\/\/www.youtube.com\/channel\/UCv_BE8GeySluDov2n8qhVmw\"],\"url\":\"https:\/\/sulsc.com\/index.php\/author\/redacao\/\"}]}<\/script>\n<!-- \/ Yoast SEO plugin. -->","yoast_head_json":{"title":"Ladr\u00e3o \u00e9 preso em flagrante tentando furtar ve\u00edculo -","robots":{"index":"index","follow":"follow","max-snippet":"max-snippet:-1","max-image-preview":"max-image-preview:large","max-video-preview":"max-video-preview:-1"},"canonical":"https:\/\/sulsc.com\/index.php\/2025\/01\/06\/ladrao-e-preso-em-flagrante-tentando-furtar-veiculo\/","og_locale":"en_US","og_type":"article","og_title":"Ladr\u00e3o \u00e9 preso em flagrante tentando furtar ve\u00edculo -","og_description":"Um homem de 41 anos foi preso em flagrante neste domingo (05), ap\u00f3s tentar furtar um ve\u00edculo em um estabelecimento comercial localizado no bairro S\u00e3o Jo\u00e3o Margem Esquerda, em Tubar\u00e3o. O propriet\u00e1rio do estabelecimento, ao perceber a a\u00e7\u00e3o criminosa, conteve o suspeito at\u00e9 a chegada da pol\u00edcia. Segundo informa\u00e7\u00f5es, o homem tentava remover fios e &hellip; Ladr\u00e3o \u00e9 preso em flagrante tentando furtar ve\u00edculo Read More &raquo;","og_url":"https:\/\/sulsc.com\/index.php\/2025\/01\/06\/ladrao-e-preso-em-flagrante-tentando-furtar-veiculo\/","article_author":"https:\/\/www.facebook.com\/profile.php?id=61559278119680","article_published_time":"2025-01-06T11:25:18+00:00","og_image":[{"width":1200,"height":800,"url":"http:\/\/sulsc.com\/wp-content\/uploads\/2025\/01\/roubo-de-carro.jpg","type":"image\/jpeg"}],"author":"Reda\u00e7\u00e3o Sul SC","twitter_card":"summary_large_image","twitter_creator":"@https:\/\/twitter.com\/PortalSulSC","twitter_misc":{"Written by":"Reda\u00e7\u00e3o Sul SC","Est. reading time":"1 minute"},"schema":{"@context":"https:\/\/schema.org","@graph":[{"@type":"WebPage","@id":"https:\/\/sulsc.com\/index.php\/2025\/01\/06\/ladrao-e-preso-em-flagrante-tentando-furtar-veiculo\/","url":"https:\/\/sulsc.com\/index.php\/2025\/01\/06\/ladrao-e-preso-em-flagrante-tentando-furtar-veiculo\/","name":"Ladr\u00e3o \u00e9 preso em flagrante tentando furtar ve\u00edculo -","isPartOf":{"@id":"https:\/\/sulsc.com\/#website"},"datePublished":"2025-01-06T11:25:18+00:00","dateModified":"2025-01-06T11:25:18+00:00","author":{"@id":"https:\/\/sulsc.com\/#\/schema\/person\/84d2fc571684f6248ba83092f07750a3"},"breadcrumb":{"@id":"https:\/\/sulsc.com\/index.php\/2025\/01\/06\/ladrao-e-preso-em-flagrante-tentando-furtar-veiculo\/#breadcrumb"},"inLanguage":"en-US","potentialAction":[{"@type":"ReadAction","target":["https:\/\/sulsc.com\/index.php\/2025\/01\/06\/ladrao-e-preso-em-flagrante-tentando-furtar-veiculo\/"]}]},{"@type":"BreadcrumbList","@id":"https:\/\/sulsc.com\/index.php\/2025\/01\/06\/ladrao-e-preso-em-flagrante-tentando-furtar-veiculo\/#breadcrumb","itemListElement":[{"@type":"ListItem","position":1,"name":"In\u00edcio","item":"https:\/\/sulsc.com\/"},{"@type":"ListItem","position":2,"name":"Ladr\u00e3o \u00e9 preso em flagrante tentando furtar ve\u00edculo"}]},{"@type":"WebSite","@id":"https:\/\/sulsc.com\/#website","url":"https:\/\/sulsc.com\/","name":"","description":"","potentialAction":[{"@type":"SearchAction","target":{"@type":"EntryPoint","urlTemplate":"https:\/\/sulsc.com\/?s={search_term_string}"},"query-input":"required name=search_term_string"}],"inLanguage":"en-US"},{"@type":"Person","@id":"https:\/\/sulsc.com\/#\/schema\/person\/84d2fc571684f6248ba83092f07750a3","name":"Reda\u00e7\u00e3o Sul SC","image":{"@type":"ImageObject","inLanguage":"en-US","@id":"https:\/\/sulsc.com\/#\/schema\/person\/image\/e08d7fe2cc4ed596372063bbe852b8d0","url":"https:\/\/sulsc.com\/wp-content\/uploads\/2023\/09\/redacao.png","contentUrl":"https:\/\/sulsc.com\/wp-content\/uploads\/2023\/09\/redacao.png","caption":"Reda\u00e7\u00e3o Sul SC"},"description":"Foco em um jornalismo imparcial, voltado \u00e0 qualidade dos seus conte\u00fados e, assim, levar informa\u00e7\u00e3o de valor que agregue \u00e0 vida dos leitores. Esta \u00e9 grande miss\u00e3o do Portal de Not\u00edcias Sul SC. N\u00e3o \u00e9 quantidade que muda o mundo, sempre foi e seguir\u00e1 sendo qualidade!","sameAs":["https:\/\/sulsc.com\/","https:\/\/www.facebook.com\/profile.php?id=61559278119680","https:\/\/www.instagram.com\/sulscportal\/?hl=pt-br","https:\/\/twitter.com\/https:\/\/twitter.com\/PortalSulSC","https:\/\/www.youtube.com\/channel\/UCv_BE8GeySluDov2n8qhVmw"],"url":"https:\/\/sulsc.com\/index.php\/author\/redacao\/"}]}},"authors":[],"_links":{"self":[{"href":"https:\/\/sulsc.com\/index.php\/wp-json\/wp\/v2\/posts\/18903"}],"collection":[{"href":"https:\/\/sulsc.com\/index.php\/wp-json\/wp\/v2\/posts"}],"about":[{"href":"https:\/\/sulsc.com\/index.php\/wp-json\/wp\/v2\/types\/post"}],"author":[{"embeddable":true,"href":"https:\/\/sulsc.com\/index.php\/wp-json\/wp\/v2\/users\/3"}],"replies":[{"embeddable":true,"href":"https:\/\/sulsc.com\/index.php\/wp-json\/wp\/v2\/comments?post=18903"}],"version-history":[{"count":1,"href":"https:\/\/sulsc.com\/index.php\/wp-json\/wp\/v2\/posts\/18903\/revisions"}],"predecessor-version":[{"id":18905,"href":"https:\/\/sulsc.com\/index.php\/wp-json\/wp\/v2\/posts\/18903\/revisions\/18905"}],"wp:featuredmedia":[{"embeddable":true,"href":"https:\/\/sulsc.com\/index.php\/wp-json\/wp\/v2\/media\/18904"}],"wp:attachment":[{"href":"https:\/\/sulsc.com\/index.php\/wp-json\/wp\/v2\/media?parent=18903"}],"wp:term":[{"taxonomy":"category","embeddable":true,"href":"https:\/\/sulsc.com\/index.php\/wp-json\/wp\/v2\/categories?post=18903"},{"taxonomy":"post_tag","embeddable":true,"href":"https:\/\/sulsc.com\/index.php\/wp-json\/wp\/v2\/tags?post=18903"}],"curies":[{"name":"wp","href":"https:\/\/api.w.org\/{rel}","templated":true}]}}