{"id":19004,"date":"2025-01-08T08:47:17","date_gmt":"2025-01-08T11:47:17","guid":{"rendered":"https:\/\/sulsc.com\/?p=19004"},"modified":"2025-01-08T08:47:17","modified_gmt":"2025-01-08T11:47:17","slug":"quarta-feira-08-com-pancadas-de-chuva-e-aberturas-de-sol-no-decorrer-do-dia","status":"publish","type":"post","link":"https:\/\/sulsc.com\/index.php\/2025\/01\/08\/quarta-feira-08-com-pancadas-de-chuva-e-aberturas-de-sol-no-decorrer-do-dia\/","title":{"rendered":"Quarta-feira (08) com pancadas de chuva e aberturas de sol no decorrer do dia"},"content":{"rendered":"<p>A circula\u00e7\u00e3o mar\u00edtima mant\u00e9m o tempo inst\u00e1vel e com condi\u00e7\u00f5es para chuva fraca\/moderada a qualquer hora no litoral e em \u00e1reas pr\u00f3ximas nesta quarta-feira (08). Com a presen\u00e7a do sol, as temperaturas disparam e entre a tarde e noite, o calor somado a atua\u00e7\u00e3o de uma baixa press\u00e3o no interior do continente, favorece a forma\u00e7\u00e3o de pancadas de chuva e temporais isolados do Oeste aos Planaltos.\u00a0O risco \u00e9 baixo a pontualmente moderado para ocorr\u00eancias associadas \u00e0 chuva e aos temporais.<\/p>\n<p><img fetchpriority=\"high\" decoding=\"async\" class=\"aligncenter size-full wp-image-19005\" src=\"http:\/\/sulsc.com\/wp-content\/uploads\/2025\/01\/4.png\" alt=\"\" width=\"1473\" height=\"996\" srcset=\"https:\/\/sulsc.com\/wp-content\/uploads\/2025\/01\/4.png 1473w, https:\/\/sulsc.com\/wp-content\/uploads\/2025\/01\/4-300x203.png 300w, https:\/\/sulsc.com\/wp-content\/uploads\/2025\/01\/4-1024x692.png 1024w, https:\/\/sulsc.com\/wp-content\/uploads\/2025\/01\/4-768x519.png 768w\" sizes=\"(max-width: 1473px) 100vw, 1473px\" \/><\/p>\n<p><img decoding=\"async\" class=\"aligncenter  wp-image-17436\" src=\"http:\/\/sulsc.com\/wp-content\/uploads\/2024\/11\/Tempo-2.png\" alt=\"\" width=\"697\" height=\"129\" srcset=\"https:\/\/sulsc.com\/wp-content\/uploads\/2024\/11\/Tempo-2.png 1024w, https:\/\/sulsc.com\/wp-content\/uploads\/2024\/11\/Tempo-2-300x55.png 300w, https:\/\/sulsc.com\/wp-content\/uploads\/2024\/11\/Tempo-2-768x142.png 768w\" sizes=\"(max-width: 697px) 100vw, 697px\" \/><\/p>\n<p><strong>Temperaturas<\/strong><\/p>\n<p>No amanhecer, as m\u00ednimas variam de 13 a 17\u00b0C no Grande Oeste e Planaltos e ficam entre 18 e 22\u00b0C no litoral e proximidades. \u00c0 tarde as m\u00e1ximas se aproximam dos 35\u00b0C no Grande Oeste, mas n\u00e3o passam dos 26\u00b0C na metade leste de SC.<\/p>\n<p>Fonte: Defesa Civil SC\/Meteorologista: J\u00e9ssica Silva<\/p>\n<p>Foto\/Portal Sulsc<\/p>\n","protected":false},"excerpt":{"rendered":"<p>A circula\u00e7\u00e3o mar\u00edtima mant\u00e9m o tempo inst\u00e1vel e com condi\u00e7\u00f5es para chuva fraca\/moderada a qualquer hora no litoral e em \u00e1reas pr\u00f3ximas nesta quarta-feira (08). Com a presen\u00e7a do sol, as temperaturas disparam e entre a tarde e noite, o calor somado a atua\u00e7\u00e3o de uma baixa press\u00e3o no interior do continente, favorece a forma\u00e7\u00e3o &hellip;<\/p>\n<p class=\"read-more\"> <a class=\"\" href=\"https:\/\/sulsc.com\/index.php\/2025\/01\/08\/quarta-feira-08-com-pancadas-de-chuva-e-aberturas-de-sol-no-decorrer-do-dia\/\"> <span class=\"screen-reader-text\">Quarta-feira (08) com pancadas de chuva e aberturas de sol no decorrer do dia<\/span> Read More &raquo;<\/a><\/p>\n","protected":false},"author":3,"featured_media":19010,"comment_status":"open","ping_status":"open","sticky":false,"template":"","format":"standard","meta":{"site-sidebar-layout":"default","site-content-layout":"","ast-site-content-layout":"default","site-content-style":"default","site-sidebar-style":"default","ast-global-header-display":"","ast-banner-title-visibility":"","ast-main-header-display":"","ast-hfb-above-header-display":"","ast-hfb-below-header-display":"","ast-hfb-mobile-header-display":"","site-post-title":"","ast-breadcrumbs-content":"","ast-featured-img":"","footer-sml-layout":"","theme-transparent-header-meta":"default","adv-header-id-meta":"","stick-header-meta":"","header-above-stick-meta":"","header-main-stick-meta":"","header-below-stick-meta":"","astra-migrate-meta-layouts":"set","footnotes":""},"categories":[38],"tags":[90],"yoast_head":"<!-- This site is optimized with the Yoast SEO plugin v21.4 - https:\/\/yoast.com\/wordpress\/plugins\/seo\/ -->\n<title>Quarta-feira (08) com pancadas de chuva e aberturas de sol no decorrer do dia -<\/title>\n<meta name=\"description\" content=\"Com a presen\u00e7a do sol as temperaturas disparam e entre a tarde e noite favorece a forma\u00e7\u00e3o de pancadas de chuva e temporais isolados\" \/>\n<meta name=\"robots\" content=\"index, follow, max-snippet:-1, max-image-preview:large, max-video-preview:-1\" \/>\n<link rel=\"canonical\" href=\"https:\/\/sulsc.com\/index.php\/2025\/01\/08\/quarta-feira-08-com-pancadas-de-chuva-e-aberturas-de-sol-no-decorrer-do-dia\/\" \/>\n<meta property=\"og:locale\" content=\"en_US\" \/>\n<meta property=\"og:type\" content=\"article\" \/>\n<meta property=\"og:title\" content=\"Quarta-feira (08) com pancadas de chuva e aberturas de sol no decorrer do dia -\" \/>\n<meta property=\"og:description\" content=\"Com a presen\u00e7a do sol as temperaturas disparam e entre a tarde e noite favorece a forma\u00e7\u00e3o de pancadas de chuva e temporais isolados\" \/>\n<meta property=\"og:url\" content=\"https:\/\/sulsc.com\/index.php\/2025\/01\/08\/quarta-feira-08-com-pancadas-de-chuva-e-aberturas-de-sol-no-decorrer-do-dia\/\" \/>\n<meta property=\"article:author\" content=\"https:\/\/www.facebook.com\/profile.php?id=61559278119680\" \/>\n<meta property=\"article:published_time\" content=\"2025-01-08T11:47:17+00:00\" \/>\n<meta property=\"og:image\" content=\"http:\/\/sulsc.com\/wp-content\/uploads\/2025\/01\/galheta.jpg\" \/>\n\t<meta property=\"og:image:width\" content=\"900\" \/>\n\t<meta property=\"og:image:height\" content=\"1600\" \/>\n\t<meta property=\"og:image:type\" content=\"image\/jpeg\" \/>\n<meta name=\"author\" content=\"Reda\u00e7\u00e3o Sul SC\" \/>\n<meta name=\"twitter:card\" content=\"summary_large_image\" \/>\n<meta name=\"twitter:creator\" content=\"@https:\/\/twitter.com\/PortalSulSC\" \/>\n<meta name=\"twitter:label1\" content=\"Written by\" \/>\n\t<meta name=\"twitter:data1\" content=\"Reda\u00e7\u00e3o Sul SC\" \/>\n\t<meta name=\"twitter:label2\" content=\"Est. reading time\" \/>\n\t<meta name=\"twitter:data2\" content=\"1 minute\" \/>\n<script type=\"application\/ld+json\" class=\"yoast-schema-graph\">{\"@context\":\"https:\/\/schema.org\",\"@graph\":[{\"@type\":\"WebPage\",\"@id\":\"https:\/\/sulsc.com\/index.php\/2025\/01\/08\/quarta-feira-08-com-pancadas-de-chuva-e-aberturas-de-sol-no-decorrer-do-dia\/\",\"url\":\"https:\/\/sulsc.com\/index.php\/2025\/01\/08\/quarta-feira-08-com-pancadas-de-chuva-e-aberturas-de-sol-no-decorrer-do-dia\/\",\"name\":\"Quarta-feira (08) com pancadas de chuva e aberturas de sol no decorrer do dia -\",\"isPartOf\":{\"@id\":\"https:\/\/sulsc.com\/#website\"},\"datePublished\":\"2025-01-08T11:47:17+00:00\",\"dateModified\":\"2025-01-08T11:47:17+00:00\",\"author\":{\"@id\":\"https:\/\/sulsc.com\/#\/schema\/person\/84d2fc571684f6248ba83092f07750a3\"},\"description\":\"Com a presen\u00e7a do sol as temperaturas disparam e entre a tarde e noite favorece a forma\u00e7\u00e3o de pancadas de chuva e temporais isolados\",\"breadcrumb\":{\"@id\":\"https:\/\/sulsc.com\/index.php\/2025\/01\/08\/quarta-feira-08-com-pancadas-de-chuva-e-aberturas-de-sol-no-decorrer-do-dia\/#breadcrumb\"},\"inLanguage\":\"en-US\",\"potentialAction\":[{\"@type\":\"ReadAction\",\"target\":[\"https:\/\/sulsc.com\/index.php\/2025\/01\/08\/quarta-feira-08-com-pancadas-de-chuva-e-aberturas-de-sol-no-decorrer-do-dia\/\"]}]},{\"@type\":\"BreadcrumbList\",\"@id\":\"https:\/\/sulsc.com\/index.php\/2025\/01\/08\/quarta-feira-08-com-pancadas-de-chuva-e-aberturas-de-sol-no-decorrer-do-dia\/#breadcrumb\",\"itemListElement\":[{\"@type\":\"ListItem\",\"position\":1,\"name\":\"In\u00edcio\",\"item\":\"https:\/\/sulsc.com\/\"},{\"@type\":\"ListItem\",\"position\":2,\"name\":\"Quarta-feira (08) com pancadas de chuva e aberturas de sol no decorrer do dia\"}]},{\"@type\":\"WebSite\",\"@id\":\"https:\/\/sulsc.com\/#website\",\"url\":\"https:\/\/sulsc.com\/\",\"name\":\"\",\"description\":\"\",\"potentialAction\":[{\"@type\":\"SearchAction\",\"target\":{\"@type\":\"EntryPoint\",\"urlTemplate\":\"https:\/\/sulsc.com\/?s={search_term_string}\"},\"query-input\":\"required name=search_term_string\"}],\"inLanguage\":\"en-US\"},{\"@type\":\"Person\",\"@id\":\"https:\/\/sulsc.com\/#\/schema\/person\/84d2fc571684f6248ba83092f07750a3\",\"name\":\"Reda\u00e7\u00e3o Sul SC\",\"image\":{\"@type\":\"ImageObject\",\"inLanguage\":\"en-US\",\"@id\":\"https:\/\/sulsc.com\/#\/schema\/person\/image\/e08d7fe2cc4ed596372063bbe852b8d0\",\"url\":\"https:\/\/sulsc.com\/wp-content\/uploads\/2023\/09\/redacao.png\",\"contentUrl\":\"https:\/\/sulsc.com\/wp-content\/uploads\/2023\/09\/redacao.png\",\"caption\":\"Reda\u00e7\u00e3o Sul SC\"},\"description\":\"Foco em um jornalismo imparcial, voltado \u00e0 qualidade dos seus conte\u00fados e, assim, levar informa\u00e7\u00e3o de valor que agregue \u00e0 vida dos leitores. Esta \u00e9 grande miss\u00e3o do Portal de Not\u00edcias Sul SC. N\u00e3o \u00e9 quantidade que muda o mundo, sempre foi e seguir\u00e1 sendo qualidade!\",\"sameAs\":[\"https:\/\/sulsc.com\/\",\"https:\/\/www.facebook.com\/profile.php?id=61559278119680\",\"https:\/\/www.instagram.com\/sulscportal\/?hl=pt-br\",\"https:\/\/twitter.com\/https:\/\/twitter.com\/PortalSulSC\",\"https:\/\/www.youtube.com\/channel\/UCv_BE8GeySluDov2n8qhVmw\"],\"url\":\"https:\/\/sulsc.com\/index.php\/author\/redacao\/\"}]}<\/script>\n<!-- \/ Yoast SEO plugin. -->","yoast_head_json":{"title":"Quarta-feira (08) com pancadas de chuva e aberturas de sol no decorrer do dia -","description":"Com a presen\u00e7a do sol as temperaturas disparam e entre a tarde e noite favorece a forma\u00e7\u00e3o de pancadas de chuva e temporais isolados","robots":{"index":"index","follow":"follow","max-snippet":"max-snippet:-1","max-image-preview":"max-image-preview:large","max-video-preview":"max-video-preview:-1"},"canonical":"https:\/\/sulsc.com\/index.php\/2025\/01\/08\/quarta-feira-08-com-pancadas-de-chuva-e-aberturas-de-sol-no-decorrer-do-dia\/","og_locale":"en_US","og_type":"article","og_title":"Quarta-feira (08) com pancadas de chuva e aberturas de sol no decorrer do dia -","og_description":"Com a presen\u00e7a do sol as temperaturas disparam e entre a tarde e noite favorece a forma\u00e7\u00e3o de pancadas de chuva e temporais isolados","og_url":"https:\/\/sulsc.com\/index.php\/2025\/01\/08\/quarta-feira-08-com-pancadas-de-chuva-e-aberturas-de-sol-no-decorrer-do-dia\/","article_author":"https:\/\/www.facebook.com\/profile.php?id=61559278119680","article_published_time":"2025-01-08T11:47:17+00:00","og_image":[{"width":900,"height":1600,"url":"http:\/\/sulsc.com\/wp-content\/uploads\/2025\/01\/galheta.jpg","type":"image\/jpeg"}],"author":"Reda\u00e7\u00e3o Sul SC","twitter_card":"summary_large_image","twitter_creator":"@https:\/\/twitter.com\/PortalSulSC","twitter_misc":{"Written by":"Reda\u00e7\u00e3o Sul SC","Est. reading time":"1 minute"},"schema":{"@context":"https:\/\/schema.org","@graph":[{"@type":"WebPage","@id":"https:\/\/sulsc.com\/index.php\/2025\/01\/08\/quarta-feira-08-com-pancadas-de-chuva-e-aberturas-de-sol-no-decorrer-do-dia\/","url":"https:\/\/sulsc.com\/index.php\/2025\/01\/08\/quarta-feira-08-com-pancadas-de-chuva-e-aberturas-de-sol-no-decorrer-do-dia\/","name":"Quarta-feira (08) com pancadas de chuva e aberturas de sol no decorrer do dia -","isPartOf":{"@id":"https:\/\/sulsc.com\/#website"},"datePublished":"2025-01-08T11:47:17+00:00","dateModified":"2025-01-08T11:47:17+00:00","author":{"@id":"https:\/\/sulsc.com\/#\/schema\/person\/84d2fc571684f6248ba83092f07750a3"},"description":"Com a presen\u00e7a do sol as temperaturas disparam e entre a tarde e noite favorece a forma\u00e7\u00e3o de pancadas de chuva e temporais isolados","breadcrumb":{"@id":"https:\/\/sulsc.com\/index.php\/2025\/01\/08\/quarta-feira-08-com-pancadas-de-chuva-e-aberturas-de-sol-no-decorrer-do-dia\/#breadcrumb"},"inLanguage":"en-US","potentialAction":[{"@type":"ReadAction","target":["https:\/\/sulsc.com\/index.php\/2025\/01\/08\/quarta-feira-08-com-pancadas-de-chuva-e-aberturas-de-sol-no-decorrer-do-dia\/"]}]},{"@type":"BreadcrumbList","@id":"https:\/\/sulsc.com\/index.php\/2025\/01\/08\/quarta-feira-08-com-pancadas-de-chuva-e-aberturas-de-sol-no-decorrer-do-dia\/#breadcrumb","itemListElement":[{"@type":"ListItem","position":1,"name":"In\u00edcio","item":"https:\/\/sulsc.com\/"},{"@type":"ListItem","position":2,"name":"Quarta-feira (08) com pancadas de chuva e aberturas de sol no decorrer do dia"}]},{"@type":"WebSite","@id":"https:\/\/sulsc.com\/#website","url":"https:\/\/sulsc.com\/","name":"","description":"","potentialAction":[{"@type":"SearchAction","target":{"@type":"EntryPoint","urlTemplate":"https:\/\/sulsc.com\/?s={search_term_string}"},"query-input":"required name=search_term_string"}],"inLanguage":"en-US"},{"@type":"Person","@id":"https:\/\/sulsc.com\/#\/schema\/person\/84d2fc571684f6248ba83092f07750a3","name":"Reda\u00e7\u00e3o Sul SC","image":{"@type":"ImageObject","inLanguage":"en-US","@id":"https:\/\/sulsc.com\/#\/schema\/person\/image\/e08d7fe2cc4ed596372063bbe852b8d0","url":"https:\/\/sulsc.com\/wp-content\/uploads\/2023\/09\/redacao.png","contentUrl":"https:\/\/sulsc.com\/wp-content\/uploads\/2023\/09\/redacao.png","caption":"Reda\u00e7\u00e3o Sul SC"},"description":"Foco em um jornalismo imparcial, voltado \u00e0 qualidade dos seus conte\u00fados e, assim, levar informa\u00e7\u00e3o de valor que agregue \u00e0 vida dos leitores. Esta \u00e9 grande miss\u00e3o do Portal de Not\u00edcias Sul SC. N\u00e3o \u00e9 quantidade que muda o mundo, sempre foi e seguir\u00e1 sendo qualidade!","sameAs":["https:\/\/sulsc.com\/","https:\/\/www.facebook.com\/profile.php?id=61559278119680","https:\/\/www.instagram.com\/sulscportal\/?hl=pt-br","https:\/\/twitter.com\/https:\/\/twitter.com\/PortalSulSC","https:\/\/www.youtube.com\/channel\/UCv_BE8GeySluDov2n8qhVmw"],"url":"https:\/\/sulsc.com\/index.php\/author\/redacao\/"}]}},"authors":[],"_links":{"self":[{"href":"https:\/\/sulsc.com\/index.php\/wp-json\/wp\/v2\/posts\/19004"}],"collection":[{"href":"https:\/\/sulsc.com\/index.php\/wp-json\/wp\/v2\/posts"}],"about":[{"href":"https:\/\/sulsc.com\/index.php\/wp-json\/wp\/v2\/types\/post"}],"author":[{"embeddable":true,"href":"https:\/\/sulsc.com\/index.php\/wp-json\/wp\/v2\/users\/3"}],"replies":[{"embeddable":true,"href":"https:\/\/sulsc.com\/index.php\/wp-json\/wp\/v2\/comments?post=19004"}],"version-history":[{"count":1,"href":"https:\/\/sulsc.com\/index.php\/wp-json\/wp\/v2\/posts\/19004\/revisions"}],"predecessor-version":[{"id":19011,"href":"https:\/\/sulsc.com\/index.php\/wp-json\/wp\/v2\/posts\/19004\/revisions\/19011"}],"wp:featuredmedia":[{"embeddable":true,"href":"https:\/\/sulsc.com\/index.php\/wp-json\/wp\/v2\/media\/19010"}],"wp:attachment":[{"href":"https:\/\/sulsc.com\/index.php\/wp-json\/wp\/v2\/media?parent=19004"}],"wp:term":[{"taxonomy":"category","embeddable":true,"href":"https:\/\/sulsc.com\/index.php\/wp-json\/wp\/v2\/categories?post=19004"},{"taxonomy":"post_tag","embeddable":true,"href":"https:\/\/sulsc.com\/index.php\/wp-json\/wp\/v2\/tags?post=19004"}],"curies":[{"name":"wp","href":"https:\/\/api.w.org\/{rel}","templated":true}]}}