{"id":19042,"date":"2025-01-09T07:56:17","date_gmt":"2025-01-09T10:56:17","guid":{"rendered":"https:\/\/sulsc.com\/?p=19042"},"modified":"2025-01-09T07:56:17","modified_gmt":"2025-01-09T10:56:17","slug":"tempo-instavel-com-pancadas-de-chuva-em-qualquer-parte-do-dia","status":"publish","type":"post","link":"https:\/\/sulsc.com\/index.php\/2025\/01\/09\/tempo-instavel-com-pancadas-de-chuva-em-qualquer-parte-do-dia\/","title":{"rendered":"Tempo inst\u00e1vel com pancadas de chuva em qualquer parte do dia"},"content":{"rendered":"<p>Nesta quinta-feira (09), a circula\u00e7\u00e3o mar\u00edtima mant\u00e9m o tempo inst\u00e1vel e com condi\u00e7\u00f5es para chuva a qualquer hora no litoral e em \u00e1reas pr\u00f3ximas. \u00c0 tarde, a soma do calor e disponibilidade de umidade, juntamente com a presen\u00e7a de uma baixa press\u00e3o no interior do continente, favorece as condi\u00e7\u00f5es para forma\u00e7\u00e3o de pancadas de chuva e temporais isolados em grande parte do estado. O risco \u00e9 baixo a moderado para ocorr\u00eancias associadas \u00e0 chuva e aos temporais, principalmente no Litoral Norte.<\/p>\n<p><img fetchpriority=\"high\" decoding=\"async\" class=\"aligncenter size-full wp-image-19043\" src=\"http:\/\/sulsc.com\/wp-content\/uploads\/2025\/01\/5-1.png\" alt=\"\" width=\"1474\" height=\"997\" srcset=\"https:\/\/sulsc.com\/wp-content\/uploads\/2025\/01\/5-1.png 1474w, https:\/\/sulsc.com\/wp-content\/uploads\/2025\/01\/5-1-300x203.png 300w, https:\/\/sulsc.com\/wp-content\/uploads\/2025\/01\/5-1-1024x693.png 1024w, https:\/\/sulsc.com\/wp-content\/uploads\/2025\/01\/5-1-768x519.png 768w\" sizes=\"(max-width: 1474px) 100vw, 1474px\" \/><\/p>\n<p><img decoding=\"async\" class=\"aligncenter  wp-image-17095\" src=\"http:\/\/sulsc.com\/wp-content\/uploads\/2024\/11\/Tempo-1.png\" alt=\"\" width=\"692\" height=\"128\" srcset=\"https:\/\/sulsc.com\/wp-content\/uploads\/2024\/11\/Tempo-1.png 1024w, https:\/\/sulsc.com\/wp-content\/uploads\/2024\/11\/Tempo-1-300x55.png 300w, https:\/\/sulsc.com\/wp-content\/uploads\/2024\/11\/Tempo-1-768x142.png 768w\" sizes=\"(max-width: 692px) 100vw, 692px\" \/><\/p>\n<p><strong>Temperaturas<\/strong><\/p>\n<p>As temperaturas m\u00ednimas variam de 13 a 19\u00b0C no Grande Oeste e Planaltos e ficam entre 16 e 22\u00b0C no litoral e proximidades. \u00c0 tarde as m\u00e1ximas se aproximam dos 35\u00b0C no Grande Oeste, e variam entre 21\u00b0C e 26\u00b0C na metade leste de SC.<\/p>\n<p>Fonte: Defesa Civil SC\/Meteorologista: J\u00e9ssica Silva<\/p>\n<p>Foto\/Portal Sulsc<\/p>\n","protected":false},"excerpt":{"rendered":"<p>Nesta quinta-feira (09), a circula\u00e7\u00e3o mar\u00edtima mant\u00e9m o tempo inst\u00e1vel e com condi\u00e7\u00f5es para chuva a qualquer hora no litoral e em \u00e1reas pr\u00f3ximas. \u00c0 tarde, a soma do calor e disponibilidade de umidade, juntamente com a presen\u00e7a de uma baixa press\u00e3o no interior do continente, favorece as condi\u00e7\u00f5es para forma\u00e7\u00e3o de pancadas de chuva &hellip;<\/p>\n<p class=\"read-more\"> <a class=\"\" href=\"https:\/\/sulsc.com\/index.php\/2025\/01\/09\/tempo-instavel-com-pancadas-de-chuva-em-qualquer-parte-do-dia\/\"> <span class=\"screen-reader-text\">Tempo inst\u00e1vel com pancadas de chuva em qualquer parte do dia<\/span> Read More &raquo;<\/a><\/p>\n","protected":false},"author":3,"featured_media":13306,"comment_status":"open","ping_status":"open","sticky":false,"template":"","format":"standard","meta":{"site-sidebar-layout":"default","site-content-layout":"","ast-site-content-layout":"default","site-content-style":"default","site-sidebar-style":"default","ast-global-header-display":"","ast-banner-title-visibility":"","ast-main-header-display":"","ast-hfb-above-header-display":"","ast-hfb-below-header-display":"","ast-hfb-mobile-header-display":"","site-post-title":"","ast-breadcrumbs-content":"","ast-featured-img":"","footer-sml-layout":"","theme-transparent-header-meta":"default","adv-header-id-meta":"","stick-header-meta":"","header-above-stick-meta":"","header-main-stick-meta":"","header-below-stick-meta":"","astra-migrate-meta-layouts":"set","footnotes":""},"categories":[38],"tags":[90],"yoast_head":"<!-- This site is optimized with the Yoast SEO plugin v21.4 - https:\/\/yoast.com\/wordpress\/plugins\/seo\/ -->\n<title>Tempo inst\u00e1vel com pancadas de chuva em qualquer parte do dia -<\/title>\n<meta name=\"description\" content=\"O risco \u00e9 baixo a moderado para ocorr\u00eancias associadas \u00e0 chuva e aos temporais principalmente no Litoral Norte\" \/>\n<meta name=\"robots\" content=\"index, follow, max-snippet:-1, max-image-preview:large, max-video-preview:-1\" \/>\n<link rel=\"canonical\" href=\"https:\/\/sulsc.com\/index.php\/2025\/01\/09\/tempo-instavel-com-pancadas-de-chuva-em-qualquer-parte-do-dia\/\" \/>\n<meta property=\"og:locale\" content=\"en_US\" \/>\n<meta property=\"og:type\" content=\"article\" \/>\n<meta property=\"og:title\" content=\"Tempo inst\u00e1vel com pancadas de chuva em qualquer parte do dia -\" \/>\n<meta property=\"og:description\" content=\"O risco \u00e9 baixo a moderado para ocorr\u00eancias associadas \u00e0 chuva e aos temporais principalmente no Litoral Norte\" \/>\n<meta property=\"og:url\" content=\"https:\/\/sulsc.com\/index.php\/2025\/01\/09\/tempo-instavel-com-pancadas-de-chuva-em-qualquer-parte-do-dia\/\" \/>\n<meta property=\"article:author\" content=\"https:\/\/www.facebook.com\/profile.php?id=61559278119680\" \/>\n<meta property=\"article:published_time\" content=\"2025-01-09T10:56:17+00:00\" \/>\n<meta property=\"og:image\" content=\"http:\/\/sulsc.com\/wp-content\/uploads\/2024\/06\/tempo.jpg\" \/>\n\t<meta property=\"og:image:width\" content=\"1500\" \/>\n\t<meta property=\"og:image:height\" content=\"1000\" \/>\n\t<meta property=\"og:image:type\" content=\"image\/jpeg\" \/>\n<meta name=\"author\" content=\"Reda\u00e7\u00e3o Sul SC\" \/>\n<meta name=\"twitter:card\" content=\"summary_large_image\" \/>\n<meta name=\"twitter:creator\" content=\"@https:\/\/twitter.com\/PortalSulSC\" \/>\n<meta name=\"twitter:label1\" content=\"Written by\" \/>\n\t<meta name=\"twitter:data1\" content=\"Reda\u00e7\u00e3o Sul SC\" \/>\n\t<meta name=\"twitter:label2\" content=\"Est. reading time\" \/>\n\t<meta name=\"twitter:data2\" content=\"1 minute\" \/>\n<script type=\"application\/ld+json\" class=\"yoast-schema-graph\">{\"@context\":\"https:\/\/schema.org\",\"@graph\":[{\"@type\":\"WebPage\",\"@id\":\"https:\/\/sulsc.com\/index.php\/2025\/01\/09\/tempo-instavel-com-pancadas-de-chuva-em-qualquer-parte-do-dia\/\",\"url\":\"https:\/\/sulsc.com\/index.php\/2025\/01\/09\/tempo-instavel-com-pancadas-de-chuva-em-qualquer-parte-do-dia\/\",\"name\":\"Tempo inst\u00e1vel com pancadas de chuva em qualquer parte do dia -\",\"isPartOf\":{\"@id\":\"https:\/\/sulsc.com\/#website\"},\"datePublished\":\"2025-01-09T10:56:17+00:00\",\"dateModified\":\"2025-01-09T10:56:17+00:00\",\"author\":{\"@id\":\"https:\/\/sulsc.com\/#\/schema\/person\/84d2fc571684f6248ba83092f07750a3\"},\"description\":\"O risco \u00e9 baixo a moderado para ocorr\u00eancias associadas \u00e0 chuva e aos temporais principalmente no Litoral Norte\",\"breadcrumb\":{\"@id\":\"https:\/\/sulsc.com\/index.php\/2025\/01\/09\/tempo-instavel-com-pancadas-de-chuva-em-qualquer-parte-do-dia\/#breadcrumb\"},\"inLanguage\":\"en-US\",\"potentialAction\":[{\"@type\":\"ReadAction\",\"target\":[\"https:\/\/sulsc.com\/index.php\/2025\/01\/09\/tempo-instavel-com-pancadas-de-chuva-em-qualquer-parte-do-dia\/\"]}]},{\"@type\":\"BreadcrumbList\",\"@id\":\"https:\/\/sulsc.com\/index.php\/2025\/01\/09\/tempo-instavel-com-pancadas-de-chuva-em-qualquer-parte-do-dia\/#breadcrumb\",\"itemListElement\":[{\"@type\":\"ListItem\",\"position\":1,\"name\":\"In\u00edcio\",\"item\":\"https:\/\/sulsc.com\/\"},{\"@type\":\"ListItem\",\"position\":2,\"name\":\"Tempo inst\u00e1vel com pancadas de chuva em qualquer parte do dia\"}]},{\"@type\":\"WebSite\",\"@id\":\"https:\/\/sulsc.com\/#website\",\"url\":\"https:\/\/sulsc.com\/\",\"name\":\"\",\"description\":\"\",\"potentialAction\":[{\"@type\":\"SearchAction\",\"target\":{\"@type\":\"EntryPoint\",\"urlTemplate\":\"https:\/\/sulsc.com\/?s={search_term_string}\"},\"query-input\":\"required name=search_term_string\"}],\"inLanguage\":\"en-US\"},{\"@type\":\"Person\",\"@id\":\"https:\/\/sulsc.com\/#\/schema\/person\/84d2fc571684f6248ba83092f07750a3\",\"name\":\"Reda\u00e7\u00e3o Sul SC\",\"image\":{\"@type\":\"ImageObject\",\"inLanguage\":\"en-US\",\"@id\":\"https:\/\/sulsc.com\/#\/schema\/person\/image\/e08d7fe2cc4ed596372063bbe852b8d0\",\"url\":\"https:\/\/sulsc.com\/wp-content\/uploads\/2023\/09\/redacao.png\",\"contentUrl\":\"https:\/\/sulsc.com\/wp-content\/uploads\/2023\/09\/redacao.png\",\"caption\":\"Reda\u00e7\u00e3o Sul SC\"},\"description\":\"Foco em um jornalismo imparcial, voltado \u00e0 qualidade dos seus conte\u00fados e, assim, levar informa\u00e7\u00e3o de valor que agregue \u00e0 vida dos leitores. Esta \u00e9 grande miss\u00e3o do Portal de Not\u00edcias Sul SC. N\u00e3o \u00e9 quantidade que muda o mundo, sempre foi e seguir\u00e1 sendo qualidade!\",\"sameAs\":[\"https:\/\/sulsc.com\/\",\"https:\/\/www.facebook.com\/profile.php?id=61559278119680\",\"https:\/\/www.instagram.com\/sulscportal\/?hl=pt-br\",\"https:\/\/twitter.com\/https:\/\/twitter.com\/PortalSulSC\",\"https:\/\/www.youtube.com\/channel\/UCv_BE8GeySluDov2n8qhVmw\"],\"url\":\"https:\/\/sulsc.com\/index.php\/author\/redacao\/\"}]}<\/script>\n<!-- \/ Yoast SEO plugin. -->","yoast_head_json":{"title":"Tempo inst\u00e1vel com pancadas de chuva em qualquer parte do dia -","description":"O risco \u00e9 baixo a moderado para ocorr\u00eancias associadas \u00e0 chuva e aos temporais principalmente no Litoral Norte","robots":{"index":"index","follow":"follow","max-snippet":"max-snippet:-1","max-image-preview":"max-image-preview:large","max-video-preview":"max-video-preview:-1"},"canonical":"https:\/\/sulsc.com\/index.php\/2025\/01\/09\/tempo-instavel-com-pancadas-de-chuva-em-qualquer-parte-do-dia\/","og_locale":"en_US","og_type":"article","og_title":"Tempo inst\u00e1vel com pancadas de chuva em qualquer parte do dia -","og_description":"O risco \u00e9 baixo a moderado para ocorr\u00eancias associadas \u00e0 chuva e aos temporais principalmente no Litoral Norte","og_url":"https:\/\/sulsc.com\/index.php\/2025\/01\/09\/tempo-instavel-com-pancadas-de-chuva-em-qualquer-parte-do-dia\/","article_author":"https:\/\/www.facebook.com\/profile.php?id=61559278119680","article_published_time":"2025-01-09T10:56:17+00:00","og_image":[{"width":1500,"height":1000,"url":"http:\/\/sulsc.com\/wp-content\/uploads\/2024\/06\/tempo.jpg","type":"image\/jpeg"}],"author":"Reda\u00e7\u00e3o Sul SC","twitter_card":"summary_large_image","twitter_creator":"@https:\/\/twitter.com\/PortalSulSC","twitter_misc":{"Written by":"Reda\u00e7\u00e3o Sul SC","Est. reading time":"1 minute"},"schema":{"@context":"https:\/\/schema.org","@graph":[{"@type":"WebPage","@id":"https:\/\/sulsc.com\/index.php\/2025\/01\/09\/tempo-instavel-com-pancadas-de-chuva-em-qualquer-parte-do-dia\/","url":"https:\/\/sulsc.com\/index.php\/2025\/01\/09\/tempo-instavel-com-pancadas-de-chuva-em-qualquer-parte-do-dia\/","name":"Tempo inst\u00e1vel com pancadas de chuva em qualquer parte do dia -","isPartOf":{"@id":"https:\/\/sulsc.com\/#website"},"datePublished":"2025-01-09T10:56:17+00:00","dateModified":"2025-01-09T10:56:17+00:00","author":{"@id":"https:\/\/sulsc.com\/#\/schema\/person\/84d2fc571684f6248ba83092f07750a3"},"description":"O risco \u00e9 baixo a moderado para ocorr\u00eancias associadas \u00e0 chuva e aos temporais principalmente no Litoral Norte","breadcrumb":{"@id":"https:\/\/sulsc.com\/index.php\/2025\/01\/09\/tempo-instavel-com-pancadas-de-chuva-em-qualquer-parte-do-dia\/#breadcrumb"},"inLanguage":"en-US","potentialAction":[{"@type":"ReadAction","target":["https:\/\/sulsc.com\/index.php\/2025\/01\/09\/tempo-instavel-com-pancadas-de-chuva-em-qualquer-parte-do-dia\/"]}]},{"@type":"BreadcrumbList","@id":"https:\/\/sulsc.com\/index.php\/2025\/01\/09\/tempo-instavel-com-pancadas-de-chuva-em-qualquer-parte-do-dia\/#breadcrumb","itemListElement":[{"@type":"ListItem","position":1,"name":"In\u00edcio","item":"https:\/\/sulsc.com\/"},{"@type":"ListItem","position":2,"name":"Tempo inst\u00e1vel com pancadas de chuva em qualquer parte do dia"}]},{"@type":"WebSite","@id":"https:\/\/sulsc.com\/#website","url":"https:\/\/sulsc.com\/","name":"","description":"","potentialAction":[{"@type":"SearchAction","target":{"@type":"EntryPoint","urlTemplate":"https:\/\/sulsc.com\/?s={search_term_string}"},"query-input":"required name=search_term_string"}],"inLanguage":"en-US"},{"@type":"Person","@id":"https:\/\/sulsc.com\/#\/schema\/person\/84d2fc571684f6248ba83092f07750a3","name":"Reda\u00e7\u00e3o Sul SC","image":{"@type":"ImageObject","inLanguage":"en-US","@id":"https:\/\/sulsc.com\/#\/schema\/person\/image\/e08d7fe2cc4ed596372063bbe852b8d0","url":"https:\/\/sulsc.com\/wp-content\/uploads\/2023\/09\/redacao.png","contentUrl":"https:\/\/sulsc.com\/wp-content\/uploads\/2023\/09\/redacao.png","caption":"Reda\u00e7\u00e3o Sul SC"},"description":"Foco em um jornalismo imparcial, voltado \u00e0 qualidade dos seus conte\u00fados e, assim, levar informa\u00e7\u00e3o de valor que agregue \u00e0 vida dos leitores. Esta \u00e9 grande miss\u00e3o do Portal de Not\u00edcias Sul SC. N\u00e3o \u00e9 quantidade que muda o mundo, sempre foi e seguir\u00e1 sendo qualidade!","sameAs":["https:\/\/sulsc.com\/","https:\/\/www.facebook.com\/profile.php?id=61559278119680","https:\/\/www.instagram.com\/sulscportal\/?hl=pt-br","https:\/\/twitter.com\/https:\/\/twitter.com\/PortalSulSC","https:\/\/www.youtube.com\/channel\/UCv_BE8GeySluDov2n8qhVmw"],"url":"https:\/\/sulsc.com\/index.php\/author\/redacao\/"}]}},"authors":[],"_links":{"self":[{"href":"https:\/\/sulsc.com\/index.php\/wp-json\/wp\/v2\/posts\/19042"}],"collection":[{"href":"https:\/\/sulsc.com\/index.php\/wp-json\/wp\/v2\/posts"}],"about":[{"href":"https:\/\/sulsc.com\/index.php\/wp-json\/wp\/v2\/types\/post"}],"author":[{"embeddable":true,"href":"https:\/\/sulsc.com\/index.php\/wp-json\/wp\/v2\/users\/3"}],"replies":[{"embeddable":true,"href":"https:\/\/sulsc.com\/index.php\/wp-json\/wp\/v2\/comments?post=19042"}],"version-history":[{"count":1,"href":"https:\/\/sulsc.com\/index.php\/wp-json\/wp\/v2\/posts\/19042\/revisions"}],"predecessor-version":[{"id":19044,"href":"https:\/\/sulsc.com\/index.php\/wp-json\/wp\/v2\/posts\/19042\/revisions\/19044"}],"wp:featuredmedia":[{"embeddable":true,"href":"https:\/\/sulsc.com\/index.php\/wp-json\/wp\/v2\/media\/13306"}],"wp:attachment":[{"href":"https:\/\/sulsc.com\/index.php\/wp-json\/wp\/v2\/media?parent=19042"}],"wp:term":[{"taxonomy":"category","embeddable":true,"href":"https:\/\/sulsc.com\/index.php\/wp-json\/wp\/v2\/categories?post=19042"},{"taxonomy":"post_tag","embeddable":true,"href":"https:\/\/sulsc.com\/index.php\/wp-json\/wp\/v2\/tags?post=19042"}],"curies":[{"name":"wp","href":"https:\/\/api.w.org\/{rel}","templated":true}]}}