{"id":19068,"date":"2025-01-10T09:16:49","date_gmt":"2025-01-10T12:16:49","guid":{"rendered":"https:\/\/sulsc.com\/?p=19068"},"modified":"2025-01-10T09:16:49","modified_gmt":"2025-01-10T12:16:49","slug":"sexta-feira-10-com-sol-mas-com-periodo-de-nebulosidade-durante-todo-o-dia","status":"publish","type":"post","link":"https:\/\/sulsc.com\/index.php\/2025\/01\/10\/sexta-feira-10-com-sol-mas-com-periodo-de-nebulosidade-durante-todo-o-dia\/","title":{"rendered":"Sexta-feira (10) com sol mas com per\u00edodo de nebulosidade durante todo o dia"},"content":{"rendered":"<p>A circula\u00e7\u00e3o mar\u00edtima continua mantendo a varia\u00e7\u00e3o de nebulosidade e condi\u00e7\u00f5es para chuva fraca na metade leste de Santa Catarina nesta sexta-feira (10).<\/p>\n<p>Do Oeste aos Planaltos, o calor somado a disponibilidade de umidade na atmosfera e a atua\u00e7\u00e3o de uma baixa press\u00e3o no interior do continente, favorece a forma\u00e7\u00e3o de pancadas de chuva e temporais de ver\u00e3o isolados, entre a tarde e \u00e0 noite.<\/p>\n<p><img fetchpriority=\"high\" decoding=\"async\" class=\"aligncenter size-full wp-image-19069\" src=\"http:\/\/sulsc.com\/wp-content\/uploads\/2025\/01\/6-1.png\" alt=\"\" width=\"1473\" height=\"1000\" srcset=\"https:\/\/sulsc.com\/wp-content\/uploads\/2025\/01\/6-1.png 1473w, https:\/\/sulsc.com\/wp-content\/uploads\/2025\/01\/6-1-300x204.png 300w, https:\/\/sulsc.com\/wp-content\/uploads\/2025\/01\/6-1-1024x695.png 1024w, https:\/\/sulsc.com\/wp-content\/uploads\/2025\/01\/6-1-768x521.png 768w\" sizes=\"(max-width: 1473px) 100vw, 1473px\" \/><\/p>\n<p><img decoding=\"async\" class=\"aligncenter  wp-image-17095\" src=\"http:\/\/sulsc.com\/wp-content\/uploads\/2024\/11\/Tempo-1.png\" alt=\"\" width=\"702\" height=\"130\" srcset=\"https:\/\/sulsc.com\/wp-content\/uploads\/2024\/11\/Tempo-1.png 1024w, https:\/\/sulsc.com\/wp-content\/uploads\/2024\/11\/Tempo-1-300x55.png 300w, https:\/\/sulsc.com\/wp-content\/uploads\/2024\/11\/Tempo-1-768x142.png 768w\" sizes=\"(max-width: 702px) 100vw, 702px\" \/><\/p>\n<p><strong>Temperaturas<\/strong><\/p>\n<p>O risco \u00e9 baixo para ocorr\u00eancias associadas. No amanhecer, os term\u00f4metros variam entre 12 e 20\u00b0C no estado e, \u00e0 tarde, as m\u00e1ximas se aproximam dos 35\u00b0C no Oeste e variam entre 19 e 27\u00b0C nas demais regi\u00f5es catarinenses.<\/p>\n<p>Fonte: Defesa Civil SC\/Meteorologista: J\u00e9ssica Silva<\/p>\n<p>Foto\/Portal Sulsc<\/p>\n","protected":false},"excerpt":{"rendered":"<p>A circula\u00e7\u00e3o mar\u00edtima continua mantendo a varia\u00e7\u00e3o de nebulosidade e condi\u00e7\u00f5es para chuva fraca na metade leste de Santa Catarina nesta sexta-feira (10). Do Oeste aos Planaltos, o calor somado a disponibilidade de umidade na atmosfera e a atua\u00e7\u00e3o de uma baixa press\u00e3o no interior do continente, favorece a forma\u00e7\u00e3o de pancadas de chuva e &hellip;<\/p>\n<p class=\"read-more\"> <a class=\"\" href=\"https:\/\/sulsc.com\/index.php\/2025\/01\/10\/sexta-feira-10-com-sol-mas-com-periodo-de-nebulosidade-durante-todo-o-dia\/\"> <span class=\"screen-reader-text\">Sexta-feira (10) com sol mas com per\u00edodo de nebulosidade durante todo o dia<\/span> Read More &raquo;<\/a><\/p>\n","protected":false},"author":3,"featured_media":19073,"comment_status":"open","ping_status":"open","sticky":false,"template":"","format":"standard","meta":{"site-sidebar-layout":"default","site-content-layout":"","ast-site-content-layout":"default","site-content-style":"default","site-sidebar-style":"default","ast-global-header-display":"","ast-banner-title-visibility":"","ast-main-header-display":"","ast-hfb-above-header-display":"","ast-hfb-below-header-display":"","ast-hfb-mobile-header-display":"","site-post-title":"","ast-breadcrumbs-content":"","ast-featured-img":"","footer-sml-layout":"","theme-transparent-header-meta":"default","adv-header-id-meta":"","stick-header-meta":"","header-above-stick-meta":"","header-main-stick-meta":"","header-below-stick-meta":"","astra-migrate-meta-layouts":"set","footnotes":""},"categories":[38],"tags":[90],"yoast_head":"<!-- This site is optimized with the Yoast SEO plugin v21.4 - https:\/\/yoast.com\/wordpress\/plugins\/seo\/ -->\n<title>Sexta-feira (10) com sol mas com per\u00edodo de nebulosidade durante todo o dia -<\/title>\n<meta name=\"description\" content=\"Do Oeste aos Planaltos o calor somado a disponibilidade de umidade favorece a forma\u00e7\u00e3o de pancadas de chuva e temporais de ver\u00e3o\" \/>\n<meta name=\"robots\" content=\"index, follow, max-snippet:-1, max-image-preview:large, max-video-preview:-1\" \/>\n<link rel=\"canonical\" href=\"https:\/\/sulsc.com\/index.php\/2025\/01\/10\/sexta-feira-10-com-sol-mas-com-periodo-de-nebulosidade-durante-todo-o-dia\/\" \/>\n<meta property=\"og:locale\" content=\"en_US\" \/>\n<meta property=\"og:type\" content=\"article\" \/>\n<meta property=\"og:title\" content=\"Sexta-feira (10) com sol mas com per\u00edodo de nebulosidade durante todo o dia -\" \/>\n<meta property=\"og:description\" content=\"Do Oeste aos Planaltos o calor somado a disponibilidade de umidade favorece a forma\u00e7\u00e3o de pancadas de chuva e temporais de ver\u00e3o\" \/>\n<meta property=\"og:url\" content=\"https:\/\/sulsc.com\/index.php\/2025\/01\/10\/sexta-feira-10-com-sol-mas-com-periodo-de-nebulosidade-durante-todo-o-dia\/\" \/>\n<meta property=\"article:author\" content=\"https:\/\/www.facebook.com\/profile.php?id=61559278119680\" \/>\n<meta property=\"article:published_time\" content=\"2025-01-10T12:16:49+00:00\" \/>\n<meta property=\"og:image\" content=\"http:\/\/sulsc.com\/wp-content\/uploads\/2025\/01\/tempo-1.jpg\" \/>\n\t<meta property=\"og:image:width\" content=\"1600\" \/>\n\t<meta property=\"og:image:height\" content=\"720\" \/>\n\t<meta property=\"og:image:type\" content=\"image\/jpeg\" \/>\n<meta name=\"author\" content=\"Reda\u00e7\u00e3o Sul SC\" \/>\n<meta name=\"twitter:card\" content=\"summary_large_image\" \/>\n<meta name=\"twitter:creator\" content=\"@https:\/\/twitter.com\/PortalSulSC\" \/>\n<meta name=\"twitter:label1\" content=\"Written by\" \/>\n\t<meta name=\"twitter:data1\" content=\"Reda\u00e7\u00e3o Sul SC\" \/>\n\t<meta name=\"twitter:label2\" content=\"Est. reading time\" \/>\n\t<meta name=\"twitter:data2\" content=\"1 minute\" \/>\n<script type=\"application\/ld+json\" class=\"yoast-schema-graph\">{\"@context\":\"https:\/\/schema.org\",\"@graph\":[{\"@type\":\"WebPage\",\"@id\":\"https:\/\/sulsc.com\/index.php\/2025\/01\/10\/sexta-feira-10-com-sol-mas-com-periodo-de-nebulosidade-durante-todo-o-dia\/\",\"url\":\"https:\/\/sulsc.com\/index.php\/2025\/01\/10\/sexta-feira-10-com-sol-mas-com-periodo-de-nebulosidade-durante-todo-o-dia\/\",\"name\":\"Sexta-feira (10) com sol mas com per\u00edodo de nebulosidade durante todo o dia -\",\"isPartOf\":{\"@id\":\"https:\/\/sulsc.com\/#website\"},\"datePublished\":\"2025-01-10T12:16:49+00:00\",\"dateModified\":\"2025-01-10T12:16:49+00:00\",\"author\":{\"@id\":\"https:\/\/sulsc.com\/#\/schema\/person\/84d2fc571684f6248ba83092f07750a3\"},\"description\":\"Do Oeste aos Planaltos o calor somado a disponibilidade de umidade favorece a forma\u00e7\u00e3o de pancadas de chuva e temporais de ver\u00e3o\",\"breadcrumb\":{\"@id\":\"https:\/\/sulsc.com\/index.php\/2025\/01\/10\/sexta-feira-10-com-sol-mas-com-periodo-de-nebulosidade-durante-todo-o-dia\/#breadcrumb\"},\"inLanguage\":\"en-US\",\"potentialAction\":[{\"@type\":\"ReadAction\",\"target\":[\"https:\/\/sulsc.com\/index.php\/2025\/01\/10\/sexta-feira-10-com-sol-mas-com-periodo-de-nebulosidade-durante-todo-o-dia\/\"]}]},{\"@type\":\"BreadcrumbList\",\"@id\":\"https:\/\/sulsc.com\/index.php\/2025\/01\/10\/sexta-feira-10-com-sol-mas-com-periodo-de-nebulosidade-durante-todo-o-dia\/#breadcrumb\",\"itemListElement\":[{\"@type\":\"ListItem\",\"position\":1,\"name\":\"In\u00edcio\",\"item\":\"https:\/\/sulsc.com\/\"},{\"@type\":\"ListItem\",\"position\":2,\"name\":\"Sexta-feira (10) com sol mas com per\u00edodo de nebulosidade durante todo o dia\"}]},{\"@type\":\"WebSite\",\"@id\":\"https:\/\/sulsc.com\/#website\",\"url\":\"https:\/\/sulsc.com\/\",\"name\":\"\",\"description\":\"\",\"potentialAction\":[{\"@type\":\"SearchAction\",\"target\":{\"@type\":\"EntryPoint\",\"urlTemplate\":\"https:\/\/sulsc.com\/?s={search_term_string}\"},\"query-input\":\"required name=search_term_string\"}],\"inLanguage\":\"en-US\"},{\"@type\":\"Person\",\"@id\":\"https:\/\/sulsc.com\/#\/schema\/person\/84d2fc571684f6248ba83092f07750a3\",\"name\":\"Reda\u00e7\u00e3o Sul SC\",\"image\":{\"@type\":\"ImageObject\",\"inLanguage\":\"en-US\",\"@id\":\"https:\/\/sulsc.com\/#\/schema\/person\/image\/e08d7fe2cc4ed596372063bbe852b8d0\",\"url\":\"https:\/\/sulsc.com\/wp-content\/uploads\/2023\/09\/redacao.png\",\"contentUrl\":\"https:\/\/sulsc.com\/wp-content\/uploads\/2023\/09\/redacao.png\",\"caption\":\"Reda\u00e7\u00e3o Sul SC\"},\"description\":\"Foco em um jornalismo imparcial, voltado \u00e0 qualidade dos seus conte\u00fados e, assim, levar informa\u00e7\u00e3o de valor que agregue \u00e0 vida dos leitores. Esta \u00e9 grande miss\u00e3o do Portal de Not\u00edcias Sul SC. N\u00e3o \u00e9 quantidade que muda o mundo, sempre foi e seguir\u00e1 sendo qualidade!\",\"sameAs\":[\"https:\/\/sulsc.com\/\",\"https:\/\/www.facebook.com\/profile.php?id=61559278119680\",\"https:\/\/www.instagram.com\/sulscportal\/?hl=pt-br\",\"https:\/\/twitter.com\/https:\/\/twitter.com\/PortalSulSC\",\"https:\/\/www.youtube.com\/channel\/UCv_BE8GeySluDov2n8qhVmw\"],\"url\":\"https:\/\/sulsc.com\/index.php\/author\/redacao\/\"}]}<\/script>\n<!-- \/ Yoast SEO plugin. -->","yoast_head_json":{"title":"Sexta-feira (10) com sol mas com per\u00edodo de nebulosidade durante todo o dia -","description":"Do Oeste aos Planaltos o calor somado a disponibilidade de umidade favorece a forma\u00e7\u00e3o de pancadas de chuva e temporais de ver\u00e3o","robots":{"index":"index","follow":"follow","max-snippet":"max-snippet:-1","max-image-preview":"max-image-preview:large","max-video-preview":"max-video-preview:-1"},"canonical":"https:\/\/sulsc.com\/index.php\/2025\/01\/10\/sexta-feira-10-com-sol-mas-com-periodo-de-nebulosidade-durante-todo-o-dia\/","og_locale":"en_US","og_type":"article","og_title":"Sexta-feira (10) com sol mas com per\u00edodo de nebulosidade durante todo o dia -","og_description":"Do Oeste aos Planaltos o calor somado a disponibilidade de umidade favorece a forma\u00e7\u00e3o de pancadas de chuva e temporais de ver\u00e3o","og_url":"https:\/\/sulsc.com\/index.php\/2025\/01\/10\/sexta-feira-10-com-sol-mas-com-periodo-de-nebulosidade-durante-todo-o-dia\/","article_author":"https:\/\/www.facebook.com\/profile.php?id=61559278119680","article_published_time":"2025-01-10T12:16:49+00:00","og_image":[{"width":1600,"height":720,"url":"http:\/\/sulsc.com\/wp-content\/uploads\/2025\/01\/tempo-1.jpg","type":"image\/jpeg"}],"author":"Reda\u00e7\u00e3o Sul SC","twitter_card":"summary_large_image","twitter_creator":"@https:\/\/twitter.com\/PortalSulSC","twitter_misc":{"Written by":"Reda\u00e7\u00e3o Sul SC","Est. reading time":"1 minute"},"schema":{"@context":"https:\/\/schema.org","@graph":[{"@type":"WebPage","@id":"https:\/\/sulsc.com\/index.php\/2025\/01\/10\/sexta-feira-10-com-sol-mas-com-periodo-de-nebulosidade-durante-todo-o-dia\/","url":"https:\/\/sulsc.com\/index.php\/2025\/01\/10\/sexta-feira-10-com-sol-mas-com-periodo-de-nebulosidade-durante-todo-o-dia\/","name":"Sexta-feira (10) com sol mas com per\u00edodo de nebulosidade durante todo o dia -","isPartOf":{"@id":"https:\/\/sulsc.com\/#website"},"datePublished":"2025-01-10T12:16:49+00:00","dateModified":"2025-01-10T12:16:49+00:00","author":{"@id":"https:\/\/sulsc.com\/#\/schema\/person\/84d2fc571684f6248ba83092f07750a3"},"description":"Do Oeste aos Planaltos o calor somado a disponibilidade de umidade favorece a forma\u00e7\u00e3o de pancadas de chuva e temporais de ver\u00e3o","breadcrumb":{"@id":"https:\/\/sulsc.com\/index.php\/2025\/01\/10\/sexta-feira-10-com-sol-mas-com-periodo-de-nebulosidade-durante-todo-o-dia\/#breadcrumb"},"inLanguage":"en-US","potentialAction":[{"@type":"ReadAction","target":["https:\/\/sulsc.com\/index.php\/2025\/01\/10\/sexta-feira-10-com-sol-mas-com-periodo-de-nebulosidade-durante-todo-o-dia\/"]}]},{"@type":"BreadcrumbList","@id":"https:\/\/sulsc.com\/index.php\/2025\/01\/10\/sexta-feira-10-com-sol-mas-com-periodo-de-nebulosidade-durante-todo-o-dia\/#breadcrumb","itemListElement":[{"@type":"ListItem","position":1,"name":"In\u00edcio","item":"https:\/\/sulsc.com\/"},{"@type":"ListItem","position":2,"name":"Sexta-feira (10) com sol mas com per\u00edodo de nebulosidade durante todo o dia"}]},{"@type":"WebSite","@id":"https:\/\/sulsc.com\/#website","url":"https:\/\/sulsc.com\/","name":"","description":"","potentialAction":[{"@type":"SearchAction","target":{"@type":"EntryPoint","urlTemplate":"https:\/\/sulsc.com\/?s={search_term_string}"},"query-input":"required name=search_term_string"}],"inLanguage":"en-US"},{"@type":"Person","@id":"https:\/\/sulsc.com\/#\/schema\/person\/84d2fc571684f6248ba83092f07750a3","name":"Reda\u00e7\u00e3o Sul SC","image":{"@type":"ImageObject","inLanguage":"en-US","@id":"https:\/\/sulsc.com\/#\/schema\/person\/image\/e08d7fe2cc4ed596372063bbe852b8d0","url":"https:\/\/sulsc.com\/wp-content\/uploads\/2023\/09\/redacao.png","contentUrl":"https:\/\/sulsc.com\/wp-content\/uploads\/2023\/09\/redacao.png","caption":"Reda\u00e7\u00e3o Sul SC"},"description":"Foco em um jornalismo imparcial, voltado \u00e0 qualidade dos seus conte\u00fados e, assim, levar informa\u00e7\u00e3o de valor que agregue \u00e0 vida dos leitores. Esta \u00e9 grande miss\u00e3o do Portal de Not\u00edcias Sul SC. N\u00e3o \u00e9 quantidade que muda o mundo, sempre foi e seguir\u00e1 sendo qualidade!","sameAs":["https:\/\/sulsc.com\/","https:\/\/www.facebook.com\/profile.php?id=61559278119680","https:\/\/www.instagram.com\/sulscportal\/?hl=pt-br","https:\/\/twitter.com\/https:\/\/twitter.com\/PortalSulSC","https:\/\/www.youtube.com\/channel\/UCv_BE8GeySluDov2n8qhVmw"],"url":"https:\/\/sulsc.com\/index.php\/author\/redacao\/"}]}},"authors":[],"_links":{"self":[{"href":"https:\/\/sulsc.com\/index.php\/wp-json\/wp\/v2\/posts\/19068"}],"collection":[{"href":"https:\/\/sulsc.com\/index.php\/wp-json\/wp\/v2\/posts"}],"about":[{"href":"https:\/\/sulsc.com\/index.php\/wp-json\/wp\/v2\/types\/post"}],"author":[{"embeddable":true,"href":"https:\/\/sulsc.com\/index.php\/wp-json\/wp\/v2\/users\/3"}],"replies":[{"embeddable":true,"href":"https:\/\/sulsc.com\/index.php\/wp-json\/wp\/v2\/comments?post=19068"}],"version-history":[{"count":1,"href":"https:\/\/sulsc.com\/index.php\/wp-json\/wp\/v2\/posts\/19068\/revisions"}],"predecessor-version":[{"id":19074,"href":"https:\/\/sulsc.com\/index.php\/wp-json\/wp\/v2\/posts\/19068\/revisions\/19074"}],"wp:featuredmedia":[{"embeddable":true,"href":"https:\/\/sulsc.com\/index.php\/wp-json\/wp\/v2\/media\/19073"}],"wp:attachment":[{"href":"https:\/\/sulsc.com\/index.php\/wp-json\/wp\/v2\/media?parent=19068"}],"wp:term":[{"taxonomy":"category","embeddable":true,"href":"https:\/\/sulsc.com\/index.php\/wp-json\/wp\/v2\/categories?post=19068"},{"taxonomy":"post_tag","embeddable":true,"href":"https:\/\/sulsc.com\/index.php\/wp-json\/wp\/v2\/tags?post=19068"}],"curies":[{"name":"wp","href":"https:\/\/api.w.org\/{rel}","templated":true}]}}