{"id":19137,"date":"2025-01-13T08:25:59","date_gmt":"2025-01-13T11:25:59","guid":{"rendered":"https:\/\/sulsc.com\/?p=19137"},"modified":"2025-01-13T08:32:24","modified_gmt":"2025-01-13T11:32:24","slug":"sol-e-calor-predominam-em-santa-catarina","status":"publish","type":"post","link":"https:\/\/sulsc.com\/index.php\/2025\/01\/13\/sol-e-calor-predominam-em-santa-catarina\/","title":{"rendered":"Sol e calor predominam em Santa Catarina"},"content":{"rendered":"<p data-sourcepos=\"7:1-7:224\">Santa Catarina ter\u00e1 um dia ensolarado nesta segunda-feira (13), com temperaturas elevadas em todo o estado. As m\u00e1ximas devem chegar perto dos 30\u00b0C na maior parte do territ\u00f3rio catarinense, com picos de 36\u00b0C no Extremo Oeste.<\/p>\n<p data-sourcepos=\"7:1-7:224\"><img fetchpriority=\"high\" decoding=\"async\" class=\"aligncenter size-full wp-image-19141\" src=\"http:\/\/sulsc.com\/wp-content\/uploads\/2025\/01\/2-1.png\" alt=\"\" width=\"1024\" height=\"698\" srcset=\"https:\/\/sulsc.com\/wp-content\/uploads\/2025\/01\/2-1.png 1024w, https:\/\/sulsc.com\/wp-content\/uploads\/2025\/01\/2-1-300x204.png 300w, https:\/\/sulsc.com\/wp-content\/uploads\/2025\/01\/2-1-768x524.png 768w\" sizes=\"(max-width: 1024px) 100vw, 1024px\" \/><\/p>\n<p data-sourcepos=\"9:1-9:301\"><img decoding=\"async\" class=\"aligncenter  wp-image-17436\" src=\"http:\/\/sulsc.com\/wp-content\/uploads\/2024\/11\/Tempo-2.png\" alt=\"\" width=\"719\" height=\"133\" srcset=\"https:\/\/sulsc.com\/wp-content\/uploads\/2024\/11\/Tempo-2.png 1024w, https:\/\/sulsc.com\/wp-content\/uploads\/2024\/11\/Tempo-2-300x55.png 300w, https:\/\/sulsc.com\/wp-content\/uploads\/2024\/11\/Tempo-2-768x142.png 768w\" sizes=\"(max-width: 719px) 100vw, 719px\" \/><\/p>\n<p data-sourcepos=\"9:1-9:301\">Apesar do sol forte, a previs\u00e3o indica a presen\u00e7a de nuvens, principalmente no Litoral e regi\u00f5es pr\u00f3ximas, o que pode ocasionar pancadas de chuva e at\u00e9 mesmo temporais isolados entre a tarde e o in\u00edcio da noite.<\/p>\n<p data-sourcepos=\"9:1-9:301\">No entanto, o risco de ocorr\u00eancias graves, como vendavais e granizo, \u00e9 considerado baixo.\u00a0Os ventos estar\u00e3o fracos a moderados, soprando predominantemente do nordeste e sudeste.<\/p>\n<p data-sourcepos=\"9:1-9:301\">Fonte: Defesa Civil SC\/Meteorologista: Francine Sacco<\/p>\n","protected":false},"excerpt":{"rendered":"<p>Santa Catarina ter\u00e1 um dia ensolarado nesta segunda-feira (13), com temperaturas elevadas em todo o estado. As m\u00e1ximas devem chegar perto dos 30\u00b0C na maior parte do territ\u00f3rio catarinense, com picos de 36\u00b0C no Extremo Oeste. Apesar do sol forte, a previs\u00e3o indica a presen\u00e7a de nuvens, principalmente no Litoral e regi\u00f5es pr\u00f3ximas, o que &hellip;<\/p>\n<p class=\"read-more\"> <a class=\"\" href=\"https:\/\/sulsc.com\/index.php\/2025\/01\/13\/sol-e-calor-predominam-em-santa-catarina\/\"> <span class=\"screen-reader-text\">Sol e calor predominam em Santa Catarina<\/span> Read More &raquo;<\/a><\/p>\n","protected":false},"author":3,"featured_media":18509,"comment_status":"open","ping_status":"open","sticky":false,"template":"","format":"standard","meta":{"site-sidebar-layout":"default","site-content-layout":"","ast-site-content-layout":"default","site-content-style":"default","site-sidebar-style":"default","ast-global-header-display":"","ast-banner-title-visibility":"","ast-main-header-display":"","ast-hfb-above-header-display":"","ast-hfb-below-header-display":"","ast-hfb-mobile-header-display":"","site-post-title":"","ast-breadcrumbs-content":"","ast-featured-img":"","footer-sml-layout":"","theme-transparent-header-meta":"default","adv-header-id-meta":"","stick-header-meta":"","header-above-stick-meta":"","header-main-stick-meta":"","header-below-stick-meta":"","astra-migrate-meta-layouts":"set","footnotes":""},"categories":[38],"tags":[],"yoast_head":"<!-- This site is optimized with the Yoast SEO plugin v21.4 - https:\/\/yoast.com\/wordpress\/plugins\/seo\/ -->\n<title>Sol e calor predominam em Santa Catarina -<\/title>\n<meta name=\"description\" content=\"Apesar do sol forte, a previs\u00e3o indica a presen\u00e7a de nuvens, principalmente no Litoral e regi\u00f5es pr\u00f3ximas podendo ocasionar pancadas de chuva\" \/>\n<meta name=\"robots\" content=\"index, follow, max-snippet:-1, max-image-preview:large, max-video-preview:-1\" \/>\n<link rel=\"canonical\" href=\"https:\/\/sulsc.com\/index.php\/2025\/01\/13\/sol-e-calor-predominam-em-santa-catarina\/\" \/>\n<meta property=\"og:locale\" content=\"en_US\" \/>\n<meta property=\"og:type\" content=\"article\" \/>\n<meta property=\"og:title\" content=\"Sol e calor predominam em Santa Catarina -\" \/>\n<meta property=\"og:description\" content=\"Apesar do sol forte, a previs\u00e3o indica a presen\u00e7a de nuvens, principalmente no Litoral e regi\u00f5es pr\u00f3ximas podendo ocasionar pancadas de chuva\" \/>\n<meta property=\"og:url\" content=\"https:\/\/sulsc.com\/index.php\/2025\/01\/13\/sol-e-calor-predominam-em-santa-catarina\/\" \/>\n<meta property=\"article:author\" content=\"https:\/\/www.facebook.com\/profile.php?id=61559278119680\" \/>\n<meta property=\"article:published_time\" content=\"2025-01-13T11:25:59+00:00\" \/>\n<meta property=\"article:modified_time\" content=\"2025-01-13T11:32:24+00:00\" \/>\n<meta property=\"og:image\" content=\"http:\/\/sulsc.com\/wp-content\/uploads\/2024\/12\/WhatsApp-Image-2024-12-17-at-08.34.33-540x330-1.jpeg\" \/>\n\t<meta property=\"og:image:width\" content=\"540\" \/>\n\t<meta property=\"og:image:height\" content=\"330\" \/>\n\t<meta property=\"og:image:type\" content=\"image\/jpeg\" \/>\n<meta name=\"author\" content=\"Reda\u00e7\u00e3o Sul SC\" \/>\n<meta name=\"twitter:card\" content=\"summary_large_image\" \/>\n<meta name=\"twitter:creator\" content=\"@https:\/\/twitter.com\/PortalSulSC\" \/>\n<meta name=\"twitter:label1\" content=\"Written by\" \/>\n\t<meta name=\"twitter:data1\" content=\"Reda\u00e7\u00e3o Sul SC\" \/>\n\t<meta name=\"twitter:label2\" content=\"Est. reading time\" \/>\n\t<meta name=\"twitter:data2\" content=\"1 minute\" \/>\n<script type=\"application\/ld+json\" class=\"yoast-schema-graph\">{\"@context\":\"https:\/\/schema.org\",\"@graph\":[{\"@type\":\"WebPage\",\"@id\":\"https:\/\/sulsc.com\/index.php\/2025\/01\/13\/sol-e-calor-predominam-em-santa-catarina\/\",\"url\":\"https:\/\/sulsc.com\/index.php\/2025\/01\/13\/sol-e-calor-predominam-em-santa-catarina\/\",\"name\":\"Sol e calor predominam em Santa Catarina -\",\"isPartOf\":{\"@id\":\"https:\/\/sulsc.com\/#website\"},\"datePublished\":\"2025-01-13T11:25:59+00:00\",\"dateModified\":\"2025-01-13T11:32:24+00:00\",\"author\":{\"@id\":\"https:\/\/sulsc.com\/#\/schema\/person\/84d2fc571684f6248ba83092f07750a3\"},\"description\":\"Apesar do sol forte, a previs\u00e3o indica a presen\u00e7a de nuvens, principalmente no Litoral e regi\u00f5es pr\u00f3ximas podendo ocasionar pancadas de chuva\",\"breadcrumb\":{\"@id\":\"https:\/\/sulsc.com\/index.php\/2025\/01\/13\/sol-e-calor-predominam-em-santa-catarina\/#breadcrumb\"},\"inLanguage\":\"en-US\",\"potentialAction\":[{\"@type\":\"ReadAction\",\"target\":[\"https:\/\/sulsc.com\/index.php\/2025\/01\/13\/sol-e-calor-predominam-em-santa-catarina\/\"]}]},{\"@type\":\"BreadcrumbList\",\"@id\":\"https:\/\/sulsc.com\/index.php\/2025\/01\/13\/sol-e-calor-predominam-em-santa-catarina\/#breadcrumb\",\"itemListElement\":[{\"@type\":\"ListItem\",\"position\":1,\"name\":\"In\u00edcio\",\"item\":\"https:\/\/sulsc.com\/\"},{\"@type\":\"ListItem\",\"position\":2,\"name\":\"Sol e calor predominam em Santa Catarina\"}]},{\"@type\":\"WebSite\",\"@id\":\"https:\/\/sulsc.com\/#website\",\"url\":\"https:\/\/sulsc.com\/\",\"name\":\"\",\"description\":\"\",\"potentialAction\":[{\"@type\":\"SearchAction\",\"target\":{\"@type\":\"EntryPoint\",\"urlTemplate\":\"https:\/\/sulsc.com\/?s={search_term_string}\"},\"query-input\":\"required name=search_term_string\"}],\"inLanguage\":\"en-US\"},{\"@type\":\"Person\",\"@id\":\"https:\/\/sulsc.com\/#\/schema\/person\/84d2fc571684f6248ba83092f07750a3\",\"name\":\"Reda\u00e7\u00e3o Sul SC\",\"image\":{\"@type\":\"ImageObject\",\"inLanguage\":\"en-US\",\"@id\":\"https:\/\/sulsc.com\/#\/schema\/person\/image\/e08d7fe2cc4ed596372063bbe852b8d0\",\"url\":\"https:\/\/sulsc.com\/wp-content\/uploads\/2023\/09\/redacao.png\",\"contentUrl\":\"https:\/\/sulsc.com\/wp-content\/uploads\/2023\/09\/redacao.png\",\"caption\":\"Reda\u00e7\u00e3o Sul SC\"},\"description\":\"Foco em um jornalismo imparcial, voltado \u00e0 qualidade dos seus conte\u00fados e, assim, levar informa\u00e7\u00e3o de valor que agregue \u00e0 vida dos leitores. Esta \u00e9 grande miss\u00e3o do Portal de Not\u00edcias Sul SC. N\u00e3o \u00e9 quantidade que muda o mundo, sempre foi e seguir\u00e1 sendo qualidade!\",\"sameAs\":[\"https:\/\/sulsc.com\/\",\"https:\/\/www.facebook.com\/profile.php?id=61559278119680\",\"https:\/\/www.instagram.com\/sulscportal\/?hl=pt-br\",\"https:\/\/twitter.com\/https:\/\/twitter.com\/PortalSulSC\",\"https:\/\/www.youtube.com\/channel\/UCv_BE8GeySluDov2n8qhVmw\"],\"url\":\"https:\/\/sulsc.com\/index.php\/author\/redacao\/\"}]}<\/script>\n<!-- \/ Yoast SEO plugin. -->","yoast_head_json":{"title":"Sol e calor predominam em Santa Catarina -","description":"Apesar do sol forte, a previs\u00e3o indica a presen\u00e7a de nuvens, principalmente no Litoral e regi\u00f5es pr\u00f3ximas podendo ocasionar pancadas de chuva","robots":{"index":"index","follow":"follow","max-snippet":"max-snippet:-1","max-image-preview":"max-image-preview:large","max-video-preview":"max-video-preview:-1"},"canonical":"https:\/\/sulsc.com\/index.php\/2025\/01\/13\/sol-e-calor-predominam-em-santa-catarina\/","og_locale":"en_US","og_type":"article","og_title":"Sol e calor predominam em Santa Catarina -","og_description":"Apesar do sol forte, a previs\u00e3o indica a presen\u00e7a de nuvens, principalmente no Litoral e regi\u00f5es pr\u00f3ximas podendo ocasionar pancadas de chuva","og_url":"https:\/\/sulsc.com\/index.php\/2025\/01\/13\/sol-e-calor-predominam-em-santa-catarina\/","article_author":"https:\/\/www.facebook.com\/profile.php?id=61559278119680","article_published_time":"2025-01-13T11:25:59+00:00","article_modified_time":"2025-01-13T11:32:24+00:00","og_image":[{"width":540,"height":330,"url":"http:\/\/sulsc.com\/wp-content\/uploads\/2024\/12\/WhatsApp-Image-2024-12-17-at-08.34.33-540x330-1.jpeg","type":"image\/jpeg"}],"author":"Reda\u00e7\u00e3o Sul SC","twitter_card":"summary_large_image","twitter_creator":"@https:\/\/twitter.com\/PortalSulSC","twitter_misc":{"Written by":"Reda\u00e7\u00e3o Sul SC","Est. reading time":"1 minute"},"schema":{"@context":"https:\/\/schema.org","@graph":[{"@type":"WebPage","@id":"https:\/\/sulsc.com\/index.php\/2025\/01\/13\/sol-e-calor-predominam-em-santa-catarina\/","url":"https:\/\/sulsc.com\/index.php\/2025\/01\/13\/sol-e-calor-predominam-em-santa-catarina\/","name":"Sol e calor predominam em Santa Catarina -","isPartOf":{"@id":"https:\/\/sulsc.com\/#website"},"datePublished":"2025-01-13T11:25:59+00:00","dateModified":"2025-01-13T11:32:24+00:00","author":{"@id":"https:\/\/sulsc.com\/#\/schema\/person\/84d2fc571684f6248ba83092f07750a3"},"description":"Apesar do sol forte, a previs\u00e3o indica a presen\u00e7a de nuvens, principalmente no Litoral e regi\u00f5es pr\u00f3ximas podendo ocasionar pancadas de chuva","breadcrumb":{"@id":"https:\/\/sulsc.com\/index.php\/2025\/01\/13\/sol-e-calor-predominam-em-santa-catarina\/#breadcrumb"},"inLanguage":"en-US","potentialAction":[{"@type":"ReadAction","target":["https:\/\/sulsc.com\/index.php\/2025\/01\/13\/sol-e-calor-predominam-em-santa-catarina\/"]}]},{"@type":"BreadcrumbList","@id":"https:\/\/sulsc.com\/index.php\/2025\/01\/13\/sol-e-calor-predominam-em-santa-catarina\/#breadcrumb","itemListElement":[{"@type":"ListItem","position":1,"name":"In\u00edcio","item":"https:\/\/sulsc.com\/"},{"@type":"ListItem","position":2,"name":"Sol e calor predominam em Santa Catarina"}]},{"@type":"WebSite","@id":"https:\/\/sulsc.com\/#website","url":"https:\/\/sulsc.com\/","name":"","description":"","potentialAction":[{"@type":"SearchAction","target":{"@type":"EntryPoint","urlTemplate":"https:\/\/sulsc.com\/?s={search_term_string}"},"query-input":"required name=search_term_string"}],"inLanguage":"en-US"},{"@type":"Person","@id":"https:\/\/sulsc.com\/#\/schema\/person\/84d2fc571684f6248ba83092f07750a3","name":"Reda\u00e7\u00e3o Sul SC","image":{"@type":"ImageObject","inLanguage":"en-US","@id":"https:\/\/sulsc.com\/#\/schema\/person\/image\/e08d7fe2cc4ed596372063bbe852b8d0","url":"https:\/\/sulsc.com\/wp-content\/uploads\/2023\/09\/redacao.png","contentUrl":"https:\/\/sulsc.com\/wp-content\/uploads\/2023\/09\/redacao.png","caption":"Reda\u00e7\u00e3o Sul SC"},"description":"Foco em um jornalismo imparcial, voltado \u00e0 qualidade dos seus conte\u00fados e, assim, levar informa\u00e7\u00e3o de valor que agregue \u00e0 vida dos leitores. Esta \u00e9 grande miss\u00e3o do Portal de Not\u00edcias Sul SC. N\u00e3o \u00e9 quantidade que muda o mundo, sempre foi e seguir\u00e1 sendo qualidade!","sameAs":["https:\/\/sulsc.com\/","https:\/\/www.facebook.com\/profile.php?id=61559278119680","https:\/\/www.instagram.com\/sulscportal\/?hl=pt-br","https:\/\/twitter.com\/https:\/\/twitter.com\/PortalSulSC","https:\/\/www.youtube.com\/channel\/UCv_BE8GeySluDov2n8qhVmw"],"url":"https:\/\/sulsc.com\/index.php\/author\/redacao\/"}]}},"authors":[],"_links":{"self":[{"href":"https:\/\/sulsc.com\/index.php\/wp-json\/wp\/v2\/posts\/19137"}],"collection":[{"href":"https:\/\/sulsc.com\/index.php\/wp-json\/wp\/v2\/posts"}],"about":[{"href":"https:\/\/sulsc.com\/index.php\/wp-json\/wp\/v2\/types\/post"}],"author":[{"embeddable":true,"href":"https:\/\/sulsc.com\/index.php\/wp-json\/wp\/v2\/users\/3"}],"replies":[{"embeddable":true,"href":"https:\/\/sulsc.com\/index.php\/wp-json\/wp\/v2\/comments?post=19137"}],"version-history":[{"count":3,"href":"https:\/\/sulsc.com\/index.php\/wp-json\/wp\/v2\/posts\/19137\/revisions"}],"predecessor-version":[{"id":19145,"href":"https:\/\/sulsc.com\/index.php\/wp-json\/wp\/v2\/posts\/19137\/revisions\/19145"}],"wp:featuredmedia":[{"embeddable":true,"href":"https:\/\/sulsc.com\/index.php\/wp-json\/wp\/v2\/media\/18509"}],"wp:attachment":[{"href":"https:\/\/sulsc.com\/index.php\/wp-json\/wp\/v2\/media?parent=19137"}],"wp:term":[{"taxonomy":"category","embeddable":true,"href":"https:\/\/sulsc.com\/index.php\/wp-json\/wp\/v2\/categories?post=19137"},{"taxonomy":"post_tag","embeddable":true,"href":"https:\/\/sulsc.com\/index.php\/wp-json\/wp\/v2\/tags?post=19137"}],"curies":[{"name":"wp","href":"https:\/\/api.w.org\/{rel}","templated":true}]}}