{"id":19172,"date":"2025-01-13T14:30:58","date_gmt":"2025-01-13T17:30:58","guid":{"rendered":"https:\/\/sulsc.com\/?p=19172"},"modified":"2025-01-13T14:14:39","modified_gmt":"2025-01-13T17:14:39","slug":"desfile-de-escolas-de-samba-de-laguna-e-cancelado","status":"publish","type":"post","link":"https:\/\/sulsc.com\/index.php\/2025\/01\/13\/desfile-de-escolas-de-samba-de-laguna-e-cancelado\/","title":{"rendered":"Desfile de escolas de samba de Laguna \u00e9 cancelado"},"content":{"rendered":"<p data-sourcepos=\"7:1-7:320\">A alegria do Carnaval em Laguna foi adiada. A Prefeitura Municipal, em reuni\u00e3o com representantes das escolas de samba, decidiu cancelar o desfile oficial que estava previsto para acontecer na Avenida Jo\u00e3o Pinho. A falta de recursos e o curto prazo para organiza\u00e7\u00e3o foram os principais motivos apontados para a decis\u00e3o.<\/p>\n<p data-sourcepos=\"9:1-9:144\">Apesar do cancelamento, os tradicionais desfiles de pr\u00e9-Carnaval no Centro Hist\u00f3rico est\u00e3o mantidos, garantindo um pouco de folia para a cidade.<\/p>\n<h2 id=\"h-falta-de-recursos-e-tempo-para-organizacao\" class=\"wp-block-heading\">Falta de recursos e tempo para organiza\u00e7\u00e3o<\/h2>\n<p>Embora a prefeitura e as escolas de samba n\u00e3o tenham confirmado oficialmente o motivo do cancelamento, especula-se que a falta de recursos financeiros e o prazo apertado para a organiza\u00e7\u00e3o possam ter influenciado a decis\u00e3o.<\/p>\n<p>&nbsp;<\/p>\n<h2 id=\"h-pre-carnaval-no-centro-historico-segue-confirmado\" class=\"wp-block-heading\">Pr\u00e9-Carnaval no Centro Hist\u00f3rico segue confirmado<\/h2>\n<p>Apesar do cancelamento do oficial, o desfile de pr\u00e9-Carnaval no Centro Hist\u00f3rico de Laguna continuam programados. As escolas de samba se apresentar\u00e3o na Rua Raulino Horn, com exibi\u00e7\u00f5es de segmentos tradicionais como comiss\u00e3o de frente, casal de mestre-sala e porta-bandeira e bateria, mas sem competi\u00e7\u00e3o.<\/p>\n","protected":false},"excerpt":{"rendered":"<p>A alegria do Carnaval em Laguna foi adiada. A Prefeitura Municipal, em reuni\u00e3o com representantes das escolas de samba, decidiu cancelar o desfile oficial que estava previsto para acontecer na Avenida Jo\u00e3o Pinho. A falta de recursos e o curto prazo para organiza\u00e7\u00e3o foram os principais motivos apontados para a decis\u00e3o. Apesar do cancelamento, os &hellip;<\/p>\n<p class=\"read-more\"> <a class=\"\" href=\"https:\/\/sulsc.com\/index.php\/2025\/01\/13\/desfile-de-escolas-de-samba-de-laguna-e-cancelado\/\"> <span class=\"screen-reader-text\">Desfile de escolas de samba de Laguna \u00e9 cancelado<\/span> Read More &raquo;<\/a><\/p>\n","protected":false},"author":3,"featured_media":19173,"comment_status":"open","ping_status":"open","sticky":false,"template":"","format":"standard","meta":{"site-sidebar-layout":"default","site-content-layout":"","ast-site-content-layout":"default","site-content-style":"default","site-sidebar-style":"default","ast-global-header-display":"","ast-banner-title-visibility":"","ast-main-header-display":"","ast-hfb-above-header-display":"","ast-hfb-below-header-display":"","ast-hfb-mobile-header-display":"","site-post-title":"","ast-breadcrumbs-content":"","ast-featured-img":"","footer-sml-layout":"","theme-transparent-header-meta":"default","adv-header-id-meta":"","stick-header-meta":"","header-above-stick-meta":"","header-main-stick-meta":"","header-below-stick-meta":"","astra-migrate-meta-layouts":"set","footnotes":""},"categories":[1],"tags":[],"yoast_head":"<!-- This site is optimized with the Yoast SEO plugin v21.4 - https:\/\/yoast.com\/wordpress\/plugins\/seo\/ -->\n<title>Desfile de escolas de samba de Laguna \u00e9 cancelado -<\/title>\n<meta name=\"robots\" content=\"index, follow, max-snippet:-1, max-image-preview:large, max-video-preview:-1\" \/>\n<link rel=\"canonical\" href=\"https:\/\/sulsc.com\/index.php\/2025\/01\/13\/desfile-de-escolas-de-samba-de-laguna-e-cancelado\/\" \/>\n<meta property=\"og:locale\" content=\"en_US\" \/>\n<meta property=\"og:type\" content=\"article\" \/>\n<meta property=\"og:title\" content=\"Desfile de escolas de samba de Laguna \u00e9 cancelado -\" \/>\n<meta property=\"og:description\" content=\"A alegria do Carnaval em Laguna foi adiada. A Prefeitura Municipal, em reuni\u00e3o com representantes das escolas de samba, decidiu cancelar o desfile oficial que estava previsto para acontecer na Avenida Jo\u00e3o Pinho. A falta de recursos e o curto prazo para organiza\u00e7\u00e3o foram os principais motivos apontados para a decis\u00e3o. Apesar do cancelamento, os &hellip; Desfile de escolas de samba de Laguna \u00e9 cancelado Read More &raquo;\" \/>\n<meta property=\"og:url\" content=\"https:\/\/sulsc.com\/index.php\/2025\/01\/13\/desfile-de-escolas-de-samba-de-laguna-e-cancelado\/\" \/>\n<meta property=\"article:author\" content=\"https:\/\/www.facebook.com\/profile.php?id=61559278119680\" \/>\n<meta property=\"article:published_time\" content=\"2025-01-13T17:30:58+00:00\" \/>\n<meta property=\"article:modified_time\" content=\"2025-01-13T17:14:39+00:00\" \/>\n<meta property=\"og:image\" content=\"https:\/\/sulsc.com\/wp-content\/uploads\/2025\/01\/mg_6960_resize.webp\" \/>\n\t<meta property=\"og:image:width\" content=\"620\" \/>\n\t<meta property=\"og:image:height\" content=\"465\" \/>\n\t<meta property=\"og:image:type\" content=\"image\/webp\" \/>\n<meta name=\"author\" content=\"Reda\u00e7\u00e3o Sul SC\" \/>\n<meta name=\"twitter:card\" content=\"summary_large_image\" \/>\n<meta name=\"twitter:creator\" content=\"@https:\/\/twitter.com\/PortalSulSC\" \/>\n<meta name=\"twitter:label1\" content=\"Written by\" \/>\n\t<meta name=\"twitter:data1\" content=\"Reda\u00e7\u00e3o Sul SC\" \/>\n\t<meta name=\"twitter:label2\" content=\"Est. reading time\" \/>\n\t<meta name=\"twitter:data2\" content=\"1 minute\" \/>\n<script type=\"application\/ld+json\" class=\"yoast-schema-graph\">{\"@context\":\"https:\/\/schema.org\",\"@graph\":[{\"@type\":\"WebPage\",\"@id\":\"https:\/\/sulsc.com\/index.php\/2025\/01\/13\/desfile-de-escolas-de-samba-de-laguna-e-cancelado\/\",\"url\":\"https:\/\/sulsc.com\/index.php\/2025\/01\/13\/desfile-de-escolas-de-samba-de-laguna-e-cancelado\/\",\"name\":\"Desfile de escolas de samba de Laguna \u00e9 cancelado -\",\"isPartOf\":{\"@id\":\"https:\/\/sulsc.com\/#website\"},\"datePublished\":\"2025-01-13T17:30:58+00:00\",\"dateModified\":\"2025-01-13T17:14:39+00:00\",\"author\":{\"@id\":\"https:\/\/sulsc.com\/#\/schema\/person\/84d2fc571684f6248ba83092f07750a3\"},\"breadcrumb\":{\"@id\":\"https:\/\/sulsc.com\/index.php\/2025\/01\/13\/desfile-de-escolas-de-samba-de-laguna-e-cancelado\/#breadcrumb\"},\"inLanguage\":\"en-US\",\"potentialAction\":[{\"@type\":\"ReadAction\",\"target\":[\"https:\/\/sulsc.com\/index.php\/2025\/01\/13\/desfile-de-escolas-de-samba-de-laguna-e-cancelado\/\"]}]},{\"@type\":\"BreadcrumbList\",\"@id\":\"https:\/\/sulsc.com\/index.php\/2025\/01\/13\/desfile-de-escolas-de-samba-de-laguna-e-cancelado\/#breadcrumb\",\"itemListElement\":[{\"@type\":\"ListItem\",\"position\":1,\"name\":\"In\u00edcio\",\"item\":\"https:\/\/sulsc.com\/\"},{\"@type\":\"ListItem\",\"position\":2,\"name\":\"Desfile de escolas de samba de Laguna \u00e9 cancelado\"}]},{\"@type\":\"WebSite\",\"@id\":\"https:\/\/sulsc.com\/#website\",\"url\":\"https:\/\/sulsc.com\/\",\"name\":\"\",\"description\":\"\",\"potentialAction\":[{\"@type\":\"SearchAction\",\"target\":{\"@type\":\"EntryPoint\",\"urlTemplate\":\"https:\/\/sulsc.com\/?s={search_term_string}\"},\"query-input\":\"required name=search_term_string\"}],\"inLanguage\":\"en-US\"},{\"@type\":\"Person\",\"@id\":\"https:\/\/sulsc.com\/#\/schema\/person\/84d2fc571684f6248ba83092f07750a3\",\"name\":\"Reda\u00e7\u00e3o Sul SC\",\"image\":{\"@type\":\"ImageObject\",\"inLanguage\":\"en-US\",\"@id\":\"https:\/\/sulsc.com\/#\/schema\/person\/image\/e08d7fe2cc4ed596372063bbe852b8d0\",\"url\":\"https:\/\/sulsc.com\/wp-content\/uploads\/2023\/09\/redacao.png\",\"contentUrl\":\"https:\/\/sulsc.com\/wp-content\/uploads\/2023\/09\/redacao.png\",\"caption\":\"Reda\u00e7\u00e3o Sul SC\"},\"description\":\"Foco em um jornalismo imparcial, voltado \u00e0 qualidade dos seus conte\u00fados e, assim, levar informa\u00e7\u00e3o de valor que agregue \u00e0 vida dos leitores. Esta \u00e9 grande miss\u00e3o do Portal de Not\u00edcias Sul SC. N\u00e3o \u00e9 quantidade que muda o mundo, sempre foi e seguir\u00e1 sendo qualidade!\",\"sameAs\":[\"https:\/\/sulsc.com\/\",\"https:\/\/www.facebook.com\/profile.php?id=61559278119680\",\"https:\/\/www.instagram.com\/sulscportal\/?hl=pt-br\",\"https:\/\/twitter.com\/https:\/\/twitter.com\/PortalSulSC\",\"https:\/\/www.youtube.com\/channel\/UCv_BE8GeySluDov2n8qhVmw\"],\"url\":\"https:\/\/sulsc.com\/index.php\/author\/redacao\/\"}]}<\/script>\n<!-- \/ Yoast SEO plugin. -->","yoast_head_json":{"title":"Desfile de escolas de samba de Laguna \u00e9 cancelado -","robots":{"index":"index","follow":"follow","max-snippet":"max-snippet:-1","max-image-preview":"max-image-preview:large","max-video-preview":"max-video-preview:-1"},"canonical":"https:\/\/sulsc.com\/index.php\/2025\/01\/13\/desfile-de-escolas-de-samba-de-laguna-e-cancelado\/","og_locale":"en_US","og_type":"article","og_title":"Desfile de escolas de samba de Laguna \u00e9 cancelado -","og_description":"A alegria do Carnaval em Laguna foi adiada. A Prefeitura Municipal, em reuni\u00e3o com representantes das escolas de samba, decidiu cancelar o desfile oficial que estava previsto para acontecer na Avenida Jo\u00e3o Pinho. A falta de recursos e o curto prazo para organiza\u00e7\u00e3o foram os principais motivos apontados para a decis\u00e3o. Apesar do cancelamento, os &hellip; Desfile de escolas de samba de Laguna \u00e9 cancelado Read More &raquo;","og_url":"https:\/\/sulsc.com\/index.php\/2025\/01\/13\/desfile-de-escolas-de-samba-de-laguna-e-cancelado\/","article_author":"https:\/\/www.facebook.com\/profile.php?id=61559278119680","article_published_time":"2025-01-13T17:30:58+00:00","article_modified_time":"2025-01-13T17:14:39+00:00","og_image":[{"width":620,"height":465,"url":"https:\/\/sulsc.com\/wp-content\/uploads\/2025\/01\/mg_6960_resize.webp","type":"image\/webp"}],"author":"Reda\u00e7\u00e3o Sul SC","twitter_card":"summary_large_image","twitter_creator":"@https:\/\/twitter.com\/PortalSulSC","twitter_misc":{"Written by":"Reda\u00e7\u00e3o Sul SC","Est. reading time":"1 minute"},"schema":{"@context":"https:\/\/schema.org","@graph":[{"@type":"WebPage","@id":"https:\/\/sulsc.com\/index.php\/2025\/01\/13\/desfile-de-escolas-de-samba-de-laguna-e-cancelado\/","url":"https:\/\/sulsc.com\/index.php\/2025\/01\/13\/desfile-de-escolas-de-samba-de-laguna-e-cancelado\/","name":"Desfile de escolas de samba de Laguna \u00e9 cancelado -","isPartOf":{"@id":"https:\/\/sulsc.com\/#website"},"datePublished":"2025-01-13T17:30:58+00:00","dateModified":"2025-01-13T17:14:39+00:00","author":{"@id":"https:\/\/sulsc.com\/#\/schema\/person\/84d2fc571684f6248ba83092f07750a3"},"breadcrumb":{"@id":"https:\/\/sulsc.com\/index.php\/2025\/01\/13\/desfile-de-escolas-de-samba-de-laguna-e-cancelado\/#breadcrumb"},"inLanguage":"en-US","potentialAction":[{"@type":"ReadAction","target":["https:\/\/sulsc.com\/index.php\/2025\/01\/13\/desfile-de-escolas-de-samba-de-laguna-e-cancelado\/"]}]},{"@type":"BreadcrumbList","@id":"https:\/\/sulsc.com\/index.php\/2025\/01\/13\/desfile-de-escolas-de-samba-de-laguna-e-cancelado\/#breadcrumb","itemListElement":[{"@type":"ListItem","position":1,"name":"In\u00edcio","item":"https:\/\/sulsc.com\/"},{"@type":"ListItem","position":2,"name":"Desfile de escolas de samba de Laguna \u00e9 cancelado"}]},{"@type":"WebSite","@id":"https:\/\/sulsc.com\/#website","url":"https:\/\/sulsc.com\/","name":"","description":"","potentialAction":[{"@type":"SearchAction","target":{"@type":"EntryPoint","urlTemplate":"https:\/\/sulsc.com\/?s={search_term_string}"},"query-input":"required name=search_term_string"}],"inLanguage":"en-US"},{"@type":"Person","@id":"https:\/\/sulsc.com\/#\/schema\/person\/84d2fc571684f6248ba83092f07750a3","name":"Reda\u00e7\u00e3o Sul SC","image":{"@type":"ImageObject","inLanguage":"en-US","@id":"https:\/\/sulsc.com\/#\/schema\/person\/image\/e08d7fe2cc4ed596372063bbe852b8d0","url":"https:\/\/sulsc.com\/wp-content\/uploads\/2023\/09\/redacao.png","contentUrl":"https:\/\/sulsc.com\/wp-content\/uploads\/2023\/09\/redacao.png","caption":"Reda\u00e7\u00e3o Sul SC"},"description":"Foco em um jornalismo imparcial, voltado \u00e0 qualidade dos seus conte\u00fados e, assim, levar informa\u00e7\u00e3o de valor que agregue \u00e0 vida dos leitores. Esta \u00e9 grande miss\u00e3o do Portal de Not\u00edcias Sul SC. N\u00e3o \u00e9 quantidade que muda o mundo, sempre foi e seguir\u00e1 sendo qualidade!","sameAs":["https:\/\/sulsc.com\/","https:\/\/www.facebook.com\/profile.php?id=61559278119680","https:\/\/www.instagram.com\/sulscportal\/?hl=pt-br","https:\/\/twitter.com\/https:\/\/twitter.com\/PortalSulSC","https:\/\/www.youtube.com\/channel\/UCv_BE8GeySluDov2n8qhVmw"],"url":"https:\/\/sulsc.com\/index.php\/author\/redacao\/"}]}},"authors":[],"_links":{"self":[{"href":"https:\/\/sulsc.com\/index.php\/wp-json\/wp\/v2\/posts\/19172"}],"collection":[{"href":"https:\/\/sulsc.com\/index.php\/wp-json\/wp\/v2\/posts"}],"about":[{"href":"https:\/\/sulsc.com\/index.php\/wp-json\/wp\/v2\/types\/post"}],"author":[{"embeddable":true,"href":"https:\/\/sulsc.com\/index.php\/wp-json\/wp\/v2\/users\/3"}],"replies":[{"embeddable":true,"href":"https:\/\/sulsc.com\/index.php\/wp-json\/wp\/v2\/comments?post=19172"}],"version-history":[{"count":1,"href":"https:\/\/sulsc.com\/index.php\/wp-json\/wp\/v2\/posts\/19172\/revisions"}],"predecessor-version":[{"id":19174,"href":"https:\/\/sulsc.com\/index.php\/wp-json\/wp\/v2\/posts\/19172\/revisions\/19174"}],"wp:featuredmedia":[{"embeddable":true,"href":"https:\/\/sulsc.com\/index.php\/wp-json\/wp\/v2\/media\/19173"}],"wp:attachment":[{"href":"https:\/\/sulsc.com\/index.php\/wp-json\/wp\/v2\/media?parent=19172"}],"wp:term":[{"taxonomy":"category","embeddable":true,"href":"https:\/\/sulsc.com\/index.php\/wp-json\/wp\/v2\/categories?post=19172"},{"taxonomy":"post_tag","embeddable":true,"href":"https:\/\/sulsc.com\/index.php\/wp-json\/wp\/v2\/tags?post=19172"}],"curies":[{"name":"wp","href":"https:\/\/api.w.org\/{rel}","templated":true}]}}