{"id":19192,"date":"2025-01-14T08:16:27","date_gmt":"2025-01-14T11:16:27","guid":{"rendered":"https:\/\/sulsc.com\/?p=19192"},"modified":"2025-01-14T08:16:27","modified_gmt":"2025-01-14T11:16:27","slug":"terca-feira-14-ensolarada-com-temperaturas-altas","status":"publish","type":"post","link":"https:\/\/sulsc.com\/index.php\/2025\/01\/14\/terca-feira-14-ensolarada-com-temperaturas-altas\/","title":{"rendered":"Ter\u00e7a-feira (14) ensolarada com temperaturas altas"},"content":{"rendered":"<p>ser\u00e1 mais um dia t\u00edpico de ver\u00e3o em Santa Catarina nesta ter\u00e7a-feira (14). O dia inicia com tempo firme e predom\u00ednio de sol, fazendo com que as temperaturas subam rapidamente. \u00c0 tarde as m\u00e1ximas se aproximam de 30\u00b0C em praticamente todas as regi\u00f5es e chegam aos 35\u00b0C no Oeste catarinense.<\/p>\n<p><img fetchpriority=\"high\" decoding=\"async\" class=\"aligncenter size-full wp-image-19193\" src=\"http:\/\/sulsc.com\/wp-content\/uploads\/2025\/01\/3-1.png\" alt=\"\" width=\"1501\" height=\"1011\" srcset=\"https:\/\/sulsc.com\/wp-content\/uploads\/2025\/01\/3-1.png 1501w, https:\/\/sulsc.com\/wp-content\/uploads\/2025\/01\/3-1-300x202.png 300w, https:\/\/sulsc.com\/wp-content\/uploads\/2025\/01\/3-1-1024x690.png 1024w, https:\/\/sulsc.com\/wp-content\/uploads\/2025\/01\/3-1-768x517.png 768w\" sizes=\"(max-width: 1501px) 100vw, 1501px\" \/><\/p>\n<p><img decoding=\"async\" class=\"aligncenter  wp-image-17436\" src=\"http:\/\/sulsc.com\/wp-content\/uploads\/2024\/11\/Tempo-2.png\" alt=\"\" width=\"724\" height=\"134\" srcset=\"https:\/\/sulsc.com\/wp-content\/uploads\/2024\/11\/Tempo-2.png 1024w, https:\/\/sulsc.com\/wp-content\/uploads\/2024\/11\/Tempo-2-300x55.png 300w, https:\/\/sulsc.com\/wp-content\/uploads\/2024\/11\/Tempo-2-768x142.png 768w\" sizes=\"(max-width: 724px) 100vw, 724px\" \/><\/p>\n<p>Este calor combinado \u00e0 atua\u00e7\u00e3o de uma baixa press\u00e3o favorece temporais isolados entre a tarde e a noite, principalmente entre o Grande Oeste e os planaltos. No Litoral, a circula\u00e7\u00e3o mant\u00e9m a varia\u00e7\u00e3o de nuvens, com condi\u00e7\u00f5es para chuva isolada e ocasional nos extremos do dia. O risco \u00e9 baixo a pontualmente moderado para ocorr\u00eancias associadas aos temporais.<\/p>\n<p>Fonte: Defesa Civil SC\/Meteorologista: Nicolle Reis<\/p>\n<p>Foto\/SulSC<\/p>\n","protected":false},"excerpt":{"rendered":"<p>ser\u00e1 mais um dia t\u00edpico de ver\u00e3o em Santa Catarina nesta ter\u00e7a-feira (14). O dia inicia com tempo firme e predom\u00ednio de sol, fazendo com que as temperaturas subam rapidamente. \u00c0 tarde as m\u00e1ximas se aproximam de 30\u00b0C em praticamente todas as regi\u00f5es e chegam aos 35\u00b0C no Oeste catarinense. Este calor combinado \u00e0 atua\u00e7\u00e3o &hellip;<\/p>\n<p class=\"read-more\"> <a class=\"\" href=\"https:\/\/sulsc.com\/index.php\/2025\/01\/14\/terca-feira-14-ensolarada-com-temperaturas-altas\/\"> <span class=\"screen-reader-text\">Ter\u00e7a-feira (14) ensolarada com temperaturas altas<\/span> Read More &raquo;<\/a><\/p>\n","protected":false},"author":3,"featured_media":19194,"comment_status":"open","ping_status":"open","sticky":false,"template":"","format":"standard","meta":{"site-sidebar-layout":"default","site-content-layout":"","ast-site-content-layout":"default","site-content-style":"default","site-sidebar-style":"default","ast-global-header-display":"","ast-banner-title-visibility":"","ast-main-header-display":"","ast-hfb-above-header-display":"","ast-hfb-below-header-display":"","ast-hfb-mobile-header-display":"","site-post-title":"","ast-breadcrumbs-content":"","ast-featured-img":"","footer-sml-layout":"","theme-transparent-header-meta":"default","adv-header-id-meta":"","stick-header-meta":"","header-above-stick-meta":"","header-main-stick-meta":"","header-below-stick-meta":"","astra-migrate-meta-layouts":"set","footnotes":""},"categories":[38],"tags":[90],"yoast_head":"<!-- This site is optimized with the Yoast SEO plugin v21.4 - https:\/\/yoast.com\/wordpress\/plugins\/seo\/ -->\n<title>Ter\u00e7a-feira (14) ensolarada com temperaturas altas -<\/title>\n<meta name=\"description\" content=\"No Litoral a circula\u00e7\u00e3o mant\u00e9m a varia\u00e7\u00e3o de nuvens com condi\u00e7\u00f5es para chuva isolada e ocasional nos extremos do dia\" \/>\n<meta name=\"robots\" content=\"index, follow, max-snippet:-1, max-image-preview:large, max-video-preview:-1\" \/>\n<link rel=\"canonical\" href=\"https:\/\/sulsc.com\/index.php\/2025\/01\/14\/terca-feira-14-ensolarada-com-temperaturas-altas\/\" \/>\n<meta property=\"og:locale\" content=\"en_US\" \/>\n<meta property=\"og:type\" content=\"article\" \/>\n<meta property=\"og:title\" content=\"Ter\u00e7a-feira (14) ensolarada com temperaturas altas -\" \/>\n<meta property=\"og:description\" content=\"No Litoral a circula\u00e7\u00e3o mant\u00e9m a varia\u00e7\u00e3o de nuvens com condi\u00e7\u00f5es para chuva isolada e ocasional nos extremos do dia\" \/>\n<meta property=\"og:url\" content=\"https:\/\/sulsc.com\/index.php\/2025\/01\/14\/terca-feira-14-ensolarada-com-temperaturas-altas\/\" \/>\n<meta property=\"article:author\" content=\"https:\/\/www.facebook.com\/profile.php?id=61559278119680\" \/>\n<meta property=\"article:published_time\" content=\"2025-01-14T11:16:27+00:00\" \/>\n<meta property=\"og:image\" content=\"http:\/\/sulsc.com\/wp-content\/uploads\/2025\/01\/Praia-da-Tereza.jpg\" \/>\n\t<meta property=\"og:image:width\" content=\"720\" \/>\n\t<meta property=\"og:image:height\" content=\"1600\" \/>\n\t<meta property=\"og:image:type\" content=\"image\/jpeg\" \/>\n<meta name=\"author\" content=\"Reda\u00e7\u00e3o Sul SC\" \/>\n<meta name=\"twitter:card\" content=\"summary_large_image\" \/>\n<meta name=\"twitter:creator\" content=\"@https:\/\/twitter.com\/PortalSulSC\" \/>\n<meta name=\"twitter:label1\" content=\"Written by\" \/>\n\t<meta name=\"twitter:data1\" content=\"Reda\u00e7\u00e3o Sul SC\" \/>\n\t<meta name=\"twitter:label2\" content=\"Est. reading time\" \/>\n\t<meta name=\"twitter:data2\" content=\"1 minute\" \/>\n<script type=\"application\/ld+json\" class=\"yoast-schema-graph\">{\"@context\":\"https:\/\/schema.org\",\"@graph\":[{\"@type\":\"WebPage\",\"@id\":\"https:\/\/sulsc.com\/index.php\/2025\/01\/14\/terca-feira-14-ensolarada-com-temperaturas-altas\/\",\"url\":\"https:\/\/sulsc.com\/index.php\/2025\/01\/14\/terca-feira-14-ensolarada-com-temperaturas-altas\/\",\"name\":\"Ter\u00e7a-feira (14) ensolarada com temperaturas altas -\",\"isPartOf\":{\"@id\":\"https:\/\/sulsc.com\/#website\"},\"datePublished\":\"2025-01-14T11:16:27+00:00\",\"dateModified\":\"2025-01-14T11:16:27+00:00\",\"author\":{\"@id\":\"https:\/\/sulsc.com\/#\/schema\/person\/84d2fc571684f6248ba83092f07750a3\"},\"description\":\"No Litoral a circula\u00e7\u00e3o mant\u00e9m a varia\u00e7\u00e3o de nuvens com condi\u00e7\u00f5es para chuva isolada e ocasional nos extremos do dia\",\"breadcrumb\":{\"@id\":\"https:\/\/sulsc.com\/index.php\/2025\/01\/14\/terca-feira-14-ensolarada-com-temperaturas-altas\/#breadcrumb\"},\"inLanguage\":\"en-US\",\"potentialAction\":[{\"@type\":\"ReadAction\",\"target\":[\"https:\/\/sulsc.com\/index.php\/2025\/01\/14\/terca-feira-14-ensolarada-com-temperaturas-altas\/\"]}]},{\"@type\":\"BreadcrumbList\",\"@id\":\"https:\/\/sulsc.com\/index.php\/2025\/01\/14\/terca-feira-14-ensolarada-com-temperaturas-altas\/#breadcrumb\",\"itemListElement\":[{\"@type\":\"ListItem\",\"position\":1,\"name\":\"In\u00edcio\",\"item\":\"https:\/\/sulsc.com\/\"},{\"@type\":\"ListItem\",\"position\":2,\"name\":\"Ter\u00e7a-feira (14) ensolarada com temperaturas altas\"}]},{\"@type\":\"WebSite\",\"@id\":\"https:\/\/sulsc.com\/#website\",\"url\":\"https:\/\/sulsc.com\/\",\"name\":\"\",\"description\":\"\",\"potentialAction\":[{\"@type\":\"SearchAction\",\"target\":{\"@type\":\"EntryPoint\",\"urlTemplate\":\"https:\/\/sulsc.com\/?s={search_term_string}\"},\"query-input\":\"required name=search_term_string\"}],\"inLanguage\":\"en-US\"},{\"@type\":\"Person\",\"@id\":\"https:\/\/sulsc.com\/#\/schema\/person\/84d2fc571684f6248ba83092f07750a3\",\"name\":\"Reda\u00e7\u00e3o Sul SC\",\"image\":{\"@type\":\"ImageObject\",\"inLanguage\":\"en-US\",\"@id\":\"https:\/\/sulsc.com\/#\/schema\/person\/image\/e08d7fe2cc4ed596372063bbe852b8d0\",\"url\":\"https:\/\/sulsc.com\/wp-content\/uploads\/2023\/09\/redacao.png\",\"contentUrl\":\"https:\/\/sulsc.com\/wp-content\/uploads\/2023\/09\/redacao.png\",\"caption\":\"Reda\u00e7\u00e3o Sul SC\"},\"description\":\"Foco em um jornalismo imparcial, voltado \u00e0 qualidade dos seus conte\u00fados e, assim, levar informa\u00e7\u00e3o de valor que agregue \u00e0 vida dos leitores. Esta \u00e9 grande miss\u00e3o do Portal de Not\u00edcias Sul SC. N\u00e3o \u00e9 quantidade que muda o mundo, sempre foi e seguir\u00e1 sendo qualidade!\",\"sameAs\":[\"https:\/\/sulsc.com\/\",\"https:\/\/www.facebook.com\/profile.php?id=61559278119680\",\"https:\/\/www.instagram.com\/sulscportal\/?hl=pt-br\",\"https:\/\/twitter.com\/https:\/\/twitter.com\/PortalSulSC\",\"https:\/\/www.youtube.com\/channel\/UCv_BE8GeySluDov2n8qhVmw\"],\"url\":\"https:\/\/sulsc.com\/index.php\/author\/redacao\/\"}]}<\/script>\n<!-- \/ Yoast SEO plugin. -->","yoast_head_json":{"title":"Ter\u00e7a-feira (14) ensolarada com temperaturas altas -","description":"No Litoral a circula\u00e7\u00e3o mant\u00e9m a varia\u00e7\u00e3o de nuvens com condi\u00e7\u00f5es para chuva isolada e ocasional nos extremos do dia","robots":{"index":"index","follow":"follow","max-snippet":"max-snippet:-1","max-image-preview":"max-image-preview:large","max-video-preview":"max-video-preview:-1"},"canonical":"https:\/\/sulsc.com\/index.php\/2025\/01\/14\/terca-feira-14-ensolarada-com-temperaturas-altas\/","og_locale":"en_US","og_type":"article","og_title":"Ter\u00e7a-feira (14) ensolarada com temperaturas altas -","og_description":"No Litoral a circula\u00e7\u00e3o mant\u00e9m a varia\u00e7\u00e3o de nuvens com condi\u00e7\u00f5es para chuva isolada e ocasional nos extremos do dia","og_url":"https:\/\/sulsc.com\/index.php\/2025\/01\/14\/terca-feira-14-ensolarada-com-temperaturas-altas\/","article_author":"https:\/\/www.facebook.com\/profile.php?id=61559278119680","article_published_time":"2025-01-14T11:16:27+00:00","og_image":[{"width":720,"height":1600,"url":"http:\/\/sulsc.com\/wp-content\/uploads\/2025\/01\/Praia-da-Tereza.jpg","type":"image\/jpeg"}],"author":"Reda\u00e7\u00e3o Sul SC","twitter_card":"summary_large_image","twitter_creator":"@https:\/\/twitter.com\/PortalSulSC","twitter_misc":{"Written by":"Reda\u00e7\u00e3o Sul SC","Est. reading time":"1 minute"},"schema":{"@context":"https:\/\/schema.org","@graph":[{"@type":"WebPage","@id":"https:\/\/sulsc.com\/index.php\/2025\/01\/14\/terca-feira-14-ensolarada-com-temperaturas-altas\/","url":"https:\/\/sulsc.com\/index.php\/2025\/01\/14\/terca-feira-14-ensolarada-com-temperaturas-altas\/","name":"Ter\u00e7a-feira (14) ensolarada com temperaturas altas -","isPartOf":{"@id":"https:\/\/sulsc.com\/#website"},"datePublished":"2025-01-14T11:16:27+00:00","dateModified":"2025-01-14T11:16:27+00:00","author":{"@id":"https:\/\/sulsc.com\/#\/schema\/person\/84d2fc571684f6248ba83092f07750a3"},"description":"No Litoral a circula\u00e7\u00e3o mant\u00e9m a varia\u00e7\u00e3o de nuvens com condi\u00e7\u00f5es para chuva isolada e ocasional nos extremos do dia","breadcrumb":{"@id":"https:\/\/sulsc.com\/index.php\/2025\/01\/14\/terca-feira-14-ensolarada-com-temperaturas-altas\/#breadcrumb"},"inLanguage":"en-US","potentialAction":[{"@type":"ReadAction","target":["https:\/\/sulsc.com\/index.php\/2025\/01\/14\/terca-feira-14-ensolarada-com-temperaturas-altas\/"]}]},{"@type":"BreadcrumbList","@id":"https:\/\/sulsc.com\/index.php\/2025\/01\/14\/terca-feira-14-ensolarada-com-temperaturas-altas\/#breadcrumb","itemListElement":[{"@type":"ListItem","position":1,"name":"In\u00edcio","item":"https:\/\/sulsc.com\/"},{"@type":"ListItem","position":2,"name":"Ter\u00e7a-feira (14) ensolarada com temperaturas altas"}]},{"@type":"WebSite","@id":"https:\/\/sulsc.com\/#website","url":"https:\/\/sulsc.com\/","name":"","description":"","potentialAction":[{"@type":"SearchAction","target":{"@type":"EntryPoint","urlTemplate":"https:\/\/sulsc.com\/?s={search_term_string}"},"query-input":"required name=search_term_string"}],"inLanguage":"en-US"},{"@type":"Person","@id":"https:\/\/sulsc.com\/#\/schema\/person\/84d2fc571684f6248ba83092f07750a3","name":"Reda\u00e7\u00e3o Sul SC","image":{"@type":"ImageObject","inLanguage":"en-US","@id":"https:\/\/sulsc.com\/#\/schema\/person\/image\/e08d7fe2cc4ed596372063bbe852b8d0","url":"https:\/\/sulsc.com\/wp-content\/uploads\/2023\/09\/redacao.png","contentUrl":"https:\/\/sulsc.com\/wp-content\/uploads\/2023\/09\/redacao.png","caption":"Reda\u00e7\u00e3o Sul SC"},"description":"Foco em um jornalismo imparcial, voltado \u00e0 qualidade dos seus conte\u00fados e, assim, levar informa\u00e7\u00e3o de valor que agregue \u00e0 vida dos leitores. Esta \u00e9 grande miss\u00e3o do Portal de Not\u00edcias Sul SC. N\u00e3o \u00e9 quantidade que muda o mundo, sempre foi e seguir\u00e1 sendo qualidade!","sameAs":["https:\/\/sulsc.com\/","https:\/\/www.facebook.com\/profile.php?id=61559278119680","https:\/\/www.instagram.com\/sulscportal\/?hl=pt-br","https:\/\/twitter.com\/https:\/\/twitter.com\/PortalSulSC","https:\/\/www.youtube.com\/channel\/UCv_BE8GeySluDov2n8qhVmw"],"url":"https:\/\/sulsc.com\/index.php\/author\/redacao\/"}]}},"authors":[],"_links":{"self":[{"href":"https:\/\/sulsc.com\/index.php\/wp-json\/wp\/v2\/posts\/19192"}],"collection":[{"href":"https:\/\/sulsc.com\/index.php\/wp-json\/wp\/v2\/posts"}],"about":[{"href":"https:\/\/sulsc.com\/index.php\/wp-json\/wp\/v2\/types\/post"}],"author":[{"embeddable":true,"href":"https:\/\/sulsc.com\/index.php\/wp-json\/wp\/v2\/users\/3"}],"replies":[{"embeddable":true,"href":"https:\/\/sulsc.com\/index.php\/wp-json\/wp\/v2\/comments?post=19192"}],"version-history":[{"count":1,"href":"https:\/\/sulsc.com\/index.php\/wp-json\/wp\/v2\/posts\/19192\/revisions"}],"predecessor-version":[{"id":19195,"href":"https:\/\/sulsc.com\/index.php\/wp-json\/wp\/v2\/posts\/19192\/revisions\/19195"}],"wp:featuredmedia":[{"embeddable":true,"href":"https:\/\/sulsc.com\/index.php\/wp-json\/wp\/v2\/media\/19194"}],"wp:attachment":[{"href":"https:\/\/sulsc.com\/index.php\/wp-json\/wp\/v2\/media?parent=19192"}],"wp:term":[{"taxonomy":"category","embeddable":true,"href":"https:\/\/sulsc.com\/index.php\/wp-json\/wp\/v2\/categories?post=19192"},{"taxonomy":"post_tag","embeddable":true,"href":"https:\/\/sulsc.com\/index.php\/wp-json\/wp\/v2\/tags?post=19192"}],"curies":[{"name":"wp","href":"https:\/\/api.w.org\/{rel}","templated":true}]}}