{"id":19203,"date":"2025-01-14T11:11:51","date_gmt":"2025-01-14T14:11:51","guid":{"rendered":"https:\/\/sulsc.com\/?p=19203"},"modified":"2025-01-14T11:12:05","modified_gmt":"2025-01-14T14:12:05","slug":"voo-de-reconhecimento-identifica-areas-de-risco-em-imbituba","status":"publish","type":"post","link":"https:\/\/sulsc.com\/index.php\/2025\/01\/14\/voo-de-reconhecimento-identifica-areas-de-risco-em-imbituba\/","title":{"rendered":"Voo de reconhecimento identifica \u00e1reas de risco em Imbituba"},"content":{"rendered":"<p>A Defesa Civil de Imbituba e o prefeito Michell Peninha realizaram, nesta segunda-feira (13), um voo de reconhecimento em \u00e1reas de risco do munic\u00edpio.<\/p>\n<p>De acordo com a Defesa Civil, as \u00e1reas de risco est\u00e3o aumentando e devido a quantidade de pessoas vivendo nestes locais, a preocupa\u00e7\u00e3o \u00e9 ainda maior.<\/p>\n<p>Segundo o coordenador Laureci Teixeira, os locais mais preocupantes que foram mapeados pelo CPRM (Servi\u00e7o Geol\u00f3gico do Brasil) s\u00e3o: Escadaria da Lomba na Vila Alvorada; \u00e1reas da praia do Porto; Portelinha na Divineia; Morro do Pacheco; e algumas \u00e1reas que s\u00e3o encostas de morro da Apa (\u00c1rea de Prote\u00e7\u00e3o da Baleia-franca), na praia do Rosa. \u201cTemos uma grande preocupa\u00e7\u00e3o em resolver a situa\u00e7\u00e3o da legalidade das constru\u00e7\u00f5es nestes locais. Por isso, convidamos o prefeito Michell Peninha para estar conosco neste voo de reconhecimento, com o intuito de tomarmos medidas r\u00e1pidas para frear as constru\u00e7\u00f5es irregulares nesses locais de \u00e1rea de risco\u201d, declarou.<\/p>\n<p>O monitoramento contou com o apoio do helic\u00f3ptero da Pol\u00edcia Civil ( Saer Sul).<\/p>\n","protected":false},"excerpt":{"rendered":"<p>A Defesa Civil de Imbituba e o prefeito Michell Peninha realizaram, nesta segunda-feira (13), um voo de reconhecimento em \u00e1reas de risco do munic\u00edpio. De acordo com a Defesa Civil, as \u00e1reas de risco est\u00e3o aumentando e devido a quantidade de pessoas vivendo nestes locais, a preocupa\u00e7\u00e3o \u00e9 ainda maior. Segundo o coordenador Laureci Teixeira, &hellip;<\/p>\n<p class=\"read-more\"> <a class=\"\" href=\"https:\/\/sulsc.com\/index.php\/2025\/01\/14\/voo-de-reconhecimento-identifica-areas-de-risco-em-imbituba\/\"> <span class=\"screen-reader-text\">Voo de reconhecimento identifica \u00e1reas de risco em Imbituba<\/span> Read More &raquo;<\/a><\/p>\n","protected":false},"author":3,"featured_media":19204,"comment_status":"open","ping_status":"open","sticky":false,"template":"","format":"standard","meta":{"site-sidebar-layout":"default","site-content-layout":"","ast-site-content-layout":"default","site-content-style":"default","site-sidebar-style":"default","ast-global-header-display":"","ast-banner-title-visibility":"","ast-main-header-display":"","ast-hfb-above-header-display":"","ast-hfb-below-header-display":"","ast-hfb-mobile-header-display":"","site-post-title":"","ast-breadcrumbs-content":"","ast-featured-img":"","footer-sml-layout":"","theme-transparent-header-meta":"default","adv-header-id-meta":"","stick-header-meta":"","header-above-stick-meta":"","header-main-stick-meta":"","header-below-stick-meta":"","astra-migrate-meta-layouts":"set","footnotes":""},"categories":[8],"tags":[],"yoast_head":"<!-- This site is optimized with the Yoast SEO plugin v21.4 - https:\/\/yoast.com\/wordpress\/plugins\/seo\/ -->\n<title>Voo de reconhecimento identifica \u00e1reas de risco em Imbituba -<\/title>\n<meta name=\"robots\" content=\"index, follow, max-snippet:-1, max-image-preview:large, max-video-preview:-1\" \/>\n<link rel=\"canonical\" href=\"https:\/\/sulsc.com\/index.php\/2025\/01\/14\/voo-de-reconhecimento-identifica-areas-de-risco-em-imbituba\/\" \/>\n<meta property=\"og:locale\" content=\"en_US\" \/>\n<meta property=\"og:type\" content=\"article\" \/>\n<meta property=\"og:title\" content=\"Voo de reconhecimento identifica \u00e1reas de risco em Imbituba -\" \/>\n<meta property=\"og:description\" content=\"A Defesa Civil de Imbituba e o prefeito Michell Peninha realizaram, nesta segunda-feira (13), um voo de reconhecimento em \u00e1reas de risco do munic\u00edpio. De acordo com a Defesa Civil, as \u00e1reas de risco est\u00e3o aumentando e devido a quantidade de pessoas vivendo nestes locais, a preocupa\u00e7\u00e3o \u00e9 ainda maior. Segundo o coordenador Laureci Teixeira, &hellip; Voo de reconhecimento identifica \u00e1reas de risco em Imbituba Read More &raquo;\" \/>\n<meta property=\"og:url\" content=\"https:\/\/sulsc.com\/index.php\/2025\/01\/14\/voo-de-reconhecimento-identifica-areas-de-risco-em-imbituba\/\" \/>\n<meta property=\"article:author\" content=\"https:\/\/www.facebook.com\/profile.php?id=61559278119680\" \/>\n<meta property=\"article:published_time\" content=\"2025-01-14T14:11:51+00:00\" \/>\n<meta property=\"article:modified_time\" content=\"2025-01-14T14:12:05+00:00\" \/>\n<meta property=\"og:image\" content=\"http:\/\/sulsc.com\/wp-content\/uploads\/2025\/01\/WhatsApp-Image-2025-01-13-at-15.48.38.jpeg\" \/>\n\t<meta property=\"og:image:width\" content=\"1600\" \/>\n\t<meta property=\"og:image:height\" content=\"1066\" \/>\n\t<meta property=\"og:image:type\" content=\"image\/jpeg\" \/>\n<meta name=\"author\" content=\"Reda\u00e7\u00e3o Sul SC\" \/>\n<meta name=\"twitter:card\" content=\"summary_large_image\" \/>\n<meta name=\"twitter:creator\" content=\"@https:\/\/twitter.com\/PortalSulSC\" \/>\n<meta name=\"twitter:label1\" content=\"Written by\" \/>\n\t<meta name=\"twitter:data1\" content=\"Reda\u00e7\u00e3o Sul SC\" \/>\n\t<meta name=\"twitter:label2\" content=\"Est. reading time\" \/>\n\t<meta name=\"twitter:data2\" content=\"1 minute\" \/>\n<script type=\"application\/ld+json\" class=\"yoast-schema-graph\">{\"@context\":\"https:\/\/schema.org\",\"@graph\":[{\"@type\":\"WebPage\",\"@id\":\"https:\/\/sulsc.com\/index.php\/2025\/01\/14\/voo-de-reconhecimento-identifica-areas-de-risco-em-imbituba\/\",\"url\":\"https:\/\/sulsc.com\/index.php\/2025\/01\/14\/voo-de-reconhecimento-identifica-areas-de-risco-em-imbituba\/\",\"name\":\"Voo de reconhecimento identifica \u00e1reas de risco em Imbituba -\",\"isPartOf\":{\"@id\":\"https:\/\/sulsc.com\/#website\"},\"datePublished\":\"2025-01-14T14:11:51+00:00\",\"dateModified\":\"2025-01-14T14:12:05+00:00\",\"author\":{\"@id\":\"https:\/\/sulsc.com\/#\/schema\/person\/84d2fc571684f6248ba83092f07750a3\"},\"breadcrumb\":{\"@id\":\"https:\/\/sulsc.com\/index.php\/2025\/01\/14\/voo-de-reconhecimento-identifica-areas-de-risco-em-imbituba\/#breadcrumb\"},\"inLanguage\":\"en-US\",\"potentialAction\":[{\"@type\":\"ReadAction\",\"target\":[\"https:\/\/sulsc.com\/index.php\/2025\/01\/14\/voo-de-reconhecimento-identifica-areas-de-risco-em-imbituba\/\"]}]},{\"@type\":\"BreadcrumbList\",\"@id\":\"https:\/\/sulsc.com\/index.php\/2025\/01\/14\/voo-de-reconhecimento-identifica-areas-de-risco-em-imbituba\/#breadcrumb\",\"itemListElement\":[{\"@type\":\"ListItem\",\"position\":1,\"name\":\"In\u00edcio\",\"item\":\"https:\/\/sulsc.com\/\"},{\"@type\":\"ListItem\",\"position\":2,\"name\":\"Voo de reconhecimento identifica \u00e1reas de risco em Imbituba\"}]},{\"@type\":\"WebSite\",\"@id\":\"https:\/\/sulsc.com\/#website\",\"url\":\"https:\/\/sulsc.com\/\",\"name\":\"\",\"description\":\"\",\"potentialAction\":[{\"@type\":\"SearchAction\",\"target\":{\"@type\":\"EntryPoint\",\"urlTemplate\":\"https:\/\/sulsc.com\/?s={search_term_string}\"},\"query-input\":\"required name=search_term_string\"}],\"inLanguage\":\"en-US\"},{\"@type\":\"Person\",\"@id\":\"https:\/\/sulsc.com\/#\/schema\/person\/84d2fc571684f6248ba83092f07750a3\",\"name\":\"Reda\u00e7\u00e3o Sul SC\",\"image\":{\"@type\":\"ImageObject\",\"inLanguage\":\"en-US\",\"@id\":\"https:\/\/sulsc.com\/#\/schema\/person\/image\/e08d7fe2cc4ed596372063bbe852b8d0\",\"url\":\"https:\/\/sulsc.com\/wp-content\/uploads\/2023\/09\/redacao.png\",\"contentUrl\":\"https:\/\/sulsc.com\/wp-content\/uploads\/2023\/09\/redacao.png\",\"caption\":\"Reda\u00e7\u00e3o Sul SC\"},\"description\":\"Foco em um jornalismo imparcial, voltado \u00e0 qualidade dos seus conte\u00fados e, assim, levar informa\u00e7\u00e3o de valor que agregue \u00e0 vida dos leitores. Esta \u00e9 grande miss\u00e3o do Portal de Not\u00edcias Sul SC. N\u00e3o \u00e9 quantidade que muda o mundo, sempre foi e seguir\u00e1 sendo qualidade!\",\"sameAs\":[\"https:\/\/sulsc.com\/\",\"https:\/\/www.facebook.com\/profile.php?id=61559278119680\",\"https:\/\/www.instagram.com\/sulscportal\/?hl=pt-br\",\"https:\/\/twitter.com\/https:\/\/twitter.com\/PortalSulSC\",\"https:\/\/www.youtube.com\/channel\/UCv_BE8GeySluDov2n8qhVmw\"],\"url\":\"https:\/\/sulsc.com\/index.php\/author\/redacao\/\"}]}<\/script>\n<!-- \/ Yoast SEO plugin. -->","yoast_head_json":{"title":"Voo de reconhecimento identifica \u00e1reas de risco em Imbituba -","robots":{"index":"index","follow":"follow","max-snippet":"max-snippet:-1","max-image-preview":"max-image-preview:large","max-video-preview":"max-video-preview:-1"},"canonical":"https:\/\/sulsc.com\/index.php\/2025\/01\/14\/voo-de-reconhecimento-identifica-areas-de-risco-em-imbituba\/","og_locale":"en_US","og_type":"article","og_title":"Voo de reconhecimento identifica \u00e1reas de risco em Imbituba -","og_description":"A Defesa Civil de Imbituba e o prefeito Michell Peninha realizaram, nesta segunda-feira (13), um voo de reconhecimento em \u00e1reas de risco do munic\u00edpio. De acordo com a Defesa Civil, as \u00e1reas de risco est\u00e3o aumentando e devido a quantidade de pessoas vivendo nestes locais, a preocupa\u00e7\u00e3o \u00e9 ainda maior. Segundo o coordenador Laureci Teixeira, &hellip; Voo de reconhecimento identifica \u00e1reas de risco em Imbituba Read More &raquo;","og_url":"https:\/\/sulsc.com\/index.php\/2025\/01\/14\/voo-de-reconhecimento-identifica-areas-de-risco-em-imbituba\/","article_author":"https:\/\/www.facebook.com\/profile.php?id=61559278119680","article_published_time":"2025-01-14T14:11:51+00:00","article_modified_time":"2025-01-14T14:12:05+00:00","og_image":[{"width":1600,"height":1066,"url":"http:\/\/sulsc.com\/wp-content\/uploads\/2025\/01\/WhatsApp-Image-2025-01-13-at-15.48.38.jpeg","type":"image\/jpeg"}],"author":"Reda\u00e7\u00e3o Sul SC","twitter_card":"summary_large_image","twitter_creator":"@https:\/\/twitter.com\/PortalSulSC","twitter_misc":{"Written by":"Reda\u00e7\u00e3o Sul SC","Est. reading time":"1 minute"},"schema":{"@context":"https:\/\/schema.org","@graph":[{"@type":"WebPage","@id":"https:\/\/sulsc.com\/index.php\/2025\/01\/14\/voo-de-reconhecimento-identifica-areas-de-risco-em-imbituba\/","url":"https:\/\/sulsc.com\/index.php\/2025\/01\/14\/voo-de-reconhecimento-identifica-areas-de-risco-em-imbituba\/","name":"Voo de reconhecimento identifica \u00e1reas de risco em Imbituba -","isPartOf":{"@id":"https:\/\/sulsc.com\/#website"},"datePublished":"2025-01-14T14:11:51+00:00","dateModified":"2025-01-14T14:12:05+00:00","author":{"@id":"https:\/\/sulsc.com\/#\/schema\/person\/84d2fc571684f6248ba83092f07750a3"},"breadcrumb":{"@id":"https:\/\/sulsc.com\/index.php\/2025\/01\/14\/voo-de-reconhecimento-identifica-areas-de-risco-em-imbituba\/#breadcrumb"},"inLanguage":"en-US","potentialAction":[{"@type":"ReadAction","target":["https:\/\/sulsc.com\/index.php\/2025\/01\/14\/voo-de-reconhecimento-identifica-areas-de-risco-em-imbituba\/"]}]},{"@type":"BreadcrumbList","@id":"https:\/\/sulsc.com\/index.php\/2025\/01\/14\/voo-de-reconhecimento-identifica-areas-de-risco-em-imbituba\/#breadcrumb","itemListElement":[{"@type":"ListItem","position":1,"name":"In\u00edcio","item":"https:\/\/sulsc.com\/"},{"@type":"ListItem","position":2,"name":"Voo de reconhecimento identifica \u00e1reas de risco em Imbituba"}]},{"@type":"WebSite","@id":"https:\/\/sulsc.com\/#website","url":"https:\/\/sulsc.com\/","name":"","description":"","potentialAction":[{"@type":"SearchAction","target":{"@type":"EntryPoint","urlTemplate":"https:\/\/sulsc.com\/?s={search_term_string}"},"query-input":"required name=search_term_string"}],"inLanguage":"en-US"},{"@type":"Person","@id":"https:\/\/sulsc.com\/#\/schema\/person\/84d2fc571684f6248ba83092f07750a3","name":"Reda\u00e7\u00e3o Sul SC","image":{"@type":"ImageObject","inLanguage":"en-US","@id":"https:\/\/sulsc.com\/#\/schema\/person\/image\/e08d7fe2cc4ed596372063bbe852b8d0","url":"https:\/\/sulsc.com\/wp-content\/uploads\/2023\/09\/redacao.png","contentUrl":"https:\/\/sulsc.com\/wp-content\/uploads\/2023\/09\/redacao.png","caption":"Reda\u00e7\u00e3o Sul SC"},"description":"Foco em um jornalismo imparcial, voltado \u00e0 qualidade dos seus conte\u00fados e, assim, levar informa\u00e7\u00e3o de valor que agregue \u00e0 vida dos leitores. Esta \u00e9 grande miss\u00e3o do Portal de Not\u00edcias Sul SC. N\u00e3o \u00e9 quantidade que muda o mundo, sempre foi e seguir\u00e1 sendo qualidade!","sameAs":["https:\/\/sulsc.com\/","https:\/\/www.facebook.com\/profile.php?id=61559278119680","https:\/\/www.instagram.com\/sulscportal\/?hl=pt-br","https:\/\/twitter.com\/https:\/\/twitter.com\/PortalSulSC","https:\/\/www.youtube.com\/channel\/UCv_BE8GeySluDov2n8qhVmw"],"url":"https:\/\/sulsc.com\/index.php\/author\/redacao\/"}]}},"authors":[],"_links":{"self":[{"href":"https:\/\/sulsc.com\/index.php\/wp-json\/wp\/v2\/posts\/19203"}],"collection":[{"href":"https:\/\/sulsc.com\/index.php\/wp-json\/wp\/v2\/posts"}],"about":[{"href":"https:\/\/sulsc.com\/index.php\/wp-json\/wp\/v2\/types\/post"}],"author":[{"embeddable":true,"href":"https:\/\/sulsc.com\/index.php\/wp-json\/wp\/v2\/users\/3"}],"replies":[{"embeddable":true,"href":"https:\/\/sulsc.com\/index.php\/wp-json\/wp\/v2\/comments?post=19203"}],"version-history":[{"count":1,"href":"https:\/\/sulsc.com\/index.php\/wp-json\/wp\/v2\/posts\/19203\/revisions"}],"predecessor-version":[{"id":19205,"href":"https:\/\/sulsc.com\/index.php\/wp-json\/wp\/v2\/posts\/19203\/revisions\/19205"}],"wp:featuredmedia":[{"embeddable":true,"href":"https:\/\/sulsc.com\/index.php\/wp-json\/wp\/v2\/media\/19204"}],"wp:attachment":[{"href":"https:\/\/sulsc.com\/index.php\/wp-json\/wp\/v2\/media?parent=19203"}],"wp:term":[{"taxonomy":"category","embeddable":true,"href":"https:\/\/sulsc.com\/index.php\/wp-json\/wp\/v2\/categories?post=19203"},{"taxonomy":"post_tag","embeddable":true,"href":"https:\/\/sulsc.com\/index.php\/wp-json\/wp\/v2\/tags?post=19203"}],"curies":[{"name":"wp","href":"https:\/\/api.w.org\/{rel}","templated":true}]}}