{"id":19219,"date":"2025-01-14T14:35:01","date_gmt":"2025-01-14T17:35:01","guid":{"rendered":"https:\/\/sulsc.com\/?p=19219"},"modified":"2025-01-14T14:35:01","modified_gmt":"2025-01-14T17:35:01","slug":"previsao-do-tempo-santa-catarina-pode-ter-la-nina-de-fraca-intensidade-entre-fevereiro-e-abril-de-2025","status":"publish","type":"post","link":"https:\/\/sulsc.com\/index.php\/2025\/01\/14\/previsao-do-tempo-santa-catarina-pode-ter-la-nina-de-fraca-intensidade-entre-fevereiro-e-abril-de-2025\/","title":{"rendered":"Previs\u00e3o do tempo: Santa Catarina pode ter La Ni\u00f1a de fraca intensidade entre fevereiro e abril de 2025"},"content":{"rendered":"<p>Meteorologistas da Epagri\/Ciram e da Secretaria de Estado da Prote\u00e7\u00e3o e Defesa Civil (SDC) emitiram nota conjunta com as atualiza\u00e7\u00f5es mais recentes da probabilidade de ocorr\u00eancia de La Ni\u00f1a. O fen\u00f4meno se caracteriza pelo resfriamento da \u00e1gua na regi\u00e3o equatorial do Oceano Pac\u00edfico e causa impactos na atmosfera, o que pode provocar \u201cchuvas irregulares e tend\u00eancia de acumulados pr\u00f3ximos e at\u00e9 abaixo da m\u00e9dia, em especial no Grande Oeste catarinense\u201d, detalha a nota.<\/p>\n<p>Na avalia\u00e7\u00e3o das duas entidades, tudo indica que o La Ni\u00f1a ser\u00e1 de fraca intensidade e curta dura\u00e7\u00e3o. \u201cEmbora os impactos tradicionais do La Ni\u00f1a sejam menos prov\u00e1veis, ainda s\u00e3o esperadas influ\u00eancias nas condi\u00e7\u00f5es clim\u00e1ticas no decorrer do ver\u00e3o e in\u00edcio do outono\u201d, alertam os meteorologistas.<\/p>\n<h4 class=\"wp-block-heading\">Impactos na agricultura<\/h4>\n<p>A condi\u00e7\u00e3o de estiagem leve, que se observa no Oeste de Santa Catarina desde o final de dezembro, pode prejudicar o desenvolvimento adequado da soja de segunda safra na regi\u00e3o. \u00c9 o que afirma Haroldo Tavares Elias, analista de socioeconomia da Epagri\/Cepa. Ele relata que as lavouras j\u00e1 estabelecidas para a segunda safra do gr\u00e3o enfrentam d\u00e9ficit h\u00eddrico.<\/p>\n<h4 class=\"wp-block-heading\"><strong>Sobre o La Ni\u00f1a<\/strong><\/h4>\n<p>A nota conjunta da Epagri\/Ciram e SDC destaca que o resfriamento na regi\u00e3o equatorial do Oceano Pac\u00edfico vem sendo observado desde julho. Entretanto, nas \u00faltimas semanas de dezembro este resfriamento foi intensificado e ocorreu uma queda abrupta das temperaturas.<\/p>\n<p>De acordo com o monitoramento da Administra\u00e7\u00e3o Oce\u00e2nica e Atmosf\u00e9rica Nacional dos EUA (NOAA), as anomalias de temperatura registraram valores 0,7\u00b0C abaixo da m\u00e9dia. Para que o La Ni\u00f1a se concretize, \u00e9 necess\u00e1rio que este resfriamento se mantenha abaixo do limiar de -0,5\u00b0C, o que j\u00e1 foi atingido. No entanto, \u00e9 preciso que estas temperaturas mais baixas se mantenham nos pr\u00f3ximos meses.<\/p>\n<p>Os modelos clim\u00e1ticos sugerem que esta condi\u00e7\u00e3o persista entre fevereiro e abril, com o retorno da normalidade logo em seguida. Contudo, n\u00e3o h\u00e1 consenso entre os modelos sobre a perman\u00eancia das temperaturas baixas por esse per\u00edodo, e a condi\u00e7\u00e3o pode n\u00e3o atingir o limiar necess\u00e1rio.<\/p>\n<h4 class=\"wp-block-heading\"><strong>Precipita\u00e7\u00f5es irregulares em 2024<\/strong><\/h4>\n<p>Conforme os dados do \u00cdndice Integrado de Secas, disponibilizado pelo Centro Nacional de Monitoramento e Alertas de Desastres (Cemaden), que leva em considera\u00e7\u00e3o a precipita\u00e7\u00e3o, a vegeta\u00e7\u00e3o e a umidade do solo, as regi\u00f5es do Oeste e Planalto Sul apresentam situa\u00e7\u00e3o de\u00a0<strong><a href=\"https:\/\/blog.epagri.sc.gov.br\/index.php\/iniciativa-no-extremo-oeste-de-sc-promove-praticas-agricolas-para-controle-da-estiagem-e-da-erosao-do-solo\/\" target=\"_blank\" rel=\"noreferrer noopener\">seca<\/a><\/strong>\u00a0fraca a moderada em dezembro. Este cen\u00e1rio \u00e9 reflexo dos acumulados de precipita\u00e7\u00e3o irregulares no segundo semestre de 2024, quando foram observados alguns meses de precipita\u00e7\u00e3o abaixo da m\u00e9dia climatol\u00f3gica.<\/p>\n","protected":false},"excerpt":{"rendered":"<p>Meteorologistas da Epagri\/Ciram e da Secretaria de Estado da Prote\u00e7\u00e3o e Defesa Civil (SDC) emitiram nota conjunta com as atualiza\u00e7\u00f5es mais recentes da probabilidade de ocorr\u00eancia de La Ni\u00f1a. O fen\u00f4meno se caracteriza pelo resfriamento da \u00e1gua na regi\u00e3o equatorial do Oceano Pac\u00edfico e causa impactos na atmosfera, o que pode provocar \u201cchuvas irregulares e &hellip;<\/p>\n<p class=\"read-more\"> <a class=\"\" href=\"https:\/\/sulsc.com\/index.php\/2025\/01\/14\/previsao-do-tempo-santa-catarina-pode-ter-la-nina-de-fraca-intensidade-entre-fevereiro-e-abril-de-2025\/\"> <span class=\"screen-reader-text\">Previs\u00e3o do tempo: Santa Catarina pode ter La Ni\u00f1a de fraca intensidade entre fevereiro e abril de 2025<\/span> Read More &raquo;<\/a><\/p>\n","protected":false},"author":3,"featured_media":19220,"comment_status":"open","ping_status":"open","sticky":false,"template":"","format":"standard","meta":{"site-sidebar-layout":"default","site-content-layout":"","ast-site-content-layout":"default","site-content-style":"default","site-sidebar-style":"default","ast-global-header-display":"","ast-banner-title-visibility":"","ast-main-header-display":"","ast-hfb-above-header-display":"","ast-hfb-below-header-display":"","ast-hfb-mobile-header-display":"","site-post-title":"","ast-breadcrumbs-content":"","ast-featured-img":"","footer-sml-layout":"","theme-transparent-header-meta":"default","adv-header-id-meta":"","stick-header-meta":"","header-above-stick-meta":"","header-main-stick-meta":"","header-below-stick-meta":"","astra-migrate-meta-layouts":"set","footnotes":""},"categories":[38],"tags":[],"yoast_head":"<!-- This site is optimized with the Yoast SEO plugin v21.4 - https:\/\/yoast.com\/wordpress\/plugins\/seo\/ -->\n<title>Previs\u00e3o do tempo: Santa Catarina pode ter La Ni\u00f1a de fraca intensidade entre fevereiro e abril de 2025 -<\/title>\n<meta name=\"robots\" content=\"index, follow, max-snippet:-1, max-image-preview:large, max-video-preview:-1\" \/>\n<link rel=\"canonical\" href=\"https:\/\/sulsc.com\/index.php\/2025\/01\/14\/previsao-do-tempo-santa-catarina-pode-ter-la-nina-de-fraca-intensidade-entre-fevereiro-e-abril-de-2025\/\" \/>\n<meta property=\"og:locale\" content=\"en_US\" \/>\n<meta property=\"og:type\" content=\"article\" \/>\n<meta property=\"og:title\" content=\"Previs\u00e3o do tempo: Santa Catarina pode ter La Ni\u00f1a de fraca intensidade entre fevereiro e abril de 2025 -\" \/>\n<meta property=\"og:description\" content=\"Meteorologistas da Epagri\/Ciram e da Secretaria de Estado da Prote\u00e7\u00e3o e Defesa Civil (SDC) emitiram nota conjunta com as atualiza\u00e7\u00f5es mais recentes da probabilidade de ocorr\u00eancia de La Ni\u00f1a. O fen\u00f4meno se caracteriza pelo resfriamento da \u00e1gua na regi\u00e3o equatorial do Oceano Pac\u00edfico e causa impactos na atmosfera, o que pode provocar \u201cchuvas irregulares e &hellip; Previs\u00e3o do tempo: Santa Catarina pode ter La Ni\u00f1a de fraca intensidade entre fevereiro e abril de 2025 Read More &raquo;\" \/>\n<meta property=\"og:url\" content=\"https:\/\/sulsc.com\/index.php\/2025\/01\/14\/previsao-do-tempo-santa-catarina-pode-ter-la-nina-de-fraca-intensidade-entre-fevereiro-e-abril-de-2025\/\" \/>\n<meta property=\"article:author\" content=\"https:\/\/www.facebook.com\/profile.php?id=61559278119680\" \/>\n<meta property=\"article:published_time\" content=\"2025-01-14T17:35:01+00:00\" \/>\n<meta property=\"og:image\" content=\"http:\/\/sulsc.com\/wp-content\/uploads\/2025\/01\/mapa-estiagem.jpg\" \/>\n\t<meta property=\"og:image:width\" content=\"640\" \/>\n\t<meta property=\"og:image:height\" content=\"480\" \/>\n\t<meta property=\"og:image:type\" content=\"image\/jpeg\" \/>\n<meta name=\"author\" content=\"Reda\u00e7\u00e3o Sul SC\" \/>\n<meta name=\"twitter:card\" content=\"summary_large_image\" \/>\n<meta name=\"twitter:creator\" content=\"@https:\/\/twitter.com\/PortalSulSC\" \/>\n<meta name=\"twitter:label1\" content=\"Written by\" \/>\n\t<meta name=\"twitter:data1\" content=\"Reda\u00e7\u00e3o Sul SC\" \/>\n\t<meta name=\"twitter:label2\" content=\"Est. reading time\" \/>\n\t<meta name=\"twitter:data2\" content=\"2 minutes\" \/>\n<script type=\"application\/ld+json\" class=\"yoast-schema-graph\">{\"@context\":\"https:\/\/schema.org\",\"@graph\":[{\"@type\":\"WebPage\",\"@id\":\"https:\/\/sulsc.com\/index.php\/2025\/01\/14\/previsao-do-tempo-santa-catarina-pode-ter-la-nina-de-fraca-intensidade-entre-fevereiro-e-abril-de-2025\/\",\"url\":\"https:\/\/sulsc.com\/index.php\/2025\/01\/14\/previsao-do-tempo-santa-catarina-pode-ter-la-nina-de-fraca-intensidade-entre-fevereiro-e-abril-de-2025\/\",\"name\":\"Previs\u00e3o do tempo: Santa Catarina pode ter La Ni\u00f1a de fraca intensidade entre fevereiro e abril de 2025 -\",\"isPartOf\":{\"@id\":\"https:\/\/sulsc.com\/#website\"},\"datePublished\":\"2025-01-14T17:35:01+00:00\",\"dateModified\":\"2025-01-14T17:35:01+00:00\",\"author\":{\"@id\":\"https:\/\/sulsc.com\/#\/schema\/person\/84d2fc571684f6248ba83092f07750a3\"},\"breadcrumb\":{\"@id\":\"https:\/\/sulsc.com\/index.php\/2025\/01\/14\/previsao-do-tempo-santa-catarina-pode-ter-la-nina-de-fraca-intensidade-entre-fevereiro-e-abril-de-2025\/#breadcrumb\"},\"inLanguage\":\"en-US\",\"potentialAction\":[{\"@type\":\"ReadAction\",\"target\":[\"https:\/\/sulsc.com\/index.php\/2025\/01\/14\/previsao-do-tempo-santa-catarina-pode-ter-la-nina-de-fraca-intensidade-entre-fevereiro-e-abril-de-2025\/\"]}]},{\"@type\":\"BreadcrumbList\",\"@id\":\"https:\/\/sulsc.com\/index.php\/2025\/01\/14\/previsao-do-tempo-santa-catarina-pode-ter-la-nina-de-fraca-intensidade-entre-fevereiro-e-abril-de-2025\/#breadcrumb\",\"itemListElement\":[{\"@type\":\"ListItem\",\"position\":1,\"name\":\"In\u00edcio\",\"item\":\"https:\/\/sulsc.com\/\"},{\"@type\":\"ListItem\",\"position\":2,\"name\":\"Previs\u00e3o do tempo: Santa Catarina pode ter La Ni\u00f1a de fraca intensidade entre fevereiro e abril de 2025\"}]},{\"@type\":\"WebSite\",\"@id\":\"https:\/\/sulsc.com\/#website\",\"url\":\"https:\/\/sulsc.com\/\",\"name\":\"\",\"description\":\"\",\"potentialAction\":[{\"@type\":\"SearchAction\",\"target\":{\"@type\":\"EntryPoint\",\"urlTemplate\":\"https:\/\/sulsc.com\/?s={search_term_string}\"},\"query-input\":\"required name=search_term_string\"}],\"inLanguage\":\"en-US\"},{\"@type\":\"Person\",\"@id\":\"https:\/\/sulsc.com\/#\/schema\/person\/84d2fc571684f6248ba83092f07750a3\",\"name\":\"Reda\u00e7\u00e3o Sul SC\",\"image\":{\"@type\":\"ImageObject\",\"inLanguage\":\"en-US\",\"@id\":\"https:\/\/sulsc.com\/#\/schema\/person\/image\/e08d7fe2cc4ed596372063bbe852b8d0\",\"url\":\"https:\/\/sulsc.com\/wp-content\/uploads\/2023\/09\/redacao.png\",\"contentUrl\":\"https:\/\/sulsc.com\/wp-content\/uploads\/2023\/09\/redacao.png\",\"caption\":\"Reda\u00e7\u00e3o Sul SC\"},\"description\":\"Foco em um jornalismo imparcial, voltado \u00e0 qualidade dos seus conte\u00fados e, assim, levar informa\u00e7\u00e3o de valor que agregue \u00e0 vida dos leitores. Esta \u00e9 grande miss\u00e3o do Portal de Not\u00edcias Sul SC. N\u00e3o \u00e9 quantidade que muda o mundo, sempre foi e seguir\u00e1 sendo qualidade!\",\"sameAs\":[\"https:\/\/sulsc.com\/\",\"https:\/\/www.facebook.com\/profile.php?id=61559278119680\",\"https:\/\/www.instagram.com\/sulscportal\/?hl=pt-br\",\"https:\/\/twitter.com\/https:\/\/twitter.com\/PortalSulSC\",\"https:\/\/www.youtube.com\/channel\/UCv_BE8GeySluDov2n8qhVmw\"],\"url\":\"https:\/\/sulsc.com\/index.php\/author\/redacao\/\"}]}<\/script>\n<!-- \/ Yoast SEO plugin. -->","yoast_head_json":{"title":"Previs\u00e3o do tempo: Santa Catarina pode ter La Ni\u00f1a de fraca intensidade entre fevereiro e abril de 2025 -","robots":{"index":"index","follow":"follow","max-snippet":"max-snippet:-1","max-image-preview":"max-image-preview:large","max-video-preview":"max-video-preview:-1"},"canonical":"https:\/\/sulsc.com\/index.php\/2025\/01\/14\/previsao-do-tempo-santa-catarina-pode-ter-la-nina-de-fraca-intensidade-entre-fevereiro-e-abril-de-2025\/","og_locale":"en_US","og_type":"article","og_title":"Previs\u00e3o do tempo: Santa Catarina pode ter La Ni\u00f1a de fraca intensidade entre fevereiro e abril de 2025 -","og_description":"Meteorologistas da Epagri\/Ciram e da Secretaria de Estado da Prote\u00e7\u00e3o e Defesa Civil (SDC) emitiram nota conjunta com as atualiza\u00e7\u00f5es mais recentes da probabilidade de ocorr\u00eancia de La Ni\u00f1a. O fen\u00f4meno se caracteriza pelo resfriamento da \u00e1gua na regi\u00e3o equatorial do Oceano Pac\u00edfico e causa impactos na atmosfera, o que pode provocar \u201cchuvas irregulares e &hellip; Previs\u00e3o do tempo: Santa Catarina pode ter La Ni\u00f1a de fraca intensidade entre fevereiro e abril de 2025 Read More &raquo;","og_url":"https:\/\/sulsc.com\/index.php\/2025\/01\/14\/previsao-do-tempo-santa-catarina-pode-ter-la-nina-de-fraca-intensidade-entre-fevereiro-e-abril-de-2025\/","article_author":"https:\/\/www.facebook.com\/profile.php?id=61559278119680","article_published_time":"2025-01-14T17:35:01+00:00","og_image":[{"width":640,"height":480,"url":"http:\/\/sulsc.com\/wp-content\/uploads\/2025\/01\/mapa-estiagem.jpg","type":"image\/jpeg"}],"author":"Reda\u00e7\u00e3o Sul SC","twitter_card":"summary_large_image","twitter_creator":"@https:\/\/twitter.com\/PortalSulSC","twitter_misc":{"Written by":"Reda\u00e7\u00e3o Sul SC","Est. reading time":"2 minutes"},"schema":{"@context":"https:\/\/schema.org","@graph":[{"@type":"WebPage","@id":"https:\/\/sulsc.com\/index.php\/2025\/01\/14\/previsao-do-tempo-santa-catarina-pode-ter-la-nina-de-fraca-intensidade-entre-fevereiro-e-abril-de-2025\/","url":"https:\/\/sulsc.com\/index.php\/2025\/01\/14\/previsao-do-tempo-santa-catarina-pode-ter-la-nina-de-fraca-intensidade-entre-fevereiro-e-abril-de-2025\/","name":"Previs\u00e3o do tempo: Santa Catarina pode ter La Ni\u00f1a de fraca intensidade entre fevereiro e abril de 2025 -","isPartOf":{"@id":"https:\/\/sulsc.com\/#website"},"datePublished":"2025-01-14T17:35:01+00:00","dateModified":"2025-01-14T17:35:01+00:00","author":{"@id":"https:\/\/sulsc.com\/#\/schema\/person\/84d2fc571684f6248ba83092f07750a3"},"breadcrumb":{"@id":"https:\/\/sulsc.com\/index.php\/2025\/01\/14\/previsao-do-tempo-santa-catarina-pode-ter-la-nina-de-fraca-intensidade-entre-fevereiro-e-abril-de-2025\/#breadcrumb"},"inLanguage":"en-US","potentialAction":[{"@type":"ReadAction","target":["https:\/\/sulsc.com\/index.php\/2025\/01\/14\/previsao-do-tempo-santa-catarina-pode-ter-la-nina-de-fraca-intensidade-entre-fevereiro-e-abril-de-2025\/"]}]},{"@type":"BreadcrumbList","@id":"https:\/\/sulsc.com\/index.php\/2025\/01\/14\/previsao-do-tempo-santa-catarina-pode-ter-la-nina-de-fraca-intensidade-entre-fevereiro-e-abril-de-2025\/#breadcrumb","itemListElement":[{"@type":"ListItem","position":1,"name":"In\u00edcio","item":"https:\/\/sulsc.com\/"},{"@type":"ListItem","position":2,"name":"Previs\u00e3o do tempo: Santa Catarina pode ter La Ni\u00f1a de fraca intensidade entre fevereiro e abril de 2025"}]},{"@type":"WebSite","@id":"https:\/\/sulsc.com\/#website","url":"https:\/\/sulsc.com\/","name":"","description":"","potentialAction":[{"@type":"SearchAction","target":{"@type":"EntryPoint","urlTemplate":"https:\/\/sulsc.com\/?s={search_term_string}"},"query-input":"required name=search_term_string"}],"inLanguage":"en-US"},{"@type":"Person","@id":"https:\/\/sulsc.com\/#\/schema\/person\/84d2fc571684f6248ba83092f07750a3","name":"Reda\u00e7\u00e3o Sul SC","image":{"@type":"ImageObject","inLanguage":"en-US","@id":"https:\/\/sulsc.com\/#\/schema\/person\/image\/e08d7fe2cc4ed596372063bbe852b8d0","url":"https:\/\/sulsc.com\/wp-content\/uploads\/2023\/09\/redacao.png","contentUrl":"https:\/\/sulsc.com\/wp-content\/uploads\/2023\/09\/redacao.png","caption":"Reda\u00e7\u00e3o Sul SC"},"description":"Foco em um jornalismo imparcial, voltado \u00e0 qualidade dos seus conte\u00fados e, assim, levar informa\u00e7\u00e3o de valor que agregue \u00e0 vida dos leitores. Esta \u00e9 grande miss\u00e3o do Portal de Not\u00edcias Sul SC. N\u00e3o \u00e9 quantidade que muda o mundo, sempre foi e seguir\u00e1 sendo qualidade!","sameAs":["https:\/\/sulsc.com\/","https:\/\/www.facebook.com\/profile.php?id=61559278119680","https:\/\/www.instagram.com\/sulscportal\/?hl=pt-br","https:\/\/twitter.com\/https:\/\/twitter.com\/PortalSulSC","https:\/\/www.youtube.com\/channel\/UCv_BE8GeySluDov2n8qhVmw"],"url":"https:\/\/sulsc.com\/index.php\/author\/redacao\/"}]}},"authors":[],"_links":{"self":[{"href":"https:\/\/sulsc.com\/index.php\/wp-json\/wp\/v2\/posts\/19219"}],"collection":[{"href":"https:\/\/sulsc.com\/index.php\/wp-json\/wp\/v2\/posts"}],"about":[{"href":"https:\/\/sulsc.com\/index.php\/wp-json\/wp\/v2\/types\/post"}],"author":[{"embeddable":true,"href":"https:\/\/sulsc.com\/index.php\/wp-json\/wp\/v2\/users\/3"}],"replies":[{"embeddable":true,"href":"https:\/\/sulsc.com\/index.php\/wp-json\/wp\/v2\/comments?post=19219"}],"version-history":[{"count":1,"href":"https:\/\/sulsc.com\/index.php\/wp-json\/wp\/v2\/posts\/19219\/revisions"}],"predecessor-version":[{"id":19221,"href":"https:\/\/sulsc.com\/index.php\/wp-json\/wp\/v2\/posts\/19219\/revisions\/19221"}],"wp:featuredmedia":[{"embeddable":true,"href":"https:\/\/sulsc.com\/index.php\/wp-json\/wp\/v2\/media\/19220"}],"wp:attachment":[{"href":"https:\/\/sulsc.com\/index.php\/wp-json\/wp\/v2\/media?parent=19219"}],"wp:term":[{"taxonomy":"category","embeddable":true,"href":"https:\/\/sulsc.com\/index.php\/wp-json\/wp\/v2\/categories?post=19219"},{"taxonomy":"post_tag","embeddable":true,"href":"https:\/\/sulsc.com\/index.php\/wp-json\/wp\/v2\/tags?post=19219"}],"curies":[{"name":"wp","href":"https:\/\/api.w.org\/{rel}","templated":true}]}}