{"id":19290,"date":"2025-01-16T09:51:32","date_gmt":"2025-01-16T12:51:32","guid":{"rendered":"https:\/\/sulsc.com\/?p=19290"},"modified":"2025-01-16T09:51:32","modified_gmt":"2025-01-16T12:51:32","slug":"quinta-feira-16-sera-de-calor-e-condicao-de-temporais-isolados","status":"publish","type":"post","link":"https:\/\/sulsc.com\/index.php\/2025\/01\/16\/quinta-feira-16-sera-de-calor-e-condicao-de-temporais-isolados\/","title":{"rendered":"Quinta-feira (16) ser\u00e1 de calor e condi\u00e7\u00e3o de temporais isolados"},"content":{"rendered":"<p>Quinta-feira (16) ser\u00e1 com condi\u00e7\u00e3o de temporais isolados no Grande Oeste, planaltos e Sul do estado, principalmente nas \u00e1reas de divisa com o RS, podendo vir com raios, rajadas de vento e eventual queda de granizo.\u00a0 Antes dos temporais o calor se intensifica e as m\u00e1ximas variam entre 28 e 32\u00b0C, podendo chegar aos 35\u00b0C no Extremo Oeste.<\/p>\n<p><img fetchpriority=\"high\" decoding=\"async\" class=\"aligncenter size-full wp-image-19291\" src=\"http:\/\/sulsc.com\/wp-content\/uploads\/2025\/01\/5-2.png\" alt=\"\" width=\"1490\" height=\"1006\" srcset=\"https:\/\/sulsc.com\/wp-content\/uploads\/2025\/01\/5-2.png 1490w, https:\/\/sulsc.com\/wp-content\/uploads\/2025\/01\/5-2-300x203.png 300w, https:\/\/sulsc.com\/wp-content\/uploads\/2025\/01\/5-2-1024x691.png 1024w, https:\/\/sulsc.com\/wp-content\/uploads\/2025\/01\/5-2-768x519.png 768w\" sizes=\"(max-width: 1490px) 100vw, 1490px\" \/><\/p>\n<p><img decoding=\"async\" class=\"aligncenter  wp-image-17436\" src=\"http:\/\/sulsc.com\/wp-content\/uploads\/2024\/11\/Tempo-2.png\" alt=\"\" width=\"713\" height=\"132\" srcset=\"https:\/\/sulsc.com\/wp-content\/uploads\/2024\/11\/Tempo-2.png 1024w, https:\/\/sulsc.com\/wp-content\/uploads\/2024\/11\/Tempo-2-300x55.png 300w, https:\/\/sulsc.com\/wp-content\/uploads\/2024\/11\/Tempo-2-768x142.png 768w\" sizes=\"(max-width: 713px) 100vw, 713px\" \/><\/p>\n<p>J\u00e1 entre a Grande Florian\u00f3polis, parte do Vale do Itaja\u00ed e Litoral Norte a circula\u00e7\u00e3o mar\u00edtima deixa o tempo fechado e com chuva fraca a moderada, que persiste no decorrer da tarde e noite. Nestas \u00e1reas as m\u00e1ximas n\u00e3o passam dos 25\u00b0C.<\/p>\n<p>O risco \u00e9 baixo a moderado para ocorr\u00eancias meteorol\u00f3gicas. No Litoral Sul a agita\u00e7\u00e3o mar\u00edtima aumenta, com ondas de at\u00e9 2,0m.<\/p>\n<p>Foto\/SulSC<\/p>\n<p>Fonte: Defesa Civil SC\/Meteorologista: Nicolle Reis<\/p>\n","protected":false},"excerpt":{"rendered":"<p>Quinta-feira (16) ser\u00e1 com condi\u00e7\u00e3o de temporais isolados no Grande Oeste, planaltos e Sul do estado, principalmente nas \u00e1reas de divisa com o RS, podendo vir com raios, rajadas de vento e eventual queda de granizo.\u00a0 Antes dos temporais o calor se intensifica e as m\u00e1ximas variam entre 28 e 32\u00b0C, podendo chegar aos 35\u00b0C &hellip;<\/p>\n<p class=\"read-more\"> <a class=\"\" href=\"https:\/\/sulsc.com\/index.php\/2025\/01\/16\/quinta-feira-16-sera-de-calor-e-condicao-de-temporais-isolados\/\"> <span class=\"screen-reader-text\">Quinta-feira (16) ser\u00e1 de calor e condi\u00e7\u00e3o de temporais isolados<\/span> Read More &raquo;<\/a><\/p>\n","protected":false},"author":3,"featured_media":19293,"comment_status":"open","ping_status":"open","sticky":false,"template":"","format":"standard","meta":{"site-sidebar-layout":"default","site-content-layout":"","ast-site-content-layout":"default","site-content-style":"default","site-sidebar-style":"default","ast-global-header-display":"","ast-banner-title-visibility":"","ast-main-header-display":"","ast-hfb-above-header-display":"","ast-hfb-below-header-display":"","ast-hfb-mobile-header-display":"","site-post-title":"","ast-breadcrumbs-content":"","ast-featured-img":"","footer-sml-layout":"","theme-transparent-header-meta":"default","adv-header-id-meta":"","stick-header-meta":"","header-above-stick-meta":"","header-main-stick-meta":"","header-below-stick-meta":"","astra-migrate-meta-layouts":"set","footnotes":""},"categories":[38],"tags":[90],"yoast_head":"<!-- This site is optimized with the Yoast SEO plugin v21.4 - https:\/\/yoast.com\/wordpress\/plugins\/seo\/ -->\n<title>Quinta-feira (16) ser\u00e1 de calor e condi\u00e7\u00e3o de temporais isolados -<\/title>\n<meta name=\"description\" content=\"O risco \u00e9 baixo a moderado para ocorr\u00eancias meteorol\u00f3gicas no Litoral Sul a agita\u00e7\u00e3o mar\u00edtima aumenta com ondas de at\u00e9 2,0m.\" \/>\n<meta name=\"robots\" content=\"index, follow, max-snippet:-1, max-image-preview:large, max-video-preview:-1\" \/>\n<link rel=\"canonical\" href=\"https:\/\/sulsc.com\/index.php\/2025\/01\/16\/quinta-feira-16-sera-de-calor-e-condicao-de-temporais-isolados\/\" \/>\n<meta property=\"og:locale\" content=\"en_US\" \/>\n<meta property=\"og:type\" content=\"article\" \/>\n<meta property=\"og:title\" content=\"Quinta-feira (16) ser\u00e1 de calor e condi\u00e7\u00e3o de temporais isolados -\" \/>\n<meta property=\"og:description\" content=\"O risco \u00e9 baixo a moderado para ocorr\u00eancias meteorol\u00f3gicas no Litoral Sul a agita\u00e7\u00e3o mar\u00edtima aumenta com ondas de at\u00e9 2,0m.\" \/>\n<meta property=\"og:url\" content=\"https:\/\/sulsc.com\/index.php\/2025\/01\/16\/quinta-feira-16-sera-de-calor-e-condicao-de-temporais-isolados\/\" \/>\n<meta property=\"article:author\" content=\"https:\/\/www.facebook.com\/profile.php?id=61559278119680\" \/>\n<meta property=\"article:published_time\" content=\"2025-01-16T12:51:32+00:00\" \/>\n<meta property=\"og:image\" content=\"http:\/\/sulsc.com\/wp-content\/uploads\/2025\/01\/fdd1bb7f-8543-467b-85dd-deb8e515e05a.jpg\" \/>\n\t<meta property=\"og:image:width\" content=\"1600\" \/>\n\t<meta property=\"og:image:height\" content=\"720\" \/>\n\t<meta property=\"og:image:type\" content=\"image\/jpeg\" \/>\n<meta name=\"author\" content=\"Reda\u00e7\u00e3o Sul SC\" \/>\n<meta name=\"twitter:card\" content=\"summary_large_image\" \/>\n<meta name=\"twitter:creator\" content=\"@https:\/\/twitter.com\/PortalSulSC\" \/>\n<meta name=\"twitter:label1\" content=\"Written by\" \/>\n\t<meta name=\"twitter:data1\" content=\"Reda\u00e7\u00e3o Sul SC\" \/>\n\t<meta name=\"twitter:label2\" content=\"Est. reading time\" \/>\n\t<meta name=\"twitter:data2\" content=\"1 minute\" \/>\n<script type=\"application\/ld+json\" class=\"yoast-schema-graph\">{\"@context\":\"https:\/\/schema.org\",\"@graph\":[{\"@type\":\"WebPage\",\"@id\":\"https:\/\/sulsc.com\/index.php\/2025\/01\/16\/quinta-feira-16-sera-de-calor-e-condicao-de-temporais-isolados\/\",\"url\":\"https:\/\/sulsc.com\/index.php\/2025\/01\/16\/quinta-feira-16-sera-de-calor-e-condicao-de-temporais-isolados\/\",\"name\":\"Quinta-feira (16) ser\u00e1 de calor e condi\u00e7\u00e3o de temporais isolados -\",\"isPartOf\":{\"@id\":\"https:\/\/sulsc.com\/#website\"},\"datePublished\":\"2025-01-16T12:51:32+00:00\",\"dateModified\":\"2025-01-16T12:51:32+00:00\",\"author\":{\"@id\":\"https:\/\/sulsc.com\/#\/schema\/person\/84d2fc571684f6248ba83092f07750a3\"},\"description\":\"O risco \u00e9 baixo a moderado para ocorr\u00eancias meteorol\u00f3gicas no Litoral Sul a agita\u00e7\u00e3o mar\u00edtima aumenta com ondas de at\u00e9 2,0m.\",\"breadcrumb\":{\"@id\":\"https:\/\/sulsc.com\/index.php\/2025\/01\/16\/quinta-feira-16-sera-de-calor-e-condicao-de-temporais-isolados\/#breadcrumb\"},\"inLanguage\":\"en-US\",\"potentialAction\":[{\"@type\":\"ReadAction\",\"target\":[\"https:\/\/sulsc.com\/index.php\/2025\/01\/16\/quinta-feira-16-sera-de-calor-e-condicao-de-temporais-isolados\/\"]}]},{\"@type\":\"BreadcrumbList\",\"@id\":\"https:\/\/sulsc.com\/index.php\/2025\/01\/16\/quinta-feira-16-sera-de-calor-e-condicao-de-temporais-isolados\/#breadcrumb\",\"itemListElement\":[{\"@type\":\"ListItem\",\"position\":1,\"name\":\"In\u00edcio\",\"item\":\"https:\/\/sulsc.com\/\"},{\"@type\":\"ListItem\",\"position\":2,\"name\":\"Quinta-feira (16) ser\u00e1 de calor e condi\u00e7\u00e3o de temporais isolados\"}]},{\"@type\":\"WebSite\",\"@id\":\"https:\/\/sulsc.com\/#website\",\"url\":\"https:\/\/sulsc.com\/\",\"name\":\"\",\"description\":\"\",\"potentialAction\":[{\"@type\":\"SearchAction\",\"target\":{\"@type\":\"EntryPoint\",\"urlTemplate\":\"https:\/\/sulsc.com\/?s={search_term_string}\"},\"query-input\":\"required name=search_term_string\"}],\"inLanguage\":\"en-US\"},{\"@type\":\"Person\",\"@id\":\"https:\/\/sulsc.com\/#\/schema\/person\/84d2fc571684f6248ba83092f07750a3\",\"name\":\"Reda\u00e7\u00e3o Sul SC\",\"image\":{\"@type\":\"ImageObject\",\"inLanguage\":\"en-US\",\"@id\":\"https:\/\/sulsc.com\/#\/schema\/person\/image\/e08d7fe2cc4ed596372063bbe852b8d0\",\"url\":\"https:\/\/sulsc.com\/wp-content\/uploads\/2023\/09\/redacao.png\",\"contentUrl\":\"https:\/\/sulsc.com\/wp-content\/uploads\/2023\/09\/redacao.png\",\"caption\":\"Reda\u00e7\u00e3o Sul SC\"},\"description\":\"Foco em um jornalismo imparcial, voltado \u00e0 qualidade dos seus conte\u00fados e, assim, levar informa\u00e7\u00e3o de valor que agregue \u00e0 vida dos leitores. Esta \u00e9 grande miss\u00e3o do Portal de Not\u00edcias Sul SC. N\u00e3o \u00e9 quantidade que muda o mundo, sempre foi e seguir\u00e1 sendo qualidade!\",\"sameAs\":[\"https:\/\/sulsc.com\/\",\"https:\/\/www.facebook.com\/profile.php?id=61559278119680\",\"https:\/\/www.instagram.com\/sulscportal\/?hl=pt-br\",\"https:\/\/twitter.com\/https:\/\/twitter.com\/PortalSulSC\",\"https:\/\/www.youtube.com\/channel\/UCv_BE8GeySluDov2n8qhVmw\"],\"url\":\"https:\/\/sulsc.com\/index.php\/author\/redacao\/\"}]}<\/script>\n<!-- \/ Yoast SEO plugin. -->","yoast_head_json":{"title":"Quinta-feira (16) ser\u00e1 de calor e condi\u00e7\u00e3o de temporais isolados -","description":"O risco \u00e9 baixo a moderado para ocorr\u00eancias meteorol\u00f3gicas no Litoral Sul a agita\u00e7\u00e3o mar\u00edtima aumenta com ondas de at\u00e9 2,0m.","robots":{"index":"index","follow":"follow","max-snippet":"max-snippet:-1","max-image-preview":"max-image-preview:large","max-video-preview":"max-video-preview:-1"},"canonical":"https:\/\/sulsc.com\/index.php\/2025\/01\/16\/quinta-feira-16-sera-de-calor-e-condicao-de-temporais-isolados\/","og_locale":"en_US","og_type":"article","og_title":"Quinta-feira (16) ser\u00e1 de calor e condi\u00e7\u00e3o de temporais isolados -","og_description":"O risco \u00e9 baixo a moderado para ocorr\u00eancias meteorol\u00f3gicas no Litoral Sul a agita\u00e7\u00e3o mar\u00edtima aumenta com ondas de at\u00e9 2,0m.","og_url":"https:\/\/sulsc.com\/index.php\/2025\/01\/16\/quinta-feira-16-sera-de-calor-e-condicao-de-temporais-isolados\/","article_author":"https:\/\/www.facebook.com\/profile.php?id=61559278119680","article_published_time":"2025-01-16T12:51:32+00:00","og_image":[{"width":1600,"height":720,"url":"http:\/\/sulsc.com\/wp-content\/uploads\/2025\/01\/fdd1bb7f-8543-467b-85dd-deb8e515e05a.jpg","type":"image\/jpeg"}],"author":"Reda\u00e7\u00e3o Sul SC","twitter_card":"summary_large_image","twitter_creator":"@https:\/\/twitter.com\/PortalSulSC","twitter_misc":{"Written by":"Reda\u00e7\u00e3o Sul SC","Est. reading time":"1 minute"},"schema":{"@context":"https:\/\/schema.org","@graph":[{"@type":"WebPage","@id":"https:\/\/sulsc.com\/index.php\/2025\/01\/16\/quinta-feira-16-sera-de-calor-e-condicao-de-temporais-isolados\/","url":"https:\/\/sulsc.com\/index.php\/2025\/01\/16\/quinta-feira-16-sera-de-calor-e-condicao-de-temporais-isolados\/","name":"Quinta-feira (16) ser\u00e1 de calor e condi\u00e7\u00e3o de temporais isolados -","isPartOf":{"@id":"https:\/\/sulsc.com\/#website"},"datePublished":"2025-01-16T12:51:32+00:00","dateModified":"2025-01-16T12:51:32+00:00","author":{"@id":"https:\/\/sulsc.com\/#\/schema\/person\/84d2fc571684f6248ba83092f07750a3"},"description":"O risco \u00e9 baixo a moderado para ocorr\u00eancias meteorol\u00f3gicas no Litoral Sul a agita\u00e7\u00e3o mar\u00edtima aumenta com ondas de at\u00e9 2,0m.","breadcrumb":{"@id":"https:\/\/sulsc.com\/index.php\/2025\/01\/16\/quinta-feira-16-sera-de-calor-e-condicao-de-temporais-isolados\/#breadcrumb"},"inLanguage":"en-US","potentialAction":[{"@type":"ReadAction","target":["https:\/\/sulsc.com\/index.php\/2025\/01\/16\/quinta-feira-16-sera-de-calor-e-condicao-de-temporais-isolados\/"]}]},{"@type":"BreadcrumbList","@id":"https:\/\/sulsc.com\/index.php\/2025\/01\/16\/quinta-feira-16-sera-de-calor-e-condicao-de-temporais-isolados\/#breadcrumb","itemListElement":[{"@type":"ListItem","position":1,"name":"In\u00edcio","item":"https:\/\/sulsc.com\/"},{"@type":"ListItem","position":2,"name":"Quinta-feira (16) ser\u00e1 de calor e condi\u00e7\u00e3o de temporais isolados"}]},{"@type":"WebSite","@id":"https:\/\/sulsc.com\/#website","url":"https:\/\/sulsc.com\/","name":"","description":"","potentialAction":[{"@type":"SearchAction","target":{"@type":"EntryPoint","urlTemplate":"https:\/\/sulsc.com\/?s={search_term_string}"},"query-input":"required name=search_term_string"}],"inLanguage":"en-US"},{"@type":"Person","@id":"https:\/\/sulsc.com\/#\/schema\/person\/84d2fc571684f6248ba83092f07750a3","name":"Reda\u00e7\u00e3o Sul SC","image":{"@type":"ImageObject","inLanguage":"en-US","@id":"https:\/\/sulsc.com\/#\/schema\/person\/image\/e08d7fe2cc4ed596372063bbe852b8d0","url":"https:\/\/sulsc.com\/wp-content\/uploads\/2023\/09\/redacao.png","contentUrl":"https:\/\/sulsc.com\/wp-content\/uploads\/2023\/09\/redacao.png","caption":"Reda\u00e7\u00e3o Sul SC"},"description":"Foco em um jornalismo imparcial, voltado \u00e0 qualidade dos seus conte\u00fados e, assim, levar informa\u00e7\u00e3o de valor que agregue \u00e0 vida dos leitores. Esta \u00e9 grande miss\u00e3o do Portal de Not\u00edcias Sul SC. N\u00e3o \u00e9 quantidade que muda o mundo, sempre foi e seguir\u00e1 sendo qualidade!","sameAs":["https:\/\/sulsc.com\/","https:\/\/www.facebook.com\/profile.php?id=61559278119680","https:\/\/www.instagram.com\/sulscportal\/?hl=pt-br","https:\/\/twitter.com\/https:\/\/twitter.com\/PortalSulSC","https:\/\/www.youtube.com\/channel\/UCv_BE8GeySluDov2n8qhVmw"],"url":"https:\/\/sulsc.com\/index.php\/author\/redacao\/"}]}},"authors":[],"_links":{"self":[{"href":"https:\/\/sulsc.com\/index.php\/wp-json\/wp\/v2\/posts\/19290"}],"collection":[{"href":"https:\/\/sulsc.com\/index.php\/wp-json\/wp\/v2\/posts"}],"about":[{"href":"https:\/\/sulsc.com\/index.php\/wp-json\/wp\/v2\/types\/post"}],"author":[{"embeddable":true,"href":"https:\/\/sulsc.com\/index.php\/wp-json\/wp\/v2\/users\/3"}],"replies":[{"embeddable":true,"href":"https:\/\/sulsc.com\/index.php\/wp-json\/wp\/v2\/comments?post=19290"}],"version-history":[{"count":1,"href":"https:\/\/sulsc.com\/index.php\/wp-json\/wp\/v2\/posts\/19290\/revisions"}],"predecessor-version":[{"id":19294,"href":"https:\/\/sulsc.com\/index.php\/wp-json\/wp\/v2\/posts\/19290\/revisions\/19294"}],"wp:featuredmedia":[{"embeddable":true,"href":"https:\/\/sulsc.com\/index.php\/wp-json\/wp\/v2\/media\/19293"}],"wp:attachment":[{"href":"https:\/\/sulsc.com\/index.php\/wp-json\/wp\/v2\/media?parent=19290"}],"wp:term":[{"taxonomy":"category","embeddable":true,"href":"https:\/\/sulsc.com\/index.php\/wp-json\/wp\/v2\/categories?post=19290"},{"taxonomy":"post_tag","embeddable":true,"href":"https:\/\/sulsc.com\/index.php\/wp-json\/wp\/v2\/tags?post=19290"}],"curies":[{"name":"wp","href":"https:\/\/api.w.org\/{rel}","templated":true}]}}