{"id":19418,"date":"2025-01-21T07:39:10","date_gmt":"2025-01-21T10:39:10","guid":{"rendered":"https:\/\/sulsc.com\/?p=19418"},"modified":"2025-01-21T07:39:10","modified_gmt":"2025-01-21T10:39:10","slug":"calor-e-chuva-marcam-mais-um-dia-em-santa-catarina-2","status":"publish","type":"post","link":"https:\/\/sulsc.com\/index.php\/2025\/01\/21\/calor-e-chuva-marcam-mais-um-dia-em-santa-catarina-2\/","title":{"rendered":"Calor e chuva marcam mais um dia em Santa Catarina"},"content":{"rendered":"<p data-sourcepos=\"9:1-9:336\">Embora a frente fria esteja se afastando de Santa Catarina, a umidade deixada por ela ainda influencia o tempo no estado, principalmente no norte. Nesta ter\u00e7a-feira (21), a previs\u00e3o \u00e9 de muitas nuvens e pancadas de chuva isoladas, com risco de temporais acompanhados de raios, rajadas de vento e at\u00e9 mesmo granizo.<\/p>\n<p data-sourcepos=\"11:1-11:315\">De acordo com a meteorologia, as condi\u00e7\u00f5es para a ocorr\u00eancia de temporais s\u00e3o mais favor\u00e1veis no per\u00edodo da tarde, com um risco classificado como baixo a pontualmente moderado. As temperaturas seguem elevadas, com m\u00e1ximas entre 28\u00b0C e 34\u00b0C nas regi\u00f5es da Grande Florian\u00f3polis, Vale do Itaja\u00ed, Litoral Norte e Oeste.<\/p>\n<p data-sourcepos=\"13:1-13:294\">Com a mudan\u00e7a no padr\u00e3o do vento, que passa a soprar de sudoeste\/sul, as rajadas podem atingir entre 30 e 50 km\/h na Serra e Litoral Sul, deixando o mar agitado com ondas de sul entre 1,5 e 2,0 metros. No restante do Litoral, a ondula\u00e7\u00e3o ser\u00e1 de leste\/sudeste, com ondas entre 1,0 e 1,5 metros.<\/p>\n","protected":false},"excerpt":{"rendered":"<p>Embora a frente fria esteja se afastando de Santa Catarina, a umidade deixada por ela ainda influencia o tempo no estado, principalmente no norte. Nesta ter\u00e7a-feira (21), a previs\u00e3o \u00e9 de muitas nuvens e pancadas de chuva isoladas, com risco de temporais acompanhados de raios, rajadas de vento e at\u00e9 mesmo granizo. De acordo com &hellip;<\/p>\n<p class=\"read-more\"> <a class=\"\" href=\"https:\/\/sulsc.com\/index.php\/2025\/01\/21\/calor-e-chuva-marcam-mais-um-dia-em-santa-catarina-2\/\"> <span class=\"screen-reader-text\">Calor e chuva marcam mais um dia em Santa Catarina<\/span> Read More &raquo;<\/a><\/p>\n","protected":false},"author":3,"featured_media":19419,"comment_status":"open","ping_status":"open","sticky":false,"template":"","format":"standard","meta":{"site-sidebar-layout":"default","site-content-layout":"","ast-site-content-layout":"default","site-content-style":"default","site-sidebar-style":"default","ast-global-header-display":"","ast-banner-title-visibility":"","ast-main-header-display":"","ast-hfb-above-header-display":"","ast-hfb-below-header-display":"","ast-hfb-mobile-header-display":"","site-post-title":"","ast-breadcrumbs-content":"","ast-featured-img":"","footer-sml-layout":"","theme-transparent-header-meta":"default","adv-header-id-meta":"","stick-header-meta":"","header-above-stick-meta":"","header-main-stick-meta":"","header-below-stick-meta":"","astra-migrate-meta-layouts":"set","footnotes":""},"categories":[38],"tags":[],"yoast_head":"<!-- This site is optimized with the Yoast SEO plugin v21.4 - https:\/\/yoast.com\/wordpress\/plugins\/seo\/ -->\n<title>Calor e chuva marcam mais um dia em Santa Catarina -<\/title>\n<meta name=\"robots\" content=\"index, follow, max-snippet:-1, max-image-preview:large, max-video-preview:-1\" \/>\n<link rel=\"canonical\" href=\"https:\/\/sulsc.com\/index.php\/2025\/01\/21\/calor-e-chuva-marcam-mais-um-dia-em-santa-catarina-2\/\" \/>\n<meta property=\"og:locale\" content=\"en_US\" \/>\n<meta property=\"og:type\" content=\"article\" \/>\n<meta property=\"og:title\" content=\"Calor e chuva marcam mais um dia em Santa Catarina -\" \/>\n<meta property=\"og:description\" content=\"Embora a frente fria esteja se afastando de Santa Catarina, a umidade deixada por ela ainda influencia o tempo no estado, principalmente no norte. Nesta ter\u00e7a-feira (21), a previs\u00e3o \u00e9 de muitas nuvens e pancadas de chuva isoladas, com risco de temporais acompanhados de raios, rajadas de vento e at\u00e9 mesmo granizo. De acordo com &hellip; Calor e chuva marcam mais um dia em Santa Catarina Read More &raquo;\" \/>\n<meta property=\"og:url\" content=\"https:\/\/sulsc.com\/index.php\/2025\/01\/21\/calor-e-chuva-marcam-mais-um-dia-em-santa-catarina-2\/\" \/>\n<meta property=\"article:author\" content=\"https:\/\/www.facebook.com\/profile.php?id=61559278119680\" \/>\n<meta property=\"article:published_time\" content=\"2025-01-21T10:39:10+00:00\" \/>\n<meta property=\"og:image\" content=\"http:\/\/sulsc.com\/wp-content\/uploads\/2025\/01\/Captura-de-tela-2025-01-21-045614.png\" \/>\n\t<meta property=\"og:image:width\" content=\"1645\" \/>\n\t<meta property=\"og:image:height\" content=\"1115\" \/>\n\t<meta property=\"og:image:type\" content=\"image\/png\" \/>\n<meta name=\"author\" content=\"Reda\u00e7\u00e3o Sul SC\" \/>\n<meta name=\"twitter:card\" content=\"summary_large_image\" \/>\n<meta name=\"twitter:creator\" content=\"@https:\/\/twitter.com\/PortalSulSC\" \/>\n<meta name=\"twitter:label1\" content=\"Written by\" \/>\n\t<meta name=\"twitter:data1\" content=\"Reda\u00e7\u00e3o Sul SC\" \/>\n\t<meta name=\"twitter:label2\" content=\"Est. reading time\" \/>\n\t<meta name=\"twitter:data2\" content=\"1 minute\" \/>\n<script type=\"application\/ld+json\" class=\"yoast-schema-graph\">{\"@context\":\"https:\/\/schema.org\",\"@graph\":[{\"@type\":\"WebPage\",\"@id\":\"https:\/\/sulsc.com\/index.php\/2025\/01\/21\/calor-e-chuva-marcam-mais-um-dia-em-santa-catarina-2\/\",\"url\":\"https:\/\/sulsc.com\/index.php\/2025\/01\/21\/calor-e-chuva-marcam-mais-um-dia-em-santa-catarina-2\/\",\"name\":\"Calor e chuva marcam mais um dia em Santa Catarina -\",\"isPartOf\":{\"@id\":\"https:\/\/sulsc.com\/#website\"},\"datePublished\":\"2025-01-21T10:39:10+00:00\",\"dateModified\":\"2025-01-21T10:39:10+00:00\",\"author\":{\"@id\":\"https:\/\/sulsc.com\/#\/schema\/person\/84d2fc571684f6248ba83092f07750a3\"},\"breadcrumb\":{\"@id\":\"https:\/\/sulsc.com\/index.php\/2025\/01\/21\/calor-e-chuva-marcam-mais-um-dia-em-santa-catarina-2\/#breadcrumb\"},\"inLanguage\":\"en-US\",\"potentialAction\":[{\"@type\":\"ReadAction\",\"target\":[\"https:\/\/sulsc.com\/index.php\/2025\/01\/21\/calor-e-chuva-marcam-mais-um-dia-em-santa-catarina-2\/\"]}]},{\"@type\":\"BreadcrumbList\",\"@id\":\"https:\/\/sulsc.com\/index.php\/2025\/01\/21\/calor-e-chuva-marcam-mais-um-dia-em-santa-catarina-2\/#breadcrumb\",\"itemListElement\":[{\"@type\":\"ListItem\",\"position\":1,\"name\":\"In\u00edcio\",\"item\":\"https:\/\/sulsc.com\/\"},{\"@type\":\"ListItem\",\"position\":2,\"name\":\"Calor e chuva marcam mais um dia em Santa Catarina\"}]},{\"@type\":\"WebSite\",\"@id\":\"https:\/\/sulsc.com\/#website\",\"url\":\"https:\/\/sulsc.com\/\",\"name\":\"\",\"description\":\"\",\"potentialAction\":[{\"@type\":\"SearchAction\",\"target\":{\"@type\":\"EntryPoint\",\"urlTemplate\":\"https:\/\/sulsc.com\/?s={search_term_string}\"},\"query-input\":\"required name=search_term_string\"}],\"inLanguage\":\"en-US\"},{\"@type\":\"Person\",\"@id\":\"https:\/\/sulsc.com\/#\/schema\/person\/84d2fc571684f6248ba83092f07750a3\",\"name\":\"Reda\u00e7\u00e3o Sul SC\",\"image\":{\"@type\":\"ImageObject\",\"inLanguage\":\"en-US\",\"@id\":\"https:\/\/sulsc.com\/#\/schema\/person\/image\/e08d7fe2cc4ed596372063bbe852b8d0\",\"url\":\"https:\/\/sulsc.com\/wp-content\/uploads\/2023\/09\/redacao.png\",\"contentUrl\":\"https:\/\/sulsc.com\/wp-content\/uploads\/2023\/09\/redacao.png\",\"caption\":\"Reda\u00e7\u00e3o Sul SC\"},\"description\":\"Foco em um jornalismo imparcial, voltado \u00e0 qualidade dos seus conte\u00fados e, assim, levar informa\u00e7\u00e3o de valor que agregue \u00e0 vida dos leitores. Esta \u00e9 grande miss\u00e3o do Portal de Not\u00edcias Sul SC. N\u00e3o \u00e9 quantidade que muda o mundo, sempre foi e seguir\u00e1 sendo qualidade!\",\"sameAs\":[\"https:\/\/sulsc.com\/\",\"https:\/\/www.facebook.com\/profile.php?id=61559278119680\",\"https:\/\/www.instagram.com\/sulscportal\/?hl=pt-br\",\"https:\/\/twitter.com\/https:\/\/twitter.com\/PortalSulSC\",\"https:\/\/www.youtube.com\/channel\/UCv_BE8GeySluDov2n8qhVmw\"],\"url\":\"https:\/\/sulsc.com\/index.php\/author\/redacao\/\"}]}<\/script>\n<!-- \/ Yoast SEO plugin. -->","yoast_head_json":{"title":"Calor e chuva marcam mais um dia em Santa Catarina -","robots":{"index":"index","follow":"follow","max-snippet":"max-snippet:-1","max-image-preview":"max-image-preview:large","max-video-preview":"max-video-preview:-1"},"canonical":"https:\/\/sulsc.com\/index.php\/2025\/01\/21\/calor-e-chuva-marcam-mais-um-dia-em-santa-catarina-2\/","og_locale":"en_US","og_type":"article","og_title":"Calor e chuva marcam mais um dia em Santa Catarina -","og_description":"Embora a frente fria esteja se afastando de Santa Catarina, a umidade deixada por ela ainda influencia o tempo no estado, principalmente no norte. Nesta ter\u00e7a-feira (21), a previs\u00e3o \u00e9 de muitas nuvens e pancadas de chuva isoladas, com risco de temporais acompanhados de raios, rajadas de vento e at\u00e9 mesmo granizo. De acordo com &hellip; Calor e chuva marcam mais um dia em Santa Catarina Read More &raquo;","og_url":"https:\/\/sulsc.com\/index.php\/2025\/01\/21\/calor-e-chuva-marcam-mais-um-dia-em-santa-catarina-2\/","article_author":"https:\/\/www.facebook.com\/profile.php?id=61559278119680","article_published_time":"2025-01-21T10:39:10+00:00","og_image":[{"width":1645,"height":1115,"url":"http:\/\/sulsc.com\/wp-content\/uploads\/2025\/01\/Captura-de-tela-2025-01-21-045614.png","type":"image\/png"}],"author":"Reda\u00e7\u00e3o Sul SC","twitter_card":"summary_large_image","twitter_creator":"@https:\/\/twitter.com\/PortalSulSC","twitter_misc":{"Written by":"Reda\u00e7\u00e3o Sul SC","Est. reading time":"1 minute"},"schema":{"@context":"https:\/\/schema.org","@graph":[{"@type":"WebPage","@id":"https:\/\/sulsc.com\/index.php\/2025\/01\/21\/calor-e-chuva-marcam-mais-um-dia-em-santa-catarina-2\/","url":"https:\/\/sulsc.com\/index.php\/2025\/01\/21\/calor-e-chuva-marcam-mais-um-dia-em-santa-catarina-2\/","name":"Calor e chuva marcam mais um dia em Santa Catarina -","isPartOf":{"@id":"https:\/\/sulsc.com\/#website"},"datePublished":"2025-01-21T10:39:10+00:00","dateModified":"2025-01-21T10:39:10+00:00","author":{"@id":"https:\/\/sulsc.com\/#\/schema\/person\/84d2fc571684f6248ba83092f07750a3"},"breadcrumb":{"@id":"https:\/\/sulsc.com\/index.php\/2025\/01\/21\/calor-e-chuva-marcam-mais-um-dia-em-santa-catarina-2\/#breadcrumb"},"inLanguage":"en-US","potentialAction":[{"@type":"ReadAction","target":["https:\/\/sulsc.com\/index.php\/2025\/01\/21\/calor-e-chuva-marcam-mais-um-dia-em-santa-catarina-2\/"]}]},{"@type":"BreadcrumbList","@id":"https:\/\/sulsc.com\/index.php\/2025\/01\/21\/calor-e-chuva-marcam-mais-um-dia-em-santa-catarina-2\/#breadcrumb","itemListElement":[{"@type":"ListItem","position":1,"name":"In\u00edcio","item":"https:\/\/sulsc.com\/"},{"@type":"ListItem","position":2,"name":"Calor e chuva marcam mais um dia em Santa Catarina"}]},{"@type":"WebSite","@id":"https:\/\/sulsc.com\/#website","url":"https:\/\/sulsc.com\/","name":"","description":"","potentialAction":[{"@type":"SearchAction","target":{"@type":"EntryPoint","urlTemplate":"https:\/\/sulsc.com\/?s={search_term_string}"},"query-input":"required name=search_term_string"}],"inLanguage":"en-US"},{"@type":"Person","@id":"https:\/\/sulsc.com\/#\/schema\/person\/84d2fc571684f6248ba83092f07750a3","name":"Reda\u00e7\u00e3o Sul SC","image":{"@type":"ImageObject","inLanguage":"en-US","@id":"https:\/\/sulsc.com\/#\/schema\/person\/image\/e08d7fe2cc4ed596372063bbe852b8d0","url":"https:\/\/sulsc.com\/wp-content\/uploads\/2023\/09\/redacao.png","contentUrl":"https:\/\/sulsc.com\/wp-content\/uploads\/2023\/09\/redacao.png","caption":"Reda\u00e7\u00e3o Sul SC"},"description":"Foco em um jornalismo imparcial, voltado \u00e0 qualidade dos seus conte\u00fados e, assim, levar informa\u00e7\u00e3o de valor que agregue \u00e0 vida dos leitores. Esta \u00e9 grande miss\u00e3o do Portal de Not\u00edcias Sul SC. N\u00e3o \u00e9 quantidade que muda o mundo, sempre foi e seguir\u00e1 sendo qualidade!","sameAs":["https:\/\/sulsc.com\/","https:\/\/www.facebook.com\/profile.php?id=61559278119680","https:\/\/www.instagram.com\/sulscportal\/?hl=pt-br","https:\/\/twitter.com\/https:\/\/twitter.com\/PortalSulSC","https:\/\/www.youtube.com\/channel\/UCv_BE8GeySluDov2n8qhVmw"],"url":"https:\/\/sulsc.com\/index.php\/author\/redacao\/"}]}},"authors":[],"_links":{"self":[{"href":"https:\/\/sulsc.com\/index.php\/wp-json\/wp\/v2\/posts\/19418"}],"collection":[{"href":"https:\/\/sulsc.com\/index.php\/wp-json\/wp\/v2\/posts"}],"about":[{"href":"https:\/\/sulsc.com\/index.php\/wp-json\/wp\/v2\/types\/post"}],"author":[{"embeddable":true,"href":"https:\/\/sulsc.com\/index.php\/wp-json\/wp\/v2\/users\/3"}],"replies":[{"embeddable":true,"href":"https:\/\/sulsc.com\/index.php\/wp-json\/wp\/v2\/comments?post=19418"}],"version-history":[{"count":1,"href":"https:\/\/sulsc.com\/index.php\/wp-json\/wp\/v2\/posts\/19418\/revisions"}],"predecessor-version":[{"id":19420,"href":"https:\/\/sulsc.com\/index.php\/wp-json\/wp\/v2\/posts\/19418\/revisions\/19420"}],"wp:featuredmedia":[{"embeddable":true,"href":"https:\/\/sulsc.com\/index.php\/wp-json\/wp\/v2\/media\/19419"}],"wp:attachment":[{"href":"https:\/\/sulsc.com\/index.php\/wp-json\/wp\/v2\/media?parent=19418"}],"wp:term":[{"taxonomy":"category","embeddable":true,"href":"https:\/\/sulsc.com\/index.php\/wp-json\/wp\/v2\/categories?post=19418"},{"taxonomy":"post_tag","embeddable":true,"href":"https:\/\/sulsc.com\/index.php\/wp-json\/wp\/v2\/tags?post=19418"}],"curies":[{"name":"wp","href":"https:\/\/api.w.org\/{rel}","templated":true}]}}