{"id":1944,"date":"2023-10-06T10:00:36","date_gmt":"2023-10-06T13:00:36","guid":{"rendered":"https:\/\/sulsc.com\/?p=1944"},"modified":"2023-10-06T08:30:33","modified_gmt":"2023-10-06T11:30:33","slug":"oktoberfest-blumenau-e-suspensa-apos-previsao-de-enchentes","status":"publish","type":"post","link":"https:\/\/sulsc.com\/index.php\/2023\/10\/06\/oktoberfest-blumenau-e-suspensa-apos-previsao-de-enchentes\/","title":{"rendered":"Oktoberfest Blumenau \u00e9 suspensa ap\u00f3s previs\u00e3o de enchentes"},"content":{"rendered":"<p>A 38\u00aa Oktoberfest Blumenau foi suspensa em raz\u00e3o das chuvas volumosas que atingem o estado nesta semana. A informa\u00e7\u00e3o foi divulgada pela prefeitura na tarde desta quinta-feira (5).\u00a0A administra\u00e7\u00e3o destacou que ir\u00e1 estender o calend\u00e1rio do evento, que agora vai terminar em 29 de outubro, uma semana ap\u00f3s o cronograma inicial.<\/p>\n<p>Com previs\u00e3o de enchente no Vale do Itaja\u00ed, com potencial de atingir o Parque Vila Germ\u00e2nica, onde acontece a festa, as atividades previstas para sexta-feira (6), s\u00e1bado (7), domingo (8) e segunda (9) foram canceladas.\u00a0Antes das chuvas fortes, a expectativa da prefeitura era de mais de 600 mil pessoas visitando a festa.<\/p>\n<p><img fetchpriority=\"high\" decoding=\"async\" class=\"alignnone size-large wp-image-1948\" src=\"http:\/\/sulsc.com\/wp-content\/uploads\/2023\/10\/amigos-bebendo-cerveja-1024x683.jpg\" alt=\"\" width=\"1024\" height=\"683\" srcset=\"https:\/\/sulsc.com\/wp-content\/uploads\/2023\/10\/amigos-bebendo-cerveja-1024x683.jpg 1024w, https:\/\/sulsc.com\/wp-content\/uploads\/2023\/10\/amigos-bebendo-cerveja-300x200.jpg 300w, https:\/\/sulsc.com\/wp-content\/uploads\/2023\/10\/amigos-bebendo-cerveja-768x512.jpg 768w, https:\/\/sulsc.com\/wp-content\/uploads\/2023\/10\/amigos-bebendo-cerveja-1536x1024.jpg 1536w, https:\/\/sulsc.com\/wp-content\/uploads\/2023\/10\/amigos-bebendo-cerveja-2048x1365.jpg 2048w\" sizes=\"(max-width: 1024px) 100vw, 1024px\" \/><\/p>\n<p>A cerim\u00f4nia de abertura da festa no Parque Vila Germ\u00e2nica chegou a ocorrer normalmente na noite de quarta-feira (4). O tradicional brinde, no entanto, n\u00e3o foi realizado em respeito \u00e0s fam\u00edlias atingidas. O desfile de abertura, que ocorre no primeiro dia de evento, j\u00e1 havia sido cancelado.<\/p>\n<p>Os temporais, que j\u00e1 resultaram na morte de um homem em Rio do Oeste, na mesma regi\u00e3o de Blumenau, devem voltar a se intensificar na sexta-feira. Segundo a Defesa Civil estadual, a previs\u00e3o indica dias com chuva volumosa, que intercalam com breves per\u00edodos de melhoria, at\u00e9 domingo (8).<\/p>\n<p>&nbsp;<\/p>\n<p>Fonte: Hora Hiper<\/p>\n","protected":false},"excerpt":{"rendered":"<p>A 38\u00aa Oktoberfest Blumenau foi suspensa em raz\u00e3o das chuvas volumosas que atingem o estado nesta semana. A informa\u00e7\u00e3o foi divulgada pela prefeitura na tarde desta quinta-feira (5).\u00a0A administra\u00e7\u00e3o destacou que ir\u00e1 estender o calend\u00e1rio do evento, que agora vai terminar em 29 de outubro, uma semana ap\u00f3s o cronograma inicial. Com previs\u00e3o de enchente &hellip;<\/p>\n<p class=\"read-more\"> <a class=\"\" href=\"https:\/\/sulsc.com\/index.php\/2023\/10\/06\/oktoberfest-blumenau-e-suspensa-apos-previsao-de-enchentes\/\"> <span class=\"screen-reader-text\">Oktoberfest Blumenau \u00e9 suspensa ap\u00f3s previs\u00e3o de enchentes<\/span> Read More &raquo;<\/a><\/p>\n","protected":false},"author":3,"featured_media":1945,"comment_status":"open","ping_status":"open","sticky":false,"template":"","format":"standard","meta":{"site-sidebar-layout":"default","site-content-layout":"","ast-site-content-layout":"default","site-content-style":"default","site-sidebar-style":"default","ast-global-header-display":"","ast-banner-title-visibility":"","ast-main-header-display":"","ast-hfb-above-header-display":"","ast-hfb-below-header-display":"","ast-hfb-mobile-header-display":"","site-post-title":"","ast-breadcrumbs-content":"","ast-featured-img":"","footer-sml-layout":"","theme-transparent-header-meta":"default","adv-header-id-meta":"","stick-header-meta":"","header-above-stick-meta":"","header-main-stick-meta":"","header-below-stick-meta":"","astra-migrate-meta-layouts":"set","footnotes":""},"categories":[1],"tags":[],"yoast_head":"<!-- This site is optimized with the Yoast SEO plugin v21.4 - https:\/\/yoast.com\/wordpress\/plugins\/seo\/ -->\n<title>Oktoberfest Blumenau \u00e9 suspensa ap\u00f3s previs\u00e3o de enchentes -<\/title>\n<meta name=\"robots\" content=\"index, follow, max-snippet:-1, max-image-preview:large, max-video-preview:-1\" \/>\n<link rel=\"canonical\" href=\"https:\/\/sulsc.com\/index.php\/2023\/10\/06\/oktoberfest-blumenau-e-suspensa-apos-previsao-de-enchentes\/\" \/>\n<meta property=\"og:locale\" content=\"en_US\" \/>\n<meta property=\"og:type\" content=\"article\" \/>\n<meta property=\"og:title\" content=\"Oktoberfest Blumenau \u00e9 suspensa ap\u00f3s previs\u00e3o de enchentes -\" \/>\n<meta property=\"og:description\" content=\"A 38\u00aa Oktoberfest Blumenau foi suspensa em raz\u00e3o das chuvas volumosas que atingem o estado nesta semana. A informa\u00e7\u00e3o foi divulgada pela prefeitura na tarde desta quinta-feira (5).\u00a0A administra\u00e7\u00e3o destacou que ir\u00e1 estender o calend\u00e1rio do evento, que agora vai terminar em 29 de outubro, uma semana ap\u00f3s o cronograma inicial. Com previs\u00e3o de enchente &hellip; Oktoberfest Blumenau \u00e9 suspensa ap\u00f3s previs\u00e3o de enchentes Read More &raquo;\" \/>\n<meta property=\"og:url\" content=\"https:\/\/sulsc.com\/index.php\/2023\/10\/06\/oktoberfest-blumenau-e-suspensa-apos-previsao-de-enchentes\/\" \/>\n<meta property=\"article:author\" content=\"https:\/\/www.facebook.com\/profile.php?id=61559278119680\" \/>\n<meta property=\"article:published_time\" content=\"2023-10-06T13:00:36+00:00\" \/>\n<meta property=\"article:modified_time\" content=\"2023-10-06T11:30:33+00:00\" \/>\n<meta property=\"og:image\" content=\"https:\/\/sulsc.com\/wp-content\/uploads\/2023\/10\/Oktoberfest-01.jpg\" \/>\n\t<meta property=\"og:image:width\" content=\"700\" \/>\n\t<meta property=\"og:image:height\" content=\"466\" \/>\n\t<meta property=\"og:image:type\" content=\"image\/jpeg\" \/>\n<meta name=\"author\" content=\"Reda\u00e7\u00e3o Sul SC\" \/>\n<meta name=\"twitter:card\" content=\"summary_large_image\" \/>\n<meta name=\"twitter:creator\" content=\"@https:\/\/twitter.com\/PortalSulSC\" \/>\n<meta name=\"twitter:label1\" content=\"Written by\" \/>\n\t<meta name=\"twitter:data1\" content=\"Reda\u00e7\u00e3o Sul SC\" \/>\n\t<meta name=\"twitter:label2\" content=\"Est. reading time\" \/>\n\t<meta name=\"twitter:data2\" content=\"1 minute\" \/>\n<script type=\"application\/ld+json\" class=\"yoast-schema-graph\">{\"@context\":\"https:\/\/schema.org\",\"@graph\":[{\"@type\":\"WebPage\",\"@id\":\"https:\/\/sulsc.com\/index.php\/2023\/10\/06\/oktoberfest-blumenau-e-suspensa-apos-previsao-de-enchentes\/\",\"url\":\"https:\/\/sulsc.com\/index.php\/2023\/10\/06\/oktoberfest-blumenau-e-suspensa-apos-previsao-de-enchentes\/\",\"name\":\"Oktoberfest Blumenau \u00e9 suspensa ap\u00f3s previs\u00e3o de enchentes -\",\"isPartOf\":{\"@id\":\"https:\/\/sulsc.com\/#website\"},\"datePublished\":\"2023-10-06T13:00:36+00:00\",\"dateModified\":\"2023-10-06T11:30:33+00:00\",\"author\":{\"@id\":\"https:\/\/sulsc.com\/#\/schema\/person\/84d2fc571684f6248ba83092f07750a3\"},\"breadcrumb\":{\"@id\":\"https:\/\/sulsc.com\/index.php\/2023\/10\/06\/oktoberfest-blumenau-e-suspensa-apos-previsao-de-enchentes\/#breadcrumb\"},\"inLanguage\":\"en-US\",\"potentialAction\":[{\"@type\":\"ReadAction\",\"target\":[\"https:\/\/sulsc.com\/index.php\/2023\/10\/06\/oktoberfest-blumenau-e-suspensa-apos-previsao-de-enchentes\/\"]}]},{\"@type\":\"BreadcrumbList\",\"@id\":\"https:\/\/sulsc.com\/index.php\/2023\/10\/06\/oktoberfest-blumenau-e-suspensa-apos-previsao-de-enchentes\/#breadcrumb\",\"itemListElement\":[{\"@type\":\"ListItem\",\"position\":1,\"name\":\"In\u00edcio\",\"item\":\"https:\/\/sulsc.com\/\"},{\"@type\":\"ListItem\",\"position\":2,\"name\":\"Oktoberfest Blumenau \u00e9 suspensa ap\u00f3s previs\u00e3o de enchentes\"}]},{\"@type\":\"WebSite\",\"@id\":\"https:\/\/sulsc.com\/#website\",\"url\":\"https:\/\/sulsc.com\/\",\"name\":\"\",\"description\":\"\",\"potentialAction\":[{\"@type\":\"SearchAction\",\"target\":{\"@type\":\"EntryPoint\",\"urlTemplate\":\"https:\/\/sulsc.com\/?s={search_term_string}\"},\"query-input\":\"required name=search_term_string\"}],\"inLanguage\":\"en-US\"},{\"@type\":\"Person\",\"@id\":\"https:\/\/sulsc.com\/#\/schema\/person\/84d2fc571684f6248ba83092f07750a3\",\"name\":\"Reda\u00e7\u00e3o Sul SC\",\"image\":{\"@type\":\"ImageObject\",\"inLanguage\":\"en-US\",\"@id\":\"https:\/\/sulsc.com\/#\/schema\/person\/image\/e08d7fe2cc4ed596372063bbe852b8d0\",\"url\":\"https:\/\/sulsc.com\/wp-content\/uploads\/2023\/09\/redacao.png\",\"contentUrl\":\"https:\/\/sulsc.com\/wp-content\/uploads\/2023\/09\/redacao.png\",\"caption\":\"Reda\u00e7\u00e3o Sul SC\"},\"description\":\"Foco em um jornalismo imparcial, voltado \u00e0 qualidade dos seus conte\u00fados e, assim, levar informa\u00e7\u00e3o de valor que agregue \u00e0 vida dos leitores. Esta \u00e9 grande miss\u00e3o do Portal de Not\u00edcias Sul SC. N\u00e3o \u00e9 quantidade que muda o mundo, sempre foi e seguir\u00e1 sendo qualidade!\",\"sameAs\":[\"https:\/\/sulsc.com\/\",\"https:\/\/www.facebook.com\/profile.php?id=61559278119680\",\"https:\/\/www.instagram.com\/sulscportal\/?hl=pt-br\",\"https:\/\/twitter.com\/https:\/\/twitter.com\/PortalSulSC\",\"https:\/\/www.youtube.com\/channel\/UCv_BE8GeySluDov2n8qhVmw\"],\"url\":\"https:\/\/sulsc.com\/index.php\/author\/redacao\/\"}]}<\/script>\n<!-- \/ Yoast SEO plugin. -->","yoast_head_json":{"title":"Oktoberfest Blumenau \u00e9 suspensa ap\u00f3s previs\u00e3o de enchentes -","robots":{"index":"index","follow":"follow","max-snippet":"max-snippet:-1","max-image-preview":"max-image-preview:large","max-video-preview":"max-video-preview:-1"},"canonical":"https:\/\/sulsc.com\/index.php\/2023\/10\/06\/oktoberfest-blumenau-e-suspensa-apos-previsao-de-enchentes\/","og_locale":"en_US","og_type":"article","og_title":"Oktoberfest Blumenau \u00e9 suspensa ap\u00f3s previs\u00e3o de enchentes -","og_description":"A 38\u00aa Oktoberfest Blumenau foi suspensa em raz\u00e3o das chuvas volumosas que atingem o estado nesta semana. A informa\u00e7\u00e3o foi divulgada pela prefeitura na tarde desta quinta-feira (5).\u00a0A administra\u00e7\u00e3o destacou que ir\u00e1 estender o calend\u00e1rio do evento, que agora vai terminar em 29 de outubro, uma semana ap\u00f3s o cronograma inicial. Com previs\u00e3o de enchente &hellip; Oktoberfest Blumenau \u00e9 suspensa ap\u00f3s previs\u00e3o de enchentes Read More &raquo;","og_url":"https:\/\/sulsc.com\/index.php\/2023\/10\/06\/oktoberfest-blumenau-e-suspensa-apos-previsao-de-enchentes\/","article_author":"https:\/\/www.facebook.com\/profile.php?id=61559278119680","article_published_time":"2023-10-06T13:00:36+00:00","article_modified_time":"2023-10-06T11:30:33+00:00","og_image":[{"width":700,"height":466,"url":"https:\/\/sulsc.com\/wp-content\/uploads\/2023\/10\/Oktoberfest-01.jpg","type":"image\/jpeg"}],"author":"Reda\u00e7\u00e3o Sul SC","twitter_card":"summary_large_image","twitter_creator":"@https:\/\/twitter.com\/PortalSulSC","twitter_misc":{"Written by":"Reda\u00e7\u00e3o Sul SC","Est. reading time":"1 minute"},"schema":{"@context":"https:\/\/schema.org","@graph":[{"@type":"WebPage","@id":"https:\/\/sulsc.com\/index.php\/2023\/10\/06\/oktoberfest-blumenau-e-suspensa-apos-previsao-de-enchentes\/","url":"https:\/\/sulsc.com\/index.php\/2023\/10\/06\/oktoberfest-blumenau-e-suspensa-apos-previsao-de-enchentes\/","name":"Oktoberfest Blumenau \u00e9 suspensa ap\u00f3s previs\u00e3o de enchentes -","isPartOf":{"@id":"https:\/\/sulsc.com\/#website"},"datePublished":"2023-10-06T13:00:36+00:00","dateModified":"2023-10-06T11:30:33+00:00","author":{"@id":"https:\/\/sulsc.com\/#\/schema\/person\/84d2fc571684f6248ba83092f07750a3"},"breadcrumb":{"@id":"https:\/\/sulsc.com\/index.php\/2023\/10\/06\/oktoberfest-blumenau-e-suspensa-apos-previsao-de-enchentes\/#breadcrumb"},"inLanguage":"en-US","potentialAction":[{"@type":"ReadAction","target":["https:\/\/sulsc.com\/index.php\/2023\/10\/06\/oktoberfest-blumenau-e-suspensa-apos-previsao-de-enchentes\/"]}]},{"@type":"BreadcrumbList","@id":"https:\/\/sulsc.com\/index.php\/2023\/10\/06\/oktoberfest-blumenau-e-suspensa-apos-previsao-de-enchentes\/#breadcrumb","itemListElement":[{"@type":"ListItem","position":1,"name":"In\u00edcio","item":"https:\/\/sulsc.com\/"},{"@type":"ListItem","position":2,"name":"Oktoberfest Blumenau \u00e9 suspensa ap\u00f3s previs\u00e3o de enchentes"}]},{"@type":"WebSite","@id":"https:\/\/sulsc.com\/#website","url":"https:\/\/sulsc.com\/","name":"","description":"","potentialAction":[{"@type":"SearchAction","target":{"@type":"EntryPoint","urlTemplate":"https:\/\/sulsc.com\/?s={search_term_string}"},"query-input":"required name=search_term_string"}],"inLanguage":"en-US"},{"@type":"Person","@id":"https:\/\/sulsc.com\/#\/schema\/person\/84d2fc571684f6248ba83092f07750a3","name":"Reda\u00e7\u00e3o Sul SC","image":{"@type":"ImageObject","inLanguage":"en-US","@id":"https:\/\/sulsc.com\/#\/schema\/person\/image\/e08d7fe2cc4ed596372063bbe852b8d0","url":"https:\/\/sulsc.com\/wp-content\/uploads\/2023\/09\/redacao.png","contentUrl":"https:\/\/sulsc.com\/wp-content\/uploads\/2023\/09\/redacao.png","caption":"Reda\u00e7\u00e3o Sul SC"},"description":"Foco em um jornalismo imparcial, voltado \u00e0 qualidade dos seus conte\u00fados e, assim, levar informa\u00e7\u00e3o de valor que agregue \u00e0 vida dos leitores. Esta \u00e9 grande miss\u00e3o do Portal de Not\u00edcias Sul SC. N\u00e3o \u00e9 quantidade que muda o mundo, sempre foi e seguir\u00e1 sendo qualidade!","sameAs":["https:\/\/sulsc.com\/","https:\/\/www.facebook.com\/profile.php?id=61559278119680","https:\/\/www.instagram.com\/sulscportal\/?hl=pt-br","https:\/\/twitter.com\/https:\/\/twitter.com\/PortalSulSC","https:\/\/www.youtube.com\/channel\/UCv_BE8GeySluDov2n8qhVmw"],"url":"https:\/\/sulsc.com\/index.php\/author\/redacao\/"}]}},"authors":[],"_links":{"self":[{"href":"https:\/\/sulsc.com\/index.php\/wp-json\/wp\/v2\/posts\/1944"}],"collection":[{"href":"https:\/\/sulsc.com\/index.php\/wp-json\/wp\/v2\/posts"}],"about":[{"href":"https:\/\/sulsc.com\/index.php\/wp-json\/wp\/v2\/types\/post"}],"author":[{"embeddable":true,"href":"https:\/\/sulsc.com\/index.php\/wp-json\/wp\/v2\/users\/3"}],"replies":[{"embeddable":true,"href":"https:\/\/sulsc.com\/index.php\/wp-json\/wp\/v2\/comments?post=1944"}],"version-history":[{"count":2,"href":"https:\/\/sulsc.com\/index.php\/wp-json\/wp\/v2\/posts\/1944\/revisions"}],"predecessor-version":[{"id":1953,"href":"https:\/\/sulsc.com\/index.php\/wp-json\/wp\/v2\/posts\/1944\/revisions\/1953"}],"wp:featuredmedia":[{"embeddable":true,"href":"https:\/\/sulsc.com\/index.php\/wp-json\/wp\/v2\/media\/1945"}],"wp:attachment":[{"href":"https:\/\/sulsc.com\/index.php\/wp-json\/wp\/v2\/media?parent=1944"}],"wp:term":[{"taxonomy":"category","embeddable":true,"href":"https:\/\/sulsc.com\/index.php\/wp-json\/wp\/v2\/categories?post=1944"},{"taxonomy":"post_tag","embeddable":true,"href":"https:\/\/sulsc.com\/index.php\/wp-json\/wp\/v2\/tags?post=1944"}],"curies":[{"name":"wp","href":"https:\/\/api.w.org\/{rel}","templated":true}]}}