{"id":19492,"date":"2025-01-23T08:57:44","date_gmt":"2025-01-23T11:57:44","guid":{"rendered":"https:\/\/sulsc.com\/?p=19492"},"modified":"2025-01-23T09:04:53","modified_gmt":"2025-01-23T12:04:53","slug":"calor-intenso-e-risco-de-temporais-em-santa-catarina-nesta-quinta-feira-23","status":"publish","type":"post","link":"https:\/\/sulsc.com\/index.php\/2025\/01\/23\/calor-intenso-e-risco-de-temporais-em-santa-catarina-nesta-quinta-feira-23\/","title":{"rendered":"Calor intenso e risco de temporais em Santa Catarina nesta quinta-feira (23)"},"content":{"rendered":"<p data-sourcepos=\"23:1-23:244\">O dia come\u00e7a com sol entre nuvens em todo o estado nesta quinta-feira (23), favorecendo a eleva\u00e7\u00e3o r\u00e1pida das temperaturas. As m\u00e1ximas devem superar 30\u00b0C em todas as regi\u00f5es, podendo chegar aos 38\u00b0C no Extremo Oeste e Vale.<\/p>\n<p data-sourcepos=\"23:1-23:244\"><img fetchpriority=\"high\" decoding=\"async\" class=\"aligncenter size-full wp-image-19493\" src=\"http:\/\/sulsc.com\/wp-content\/uploads\/2025\/01\/Captura-de-tela-2025-01-21-005157.png\" alt=\"\" width=\"1647\" height=\"1118\" srcset=\"https:\/\/sulsc.com\/wp-content\/uploads\/2025\/01\/Captura-de-tela-2025-01-21-005157.png 1647w, https:\/\/sulsc.com\/wp-content\/uploads\/2025\/01\/Captura-de-tela-2025-01-21-005157-300x204.png 300w, https:\/\/sulsc.com\/wp-content\/uploads\/2025\/01\/Captura-de-tela-2025-01-21-005157-1024x695.png 1024w, https:\/\/sulsc.com\/wp-content\/uploads\/2025\/01\/Captura-de-tela-2025-01-21-005157-768x521.png 768w, https:\/\/sulsc.com\/wp-content\/uploads\/2025\/01\/Captura-de-tela-2025-01-21-005157-1536x1043.png 1536w\" sizes=\"(max-width: 1647px) 100vw, 1647px\" \/><\/p>\n<p data-sourcepos=\"25:1-25:213\"><img decoding=\"async\" class=\"aligncenter  wp-image-17436\" src=\"http:\/\/sulsc.com\/wp-content\/uploads\/2024\/11\/Tempo-2.png\" alt=\"\" width=\"681\" height=\"126\" srcset=\"https:\/\/sulsc.com\/wp-content\/uploads\/2024\/11\/Tempo-2.png 1024w, https:\/\/sulsc.com\/wp-content\/uploads\/2024\/11\/Tempo-2-300x55.png 300w, https:\/\/sulsc.com\/wp-content\/uploads\/2024\/11\/Tempo-2-768x142.png 768w\" sizes=\"(max-width: 681px) 100vw, 681px\" \/><\/p>\n<p data-sourcepos=\"25:1-25:213\">No entanto, a combina\u00e7\u00e3o de calor, umidade e perturba\u00e7\u00f5es atmosf\u00e9ricas indica a possibilidade de chuva e temporais entre a tarde e a noite em todo o estado. H\u00e1 risco de raios, rajadas de vento e at\u00e9 mesmo granizo.<\/p>\n<p data-sourcepos=\"27:1-27:158\">, o que pode favorecer a ocorr\u00eancia de chuva persistente nessas regi\u00f5es.<\/p>\n<p data-sourcepos=\"27:1-27:158\">Fonte: Defesa Civil SC\/Meteorologista: Francine Sacco<\/p>\n<p data-sourcepos=\"27:1-27:158\">Foto\/SulSC<\/p>\n","protected":false},"excerpt":{"rendered":"<p>O dia come\u00e7a com sol entre nuvens em todo o estado nesta quinta-feira (23), favorecendo a eleva\u00e7\u00e3o r\u00e1pida das temperaturas. As m\u00e1ximas devem superar 30\u00b0C em todas as regi\u00f5es, podendo chegar aos 38\u00b0C no Extremo Oeste e Vale. No entanto, a combina\u00e7\u00e3o de calor, umidade e perturba\u00e7\u00f5es atmosf\u00e9ricas indica a possibilidade de chuva e temporais &hellip;<\/p>\n<p class=\"read-more\"> <a class=\"\" href=\"https:\/\/sulsc.com\/index.php\/2025\/01\/23\/calor-intenso-e-risco-de-temporais-em-santa-catarina-nesta-quinta-feira-23\/\"> <span class=\"screen-reader-text\">Calor intenso e risco de temporais em Santa Catarina nesta quinta-feira (23)<\/span> Read More &raquo;<\/a><\/p>\n","protected":false},"author":3,"featured_media":19499,"comment_status":"open","ping_status":"open","sticky":false,"template":"","format":"standard","meta":{"site-sidebar-layout":"default","site-content-layout":"","ast-site-content-layout":"default","site-content-style":"default","site-sidebar-style":"default","ast-global-header-display":"","ast-banner-title-visibility":"","ast-main-header-display":"","ast-hfb-above-header-display":"","ast-hfb-below-header-display":"","ast-hfb-mobile-header-display":"","site-post-title":"","ast-breadcrumbs-content":"","ast-featured-img":"","footer-sml-layout":"","theme-transparent-header-meta":"default","adv-header-id-meta":"","stick-header-meta":"","header-above-stick-meta":"","header-main-stick-meta":"","header-below-stick-meta":"","astra-migrate-meta-layouts":"set","footnotes":""},"categories":[38],"tags":[90],"yoast_head":"<!-- This site is optimized with the Yoast SEO plugin v21.4 - https:\/\/yoast.com\/wordpress\/plugins\/seo\/ -->\n<title>Calor intenso e risco de temporais em Santa Catarina nesta quinta-feira (23) -<\/title>\n<meta name=\"description\" content=\"O Litoral e \u00e1reas pr\u00f3ximas devem ser ainda mais influenciados pela circula\u00e7\u00e3o mar\u00edtima indica a possibilidade de chuva e temporais\" \/>\n<meta name=\"robots\" content=\"index, follow, max-snippet:-1, max-image-preview:large, max-video-preview:-1\" \/>\n<link rel=\"canonical\" href=\"https:\/\/sulsc.com\/index.php\/2025\/01\/23\/calor-intenso-e-risco-de-temporais-em-santa-catarina-nesta-quinta-feira-23\/\" \/>\n<meta property=\"og:locale\" content=\"en_US\" \/>\n<meta property=\"og:type\" content=\"article\" \/>\n<meta property=\"og:title\" content=\"Calor intenso e risco de temporais em Santa Catarina nesta quinta-feira (23) -\" \/>\n<meta property=\"og:description\" content=\"O Litoral e \u00e1reas pr\u00f3ximas devem ser ainda mais influenciados pela circula\u00e7\u00e3o mar\u00edtima indica a possibilidade de chuva e temporais\" \/>\n<meta property=\"og:url\" content=\"https:\/\/sulsc.com\/index.php\/2025\/01\/23\/calor-intenso-e-risco-de-temporais-em-santa-catarina-nesta-quinta-feira-23\/\" \/>\n<meta property=\"article:author\" content=\"https:\/\/www.facebook.com\/profile.php?id=61559278119680\" \/>\n<meta property=\"article:published_time\" content=\"2025-01-23T11:57:44+00:00\" \/>\n<meta property=\"article:modified_time\" content=\"2025-01-23T12:04:53+00:00\" \/>\n<meta property=\"og:image\" content=\"http:\/\/sulsc.com\/wp-content\/uploads\/2025\/01\/Tempo-5-1.jpg\" \/>\n\t<meta property=\"og:image:width\" content=\"1600\" \/>\n\t<meta property=\"og:image:height\" content=\"719\" \/>\n\t<meta property=\"og:image:type\" content=\"image\/jpeg\" \/>\n<meta name=\"author\" content=\"Reda\u00e7\u00e3o Sul SC\" \/>\n<meta name=\"twitter:card\" content=\"summary_large_image\" \/>\n<meta name=\"twitter:creator\" content=\"@https:\/\/twitter.com\/PortalSulSC\" \/>\n<meta name=\"twitter:label1\" content=\"Written by\" \/>\n\t<meta name=\"twitter:data1\" content=\"Reda\u00e7\u00e3o Sul SC\" \/>\n\t<meta name=\"twitter:label2\" content=\"Est. reading time\" \/>\n\t<meta name=\"twitter:data2\" content=\"1 minute\" \/>\n<script type=\"application\/ld+json\" class=\"yoast-schema-graph\">{\"@context\":\"https:\/\/schema.org\",\"@graph\":[{\"@type\":\"WebPage\",\"@id\":\"https:\/\/sulsc.com\/index.php\/2025\/01\/23\/calor-intenso-e-risco-de-temporais-em-santa-catarina-nesta-quinta-feira-23\/\",\"url\":\"https:\/\/sulsc.com\/index.php\/2025\/01\/23\/calor-intenso-e-risco-de-temporais-em-santa-catarina-nesta-quinta-feira-23\/\",\"name\":\"Calor intenso e risco de temporais em Santa Catarina nesta quinta-feira (23) -\",\"isPartOf\":{\"@id\":\"https:\/\/sulsc.com\/#website\"},\"datePublished\":\"2025-01-23T11:57:44+00:00\",\"dateModified\":\"2025-01-23T12:04:53+00:00\",\"author\":{\"@id\":\"https:\/\/sulsc.com\/#\/schema\/person\/84d2fc571684f6248ba83092f07750a3\"},\"description\":\"O Litoral e \u00e1reas pr\u00f3ximas devem ser ainda mais influenciados pela circula\u00e7\u00e3o mar\u00edtima indica a possibilidade de chuva e temporais\",\"breadcrumb\":{\"@id\":\"https:\/\/sulsc.com\/index.php\/2025\/01\/23\/calor-intenso-e-risco-de-temporais-em-santa-catarina-nesta-quinta-feira-23\/#breadcrumb\"},\"inLanguage\":\"en-US\",\"potentialAction\":[{\"@type\":\"ReadAction\",\"target\":[\"https:\/\/sulsc.com\/index.php\/2025\/01\/23\/calor-intenso-e-risco-de-temporais-em-santa-catarina-nesta-quinta-feira-23\/\"]}]},{\"@type\":\"BreadcrumbList\",\"@id\":\"https:\/\/sulsc.com\/index.php\/2025\/01\/23\/calor-intenso-e-risco-de-temporais-em-santa-catarina-nesta-quinta-feira-23\/#breadcrumb\",\"itemListElement\":[{\"@type\":\"ListItem\",\"position\":1,\"name\":\"In\u00edcio\",\"item\":\"https:\/\/sulsc.com\/\"},{\"@type\":\"ListItem\",\"position\":2,\"name\":\"Calor intenso e risco de temporais em Santa Catarina nesta quinta-feira (23)\"}]},{\"@type\":\"WebSite\",\"@id\":\"https:\/\/sulsc.com\/#website\",\"url\":\"https:\/\/sulsc.com\/\",\"name\":\"\",\"description\":\"\",\"potentialAction\":[{\"@type\":\"SearchAction\",\"target\":{\"@type\":\"EntryPoint\",\"urlTemplate\":\"https:\/\/sulsc.com\/?s={search_term_string}\"},\"query-input\":\"required name=search_term_string\"}],\"inLanguage\":\"en-US\"},{\"@type\":\"Person\",\"@id\":\"https:\/\/sulsc.com\/#\/schema\/person\/84d2fc571684f6248ba83092f07750a3\",\"name\":\"Reda\u00e7\u00e3o Sul SC\",\"image\":{\"@type\":\"ImageObject\",\"inLanguage\":\"en-US\",\"@id\":\"https:\/\/sulsc.com\/#\/schema\/person\/image\/e08d7fe2cc4ed596372063bbe852b8d0\",\"url\":\"https:\/\/sulsc.com\/wp-content\/uploads\/2023\/09\/redacao.png\",\"contentUrl\":\"https:\/\/sulsc.com\/wp-content\/uploads\/2023\/09\/redacao.png\",\"caption\":\"Reda\u00e7\u00e3o Sul SC\"},\"description\":\"Foco em um jornalismo imparcial, voltado \u00e0 qualidade dos seus conte\u00fados e, assim, levar informa\u00e7\u00e3o de valor que agregue \u00e0 vida dos leitores. Esta \u00e9 grande miss\u00e3o do Portal de Not\u00edcias Sul SC. N\u00e3o \u00e9 quantidade que muda o mundo, sempre foi e seguir\u00e1 sendo qualidade!\",\"sameAs\":[\"https:\/\/sulsc.com\/\",\"https:\/\/www.facebook.com\/profile.php?id=61559278119680\",\"https:\/\/www.instagram.com\/sulscportal\/?hl=pt-br\",\"https:\/\/twitter.com\/https:\/\/twitter.com\/PortalSulSC\",\"https:\/\/www.youtube.com\/channel\/UCv_BE8GeySluDov2n8qhVmw\"],\"url\":\"https:\/\/sulsc.com\/index.php\/author\/redacao\/\"}]}<\/script>\n<!-- \/ Yoast SEO plugin. -->","yoast_head_json":{"title":"Calor intenso e risco de temporais em Santa Catarina nesta quinta-feira (23) -","description":"O Litoral e \u00e1reas pr\u00f3ximas devem ser ainda mais influenciados pela circula\u00e7\u00e3o mar\u00edtima indica a possibilidade de chuva e temporais","robots":{"index":"index","follow":"follow","max-snippet":"max-snippet:-1","max-image-preview":"max-image-preview:large","max-video-preview":"max-video-preview:-1"},"canonical":"https:\/\/sulsc.com\/index.php\/2025\/01\/23\/calor-intenso-e-risco-de-temporais-em-santa-catarina-nesta-quinta-feira-23\/","og_locale":"en_US","og_type":"article","og_title":"Calor intenso e risco de temporais em Santa Catarina nesta quinta-feira (23) -","og_description":"O Litoral e \u00e1reas pr\u00f3ximas devem ser ainda mais influenciados pela circula\u00e7\u00e3o mar\u00edtima indica a possibilidade de chuva e temporais","og_url":"https:\/\/sulsc.com\/index.php\/2025\/01\/23\/calor-intenso-e-risco-de-temporais-em-santa-catarina-nesta-quinta-feira-23\/","article_author":"https:\/\/www.facebook.com\/profile.php?id=61559278119680","article_published_time":"2025-01-23T11:57:44+00:00","article_modified_time":"2025-01-23T12:04:53+00:00","og_image":[{"width":1600,"height":719,"url":"http:\/\/sulsc.com\/wp-content\/uploads\/2025\/01\/Tempo-5-1.jpg","type":"image\/jpeg"}],"author":"Reda\u00e7\u00e3o Sul SC","twitter_card":"summary_large_image","twitter_creator":"@https:\/\/twitter.com\/PortalSulSC","twitter_misc":{"Written by":"Reda\u00e7\u00e3o Sul SC","Est. reading time":"1 minute"},"schema":{"@context":"https:\/\/schema.org","@graph":[{"@type":"WebPage","@id":"https:\/\/sulsc.com\/index.php\/2025\/01\/23\/calor-intenso-e-risco-de-temporais-em-santa-catarina-nesta-quinta-feira-23\/","url":"https:\/\/sulsc.com\/index.php\/2025\/01\/23\/calor-intenso-e-risco-de-temporais-em-santa-catarina-nesta-quinta-feira-23\/","name":"Calor intenso e risco de temporais em Santa Catarina nesta quinta-feira (23) -","isPartOf":{"@id":"https:\/\/sulsc.com\/#website"},"datePublished":"2025-01-23T11:57:44+00:00","dateModified":"2025-01-23T12:04:53+00:00","author":{"@id":"https:\/\/sulsc.com\/#\/schema\/person\/84d2fc571684f6248ba83092f07750a3"},"description":"O Litoral e \u00e1reas pr\u00f3ximas devem ser ainda mais influenciados pela circula\u00e7\u00e3o mar\u00edtima indica a possibilidade de chuva e temporais","breadcrumb":{"@id":"https:\/\/sulsc.com\/index.php\/2025\/01\/23\/calor-intenso-e-risco-de-temporais-em-santa-catarina-nesta-quinta-feira-23\/#breadcrumb"},"inLanguage":"en-US","potentialAction":[{"@type":"ReadAction","target":["https:\/\/sulsc.com\/index.php\/2025\/01\/23\/calor-intenso-e-risco-de-temporais-em-santa-catarina-nesta-quinta-feira-23\/"]}]},{"@type":"BreadcrumbList","@id":"https:\/\/sulsc.com\/index.php\/2025\/01\/23\/calor-intenso-e-risco-de-temporais-em-santa-catarina-nesta-quinta-feira-23\/#breadcrumb","itemListElement":[{"@type":"ListItem","position":1,"name":"In\u00edcio","item":"https:\/\/sulsc.com\/"},{"@type":"ListItem","position":2,"name":"Calor intenso e risco de temporais em Santa Catarina nesta quinta-feira (23)"}]},{"@type":"WebSite","@id":"https:\/\/sulsc.com\/#website","url":"https:\/\/sulsc.com\/","name":"","description":"","potentialAction":[{"@type":"SearchAction","target":{"@type":"EntryPoint","urlTemplate":"https:\/\/sulsc.com\/?s={search_term_string}"},"query-input":"required name=search_term_string"}],"inLanguage":"en-US"},{"@type":"Person","@id":"https:\/\/sulsc.com\/#\/schema\/person\/84d2fc571684f6248ba83092f07750a3","name":"Reda\u00e7\u00e3o Sul SC","image":{"@type":"ImageObject","inLanguage":"en-US","@id":"https:\/\/sulsc.com\/#\/schema\/person\/image\/e08d7fe2cc4ed596372063bbe852b8d0","url":"https:\/\/sulsc.com\/wp-content\/uploads\/2023\/09\/redacao.png","contentUrl":"https:\/\/sulsc.com\/wp-content\/uploads\/2023\/09\/redacao.png","caption":"Reda\u00e7\u00e3o Sul SC"},"description":"Foco em um jornalismo imparcial, voltado \u00e0 qualidade dos seus conte\u00fados e, assim, levar informa\u00e7\u00e3o de valor que agregue \u00e0 vida dos leitores. Esta \u00e9 grande miss\u00e3o do Portal de Not\u00edcias Sul SC. N\u00e3o \u00e9 quantidade que muda o mundo, sempre foi e seguir\u00e1 sendo qualidade!","sameAs":["https:\/\/sulsc.com\/","https:\/\/www.facebook.com\/profile.php?id=61559278119680","https:\/\/www.instagram.com\/sulscportal\/?hl=pt-br","https:\/\/twitter.com\/https:\/\/twitter.com\/PortalSulSC","https:\/\/www.youtube.com\/channel\/UCv_BE8GeySluDov2n8qhVmw"],"url":"https:\/\/sulsc.com\/index.php\/author\/redacao\/"}]}},"authors":[],"_links":{"self":[{"href":"https:\/\/sulsc.com\/index.php\/wp-json\/wp\/v2\/posts\/19492"}],"collection":[{"href":"https:\/\/sulsc.com\/index.php\/wp-json\/wp\/v2\/posts"}],"about":[{"href":"https:\/\/sulsc.com\/index.php\/wp-json\/wp\/v2\/types\/post"}],"author":[{"embeddable":true,"href":"https:\/\/sulsc.com\/index.php\/wp-json\/wp\/v2\/users\/3"}],"replies":[{"embeddable":true,"href":"https:\/\/sulsc.com\/index.php\/wp-json\/wp\/v2\/comments?post=19492"}],"version-history":[{"count":3,"href":"https:\/\/sulsc.com\/index.php\/wp-json\/wp\/v2\/posts\/19492\/revisions"}],"predecessor-version":[{"id":19500,"href":"https:\/\/sulsc.com\/index.php\/wp-json\/wp\/v2\/posts\/19492\/revisions\/19500"}],"wp:featuredmedia":[{"embeddable":true,"href":"https:\/\/sulsc.com\/index.php\/wp-json\/wp\/v2\/media\/19499"}],"wp:attachment":[{"href":"https:\/\/sulsc.com\/index.php\/wp-json\/wp\/v2\/media?parent=19492"}],"wp:term":[{"taxonomy":"category","embeddable":true,"href":"https:\/\/sulsc.com\/index.php\/wp-json\/wp\/v2\/categories?post=19492"},{"taxonomy":"post_tag","embeddable":true,"href":"https:\/\/sulsc.com\/index.php\/wp-json\/wp\/v2\/tags?post=19492"}],"curies":[{"name":"wp","href":"https:\/\/api.w.org\/{rel}","templated":true}]}}