{"id":1954,"date":"2023-10-06T14:00:52","date_gmt":"2023-10-06T17:00:52","guid":{"rendered":"https:\/\/sulsc.com\/?p=1954"},"modified":"2023-10-06T09:18:10","modified_gmt":"2023-10-06T12:18:10","slug":"seis-pessoas-sao-denunciadas-por-envolvimento-em-sequestro-de-menina-de-11-anos-em-criciuma","status":"publish","type":"post","link":"https:\/\/sulsc.com\/index.php\/2023\/10\/06\/seis-pessoas-sao-denunciadas-por-envolvimento-em-sequestro-de-menina-de-11-anos-em-criciuma\/","title":{"rendered":"Seis pessoas s\u00e3o denunciadas por envolvimento em sequestro de menina de 11 anos em Crici\u00fama"},"content":{"rendered":"<p>Uma den\u00fancia foi apresentada contra seis pessoas envolvidas no sequestro de uma menina de 11 anos no m\u00eas de agosto, em Crici\u00fama, pelo Minist\u00e9rio P\u00fablico de Santa Catarina (MPSC). O documento j\u00e1 foi aceito pela Justi\u00e7a, tornando os denunciados r\u00e9us na a\u00e7\u00e3o.\u00a0Os acusados ir\u00e3o responder pela pr\u00e1tica dos crimes de associa\u00e7\u00e3o criminosa, recepta\u00e7\u00e3o, adultera\u00e7\u00e3o de sinal identificador de ve\u00edculo automotor e extors\u00e3o mediante sequestro. Um deles tamb\u00e9m responder\u00e1 por posse de drogas para uso pessoal.<\/p>\n<p>A a\u00e7\u00e3o penal assinada pelo Promotor de Justi\u00e7a Marcus Vinicius de Faria Ribeiro cita seis acusados (cinco homens e uma mulher), todos com idade entre 18 e 29 anos e presos preventivamente ap\u00f3s manifesta\u00e7\u00e3o do MPSC e deferimento da Justi\u00e7a, a fim de garantir a ordem p\u00fablica.<\/p>\n<p>Segundo narrado na den\u00fancia, os acusados teriam se associado para a pr\u00e1tica de crimes contra o patrim\u00f4nio, especialmente crime de extors\u00e3o mediante sequestro. Juntos teriam receptado dois ve\u00edculos, cientes da condi\u00e7\u00e3o il\u00edcita dos carros, adulterado as placas de ambos e alterado, ainda, a identifica\u00e7\u00e3o de um terceiro ve\u00edculo.<\/p>\n<p><img fetchpriority=\"high\" decoding=\"async\" class=\"alignnone size-large wp-image-1573\" src=\"http:\/\/sulsc.com\/wp-content\/uploads\/2023\/09\/martelo-julgamento-justica-1024x686.jpg\" alt=\"\" width=\"1024\" height=\"686\" srcset=\"https:\/\/sulsc.com\/wp-content\/uploads\/2023\/09\/martelo-julgamento-justica-1024x686.jpg 1024w, https:\/\/sulsc.com\/wp-content\/uploads\/2023\/09\/martelo-julgamento-justica-300x201.jpg 300w, https:\/\/sulsc.com\/wp-content\/uploads\/2023\/09\/martelo-julgamento-justica-768x515.jpg 768w, https:\/\/sulsc.com\/wp-content\/uploads\/2023\/09\/martelo-julgamento-justica-1536x1030.jpg 1536w, https:\/\/sulsc.com\/wp-content\/uploads\/2023\/09\/martelo-julgamento-justica-2048x1373.jpg 2048w\" sizes=\"(max-width: 1024px) 100vw, 1024px\" \/><\/p>\n<p>De acordo com a acusa\u00e7\u00e3o formulada pelo MPSC os carros receptados e adulterados foram utilizados pelos r\u00e9us em 23 de agosto, quando, por volta da meia-noite, teriam sequestrado uma menina de 11 anos com o objetivo de obter dinheiro em troca do resgate da crian\u00e7a.<\/p>\n<p>Na ocasi\u00e3o, os denunciados teriam se deslocado em dois ve\u00edculos at\u00e9 a resid\u00eancia da v\u00edtima, aguardado at\u00e9 que o pai chegasse ao local com a filha e o rendido, usando uma arma de fogo. Eles teriam capturado a crian\u00e7a e a levado em um dos autom\u00f3veis. Depois disso, teriam exigido pouco mais de R$ 11 milh\u00f5es para libertar a crian\u00e7a. A pequena foi resgatada pelas autoridades policiais sem ferimentos ap\u00f3s 24 horas de sequestro. O MPSC prestou apoio \u00e0s investiga\u00e7\u00f5es na \u00e9poca.<\/p>\n<p>A den\u00fancia, apresentada na \u00faltima sexta-feira (29\/9), foi recebida pela Justi\u00e7a, assim como o pedido de convers\u00e3o das pris\u00f5es tempor\u00e1rias em preventivas, e agora os acusados s\u00e3o r\u00e9us na a\u00e7\u00e3o penal que se inicia e respondem o processo presos.\u00a0Em raz\u00e3o dos crimes imputados aos r\u00e9us as penas dos crimes, somadas, poder\u00e3o variar de 21 a 43 anos de reclus\u00e3o para cada acusado.<\/p>\n<p>&nbsp;<\/p>\n<p>Fonte: MPSC<\/p>\n","protected":false},"excerpt":{"rendered":"<p>Uma den\u00fancia foi apresentada contra seis pessoas envolvidas no sequestro de uma menina de 11 anos no m\u00eas de agosto, em Crici\u00fama, pelo Minist\u00e9rio P\u00fablico de Santa Catarina (MPSC). O documento j\u00e1 foi aceito pela Justi\u00e7a, tornando os denunciados r\u00e9us na a\u00e7\u00e3o.\u00a0Os acusados ir\u00e3o responder pela pr\u00e1tica dos crimes de associa\u00e7\u00e3o criminosa, recepta\u00e7\u00e3o, adultera\u00e7\u00e3o de &hellip;<\/p>\n<p class=\"read-more\"> <a class=\"\" href=\"https:\/\/sulsc.com\/index.php\/2023\/10\/06\/seis-pessoas-sao-denunciadas-por-envolvimento-em-sequestro-de-menina-de-11-anos-em-criciuma\/\"> <span class=\"screen-reader-text\">Seis pessoas s\u00e3o denunciadas por envolvimento em sequestro de menina de 11 anos em Crici\u00fama<\/span> Read More &raquo;<\/a><\/p>\n","protected":false},"author":3,"featured_media":1844,"comment_status":"open","ping_status":"open","sticky":false,"template":"","format":"standard","meta":{"site-sidebar-layout":"default","site-content-layout":"","ast-site-content-layout":"default","site-content-style":"default","site-sidebar-style":"default","ast-global-header-display":"","ast-banner-title-visibility":"","ast-main-header-display":"","ast-hfb-above-header-display":"","ast-hfb-below-header-display":"","ast-hfb-mobile-header-display":"","site-post-title":"","ast-breadcrumbs-content":"","ast-featured-img":"","footer-sml-layout":"","theme-transparent-header-meta":"default","adv-header-id-meta":"","stick-header-meta":"","header-above-stick-meta":"","header-main-stick-meta":"","header-below-stick-meta":"","astra-migrate-meta-layouts":"set","footnotes":""},"categories":[23,8],"tags":[],"yoast_head":"<!-- This site is optimized with the Yoast SEO plugin v21.4 - https:\/\/yoast.com\/wordpress\/plugins\/seo\/ -->\n<title>Seis pessoas s\u00e3o denunciadas por envolvimento em sequestro de menina de 11 anos em Crici\u00fama -<\/title>\n<meta name=\"robots\" content=\"index, follow, max-snippet:-1, max-image-preview:large, max-video-preview:-1\" \/>\n<link rel=\"canonical\" href=\"https:\/\/sulsc.com\/index.php\/2023\/10\/06\/seis-pessoas-sao-denunciadas-por-envolvimento-em-sequestro-de-menina-de-11-anos-em-criciuma\/\" \/>\n<meta property=\"og:locale\" content=\"en_US\" \/>\n<meta property=\"og:type\" content=\"article\" \/>\n<meta property=\"og:title\" content=\"Seis pessoas s\u00e3o denunciadas por envolvimento em sequestro de menina de 11 anos em Crici\u00fama -\" \/>\n<meta property=\"og:description\" content=\"Uma den\u00fancia foi apresentada contra seis pessoas envolvidas no sequestro de uma menina de 11 anos no m\u00eas de agosto, em Crici\u00fama, pelo Minist\u00e9rio P\u00fablico de Santa Catarina (MPSC). O documento j\u00e1 foi aceito pela Justi\u00e7a, tornando os denunciados r\u00e9us na a\u00e7\u00e3o.\u00a0Os acusados ir\u00e3o responder pela pr\u00e1tica dos crimes de associa\u00e7\u00e3o criminosa, recepta\u00e7\u00e3o, adultera\u00e7\u00e3o de &hellip; Seis pessoas s\u00e3o denunciadas por envolvimento em sequestro de menina de 11 anos em Crici\u00fama Read More &raquo;\" \/>\n<meta property=\"og:url\" content=\"https:\/\/sulsc.com\/index.php\/2023\/10\/06\/seis-pessoas-sao-denunciadas-por-envolvimento-em-sequestro-de-menina-de-11-anos-em-criciuma\/\" \/>\n<meta property=\"article:author\" content=\"https:\/\/www.facebook.com\/profile.php?id=61559278119680\" \/>\n<meta property=\"article:published_time\" content=\"2023-10-06T17:00:52+00:00\" \/>\n<meta property=\"article:modified_time\" content=\"2023-10-06T12:18:10+00:00\" \/>\n<meta property=\"og:image\" content=\"https:\/\/sulsc.com\/wp-content\/uploads\/2023\/10\/Justica-condenacao.jpg\" \/>\n\t<meta property=\"og:image:width\" content=\"500\" \/>\n\t<meta property=\"og:image:height\" content=\"334\" \/>\n\t<meta property=\"og:image:type\" content=\"image\/jpeg\" \/>\n<meta name=\"author\" content=\"Reda\u00e7\u00e3o Sul SC\" \/>\n<meta name=\"twitter:card\" content=\"summary_large_image\" \/>\n<meta name=\"twitter:creator\" content=\"@https:\/\/twitter.com\/PortalSulSC\" \/>\n<meta name=\"twitter:label1\" content=\"Written by\" \/>\n\t<meta name=\"twitter:data1\" content=\"Reda\u00e7\u00e3o Sul SC\" \/>\n\t<meta name=\"twitter:label2\" content=\"Est. reading time\" \/>\n\t<meta name=\"twitter:data2\" content=\"2 minutes\" \/>\n<script type=\"application\/ld+json\" class=\"yoast-schema-graph\">{\"@context\":\"https:\/\/schema.org\",\"@graph\":[{\"@type\":\"WebPage\",\"@id\":\"https:\/\/sulsc.com\/index.php\/2023\/10\/06\/seis-pessoas-sao-denunciadas-por-envolvimento-em-sequestro-de-menina-de-11-anos-em-criciuma\/\",\"url\":\"https:\/\/sulsc.com\/index.php\/2023\/10\/06\/seis-pessoas-sao-denunciadas-por-envolvimento-em-sequestro-de-menina-de-11-anos-em-criciuma\/\",\"name\":\"Seis pessoas s\u00e3o denunciadas por envolvimento em sequestro de menina de 11 anos em Crici\u00fama -\",\"isPartOf\":{\"@id\":\"https:\/\/sulsc.com\/#website\"},\"datePublished\":\"2023-10-06T17:00:52+00:00\",\"dateModified\":\"2023-10-06T12:18:10+00:00\",\"author\":{\"@id\":\"https:\/\/sulsc.com\/#\/schema\/person\/84d2fc571684f6248ba83092f07750a3\"},\"breadcrumb\":{\"@id\":\"https:\/\/sulsc.com\/index.php\/2023\/10\/06\/seis-pessoas-sao-denunciadas-por-envolvimento-em-sequestro-de-menina-de-11-anos-em-criciuma\/#breadcrumb\"},\"inLanguage\":\"en-US\",\"potentialAction\":[{\"@type\":\"ReadAction\",\"target\":[\"https:\/\/sulsc.com\/index.php\/2023\/10\/06\/seis-pessoas-sao-denunciadas-por-envolvimento-em-sequestro-de-menina-de-11-anos-em-criciuma\/\"]}]},{\"@type\":\"BreadcrumbList\",\"@id\":\"https:\/\/sulsc.com\/index.php\/2023\/10\/06\/seis-pessoas-sao-denunciadas-por-envolvimento-em-sequestro-de-menina-de-11-anos-em-criciuma\/#breadcrumb\",\"itemListElement\":[{\"@type\":\"ListItem\",\"position\":1,\"name\":\"In\u00edcio\",\"item\":\"https:\/\/sulsc.com\/\"},{\"@type\":\"ListItem\",\"position\":2,\"name\":\"Seis pessoas s\u00e3o denunciadas por envolvimento em sequestro de menina de 11 anos em Crici\u00fama\"}]},{\"@type\":\"WebSite\",\"@id\":\"https:\/\/sulsc.com\/#website\",\"url\":\"https:\/\/sulsc.com\/\",\"name\":\"\",\"description\":\"\",\"potentialAction\":[{\"@type\":\"SearchAction\",\"target\":{\"@type\":\"EntryPoint\",\"urlTemplate\":\"https:\/\/sulsc.com\/?s={search_term_string}\"},\"query-input\":\"required name=search_term_string\"}],\"inLanguage\":\"en-US\"},{\"@type\":\"Person\",\"@id\":\"https:\/\/sulsc.com\/#\/schema\/person\/84d2fc571684f6248ba83092f07750a3\",\"name\":\"Reda\u00e7\u00e3o Sul SC\",\"image\":{\"@type\":\"ImageObject\",\"inLanguage\":\"en-US\",\"@id\":\"https:\/\/sulsc.com\/#\/schema\/person\/image\/e08d7fe2cc4ed596372063bbe852b8d0\",\"url\":\"https:\/\/sulsc.com\/wp-content\/uploads\/2023\/09\/redacao.png\",\"contentUrl\":\"https:\/\/sulsc.com\/wp-content\/uploads\/2023\/09\/redacao.png\",\"caption\":\"Reda\u00e7\u00e3o Sul SC\"},\"description\":\"Foco em um jornalismo imparcial, voltado \u00e0 qualidade dos seus conte\u00fados e, assim, levar informa\u00e7\u00e3o de valor que agregue \u00e0 vida dos leitores. Esta \u00e9 grande miss\u00e3o do Portal de Not\u00edcias Sul SC. N\u00e3o \u00e9 quantidade que muda o mundo, sempre foi e seguir\u00e1 sendo qualidade!\",\"sameAs\":[\"https:\/\/sulsc.com\/\",\"https:\/\/www.facebook.com\/profile.php?id=61559278119680\",\"https:\/\/www.instagram.com\/sulscportal\/?hl=pt-br\",\"https:\/\/twitter.com\/https:\/\/twitter.com\/PortalSulSC\",\"https:\/\/www.youtube.com\/channel\/UCv_BE8GeySluDov2n8qhVmw\"],\"url\":\"https:\/\/sulsc.com\/index.php\/author\/redacao\/\"}]}<\/script>\n<!-- \/ Yoast SEO plugin. -->","yoast_head_json":{"title":"Seis pessoas s\u00e3o denunciadas por envolvimento em sequestro de menina de 11 anos em Crici\u00fama -","robots":{"index":"index","follow":"follow","max-snippet":"max-snippet:-1","max-image-preview":"max-image-preview:large","max-video-preview":"max-video-preview:-1"},"canonical":"https:\/\/sulsc.com\/index.php\/2023\/10\/06\/seis-pessoas-sao-denunciadas-por-envolvimento-em-sequestro-de-menina-de-11-anos-em-criciuma\/","og_locale":"en_US","og_type":"article","og_title":"Seis pessoas s\u00e3o denunciadas por envolvimento em sequestro de menina de 11 anos em Crici\u00fama -","og_description":"Uma den\u00fancia foi apresentada contra seis pessoas envolvidas no sequestro de uma menina de 11 anos no m\u00eas de agosto, em Crici\u00fama, pelo Minist\u00e9rio P\u00fablico de Santa Catarina (MPSC). O documento j\u00e1 foi aceito pela Justi\u00e7a, tornando os denunciados r\u00e9us na a\u00e7\u00e3o.\u00a0Os acusados ir\u00e3o responder pela pr\u00e1tica dos crimes de associa\u00e7\u00e3o criminosa, recepta\u00e7\u00e3o, adultera\u00e7\u00e3o de &hellip; Seis pessoas s\u00e3o denunciadas por envolvimento em sequestro de menina de 11 anos em Crici\u00fama Read More &raquo;","og_url":"https:\/\/sulsc.com\/index.php\/2023\/10\/06\/seis-pessoas-sao-denunciadas-por-envolvimento-em-sequestro-de-menina-de-11-anos-em-criciuma\/","article_author":"https:\/\/www.facebook.com\/profile.php?id=61559278119680","article_published_time":"2023-10-06T17:00:52+00:00","article_modified_time":"2023-10-06T12:18:10+00:00","og_image":[{"width":500,"height":334,"url":"https:\/\/sulsc.com\/wp-content\/uploads\/2023\/10\/Justica-condenacao.jpg","type":"image\/jpeg"}],"author":"Reda\u00e7\u00e3o Sul SC","twitter_card":"summary_large_image","twitter_creator":"@https:\/\/twitter.com\/PortalSulSC","twitter_misc":{"Written by":"Reda\u00e7\u00e3o Sul SC","Est. reading time":"2 minutes"},"schema":{"@context":"https:\/\/schema.org","@graph":[{"@type":"WebPage","@id":"https:\/\/sulsc.com\/index.php\/2023\/10\/06\/seis-pessoas-sao-denunciadas-por-envolvimento-em-sequestro-de-menina-de-11-anos-em-criciuma\/","url":"https:\/\/sulsc.com\/index.php\/2023\/10\/06\/seis-pessoas-sao-denunciadas-por-envolvimento-em-sequestro-de-menina-de-11-anos-em-criciuma\/","name":"Seis pessoas s\u00e3o denunciadas por envolvimento em sequestro de menina de 11 anos em Crici\u00fama -","isPartOf":{"@id":"https:\/\/sulsc.com\/#website"},"datePublished":"2023-10-06T17:00:52+00:00","dateModified":"2023-10-06T12:18:10+00:00","author":{"@id":"https:\/\/sulsc.com\/#\/schema\/person\/84d2fc571684f6248ba83092f07750a3"},"breadcrumb":{"@id":"https:\/\/sulsc.com\/index.php\/2023\/10\/06\/seis-pessoas-sao-denunciadas-por-envolvimento-em-sequestro-de-menina-de-11-anos-em-criciuma\/#breadcrumb"},"inLanguage":"en-US","potentialAction":[{"@type":"ReadAction","target":["https:\/\/sulsc.com\/index.php\/2023\/10\/06\/seis-pessoas-sao-denunciadas-por-envolvimento-em-sequestro-de-menina-de-11-anos-em-criciuma\/"]}]},{"@type":"BreadcrumbList","@id":"https:\/\/sulsc.com\/index.php\/2023\/10\/06\/seis-pessoas-sao-denunciadas-por-envolvimento-em-sequestro-de-menina-de-11-anos-em-criciuma\/#breadcrumb","itemListElement":[{"@type":"ListItem","position":1,"name":"In\u00edcio","item":"https:\/\/sulsc.com\/"},{"@type":"ListItem","position":2,"name":"Seis pessoas s\u00e3o denunciadas por envolvimento em sequestro de menina de 11 anos em Crici\u00fama"}]},{"@type":"WebSite","@id":"https:\/\/sulsc.com\/#website","url":"https:\/\/sulsc.com\/","name":"","description":"","potentialAction":[{"@type":"SearchAction","target":{"@type":"EntryPoint","urlTemplate":"https:\/\/sulsc.com\/?s={search_term_string}"},"query-input":"required name=search_term_string"}],"inLanguage":"en-US"},{"@type":"Person","@id":"https:\/\/sulsc.com\/#\/schema\/person\/84d2fc571684f6248ba83092f07750a3","name":"Reda\u00e7\u00e3o Sul SC","image":{"@type":"ImageObject","inLanguage":"en-US","@id":"https:\/\/sulsc.com\/#\/schema\/person\/image\/e08d7fe2cc4ed596372063bbe852b8d0","url":"https:\/\/sulsc.com\/wp-content\/uploads\/2023\/09\/redacao.png","contentUrl":"https:\/\/sulsc.com\/wp-content\/uploads\/2023\/09\/redacao.png","caption":"Reda\u00e7\u00e3o Sul SC"},"description":"Foco em um jornalismo imparcial, voltado \u00e0 qualidade dos seus conte\u00fados e, assim, levar informa\u00e7\u00e3o de valor que agregue \u00e0 vida dos leitores. Esta \u00e9 grande miss\u00e3o do Portal de Not\u00edcias Sul SC. N\u00e3o \u00e9 quantidade que muda o mundo, sempre foi e seguir\u00e1 sendo qualidade!","sameAs":["https:\/\/sulsc.com\/","https:\/\/www.facebook.com\/profile.php?id=61559278119680","https:\/\/www.instagram.com\/sulscportal\/?hl=pt-br","https:\/\/twitter.com\/https:\/\/twitter.com\/PortalSulSC","https:\/\/www.youtube.com\/channel\/UCv_BE8GeySluDov2n8qhVmw"],"url":"https:\/\/sulsc.com\/index.php\/author\/redacao\/"}]}},"authors":[],"_links":{"self":[{"href":"https:\/\/sulsc.com\/index.php\/wp-json\/wp\/v2\/posts\/1954"}],"collection":[{"href":"https:\/\/sulsc.com\/index.php\/wp-json\/wp\/v2\/posts"}],"about":[{"href":"https:\/\/sulsc.com\/index.php\/wp-json\/wp\/v2\/types\/post"}],"author":[{"embeddable":true,"href":"https:\/\/sulsc.com\/index.php\/wp-json\/wp\/v2\/users\/3"}],"replies":[{"embeddable":true,"href":"https:\/\/sulsc.com\/index.php\/wp-json\/wp\/v2\/comments?post=1954"}],"version-history":[{"count":1,"href":"https:\/\/sulsc.com\/index.php\/wp-json\/wp\/v2\/posts\/1954\/revisions"}],"predecessor-version":[{"id":1955,"href":"https:\/\/sulsc.com\/index.php\/wp-json\/wp\/v2\/posts\/1954\/revisions\/1955"}],"wp:featuredmedia":[{"embeddable":true,"href":"https:\/\/sulsc.com\/index.php\/wp-json\/wp\/v2\/media\/1844"}],"wp:attachment":[{"href":"https:\/\/sulsc.com\/index.php\/wp-json\/wp\/v2\/media?parent=1954"}],"wp:term":[{"taxonomy":"category","embeddable":true,"href":"https:\/\/sulsc.com\/index.php\/wp-json\/wp\/v2\/categories?post=1954"},{"taxonomy":"post_tag","embeddable":true,"href":"https:\/\/sulsc.com\/index.php\/wp-json\/wp\/v2\/tags?post=1954"}],"curies":[{"name":"wp","href":"https:\/\/api.w.org\/{rel}","templated":true}]}}