{"id":19551,"date":"2025-01-24T14:20:37","date_gmt":"2025-01-24T17:20:37","guid":{"rendered":"https:\/\/sulsc.com\/?p=19551"},"modified":"2025-01-24T14:20:37","modified_gmt":"2025-01-24T17:20:37","slug":"concurso-do-ibama-tera-460-vagas-com-salarios-de-r-9-9946","status":"publish","type":"post","link":"https:\/\/sulsc.com\/index.php\/2025\/01\/24\/concurso-do-ibama-tera-460-vagas-com-salarios-de-r-9-9946\/","title":{"rendered":"Concurso do Ibama ter\u00e1 460 vagas com sal\u00e1rios de R$ 9.994,6"},"content":{"rendered":"<p>O Instituto Brasileiro do Meio Ambiente e dos Recursos Naturais Renov\u00e1veis (Ibama) publicou nesta sexta-feira (24), no\u00a0<a href=\"https:\/\/www.in.gov.br\/en\/web\/dou\/-\/edital-n1-ibama-de-23-de-janeiro-de-2025-608910381\" target=\"_blank\" rel=\"noopener\"><em>Di\u00e1rio Oficial da Uni\u00e3o<\/em><\/a>, o edital concurso para 460 vagas de analistas do \u00f3rg\u00e3o, de n\u00edvel superior.<img decoding=\"async\" src=\"https:\/\/agenciabrasil.ebc.com.br\/ebc.png?id=1627775&amp;o=node\" \/><img decoding=\"async\" src=\"https:\/\/agenciabrasil.ebc.com.br\/ebc.gif?id=1627775&amp;o=node\" \/><\/p>\n<p>A banca escolhida para organizar o certame \u00e9 o Centro Brasileiro de Pesquisa em Avalia\u00e7\u00e3o e Sele\u00e7\u00e3o e de Promo\u00e7\u00e3o de Eventos (Cebraspe).<\/p>\n<p>Das 460 vagas disponibilizadas, 130 s\u00e3o para o cargo de analista administrativo e 330 para o cargo de analista ambiental, distribu\u00eddas para as 27 unidades da federa\u00e7\u00e3o. A remunera\u00e7\u00e3o \u00e9 de R$ 9.994,60, para todos os cargos, com a possibilidade de recebimento de gratifica\u00e7\u00e3o de qualifica\u00e7\u00e3o com os seguintes valores: para curso de especializa\u00e7\u00e3o: R$ 464, mestrado: R$ 922 ou doutorado: R$ 1.387. A jornada de trabalho dos aprovados ser\u00e1 de 40 horas semanais.<\/p>\n<h2>Inscri\u00e7\u00f5es<\/h2>\n<p>As inscri\u00e7\u00f5es no concurso p\u00fablico poder\u00e3o ser feitas das 10 horas da pr\u00f3xima quinta-feira (30) \u00e0s 18 horas de 18 de fevereiro, no hor\u00e1rio oficial de Bras\u00edlia. Os interessados devem se inscrever online no\u00a0<em>site<\/em>\u00a0do\u00a0<a href=\"http:\/\/www.cebraspe.org.br\/concursos\/ibama_25\" target=\"_blank\" rel=\"noopener\">Cebraspe<\/a>. O valor da taxa de inscri\u00e7\u00e3o \u00e9 de R$ 95. O pagamento da taxa de inscri\u00e7\u00e3o dever\u00e1 ser efetuado at\u00e9\u00a020 de fevereiro, por meio da Guia de Recolhimento da Uni\u00e3o (GRU Cobran\u00e7a).<\/p>\n<p>H\u00e1 a possibilidade de pagamento por Pix, que deve ser realizado por meio do QR code\u00a0apresentado na GRU Cobran\u00e7a.<\/p>\n<p>De acordo com o edital de abertura do processo seletivo, podem solicitar a isen\u00e7\u00e3o do valor da taxa de inscri\u00e7\u00e3o os candidatos doadores de medula \u00f3ssea em entidades reconhecidas pelo Minist\u00e9rio da Sa\u00fade, atestado ou laudo emitido por m\u00e9dico de entidade, e inscritos no Cadastro \u00danico para Programas Sociais (Cad\u00danico), com a indica\u00e7\u00e3o do N\u00famero de Identifica\u00e7\u00e3o Social (NIS). O prazo para solicitar a isen\u00e7\u00e3o da taxa de inscri\u00e7\u00e3o \u00e9 o mesmo per\u00edodo da inscri\u00e7\u00e3o: das 10 horas de 30 de janeiro \u00e0s 18 horas de 18 de fevereiro.<\/p>\n<p>O candidato que necessitar de atendimento especializado, adapta\u00e7\u00f5es razo\u00e1veis ou tecnologias assistivas para a realiza\u00e7\u00e3o das provas e as demais fases do concurso dever\u00e1 assinalar, no momento da inscri\u00e7\u00e3o, os recursos especiais necess\u00e1rios.<\/p>\n<p>De acordo com o edital, os candidatos que se autodeclararem negros concorrer\u00e3o simultaneamente, \u00e0s vagas reservadas e \u00e0s vagas destinadas \u00e0 ampla concorr\u00eancia. At\u00e9 o fim do per\u00edodo de inscri\u00e7\u00e3o no concurso p\u00fablico, o candidato pode desistir de concorrer pelo sistema de reserva de vagas para candidatos negros, se desejar.<\/p>\n<h2>Provas<\/h2>\n<p>As provas objetivas e a prova discursiva,\u00a0de car\u00e1ter eliminat\u00f3rio e classificat\u00f3rio, ser\u00e3o aplicadas em 6 de abril nas 26 capitais estaduais e no Distrito Federal. A avalia\u00e7\u00e3o biopsicossocial dos candidatos que solicitarem concorrer \u00e0s vagas reservadas \u00e0s pessoas com defici\u00eancia e o procedimento de heteroidentifica\u00e7\u00e3o dos candidatos negros tamb\u00e9m ser\u00e3o realizadas em todos os estados.<\/p>\n<p>Na data, todos os inscritos ter\u00e3o 4 horas e 30 minutos\u00a0para preencher as quest\u00f5es do concurso.<\/p>\n<p>As provas objetivas ser\u00e3o constitu\u00eddas de itens 50 de conhecimentos b\u00e1sicos e 70 conhecimentos espec\u00edficos.<\/p>\n<p>A prova discursiva valer\u00e1 20 pontos e consistir\u00e1 em uma reda\u00e7\u00e3o de at\u00e9 30 linhas, no tema proposto.<\/p>\n<p>A consulta individual aos gabaritos oficiais preliminares das\u00a0<a href=\"http:\/\/www.cebraspe.org.br\/concursos\/ibama_25\" target=\"_blank\" rel=\"noopener\">provas objetivas ser\u00e1 realizada e divulgada na internet<\/a>, a partir das 19 horas do dia 8 de abril.<\/p>\n<p>As divulga\u00e7\u00f5es do resultado final nas provas objetivas e do resultado provis\u00f3rio na prova discursiva est\u00e3o previstas para 7 de maio.<\/p>\n","protected":false},"excerpt":{"rendered":"<p>O Instituto Brasileiro do Meio Ambiente e dos Recursos Naturais Renov\u00e1veis (Ibama) publicou nesta sexta-feira (24), no\u00a0Di\u00e1rio Oficial da Uni\u00e3o, o edital concurso para 460 vagas de analistas do \u00f3rg\u00e3o, de n\u00edvel superior. A banca escolhida para organizar o certame \u00e9 o Centro Brasileiro de Pesquisa em Avalia\u00e7\u00e3o e Sele\u00e7\u00e3o e de Promo\u00e7\u00e3o de Eventos &hellip;<\/p>\n<p class=\"read-more\"> <a class=\"\" href=\"https:\/\/sulsc.com\/index.php\/2025\/01\/24\/concurso-do-ibama-tera-460-vagas-com-salarios-de-r-9-9946\/\"> <span class=\"screen-reader-text\">Concurso do Ibama ter\u00e1 460 vagas com sal\u00e1rios de R$ 9.994,6<\/span> Read More &raquo;<\/a><\/p>\n","protected":false},"author":3,"featured_media":19552,"comment_status":"open","ping_status":"open","sticky":false,"template":"","format":"standard","meta":{"site-sidebar-layout":"default","site-content-layout":"","ast-site-content-layout":"default","site-content-style":"default","site-sidebar-style":"default","ast-global-header-display":"","ast-banner-title-visibility":"","ast-main-header-display":"","ast-hfb-above-header-display":"","ast-hfb-below-header-display":"","ast-hfb-mobile-header-display":"","site-post-title":"","ast-breadcrumbs-content":"","ast-featured-img":"","footer-sml-layout":"","theme-transparent-header-meta":"default","adv-header-id-meta":"","stick-header-meta":"","header-above-stick-meta":"","header-main-stick-meta":"","header-below-stick-meta":"","astra-migrate-meta-layouts":"set","footnotes":""},"categories":[1],"tags":[],"yoast_head":"<!-- This site is optimized with the Yoast SEO plugin v21.4 - https:\/\/yoast.com\/wordpress\/plugins\/seo\/ -->\n<title>Concurso do Ibama ter\u00e1 460 vagas com sal\u00e1rios de R$ 9.994,6 -<\/title>\n<meta name=\"robots\" content=\"index, follow, max-snippet:-1, max-image-preview:large, max-video-preview:-1\" \/>\n<link rel=\"canonical\" href=\"https:\/\/sulsc.com\/index.php\/2025\/01\/24\/concurso-do-ibama-tera-460-vagas-com-salarios-de-r-9-9946\/\" \/>\n<meta property=\"og:locale\" content=\"en_US\" \/>\n<meta property=\"og:type\" content=\"article\" \/>\n<meta property=\"og:title\" content=\"Concurso do Ibama ter\u00e1 460 vagas com sal\u00e1rios de R$ 9.994,6 -\" \/>\n<meta property=\"og:description\" content=\"O Instituto Brasileiro do Meio Ambiente e dos Recursos Naturais Renov\u00e1veis (Ibama) publicou nesta sexta-feira (24), no\u00a0Di\u00e1rio Oficial da Uni\u00e3o, o edital concurso para 460 vagas de analistas do \u00f3rg\u00e3o, de n\u00edvel superior. A banca escolhida para organizar o certame \u00e9 o Centro Brasileiro de Pesquisa em Avalia\u00e7\u00e3o e Sele\u00e7\u00e3o e de Promo\u00e7\u00e3o de Eventos &hellip; Concurso do Ibama ter\u00e1 460 vagas com sal\u00e1rios de R$ 9.994,6 Read More &raquo;\" \/>\n<meta property=\"og:url\" content=\"https:\/\/sulsc.com\/index.php\/2025\/01\/24\/concurso-do-ibama-tera-460-vagas-com-salarios-de-r-9-9946\/\" \/>\n<meta property=\"article:author\" content=\"https:\/\/www.facebook.com\/profile.php?id=61559278119680\" \/>\n<meta property=\"article:published_time\" content=\"2025-01-24T17:20:37+00:00\" \/>\n<meta property=\"og:image\" content=\"http:\/\/sulsc.com\/wp-content\/uploads\/2025\/01\/sp_enem20.webp\" \/>\n\t<meta property=\"og:image:width\" content=\"1170\" \/>\n\t<meta property=\"og:image:height\" content=\"700\" \/>\n\t<meta property=\"og:image:type\" content=\"image\/webp\" \/>\n<meta name=\"author\" content=\"Reda\u00e7\u00e3o Sul SC\" \/>\n<meta name=\"twitter:card\" content=\"summary_large_image\" \/>\n<meta name=\"twitter:creator\" content=\"@https:\/\/twitter.com\/PortalSulSC\" \/>\n<meta name=\"twitter:label1\" content=\"Written by\" \/>\n\t<meta name=\"twitter:data1\" content=\"Reda\u00e7\u00e3o Sul SC\" \/>\n\t<meta name=\"twitter:label2\" content=\"Est. reading time\" \/>\n\t<meta name=\"twitter:data2\" content=\"3 minutes\" \/>\n<script type=\"application\/ld+json\" class=\"yoast-schema-graph\">{\"@context\":\"https:\/\/schema.org\",\"@graph\":[{\"@type\":\"WebPage\",\"@id\":\"https:\/\/sulsc.com\/index.php\/2025\/01\/24\/concurso-do-ibama-tera-460-vagas-com-salarios-de-r-9-9946\/\",\"url\":\"https:\/\/sulsc.com\/index.php\/2025\/01\/24\/concurso-do-ibama-tera-460-vagas-com-salarios-de-r-9-9946\/\",\"name\":\"Concurso do Ibama ter\u00e1 460 vagas com sal\u00e1rios de R$ 9.994,6 -\",\"isPartOf\":{\"@id\":\"https:\/\/sulsc.com\/#website\"},\"datePublished\":\"2025-01-24T17:20:37+00:00\",\"dateModified\":\"2025-01-24T17:20:37+00:00\",\"author\":{\"@id\":\"https:\/\/sulsc.com\/#\/schema\/person\/84d2fc571684f6248ba83092f07750a3\"},\"breadcrumb\":{\"@id\":\"https:\/\/sulsc.com\/index.php\/2025\/01\/24\/concurso-do-ibama-tera-460-vagas-com-salarios-de-r-9-9946\/#breadcrumb\"},\"inLanguage\":\"en-US\",\"potentialAction\":[{\"@type\":\"ReadAction\",\"target\":[\"https:\/\/sulsc.com\/index.php\/2025\/01\/24\/concurso-do-ibama-tera-460-vagas-com-salarios-de-r-9-9946\/\"]}]},{\"@type\":\"BreadcrumbList\",\"@id\":\"https:\/\/sulsc.com\/index.php\/2025\/01\/24\/concurso-do-ibama-tera-460-vagas-com-salarios-de-r-9-9946\/#breadcrumb\",\"itemListElement\":[{\"@type\":\"ListItem\",\"position\":1,\"name\":\"In\u00edcio\",\"item\":\"https:\/\/sulsc.com\/\"},{\"@type\":\"ListItem\",\"position\":2,\"name\":\"Concurso do Ibama ter\u00e1 460 vagas com sal\u00e1rios de R$ 9.994,6\"}]},{\"@type\":\"WebSite\",\"@id\":\"https:\/\/sulsc.com\/#website\",\"url\":\"https:\/\/sulsc.com\/\",\"name\":\"\",\"description\":\"\",\"potentialAction\":[{\"@type\":\"SearchAction\",\"target\":{\"@type\":\"EntryPoint\",\"urlTemplate\":\"https:\/\/sulsc.com\/?s={search_term_string}\"},\"query-input\":\"required name=search_term_string\"}],\"inLanguage\":\"en-US\"},{\"@type\":\"Person\",\"@id\":\"https:\/\/sulsc.com\/#\/schema\/person\/84d2fc571684f6248ba83092f07750a3\",\"name\":\"Reda\u00e7\u00e3o Sul SC\",\"image\":{\"@type\":\"ImageObject\",\"inLanguage\":\"en-US\",\"@id\":\"https:\/\/sulsc.com\/#\/schema\/person\/image\/e08d7fe2cc4ed596372063bbe852b8d0\",\"url\":\"https:\/\/sulsc.com\/wp-content\/uploads\/2023\/09\/redacao.png\",\"contentUrl\":\"https:\/\/sulsc.com\/wp-content\/uploads\/2023\/09\/redacao.png\",\"caption\":\"Reda\u00e7\u00e3o Sul SC\"},\"description\":\"Foco em um jornalismo imparcial, voltado \u00e0 qualidade dos seus conte\u00fados e, assim, levar informa\u00e7\u00e3o de valor que agregue \u00e0 vida dos leitores. Esta \u00e9 grande miss\u00e3o do Portal de Not\u00edcias Sul SC. N\u00e3o \u00e9 quantidade que muda o mundo, sempre foi e seguir\u00e1 sendo qualidade!\",\"sameAs\":[\"https:\/\/sulsc.com\/\",\"https:\/\/www.facebook.com\/profile.php?id=61559278119680\",\"https:\/\/www.instagram.com\/sulscportal\/?hl=pt-br\",\"https:\/\/twitter.com\/https:\/\/twitter.com\/PortalSulSC\",\"https:\/\/www.youtube.com\/channel\/UCv_BE8GeySluDov2n8qhVmw\"],\"url\":\"https:\/\/sulsc.com\/index.php\/author\/redacao\/\"}]}<\/script>\n<!-- \/ Yoast SEO plugin. -->","yoast_head_json":{"title":"Concurso do Ibama ter\u00e1 460 vagas com sal\u00e1rios de R$ 9.994,6 -","robots":{"index":"index","follow":"follow","max-snippet":"max-snippet:-1","max-image-preview":"max-image-preview:large","max-video-preview":"max-video-preview:-1"},"canonical":"https:\/\/sulsc.com\/index.php\/2025\/01\/24\/concurso-do-ibama-tera-460-vagas-com-salarios-de-r-9-9946\/","og_locale":"en_US","og_type":"article","og_title":"Concurso do Ibama ter\u00e1 460 vagas com sal\u00e1rios de R$ 9.994,6 -","og_description":"O Instituto Brasileiro do Meio Ambiente e dos Recursos Naturais Renov\u00e1veis (Ibama) publicou nesta sexta-feira (24), no\u00a0Di\u00e1rio Oficial da Uni\u00e3o, o edital concurso para 460 vagas de analistas do \u00f3rg\u00e3o, de n\u00edvel superior. A banca escolhida para organizar o certame \u00e9 o Centro Brasileiro de Pesquisa em Avalia\u00e7\u00e3o e Sele\u00e7\u00e3o e de Promo\u00e7\u00e3o de Eventos &hellip; Concurso do Ibama ter\u00e1 460 vagas com sal\u00e1rios de R$ 9.994,6 Read More &raquo;","og_url":"https:\/\/sulsc.com\/index.php\/2025\/01\/24\/concurso-do-ibama-tera-460-vagas-com-salarios-de-r-9-9946\/","article_author":"https:\/\/www.facebook.com\/profile.php?id=61559278119680","article_published_time":"2025-01-24T17:20:37+00:00","og_image":[{"width":1170,"height":700,"url":"http:\/\/sulsc.com\/wp-content\/uploads\/2025\/01\/sp_enem20.webp","type":"image\/webp"}],"author":"Reda\u00e7\u00e3o Sul SC","twitter_card":"summary_large_image","twitter_creator":"@https:\/\/twitter.com\/PortalSulSC","twitter_misc":{"Written by":"Reda\u00e7\u00e3o Sul SC","Est. reading time":"3 minutes"},"schema":{"@context":"https:\/\/schema.org","@graph":[{"@type":"WebPage","@id":"https:\/\/sulsc.com\/index.php\/2025\/01\/24\/concurso-do-ibama-tera-460-vagas-com-salarios-de-r-9-9946\/","url":"https:\/\/sulsc.com\/index.php\/2025\/01\/24\/concurso-do-ibama-tera-460-vagas-com-salarios-de-r-9-9946\/","name":"Concurso do Ibama ter\u00e1 460 vagas com sal\u00e1rios de R$ 9.994,6 -","isPartOf":{"@id":"https:\/\/sulsc.com\/#website"},"datePublished":"2025-01-24T17:20:37+00:00","dateModified":"2025-01-24T17:20:37+00:00","author":{"@id":"https:\/\/sulsc.com\/#\/schema\/person\/84d2fc571684f6248ba83092f07750a3"},"breadcrumb":{"@id":"https:\/\/sulsc.com\/index.php\/2025\/01\/24\/concurso-do-ibama-tera-460-vagas-com-salarios-de-r-9-9946\/#breadcrumb"},"inLanguage":"en-US","potentialAction":[{"@type":"ReadAction","target":["https:\/\/sulsc.com\/index.php\/2025\/01\/24\/concurso-do-ibama-tera-460-vagas-com-salarios-de-r-9-9946\/"]}]},{"@type":"BreadcrumbList","@id":"https:\/\/sulsc.com\/index.php\/2025\/01\/24\/concurso-do-ibama-tera-460-vagas-com-salarios-de-r-9-9946\/#breadcrumb","itemListElement":[{"@type":"ListItem","position":1,"name":"In\u00edcio","item":"https:\/\/sulsc.com\/"},{"@type":"ListItem","position":2,"name":"Concurso do Ibama ter\u00e1 460 vagas com sal\u00e1rios de R$ 9.994,6"}]},{"@type":"WebSite","@id":"https:\/\/sulsc.com\/#website","url":"https:\/\/sulsc.com\/","name":"","description":"","potentialAction":[{"@type":"SearchAction","target":{"@type":"EntryPoint","urlTemplate":"https:\/\/sulsc.com\/?s={search_term_string}"},"query-input":"required name=search_term_string"}],"inLanguage":"en-US"},{"@type":"Person","@id":"https:\/\/sulsc.com\/#\/schema\/person\/84d2fc571684f6248ba83092f07750a3","name":"Reda\u00e7\u00e3o Sul SC","image":{"@type":"ImageObject","inLanguage":"en-US","@id":"https:\/\/sulsc.com\/#\/schema\/person\/image\/e08d7fe2cc4ed596372063bbe852b8d0","url":"https:\/\/sulsc.com\/wp-content\/uploads\/2023\/09\/redacao.png","contentUrl":"https:\/\/sulsc.com\/wp-content\/uploads\/2023\/09\/redacao.png","caption":"Reda\u00e7\u00e3o Sul SC"},"description":"Foco em um jornalismo imparcial, voltado \u00e0 qualidade dos seus conte\u00fados e, assim, levar informa\u00e7\u00e3o de valor que agregue \u00e0 vida dos leitores. Esta \u00e9 grande miss\u00e3o do Portal de Not\u00edcias Sul SC. N\u00e3o \u00e9 quantidade que muda o mundo, sempre foi e seguir\u00e1 sendo qualidade!","sameAs":["https:\/\/sulsc.com\/","https:\/\/www.facebook.com\/profile.php?id=61559278119680","https:\/\/www.instagram.com\/sulscportal\/?hl=pt-br","https:\/\/twitter.com\/https:\/\/twitter.com\/PortalSulSC","https:\/\/www.youtube.com\/channel\/UCv_BE8GeySluDov2n8qhVmw"],"url":"https:\/\/sulsc.com\/index.php\/author\/redacao\/"}]}},"authors":[],"_links":{"self":[{"href":"https:\/\/sulsc.com\/index.php\/wp-json\/wp\/v2\/posts\/19551"}],"collection":[{"href":"https:\/\/sulsc.com\/index.php\/wp-json\/wp\/v2\/posts"}],"about":[{"href":"https:\/\/sulsc.com\/index.php\/wp-json\/wp\/v2\/types\/post"}],"author":[{"embeddable":true,"href":"https:\/\/sulsc.com\/index.php\/wp-json\/wp\/v2\/users\/3"}],"replies":[{"embeddable":true,"href":"https:\/\/sulsc.com\/index.php\/wp-json\/wp\/v2\/comments?post=19551"}],"version-history":[{"count":1,"href":"https:\/\/sulsc.com\/index.php\/wp-json\/wp\/v2\/posts\/19551\/revisions"}],"predecessor-version":[{"id":19553,"href":"https:\/\/sulsc.com\/index.php\/wp-json\/wp\/v2\/posts\/19551\/revisions\/19553"}],"wp:featuredmedia":[{"embeddable":true,"href":"https:\/\/sulsc.com\/index.php\/wp-json\/wp\/v2\/media\/19552"}],"wp:attachment":[{"href":"https:\/\/sulsc.com\/index.php\/wp-json\/wp\/v2\/media?parent=19551"}],"wp:term":[{"taxonomy":"category","embeddable":true,"href":"https:\/\/sulsc.com\/index.php\/wp-json\/wp\/v2\/categories?post=19551"},{"taxonomy":"post_tag","embeddable":true,"href":"https:\/\/sulsc.com\/index.php\/wp-json\/wp\/v2\/tags?post=19551"}],"curies":[{"name":"wp","href":"https:\/\/api.w.org\/{rel}","templated":true}]}}