{"id":19597,"date":"2025-01-25T07:51:33","date_gmt":"2025-01-25T10:51:33","guid":{"rendered":"https:\/\/sulsc.com\/?p=19597"},"modified":"2025-01-25T07:52:19","modified_gmt":"2025-01-25T10:52:19","slug":"sabado-25-de-muitas-nuvens-mas-continua-abafado-com-previsao-de-temporais-entre-a-tarde-e-a-noite","status":"publish","type":"post","link":"https:\/\/sulsc.com\/index.php\/2025\/01\/25\/sabado-25-de-muitas-nuvens-mas-continua-abafado-com-previsao-de-temporais-entre-a-tarde-e-a-noite\/","title":{"rendered":"S\u00e1bado (25) de muitas nuvens mas continua abafado com previs\u00e3o de temporais entre a tarde e a noite"},"content":{"rendered":"<p>O tempo permanece com a presen\u00e7a de muitas nuvens e condi\u00e7\u00f5es para pancadas de chuva a qualquer momento do dia neste s\u00e1bado (25). J\u00e1 no per\u00edodo entre tarde e noite, ocorrem temporais com raios, rajadas de vento e eventual queda de granizo, devido a uma frente fria que se desloca pelo mar. O risco \u00e9 moderado a alto para ocorr\u00eancias como alagamentos, enxurradas, danos na rede el\u00e9trica, queda de galhos e \u00e1rvores e destelhamentos. Permanece o calor e a sensa\u00e7\u00e3o de abafamento em todo o estado.<\/p>\n<p><img fetchpriority=\"high\" decoding=\"async\" class=\"aligncenter size-full wp-image-19598\" src=\"http:\/\/sulsc.com\/wp-content\/uploads\/2025\/01\/unnamed-1.png\" alt=\"\" width=\"1655\" height=\"1124\" srcset=\"https:\/\/sulsc.com\/wp-content\/uploads\/2025\/01\/unnamed-1.png 1655w, https:\/\/sulsc.com\/wp-content\/uploads\/2025\/01\/unnamed-1-300x204.png 300w, https:\/\/sulsc.com\/wp-content\/uploads\/2025\/01\/unnamed-1-1024x695.png 1024w, https:\/\/sulsc.com\/wp-content\/uploads\/2025\/01\/unnamed-1-768x522.png 768w, https:\/\/sulsc.com\/wp-content\/uploads\/2025\/01\/unnamed-1-1536x1043.png 1536w\" sizes=\"(max-width: 1655px) 100vw, 1655px\" \/><\/p>\n<p><img decoding=\"async\" class=\"aligncenter wp-image-17436\" src=\"http:\/\/sulsc.com\/wp-content\/uploads\/2024\/11\/Tempo-2.png\" alt=\"\" width=\"681\" height=\"126\" srcset=\"https:\/\/sulsc.com\/wp-content\/uploads\/2024\/11\/Tempo-2.png 1024w, https:\/\/sulsc.com\/wp-content\/uploads\/2024\/11\/Tempo-2-300x55.png 300w, https:\/\/sulsc.com\/wp-content\/uploads\/2024\/11\/Tempo-2-768x142.png 768w\" sizes=\"(max-width: 681px) 100vw, 681px\" \/><\/p>\n<p><strong>Temperaturas<\/strong><\/p>\n<p>As temperaturas m\u00e1ximas superam 30\u00b0C em todas as regi\u00f5es. O vento vira para sudoeste\/sul a partir da tarde com rajadas mais intensas, entre 50 e 70km\/h.<\/p>\n<p>Fonte: Defesa Civil SC\/ Meteorologista: Caio Guerra<\/p>\n<p>Foto\/SulSC<\/p>\n<p>&nbsp;<\/p>\n","protected":false},"excerpt":{"rendered":"<p>O tempo permanece com a presen\u00e7a de muitas nuvens e condi\u00e7\u00f5es para pancadas de chuva a qualquer momento do dia neste s\u00e1bado (25). J\u00e1 no per\u00edodo entre tarde e noite, ocorrem temporais com raios, rajadas de vento e eventual queda de granizo, devido a uma frente fria que se desloca pelo mar. O risco \u00e9 &hellip;<\/p>\n<p class=\"read-more\"> <a class=\"\" href=\"https:\/\/sulsc.com\/index.php\/2025\/01\/25\/sabado-25-de-muitas-nuvens-mas-continua-abafado-com-previsao-de-temporais-entre-a-tarde-e-a-noite\/\"> <span class=\"screen-reader-text\">S\u00e1bado (25) de muitas nuvens mas continua abafado com previs\u00e3o de temporais entre a tarde e a noite<\/span> Read More &raquo;<\/a><\/p>\n","protected":false},"author":3,"featured_media":19602,"comment_status":"open","ping_status":"open","sticky":false,"template":"","format":"standard","meta":{"site-sidebar-layout":"default","site-content-layout":"","ast-site-content-layout":"default","site-content-style":"default","site-sidebar-style":"default","ast-global-header-display":"","ast-banner-title-visibility":"","ast-main-header-display":"","ast-hfb-above-header-display":"","ast-hfb-below-header-display":"","ast-hfb-mobile-header-display":"","site-post-title":"","ast-breadcrumbs-content":"","ast-featured-img":"","footer-sml-layout":"","theme-transparent-header-meta":"default","adv-header-id-meta":"","stick-header-meta":"","header-above-stick-meta":"","header-main-stick-meta":"","header-below-stick-meta":"","astra-migrate-meta-layouts":"set","footnotes":""},"categories":[38],"tags":[90],"yoast_head":"<!-- This site is optimized with the Yoast SEO plugin v21.4 - https:\/\/yoast.com\/wordpress\/plugins\/seo\/ -->\n<title>S\u00e1bado (25) de muitas nuvens mas continua abafado com previs\u00e3o de temporais entre a tarde e a noite -<\/title>\n<meta name=\"robots\" content=\"index, follow, max-snippet:-1, max-image-preview:large, max-video-preview:-1\" \/>\n<link rel=\"canonical\" href=\"https:\/\/sulsc.com\/index.php\/2025\/01\/25\/sabado-25-de-muitas-nuvens-mas-continua-abafado-com-previsao-de-temporais-entre-a-tarde-e-a-noite\/\" \/>\n<meta property=\"og:locale\" content=\"en_US\" \/>\n<meta property=\"og:type\" content=\"article\" \/>\n<meta property=\"og:title\" content=\"S\u00e1bado (25) de muitas nuvens mas continua abafado com previs\u00e3o de temporais entre a tarde e a noite -\" \/>\n<meta property=\"og:description\" content=\"O tempo permanece com a presen\u00e7a de muitas nuvens e condi\u00e7\u00f5es para pancadas de chuva a qualquer momento do dia neste s\u00e1bado (25). J\u00e1 no per\u00edodo entre tarde e noite, ocorrem temporais com raios, rajadas de vento e eventual queda de granizo, devido a uma frente fria que se desloca pelo mar. O risco \u00e9 &hellip; S\u00e1bado (25) de muitas nuvens mas continua abafado com previs\u00e3o de temporais entre a tarde e a noite Read More &raquo;\" \/>\n<meta property=\"og:url\" content=\"https:\/\/sulsc.com\/index.php\/2025\/01\/25\/sabado-25-de-muitas-nuvens-mas-continua-abafado-com-previsao-de-temporais-entre-a-tarde-e-a-noite\/\" \/>\n<meta property=\"article:author\" content=\"https:\/\/www.facebook.com\/profile.php?id=61559278119680\" \/>\n<meta property=\"article:published_time\" content=\"2025-01-25T10:51:33+00:00\" \/>\n<meta property=\"article:modified_time\" content=\"2025-01-25T10:52:19+00:00\" \/>\n<meta property=\"og:image\" content=\"http:\/\/sulsc.com\/wp-content\/uploads\/2025\/01\/1.jpg\" \/>\n\t<meta property=\"og:image:width\" content=\"719\" \/>\n\t<meta property=\"og:image:height\" content=\"1600\" \/>\n\t<meta property=\"og:image:type\" content=\"image\/jpeg\" \/>\n<meta name=\"author\" content=\"Reda\u00e7\u00e3o Sul SC\" \/>\n<meta name=\"twitter:card\" content=\"summary_large_image\" \/>\n<meta name=\"twitter:creator\" content=\"@https:\/\/twitter.com\/PortalSulSC\" \/>\n<meta name=\"twitter:label1\" content=\"Written by\" \/>\n\t<meta name=\"twitter:data1\" content=\"Reda\u00e7\u00e3o Sul SC\" \/>\n\t<meta name=\"twitter:label2\" content=\"Est. reading time\" \/>\n\t<meta name=\"twitter:data2\" content=\"1 minute\" \/>\n<script type=\"application\/ld+json\" class=\"yoast-schema-graph\">{\"@context\":\"https:\/\/schema.org\",\"@graph\":[{\"@type\":\"WebPage\",\"@id\":\"https:\/\/sulsc.com\/index.php\/2025\/01\/25\/sabado-25-de-muitas-nuvens-mas-continua-abafado-com-previsao-de-temporais-entre-a-tarde-e-a-noite\/\",\"url\":\"https:\/\/sulsc.com\/index.php\/2025\/01\/25\/sabado-25-de-muitas-nuvens-mas-continua-abafado-com-previsao-de-temporais-entre-a-tarde-e-a-noite\/\",\"name\":\"S\u00e1bado (25) de muitas nuvens mas continua abafado com previs\u00e3o de temporais entre a tarde e a noite -\",\"isPartOf\":{\"@id\":\"https:\/\/sulsc.com\/#website\"},\"datePublished\":\"2025-01-25T10:51:33+00:00\",\"dateModified\":\"2025-01-25T10:52:19+00:00\",\"author\":{\"@id\":\"https:\/\/sulsc.com\/#\/schema\/person\/84d2fc571684f6248ba83092f07750a3\"},\"breadcrumb\":{\"@id\":\"https:\/\/sulsc.com\/index.php\/2025\/01\/25\/sabado-25-de-muitas-nuvens-mas-continua-abafado-com-previsao-de-temporais-entre-a-tarde-e-a-noite\/#breadcrumb\"},\"inLanguage\":\"en-US\",\"potentialAction\":[{\"@type\":\"ReadAction\",\"target\":[\"https:\/\/sulsc.com\/index.php\/2025\/01\/25\/sabado-25-de-muitas-nuvens-mas-continua-abafado-com-previsao-de-temporais-entre-a-tarde-e-a-noite\/\"]}]},{\"@type\":\"BreadcrumbList\",\"@id\":\"https:\/\/sulsc.com\/index.php\/2025\/01\/25\/sabado-25-de-muitas-nuvens-mas-continua-abafado-com-previsao-de-temporais-entre-a-tarde-e-a-noite\/#breadcrumb\",\"itemListElement\":[{\"@type\":\"ListItem\",\"position\":1,\"name\":\"In\u00edcio\",\"item\":\"https:\/\/sulsc.com\/\"},{\"@type\":\"ListItem\",\"position\":2,\"name\":\"S\u00e1bado (25) de muitas nuvens mas continua abafado com previs\u00e3o de temporais entre a tarde e a noite\"}]},{\"@type\":\"WebSite\",\"@id\":\"https:\/\/sulsc.com\/#website\",\"url\":\"https:\/\/sulsc.com\/\",\"name\":\"\",\"description\":\"\",\"potentialAction\":[{\"@type\":\"SearchAction\",\"target\":{\"@type\":\"EntryPoint\",\"urlTemplate\":\"https:\/\/sulsc.com\/?s={search_term_string}\"},\"query-input\":\"required name=search_term_string\"}],\"inLanguage\":\"en-US\"},{\"@type\":\"Person\",\"@id\":\"https:\/\/sulsc.com\/#\/schema\/person\/84d2fc571684f6248ba83092f07750a3\",\"name\":\"Reda\u00e7\u00e3o Sul SC\",\"image\":{\"@type\":\"ImageObject\",\"inLanguage\":\"en-US\",\"@id\":\"https:\/\/sulsc.com\/#\/schema\/person\/image\/e08d7fe2cc4ed596372063bbe852b8d0\",\"url\":\"https:\/\/sulsc.com\/wp-content\/uploads\/2023\/09\/redacao.png\",\"contentUrl\":\"https:\/\/sulsc.com\/wp-content\/uploads\/2023\/09\/redacao.png\",\"caption\":\"Reda\u00e7\u00e3o Sul SC\"},\"description\":\"Foco em um jornalismo imparcial, voltado \u00e0 qualidade dos seus conte\u00fados e, assim, levar informa\u00e7\u00e3o de valor que agregue \u00e0 vida dos leitores. Esta \u00e9 grande miss\u00e3o do Portal de Not\u00edcias Sul SC. N\u00e3o \u00e9 quantidade que muda o mundo, sempre foi e seguir\u00e1 sendo qualidade!\",\"sameAs\":[\"https:\/\/sulsc.com\/\",\"https:\/\/www.facebook.com\/profile.php?id=61559278119680\",\"https:\/\/www.instagram.com\/sulscportal\/?hl=pt-br\",\"https:\/\/twitter.com\/https:\/\/twitter.com\/PortalSulSC\",\"https:\/\/www.youtube.com\/channel\/UCv_BE8GeySluDov2n8qhVmw\"],\"url\":\"https:\/\/sulsc.com\/index.php\/author\/redacao\/\"}]}<\/script>\n<!-- \/ Yoast SEO plugin. -->","yoast_head_json":{"title":"S\u00e1bado (25) de muitas nuvens mas continua abafado com previs\u00e3o de temporais entre a tarde e a noite -","robots":{"index":"index","follow":"follow","max-snippet":"max-snippet:-1","max-image-preview":"max-image-preview:large","max-video-preview":"max-video-preview:-1"},"canonical":"https:\/\/sulsc.com\/index.php\/2025\/01\/25\/sabado-25-de-muitas-nuvens-mas-continua-abafado-com-previsao-de-temporais-entre-a-tarde-e-a-noite\/","og_locale":"en_US","og_type":"article","og_title":"S\u00e1bado (25) de muitas nuvens mas continua abafado com previs\u00e3o de temporais entre a tarde e a noite -","og_description":"O tempo permanece com a presen\u00e7a de muitas nuvens e condi\u00e7\u00f5es para pancadas de chuva a qualquer momento do dia neste s\u00e1bado (25). J\u00e1 no per\u00edodo entre tarde e noite, ocorrem temporais com raios, rajadas de vento e eventual queda de granizo, devido a uma frente fria que se desloca pelo mar. O risco \u00e9 &hellip; S\u00e1bado (25) de muitas nuvens mas continua abafado com previs\u00e3o de temporais entre a tarde e a noite Read More &raquo;","og_url":"https:\/\/sulsc.com\/index.php\/2025\/01\/25\/sabado-25-de-muitas-nuvens-mas-continua-abafado-com-previsao-de-temporais-entre-a-tarde-e-a-noite\/","article_author":"https:\/\/www.facebook.com\/profile.php?id=61559278119680","article_published_time":"2025-01-25T10:51:33+00:00","article_modified_time":"2025-01-25T10:52:19+00:00","og_image":[{"width":719,"height":1600,"url":"http:\/\/sulsc.com\/wp-content\/uploads\/2025\/01\/1.jpg","type":"image\/jpeg"}],"author":"Reda\u00e7\u00e3o Sul SC","twitter_card":"summary_large_image","twitter_creator":"@https:\/\/twitter.com\/PortalSulSC","twitter_misc":{"Written by":"Reda\u00e7\u00e3o Sul SC","Est. reading time":"1 minute"},"schema":{"@context":"https:\/\/schema.org","@graph":[{"@type":"WebPage","@id":"https:\/\/sulsc.com\/index.php\/2025\/01\/25\/sabado-25-de-muitas-nuvens-mas-continua-abafado-com-previsao-de-temporais-entre-a-tarde-e-a-noite\/","url":"https:\/\/sulsc.com\/index.php\/2025\/01\/25\/sabado-25-de-muitas-nuvens-mas-continua-abafado-com-previsao-de-temporais-entre-a-tarde-e-a-noite\/","name":"S\u00e1bado (25) de muitas nuvens mas continua abafado com previs\u00e3o de temporais entre a tarde e a noite -","isPartOf":{"@id":"https:\/\/sulsc.com\/#website"},"datePublished":"2025-01-25T10:51:33+00:00","dateModified":"2025-01-25T10:52:19+00:00","author":{"@id":"https:\/\/sulsc.com\/#\/schema\/person\/84d2fc571684f6248ba83092f07750a3"},"breadcrumb":{"@id":"https:\/\/sulsc.com\/index.php\/2025\/01\/25\/sabado-25-de-muitas-nuvens-mas-continua-abafado-com-previsao-de-temporais-entre-a-tarde-e-a-noite\/#breadcrumb"},"inLanguage":"en-US","potentialAction":[{"@type":"ReadAction","target":["https:\/\/sulsc.com\/index.php\/2025\/01\/25\/sabado-25-de-muitas-nuvens-mas-continua-abafado-com-previsao-de-temporais-entre-a-tarde-e-a-noite\/"]}]},{"@type":"BreadcrumbList","@id":"https:\/\/sulsc.com\/index.php\/2025\/01\/25\/sabado-25-de-muitas-nuvens-mas-continua-abafado-com-previsao-de-temporais-entre-a-tarde-e-a-noite\/#breadcrumb","itemListElement":[{"@type":"ListItem","position":1,"name":"In\u00edcio","item":"https:\/\/sulsc.com\/"},{"@type":"ListItem","position":2,"name":"S\u00e1bado (25) de muitas nuvens mas continua abafado com previs\u00e3o de temporais entre a tarde e a noite"}]},{"@type":"WebSite","@id":"https:\/\/sulsc.com\/#website","url":"https:\/\/sulsc.com\/","name":"","description":"","potentialAction":[{"@type":"SearchAction","target":{"@type":"EntryPoint","urlTemplate":"https:\/\/sulsc.com\/?s={search_term_string}"},"query-input":"required name=search_term_string"}],"inLanguage":"en-US"},{"@type":"Person","@id":"https:\/\/sulsc.com\/#\/schema\/person\/84d2fc571684f6248ba83092f07750a3","name":"Reda\u00e7\u00e3o Sul SC","image":{"@type":"ImageObject","inLanguage":"en-US","@id":"https:\/\/sulsc.com\/#\/schema\/person\/image\/e08d7fe2cc4ed596372063bbe852b8d0","url":"https:\/\/sulsc.com\/wp-content\/uploads\/2023\/09\/redacao.png","contentUrl":"https:\/\/sulsc.com\/wp-content\/uploads\/2023\/09\/redacao.png","caption":"Reda\u00e7\u00e3o Sul SC"},"description":"Foco em um jornalismo imparcial, voltado \u00e0 qualidade dos seus conte\u00fados e, assim, levar informa\u00e7\u00e3o de valor que agregue \u00e0 vida dos leitores. Esta \u00e9 grande miss\u00e3o do Portal de Not\u00edcias Sul SC. N\u00e3o \u00e9 quantidade que muda o mundo, sempre foi e seguir\u00e1 sendo qualidade!","sameAs":["https:\/\/sulsc.com\/","https:\/\/www.facebook.com\/profile.php?id=61559278119680","https:\/\/www.instagram.com\/sulscportal\/?hl=pt-br","https:\/\/twitter.com\/https:\/\/twitter.com\/PortalSulSC","https:\/\/www.youtube.com\/channel\/UCv_BE8GeySluDov2n8qhVmw"],"url":"https:\/\/sulsc.com\/index.php\/author\/redacao\/"}]}},"authors":[],"_links":{"self":[{"href":"https:\/\/sulsc.com\/index.php\/wp-json\/wp\/v2\/posts\/19597"}],"collection":[{"href":"https:\/\/sulsc.com\/index.php\/wp-json\/wp\/v2\/posts"}],"about":[{"href":"https:\/\/sulsc.com\/index.php\/wp-json\/wp\/v2\/types\/post"}],"author":[{"embeddable":true,"href":"https:\/\/sulsc.com\/index.php\/wp-json\/wp\/v2\/users\/3"}],"replies":[{"embeddable":true,"href":"https:\/\/sulsc.com\/index.php\/wp-json\/wp\/v2\/comments?post=19597"}],"version-history":[{"count":1,"href":"https:\/\/sulsc.com\/index.php\/wp-json\/wp\/v2\/posts\/19597\/revisions"}],"predecessor-version":[{"id":19601,"href":"https:\/\/sulsc.com\/index.php\/wp-json\/wp\/v2\/posts\/19597\/revisions\/19601"}],"wp:featuredmedia":[{"embeddable":true,"href":"https:\/\/sulsc.com\/index.php\/wp-json\/wp\/v2\/media\/19602"}],"wp:attachment":[{"href":"https:\/\/sulsc.com\/index.php\/wp-json\/wp\/v2\/media?parent=19597"}],"wp:term":[{"taxonomy":"category","embeddable":true,"href":"https:\/\/sulsc.com\/index.php\/wp-json\/wp\/v2\/categories?post=19597"},{"taxonomy":"post_tag","embeddable":true,"href":"https:\/\/sulsc.com\/index.php\/wp-json\/wp\/v2\/tags?post=19597"}],"curies":[{"name":"wp","href":"https:\/\/api.w.org\/{rel}","templated":true}]}}