{"id":1964,"date":"2023-10-06T16:40:46","date_gmt":"2023-10-06T19:40:46","guid":{"rendered":"https:\/\/sulsc.com\/?p=1964"},"modified":"2023-10-06T16:54:43","modified_gmt":"2023-10-06T19:54:43","slug":"outubro-rosa-colaboradoras-da-tubarao-saneamento-participam-de-palestra-ministrada-pela-rfcc","status":"publish","type":"post","link":"https:\/\/sulsc.com\/index.php\/2023\/10\/06\/outubro-rosa-colaboradoras-da-tubarao-saneamento-participam-de-palestra-ministrada-pela-rfcc\/","title":{"rendered":"Outubro Rosa: colaboradoras da Tubar\u00e3o Saneamento participam de palestra ministrada pela RFCC"},"content":{"rendered":"<p>Em alus\u00e3o ao m\u00eas de conscientiza\u00e7\u00e3o e combate ao c\u00e2ncer de mama e de colo de \u00fatero, a Tubar\u00e3o Saneamento promoveu uma palestra sobre o tema. A Rede Feminina de Combate ao C\u00e2ncer de Tubar\u00e3o (RFCCT) esteve presente para conversar com todas as colaboradoras.<\/p>\n<p>Ministrada pela enfermeira da RFCCT, Andreia Torres, em conjunto com a presidente, Ceres H. Moraes dos Santos, o encontro educativo teve como objetivo ensinar as mulheres a reconhecer os sinais e sintomas que precisam de atendimento m\u00e9dico, al\u00e9m de lembrar sobre a import\u00e2ncia do exame de toque como rotina e do preventivo anualmente.<\/p>\n<p><img fetchpriority=\"high\" decoding=\"async\" class=\"alignnone size-large wp-image-1966\" src=\"http:\/\/sulsc.com\/wp-content\/uploads\/2023\/10\/Outubro-Rosa-colaboradoras-da-Tubarao-Saneamento-participam-de-palestra-ministrada-pela-RFCC-01-1024x683.jpg\" alt=\"\" width=\"1024\" height=\"683\" srcset=\"https:\/\/sulsc.com\/wp-content\/uploads\/2023\/10\/Outubro-Rosa-colaboradoras-da-Tubarao-Saneamento-participam-de-palestra-ministrada-pela-RFCC-01-1024x683.jpg 1024w, https:\/\/sulsc.com\/wp-content\/uploads\/2023\/10\/Outubro-Rosa-colaboradoras-da-Tubarao-Saneamento-participam-de-palestra-ministrada-pela-RFCC-01-300x200.jpg 300w, https:\/\/sulsc.com\/wp-content\/uploads\/2023\/10\/Outubro-Rosa-colaboradoras-da-Tubarao-Saneamento-participam-de-palestra-ministrada-pela-RFCC-01-768x512.jpg 768w, https:\/\/sulsc.com\/wp-content\/uploads\/2023\/10\/Outubro-Rosa-colaboradoras-da-Tubarao-Saneamento-participam-de-palestra-ministrada-pela-RFCC-01-1536x1024.jpg 1536w, https:\/\/sulsc.com\/wp-content\/uploads\/2023\/10\/Outubro-Rosa-colaboradoras-da-Tubarao-Saneamento-participam-de-palestra-ministrada-pela-RFCC-01-2048x1365.jpg 2048w\" sizes=\"(max-width: 1024px) 100vw, 1024px\" \/><\/p>\n<p>A supervisora de Recursos Humanos da Tubar\u00e3o Saneamento, Talita Nunes, refor\u00e7a como \u00e9 essencial encontros como esses para estimular o cuidado com a sa\u00fade. \u201cEsse \u00e9 momento em que elas recordam da import\u00e2ncia dos exames e buscam os atendimentos, al\u00e9m de entender melhor sobre o processo. S\u00e3o doen\u00e7as perigosas e que d\u00e3o sinais, e por isso \u00e9 importante buscar ajuda m\u00e9dica quando notar algo diferente\u201d.<\/p>\n","protected":false},"excerpt":{"rendered":"<p>Em alus\u00e3o ao m\u00eas de conscientiza\u00e7\u00e3o e combate ao c\u00e2ncer de mama e de colo de \u00fatero, a Tubar\u00e3o Saneamento promoveu uma palestra sobre o tema. A Rede Feminina de Combate ao C\u00e2ncer de Tubar\u00e3o (RFCCT) esteve presente para conversar com todas as colaboradoras. Ministrada pela enfermeira da RFCCT, Andreia Torres, em conjunto com a &hellip;<\/p>\n<p class=\"read-more\"> <a class=\"\" href=\"https:\/\/sulsc.com\/index.php\/2023\/10\/06\/outubro-rosa-colaboradoras-da-tubarao-saneamento-participam-de-palestra-ministrada-pela-rfcc\/\"> <span class=\"screen-reader-text\">Outubro Rosa: colaboradoras da Tubar\u00e3o Saneamento participam de palestra ministrada pela RFCC<\/span> Read More &raquo;<\/a><\/p>\n","protected":false},"author":3,"featured_media":1965,"comment_status":"open","ping_status":"open","sticky":false,"template":"","format":"standard","meta":{"site-sidebar-layout":"default","site-content-layout":"","ast-site-content-layout":"default","site-content-style":"default","site-sidebar-style":"default","ast-global-header-display":"","ast-banner-title-visibility":"","ast-main-header-display":"","ast-hfb-above-header-display":"","ast-hfb-below-header-display":"","ast-hfb-mobile-header-display":"","site-post-title":"","ast-breadcrumbs-content":"","ast-featured-img":"","footer-sml-layout":"","theme-transparent-header-meta":"default","adv-header-id-meta":"","stick-header-meta":"","header-above-stick-meta":"","header-main-stick-meta":"","header-below-stick-meta":"","astra-migrate-meta-layouts":"set","footnotes":""},"categories":[1],"tags":[],"yoast_head":"<!-- This site is optimized with the Yoast SEO plugin v21.4 - https:\/\/yoast.com\/wordpress\/plugins\/seo\/ -->\n<title>Outubro Rosa: colaboradoras da Tubar\u00e3o Saneamento participam de palestra ministrada pela RFCC -<\/title>\n<meta name=\"robots\" content=\"index, follow, max-snippet:-1, max-image-preview:large, max-video-preview:-1\" \/>\n<link rel=\"canonical\" href=\"https:\/\/sulsc.com\/index.php\/2023\/10\/06\/outubro-rosa-colaboradoras-da-tubarao-saneamento-participam-de-palestra-ministrada-pela-rfcc\/\" \/>\n<meta property=\"og:locale\" content=\"en_US\" \/>\n<meta property=\"og:type\" content=\"article\" \/>\n<meta property=\"og:title\" content=\"Outubro Rosa: colaboradoras da Tubar\u00e3o Saneamento participam de palestra ministrada pela RFCC -\" \/>\n<meta property=\"og:description\" content=\"Em alus\u00e3o ao m\u00eas de conscientiza\u00e7\u00e3o e combate ao c\u00e2ncer de mama e de colo de \u00fatero, a Tubar\u00e3o Saneamento promoveu uma palestra sobre o tema. A Rede Feminina de Combate ao C\u00e2ncer de Tubar\u00e3o (RFCCT) esteve presente para conversar com todas as colaboradoras. Ministrada pela enfermeira da RFCCT, Andreia Torres, em conjunto com a &hellip; Outubro Rosa: colaboradoras da Tubar\u00e3o Saneamento participam de palestra ministrada pela RFCC Read More &raquo;\" \/>\n<meta property=\"og:url\" content=\"https:\/\/sulsc.com\/index.php\/2023\/10\/06\/outubro-rosa-colaboradoras-da-tubarao-saneamento-participam-de-palestra-ministrada-pela-rfcc\/\" \/>\n<meta property=\"article:author\" content=\"https:\/\/www.facebook.com\/profile.php?id=61559278119680\" \/>\n<meta property=\"article:published_time\" content=\"2023-10-06T19:40:46+00:00\" \/>\n<meta property=\"article:modified_time\" content=\"2023-10-06T19:54:43+00:00\" \/>\n<meta property=\"og:image\" content=\"https:\/\/sulsc.com\/wp-content\/uploads\/2023\/10\/Outubro-Rosa-colaboradoras-da-Tubarao-Saneamento-participam-de-palestra-ministrada-pela-RFCC-02-scaled.jpg\" \/>\n\t<meta property=\"og:image:width\" content=\"2560\" \/>\n\t<meta property=\"og:image:height\" content=\"1707\" \/>\n\t<meta property=\"og:image:type\" content=\"image\/jpeg\" \/>\n<meta name=\"author\" content=\"Reda\u00e7\u00e3o Sul SC\" \/>\n<meta name=\"twitter:card\" content=\"summary_large_image\" \/>\n<meta name=\"twitter:creator\" content=\"@https:\/\/twitter.com\/PortalSulSC\" \/>\n<meta name=\"twitter:label1\" content=\"Written by\" \/>\n\t<meta name=\"twitter:data1\" content=\"Reda\u00e7\u00e3o Sul SC\" \/>\n\t<meta name=\"twitter:label2\" content=\"Est. reading time\" \/>\n\t<meta name=\"twitter:data2\" content=\"1 minute\" \/>\n<script type=\"application\/ld+json\" class=\"yoast-schema-graph\">{\"@context\":\"https:\/\/schema.org\",\"@graph\":[{\"@type\":\"WebPage\",\"@id\":\"https:\/\/sulsc.com\/index.php\/2023\/10\/06\/outubro-rosa-colaboradoras-da-tubarao-saneamento-participam-de-palestra-ministrada-pela-rfcc\/\",\"url\":\"https:\/\/sulsc.com\/index.php\/2023\/10\/06\/outubro-rosa-colaboradoras-da-tubarao-saneamento-participam-de-palestra-ministrada-pela-rfcc\/\",\"name\":\"Outubro Rosa: colaboradoras da Tubar\u00e3o Saneamento participam de palestra ministrada pela RFCC -\",\"isPartOf\":{\"@id\":\"https:\/\/sulsc.com\/#website\"},\"datePublished\":\"2023-10-06T19:40:46+00:00\",\"dateModified\":\"2023-10-06T19:54:43+00:00\",\"author\":{\"@id\":\"https:\/\/sulsc.com\/#\/schema\/person\/84d2fc571684f6248ba83092f07750a3\"},\"breadcrumb\":{\"@id\":\"https:\/\/sulsc.com\/index.php\/2023\/10\/06\/outubro-rosa-colaboradoras-da-tubarao-saneamento-participam-de-palestra-ministrada-pela-rfcc\/#breadcrumb\"},\"inLanguage\":\"en-US\",\"potentialAction\":[{\"@type\":\"ReadAction\",\"target\":[\"https:\/\/sulsc.com\/index.php\/2023\/10\/06\/outubro-rosa-colaboradoras-da-tubarao-saneamento-participam-de-palestra-ministrada-pela-rfcc\/\"]}]},{\"@type\":\"BreadcrumbList\",\"@id\":\"https:\/\/sulsc.com\/index.php\/2023\/10\/06\/outubro-rosa-colaboradoras-da-tubarao-saneamento-participam-de-palestra-ministrada-pela-rfcc\/#breadcrumb\",\"itemListElement\":[{\"@type\":\"ListItem\",\"position\":1,\"name\":\"In\u00edcio\",\"item\":\"https:\/\/sulsc.com\/\"},{\"@type\":\"ListItem\",\"position\":2,\"name\":\"Outubro Rosa: colaboradoras da Tubar\u00e3o Saneamento participam de palestra ministrada pela RFCC\"}]},{\"@type\":\"WebSite\",\"@id\":\"https:\/\/sulsc.com\/#website\",\"url\":\"https:\/\/sulsc.com\/\",\"name\":\"\",\"description\":\"\",\"potentialAction\":[{\"@type\":\"SearchAction\",\"target\":{\"@type\":\"EntryPoint\",\"urlTemplate\":\"https:\/\/sulsc.com\/?s={search_term_string}\"},\"query-input\":\"required name=search_term_string\"}],\"inLanguage\":\"en-US\"},{\"@type\":\"Person\",\"@id\":\"https:\/\/sulsc.com\/#\/schema\/person\/84d2fc571684f6248ba83092f07750a3\",\"name\":\"Reda\u00e7\u00e3o Sul SC\",\"image\":{\"@type\":\"ImageObject\",\"inLanguage\":\"en-US\",\"@id\":\"https:\/\/sulsc.com\/#\/schema\/person\/image\/e08d7fe2cc4ed596372063bbe852b8d0\",\"url\":\"https:\/\/sulsc.com\/wp-content\/uploads\/2023\/09\/redacao.png\",\"contentUrl\":\"https:\/\/sulsc.com\/wp-content\/uploads\/2023\/09\/redacao.png\",\"caption\":\"Reda\u00e7\u00e3o Sul SC\"},\"description\":\"Foco em um jornalismo imparcial, voltado \u00e0 qualidade dos seus conte\u00fados e, assim, levar informa\u00e7\u00e3o de valor que agregue \u00e0 vida dos leitores. Esta \u00e9 grande miss\u00e3o do Portal de Not\u00edcias Sul SC. N\u00e3o \u00e9 quantidade que muda o mundo, sempre foi e seguir\u00e1 sendo qualidade!\",\"sameAs\":[\"https:\/\/sulsc.com\/\",\"https:\/\/www.facebook.com\/profile.php?id=61559278119680\",\"https:\/\/www.instagram.com\/sulscportal\/?hl=pt-br\",\"https:\/\/twitter.com\/https:\/\/twitter.com\/PortalSulSC\",\"https:\/\/www.youtube.com\/channel\/UCv_BE8GeySluDov2n8qhVmw\"],\"url\":\"https:\/\/sulsc.com\/index.php\/author\/redacao\/\"}]}<\/script>\n<!-- \/ Yoast SEO plugin. -->","yoast_head_json":{"title":"Outubro Rosa: colaboradoras da Tubar\u00e3o Saneamento participam de palestra ministrada pela RFCC -","robots":{"index":"index","follow":"follow","max-snippet":"max-snippet:-1","max-image-preview":"max-image-preview:large","max-video-preview":"max-video-preview:-1"},"canonical":"https:\/\/sulsc.com\/index.php\/2023\/10\/06\/outubro-rosa-colaboradoras-da-tubarao-saneamento-participam-de-palestra-ministrada-pela-rfcc\/","og_locale":"en_US","og_type":"article","og_title":"Outubro Rosa: colaboradoras da Tubar\u00e3o Saneamento participam de palestra ministrada pela RFCC -","og_description":"Em alus\u00e3o ao m\u00eas de conscientiza\u00e7\u00e3o e combate ao c\u00e2ncer de mama e de colo de \u00fatero, a Tubar\u00e3o Saneamento promoveu uma palestra sobre o tema. A Rede Feminina de Combate ao C\u00e2ncer de Tubar\u00e3o (RFCCT) esteve presente para conversar com todas as colaboradoras. Ministrada pela enfermeira da RFCCT, Andreia Torres, em conjunto com a &hellip; Outubro Rosa: colaboradoras da Tubar\u00e3o Saneamento participam de palestra ministrada pela RFCC Read More &raquo;","og_url":"https:\/\/sulsc.com\/index.php\/2023\/10\/06\/outubro-rosa-colaboradoras-da-tubarao-saneamento-participam-de-palestra-ministrada-pela-rfcc\/","article_author":"https:\/\/www.facebook.com\/profile.php?id=61559278119680","article_published_time":"2023-10-06T19:40:46+00:00","article_modified_time":"2023-10-06T19:54:43+00:00","og_image":[{"width":2560,"height":1707,"url":"https:\/\/sulsc.com\/wp-content\/uploads\/2023\/10\/Outubro-Rosa-colaboradoras-da-Tubarao-Saneamento-participam-de-palestra-ministrada-pela-RFCC-02-scaled.jpg","type":"image\/jpeg"}],"author":"Reda\u00e7\u00e3o Sul SC","twitter_card":"summary_large_image","twitter_creator":"@https:\/\/twitter.com\/PortalSulSC","twitter_misc":{"Written by":"Reda\u00e7\u00e3o Sul SC","Est. reading time":"1 minute"},"schema":{"@context":"https:\/\/schema.org","@graph":[{"@type":"WebPage","@id":"https:\/\/sulsc.com\/index.php\/2023\/10\/06\/outubro-rosa-colaboradoras-da-tubarao-saneamento-participam-de-palestra-ministrada-pela-rfcc\/","url":"https:\/\/sulsc.com\/index.php\/2023\/10\/06\/outubro-rosa-colaboradoras-da-tubarao-saneamento-participam-de-palestra-ministrada-pela-rfcc\/","name":"Outubro Rosa: colaboradoras da Tubar\u00e3o Saneamento participam de palestra ministrada pela RFCC -","isPartOf":{"@id":"https:\/\/sulsc.com\/#website"},"datePublished":"2023-10-06T19:40:46+00:00","dateModified":"2023-10-06T19:54:43+00:00","author":{"@id":"https:\/\/sulsc.com\/#\/schema\/person\/84d2fc571684f6248ba83092f07750a3"},"breadcrumb":{"@id":"https:\/\/sulsc.com\/index.php\/2023\/10\/06\/outubro-rosa-colaboradoras-da-tubarao-saneamento-participam-de-palestra-ministrada-pela-rfcc\/#breadcrumb"},"inLanguage":"en-US","potentialAction":[{"@type":"ReadAction","target":["https:\/\/sulsc.com\/index.php\/2023\/10\/06\/outubro-rosa-colaboradoras-da-tubarao-saneamento-participam-de-palestra-ministrada-pela-rfcc\/"]}]},{"@type":"BreadcrumbList","@id":"https:\/\/sulsc.com\/index.php\/2023\/10\/06\/outubro-rosa-colaboradoras-da-tubarao-saneamento-participam-de-palestra-ministrada-pela-rfcc\/#breadcrumb","itemListElement":[{"@type":"ListItem","position":1,"name":"In\u00edcio","item":"https:\/\/sulsc.com\/"},{"@type":"ListItem","position":2,"name":"Outubro Rosa: colaboradoras da Tubar\u00e3o Saneamento participam de palestra ministrada pela RFCC"}]},{"@type":"WebSite","@id":"https:\/\/sulsc.com\/#website","url":"https:\/\/sulsc.com\/","name":"","description":"","potentialAction":[{"@type":"SearchAction","target":{"@type":"EntryPoint","urlTemplate":"https:\/\/sulsc.com\/?s={search_term_string}"},"query-input":"required name=search_term_string"}],"inLanguage":"en-US"},{"@type":"Person","@id":"https:\/\/sulsc.com\/#\/schema\/person\/84d2fc571684f6248ba83092f07750a3","name":"Reda\u00e7\u00e3o Sul SC","image":{"@type":"ImageObject","inLanguage":"en-US","@id":"https:\/\/sulsc.com\/#\/schema\/person\/image\/e08d7fe2cc4ed596372063bbe852b8d0","url":"https:\/\/sulsc.com\/wp-content\/uploads\/2023\/09\/redacao.png","contentUrl":"https:\/\/sulsc.com\/wp-content\/uploads\/2023\/09\/redacao.png","caption":"Reda\u00e7\u00e3o Sul SC"},"description":"Foco em um jornalismo imparcial, voltado \u00e0 qualidade dos seus conte\u00fados e, assim, levar informa\u00e7\u00e3o de valor que agregue \u00e0 vida dos leitores. Esta \u00e9 grande miss\u00e3o do Portal de Not\u00edcias Sul SC. N\u00e3o \u00e9 quantidade que muda o mundo, sempre foi e seguir\u00e1 sendo qualidade!","sameAs":["https:\/\/sulsc.com\/","https:\/\/www.facebook.com\/profile.php?id=61559278119680","https:\/\/www.instagram.com\/sulscportal\/?hl=pt-br","https:\/\/twitter.com\/https:\/\/twitter.com\/PortalSulSC","https:\/\/www.youtube.com\/channel\/UCv_BE8GeySluDov2n8qhVmw"],"url":"https:\/\/sulsc.com\/index.php\/author\/redacao\/"}]}},"authors":[],"_links":{"self":[{"href":"https:\/\/sulsc.com\/index.php\/wp-json\/wp\/v2\/posts\/1964"}],"collection":[{"href":"https:\/\/sulsc.com\/index.php\/wp-json\/wp\/v2\/posts"}],"about":[{"href":"https:\/\/sulsc.com\/index.php\/wp-json\/wp\/v2\/types\/post"}],"author":[{"embeddable":true,"href":"https:\/\/sulsc.com\/index.php\/wp-json\/wp\/v2\/users\/3"}],"replies":[{"embeddable":true,"href":"https:\/\/sulsc.com\/index.php\/wp-json\/wp\/v2\/comments?post=1964"}],"version-history":[{"count":1,"href":"https:\/\/sulsc.com\/index.php\/wp-json\/wp\/v2\/posts\/1964\/revisions"}],"predecessor-version":[{"id":1967,"href":"https:\/\/sulsc.com\/index.php\/wp-json\/wp\/v2\/posts\/1964\/revisions\/1967"}],"wp:featuredmedia":[{"embeddable":true,"href":"https:\/\/sulsc.com\/index.php\/wp-json\/wp\/v2\/media\/1965"}],"wp:attachment":[{"href":"https:\/\/sulsc.com\/index.php\/wp-json\/wp\/v2\/media?parent=1964"}],"wp:term":[{"taxonomy":"category","embeddable":true,"href":"https:\/\/sulsc.com\/index.php\/wp-json\/wp\/v2\/categories?post=1964"},{"taxonomy":"post_tag","embeddable":true,"href":"https:\/\/sulsc.com\/index.php\/wp-json\/wp\/v2\/tags?post=1964"}],"curies":[{"name":"wp","href":"https:\/\/api.w.org\/{rel}","templated":true}]}}