{"id":19665,"date":"2025-01-27T08:17:54","date_gmt":"2025-01-27T11:17:54","guid":{"rendered":"https:\/\/sulsc.com\/?p=19665"},"modified":"2025-01-27T08:17:54","modified_gmt":"2025-01-27T11:17:54","slug":"segunda-feira-27-com-temperaturas-altas-e-condicoes-de-pancadas-de-chuva-ao-longo-do-dia","status":"publish","type":"post","link":"https:\/\/sulsc.com\/index.php\/2025\/01\/27\/segunda-feira-27-com-temperaturas-altas-e-condicoes-de-pancadas-de-chuva-ao-longo-do-dia\/","title":{"rendered":"Segunda-feira (27) com temperaturas altas e condi\u00e7\u00f5es de pancadas de chuva ao longo do dia"},"content":{"rendered":"<p>O tempo nublado predomina em Santa Catarina, intercalando com aberturas de sol no decorrer do dia nesta segunda-feira (27). H\u00e1 condi\u00e7\u00f5es para pancadas de chuva e temporais isolados em todo o estado, com risco baixo a moderado para ocorr\u00eancias como alagamentos, queda de galhos e \u00e1rvores, entre outros transtornos, especialmente no per\u00edodo da tarde entre as regi\u00f5es dos Planaltos e Meio Oeste. Nas \u00e1reas litor\u00e2neas, os ventos sopram de quadrante sul, mudando aos poucos para leste.<\/p>\n<p><img fetchpriority=\"high\" decoding=\"async\" class=\"aligncenter size-full wp-image-19666\" src=\"http:\/\/sulsc.com\/wp-content\/uploads\/2025\/01\/2-2.png\" alt=\"\" width=\"982\" height=\"672\" srcset=\"https:\/\/sulsc.com\/wp-content\/uploads\/2025\/01\/2-2.png 982w, https:\/\/sulsc.com\/wp-content\/uploads\/2025\/01\/2-2-300x205.png 300w, https:\/\/sulsc.com\/wp-content\/uploads\/2025\/01\/2-2-768x526.png 768w\" sizes=\"(max-width: 982px) 100vw, 982px\" \/><\/p>\n<p><img decoding=\"async\" class=\"aligncenter  wp-image-17436\" src=\"http:\/\/sulsc.com\/wp-content\/uploads\/2024\/11\/Tempo-2.png\" alt=\"\" width=\"670\" height=\"124\" srcset=\"https:\/\/sulsc.com\/wp-content\/uploads\/2024\/11\/Tempo-2.png 1024w, https:\/\/sulsc.com\/wp-content\/uploads\/2024\/11\/Tempo-2-300x55.png 300w, https:\/\/sulsc.com\/wp-content\/uploads\/2024\/11\/Tempo-2-768x142.png 768w\" sizes=\"(max-width: 670px) 100vw, 670px\" \/><\/p>\n<p><strong>Temperaturas<\/strong><\/p>\n<p>As temperaturas continuam a superar a casa dos 30\u00b0C no Grande Oeste catarinense, por outro lado, dos Planaltos \u00e0s regi\u00f5es costeiras, as temperaturas marcam entre 26 e 30\u00b0C.<\/p>\n<p>Fonte: Defesa Civil SC\/Meteorologista: Caio Guerra<\/p>\n<p>&nbsp;<\/p>\n","protected":false},"excerpt":{"rendered":"<p>O tempo nublado predomina em Santa Catarina, intercalando com aberturas de sol no decorrer do dia nesta segunda-feira (27). H\u00e1 condi\u00e7\u00f5es para pancadas de chuva e temporais isolados em todo o estado, com risco baixo a moderado para ocorr\u00eancias como alagamentos, queda de galhos e \u00e1rvores, entre outros transtornos, especialmente no per\u00edodo da tarde entre &hellip;<\/p>\n<p class=\"read-more\"> <a class=\"\" href=\"https:\/\/sulsc.com\/index.php\/2025\/01\/27\/segunda-feira-27-com-temperaturas-altas-e-condicoes-de-pancadas-de-chuva-ao-longo-do-dia\/\"> <span class=\"screen-reader-text\">Segunda-feira (27) com temperaturas altas e condi\u00e7\u00f5es de pancadas de chuva ao longo do dia<\/span> Read More &raquo;<\/a><\/p>\n","protected":false},"author":3,"featured_media":16524,"comment_status":"open","ping_status":"open","sticky":false,"template":"","format":"standard","meta":{"site-sidebar-layout":"default","site-content-layout":"","ast-site-content-layout":"default","site-content-style":"default","site-sidebar-style":"default","ast-global-header-display":"","ast-banner-title-visibility":"","ast-main-header-display":"","ast-hfb-above-header-display":"","ast-hfb-below-header-display":"","ast-hfb-mobile-header-display":"","site-post-title":"","ast-breadcrumbs-content":"","ast-featured-img":"","footer-sml-layout":"","theme-transparent-header-meta":"default","adv-header-id-meta":"","stick-header-meta":"","header-above-stick-meta":"","header-main-stick-meta":"","header-below-stick-meta":"","astra-migrate-meta-layouts":"set","footnotes":""},"categories":[38],"tags":[90],"yoast_head":"<!-- This site is optimized with the Yoast SEO plugin v21.4 - https:\/\/yoast.com\/wordpress\/plugins\/seo\/ -->\n<title>Segunda-feira (27) com temperaturas altas e condi\u00e7\u00f5es de pancadas de chuva ao longo do dia -<\/title>\n<meta name=\"robots\" content=\"index, follow, max-snippet:-1, max-image-preview:large, max-video-preview:-1\" \/>\n<link rel=\"canonical\" href=\"https:\/\/sulsc.com\/index.php\/2025\/01\/27\/segunda-feira-27-com-temperaturas-altas-e-condicoes-de-pancadas-de-chuva-ao-longo-do-dia\/\" \/>\n<meta property=\"og:locale\" content=\"en_US\" \/>\n<meta property=\"og:type\" content=\"article\" \/>\n<meta property=\"og:title\" content=\"Segunda-feira (27) com temperaturas altas e condi\u00e7\u00f5es de pancadas de chuva ao longo do dia -\" \/>\n<meta property=\"og:description\" content=\"O tempo nublado predomina em Santa Catarina, intercalando com aberturas de sol no decorrer do dia nesta segunda-feira (27). H\u00e1 condi\u00e7\u00f5es para pancadas de chuva e temporais isolados em todo o estado, com risco baixo a moderado para ocorr\u00eancias como alagamentos, queda de galhos e \u00e1rvores, entre outros transtornos, especialmente no per\u00edodo da tarde entre &hellip; Segunda-feira (27) com temperaturas altas e condi\u00e7\u00f5es de pancadas de chuva ao longo do dia Read More &raquo;\" \/>\n<meta property=\"og:url\" content=\"https:\/\/sulsc.com\/index.php\/2025\/01\/27\/segunda-feira-27-com-temperaturas-altas-e-condicoes-de-pancadas-de-chuva-ao-longo-do-dia\/\" \/>\n<meta property=\"article:author\" content=\"https:\/\/www.facebook.com\/profile.php?id=61559278119680\" \/>\n<meta property=\"article:published_time\" content=\"2025-01-27T11:17:54+00:00\" \/>\n<meta property=\"og:image\" content=\"http:\/\/sulsc.com\/wp-content\/uploads\/2024\/10\/Tempo-scaled.jpg\" \/>\n\t<meta property=\"og:image:width\" content=\"2560\" \/>\n\t<meta property=\"og:image:height\" content=\"1151\" \/>\n\t<meta property=\"og:image:type\" content=\"image\/jpeg\" \/>\n<meta name=\"author\" content=\"Reda\u00e7\u00e3o Sul SC\" \/>\n<meta name=\"twitter:card\" content=\"summary_large_image\" \/>\n<meta name=\"twitter:creator\" content=\"@https:\/\/twitter.com\/PortalSulSC\" \/>\n<meta name=\"twitter:label1\" content=\"Written by\" \/>\n\t<meta name=\"twitter:data1\" content=\"Reda\u00e7\u00e3o Sul SC\" \/>\n\t<meta name=\"twitter:label2\" content=\"Est. reading time\" \/>\n\t<meta name=\"twitter:data2\" content=\"1 minute\" \/>\n<script type=\"application\/ld+json\" class=\"yoast-schema-graph\">{\"@context\":\"https:\/\/schema.org\",\"@graph\":[{\"@type\":\"WebPage\",\"@id\":\"https:\/\/sulsc.com\/index.php\/2025\/01\/27\/segunda-feira-27-com-temperaturas-altas-e-condicoes-de-pancadas-de-chuva-ao-longo-do-dia\/\",\"url\":\"https:\/\/sulsc.com\/index.php\/2025\/01\/27\/segunda-feira-27-com-temperaturas-altas-e-condicoes-de-pancadas-de-chuva-ao-longo-do-dia\/\",\"name\":\"Segunda-feira (27) com temperaturas altas e condi\u00e7\u00f5es de pancadas de chuva ao longo do dia -\",\"isPartOf\":{\"@id\":\"https:\/\/sulsc.com\/#website\"},\"datePublished\":\"2025-01-27T11:17:54+00:00\",\"dateModified\":\"2025-01-27T11:17:54+00:00\",\"author\":{\"@id\":\"https:\/\/sulsc.com\/#\/schema\/person\/84d2fc571684f6248ba83092f07750a3\"},\"breadcrumb\":{\"@id\":\"https:\/\/sulsc.com\/index.php\/2025\/01\/27\/segunda-feira-27-com-temperaturas-altas-e-condicoes-de-pancadas-de-chuva-ao-longo-do-dia\/#breadcrumb\"},\"inLanguage\":\"en-US\",\"potentialAction\":[{\"@type\":\"ReadAction\",\"target\":[\"https:\/\/sulsc.com\/index.php\/2025\/01\/27\/segunda-feira-27-com-temperaturas-altas-e-condicoes-de-pancadas-de-chuva-ao-longo-do-dia\/\"]}]},{\"@type\":\"BreadcrumbList\",\"@id\":\"https:\/\/sulsc.com\/index.php\/2025\/01\/27\/segunda-feira-27-com-temperaturas-altas-e-condicoes-de-pancadas-de-chuva-ao-longo-do-dia\/#breadcrumb\",\"itemListElement\":[{\"@type\":\"ListItem\",\"position\":1,\"name\":\"In\u00edcio\",\"item\":\"https:\/\/sulsc.com\/\"},{\"@type\":\"ListItem\",\"position\":2,\"name\":\"Segunda-feira (27) com temperaturas altas e condi\u00e7\u00f5es de pancadas de chuva ao longo do dia\"}]},{\"@type\":\"WebSite\",\"@id\":\"https:\/\/sulsc.com\/#website\",\"url\":\"https:\/\/sulsc.com\/\",\"name\":\"\",\"description\":\"\",\"potentialAction\":[{\"@type\":\"SearchAction\",\"target\":{\"@type\":\"EntryPoint\",\"urlTemplate\":\"https:\/\/sulsc.com\/?s={search_term_string}\"},\"query-input\":\"required name=search_term_string\"}],\"inLanguage\":\"en-US\"},{\"@type\":\"Person\",\"@id\":\"https:\/\/sulsc.com\/#\/schema\/person\/84d2fc571684f6248ba83092f07750a3\",\"name\":\"Reda\u00e7\u00e3o Sul SC\",\"image\":{\"@type\":\"ImageObject\",\"inLanguage\":\"en-US\",\"@id\":\"https:\/\/sulsc.com\/#\/schema\/person\/image\/e08d7fe2cc4ed596372063bbe852b8d0\",\"url\":\"https:\/\/sulsc.com\/wp-content\/uploads\/2023\/09\/redacao.png\",\"contentUrl\":\"https:\/\/sulsc.com\/wp-content\/uploads\/2023\/09\/redacao.png\",\"caption\":\"Reda\u00e7\u00e3o Sul SC\"},\"description\":\"Foco em um jornalismo imparcial, voltado \u00e0 qualidade dos seus conte\u00fados e, assim, levar informa\u00e7\u00e3o de valor que agregue \u00e0 vida dos leitores. Esta \u00e9 grande miss\u00e3o do Portal de Not\u00edcias Sul SC. N\u00e3o \u00e9 quantidade que muda o mundo, sempre foi e seguir\u00e1 sendo qualidade!\",\"sameAs\":[\"https:\/\/sulsc.com\/\",\"https:\/\/www.facebook.com\/profile.php?id=61559278119680\",\"https:\/\/www.instagram.com\/sulscportal\/?hl=pt-br\",\"https:\/\/twitter.com\/https:\/\/twitter.com\/PortalSulSC\",\"https:\/\/www.youtube.com\/channel\/UCv_BE8GeySluDov2n8qhVmw\"],\"url\":\"https:\/\/sulsc.com\/index.php\/author\/redacao\/\"}]}<\/script>\n<!-- \/ Yoast SEO plugin. -->","yoast_head_json":{"title":"Segunda-feira (27) com temperaturas altas e condi\u00e7\u00f5es de pancadas de chuva ao longo do dia -","robots":{"index":"index","follow":"follow","max-snippet":"max-snippet:-1","max-image-preview":"max-image-preview:large","max-video-preview":"max-video-preview:-1"},"canonical":"https:\/\/sulsc.com\/index.php\/2025\/01\/27\/segunda-feira-27-com-temperaturas-altas-e-condicoes-de-pancadas-de-chuva-ao-longo-do-dia\/","og_locale":"en_US","og_type":"article","og_title":"Segunda-feira (27) com temperaturas altas e condi\u00e7\u00f5es de pancadas de chuva ao longo do dia -","og_description":"O tempo nublado predomina em Santa Catarina, intercalando com aberturas de sol no decorrer do dia nesta segunda-feira (27). H\u00e1 condi\u00e7\u00f5es para pancadas de chuva e temporais isolados em todo o estado, com risco baixo a moderado para ocorr\u00eancias como alagamentos, queda de galhos e \u00e1rvores, entre outros transtornos, especialmente no per\u00edodo da tarde entre &hellip; Segunda-feira (27) com temperaturas altas e condi\u00e7\u00f5es de pancadas de chuva ao longo do dia Read More &raquo;","og_url":"https:\/\/sulsc.com\/index.php\/2025\/01\/27\/segunda-feira-27-com-temperaturas-altas-e-condicoes-de-pancadas-de-chuva-ao-longo-do-dia\/","article_author":"https:\/\/www.facebook.com\/profile.php?id=61559278119680","article_published_time":"2025-01-27T11:17:54+00:00","og_image":[{"width":2560,"height":1151,"url":"http:\/\/sulsc.com\/wp-content\/uploads\/2024\/10\/Tempo-scaled.jpg","type":"image\/jpeg"}],"author":"Reda\u00e7\u00e3o Sul SC","twitter_card":"summary_large_image","twitter_creator":"@https:\/\/twitter.com\/PortalSulSC","twitter_misc":{"Written by":"Reda\u00e7\u00e3o Sul SC","Est. reading time":"1 minute"},"schema":{"@context":"https:\/\/schema.org","@graph":[{"@type":"WebPage","@id":"https:\/\/sulsc.com\/index.php\/2025\/01\/27\/segunda-feira-27-com-temperaturas-altas-e-condicoes-de-pancadas-de-chuva-ao-longo-do-dia\/","url":"https:\/\/sulsc.com\/index.php\/2025\/01\/27\/segunda-feira-27-com-temperaturas-altas-e-condicoes-de-pancadas-de-chuva-ao-longo-do-dia\/","name":"Segunda-feira (27) com temperaturas altas e condi\u00e7\u00f5es de pancadas de chuva ao longo do dia -","isPartOf":{"@id":"https:\/\/sulsc.com\/#website"},"datePublished":"2025-01-27T11:17:54+00:00","dateModified":"2025-01-27T11:17:54+00:00","author":{"@id":"https:\/\/sulsc.com\/#\/schema\/person\/84d2fc571684f6248ba83092f07750a3"},"breadcrumb":{"@id":"https:\/\/sulsc.com\/index.php\/2025\/01\/27\/segunda-feira-27-com-temperaturas-altas-e-condicoes-de-pancadas-de-chuva-ao-longo-do-dia\/#breadcrumb"},"inLanguage":"en-US","potentialAction":[{"@type":"ReadAction","target":["https:\/\/sulsc.com\/index.php\/2025\/01\/27\/segunda-feira-27-com-temperaturas-altas-e-condicoes-de-pancadas-de-chuva-ao-longo-do-dia\/"]}]},{"@type":"BreadcrumbList","@id":"https:\/\/sulsc.com\/index.php\/2025\/01\/27\/segunda-feira-27-com-temperaturas-altas-e-condicoes-de-pancadas-de-chuva-ao-longo-do-dia\/#breadcrumb","itemListElement":[{"@type":"ListItem","position":1,"name":"In\u00edcio","item":"https:\/\/sulsc.com\/"},{"@type":"ListItem","position":2,"name":"Segunda-feira (27) com temperaturas altas e condi\u00e7\u00f5es de pancadas de chuva ao longo do dia"}]},{"@type":"WebSite","@id":"https:\/\/sulsc.com\/#website","url":"https:\/\/sulsc.com\/","name":"","description":"","potentialAction":[{"@type":"SearchAction","target":{"@type":"EntryPoint","urlTemplate":"https:\/\/sulsc.com\/?s={search_term_string}"},"query-input":"required name=search_term_string"}],"inLanguage":"en-US"},{"@type":"Person","@id":"https:\/\/sulsc.com\/#\/schema\/person\/84d2fc571684f6248ba83092f07750a3","name":"Reda\u00e7\u00e3o Sul SC","image":{"@type":"ImageObject","inLanguage":"en-US","@id":"https:\/\/sulsc.com\/#\/schema\/person\/image\/e08d7fe2cc4ed596372063bbe852b8d0","url":"https:\/\/sulsc.com\/wp-content\/uploads\/2023\/09\/redacao.png","contentUrl":"https:\/\/sulsc.com\/wp-content\/uploads\/2023\/09\/redacao.png","caption":"Reda\u00e7\u00e3o Sul SC"},"description":"Foco em um jornalismo imparcial, voltado \u00e0 qualidade dos seus conte\u00fados e, assim, levar informa\u00e7\u00e3o de valor que agregue \u00e0 vida dos leitores. Esta \u00e9 grande miss\u00e3o do Portal de Not\u00edcias Sul SC. N\u00e3o \u00e9 quantidade que muda o mundo, sempre foi e seguir\u00e1 sendo qualidade!","sameAs":["https:\/\/sulsc.com\/","https:\/\/www.facebook.com\/profile.php?id=61559278119680","https:\/\/www.instagram.com\/sulscportal\/?hl=pt-br","https:\/\/twitter.com\/https:\/\/twitter.com\/PortalSulSC","https:\/\/www.youtube.com\/channel\/UCv_BE8GeySluDov2n8qhVmw"],"url":"https:\/\/sulsc.com\/index.php\/author\/redacao\/"}]}},"authors":[],"_links":{"self":[{"href":"https:\/\/sulsc.com\/index.php\/wp-json\/wp\/v2\/posts\/19665"}],"collection":[{"href":"https:\/\/sulsc.com\/index.php\/wp-json\/wp\/v2\/posts"}],"about":[{"href":"https:\/\/sulsc.com\/index.php\/wp-json\/wp\/v2\/types\/post"}],"author":[{"embeddable":true,"href":"https:\/\/sulsc.com\/index.php\/wp-json\/wp\/v2\/users\/3"}],"replies":[{"embeddable":true,"href":"https:\/\/sulsc.com\/index.php\/wp-json\/wp\/v2\/comments?post=19665"}],"version-history":[{"count":1,"href":"https:\/\/sulsc.com\/index.php\/wp-json\/wp\/v2\/posts\/19665\/revisions"}],"predecessor-version":[{"id":19667,"href":"https:\/\/sulsc.com\/index.php\/wp-json\/wp\/v2\/posts\/19665\/revisions\/19667"}],"wp:featuredmedia":[{"embeddable":true,"href":"https:\/\/sulsc.com\/index.php\/wp-json\/wp\/v2\/media\/16524"}],"wp:attachment":[{"href":"https:\/\/sulsc.com\/index.php\/wp-json\/wp\/v2\/media?parent=19665"}],"wp:term":[{"taxonomy":"category","embeddable":true,"href":"https:\/\/sulsc.com\/index.php\/wp-json\/wp\/v2\/categories?post=19665"},{"taxonomy":"post_tag","embeddable":true,"href":"https:\/\/sulsc.com\/index.php\/wp-json\/wp\/v2\/tags?post=19665"}],"curies":[{"name":"wp","href":"https:\/\/api.w.org\/{rel}","templated":true}]}}