{"id":19697,"date":"2025-01-28T08:19:29","date_gmt":"2025-01-28T11:19:29","guid":{"rendered":"https:\/\/sulsc.com\/?p=19697"},"modified":"2025-01-28T08:19:29","modified_gmt":"2025-01-28T11:19:29","slug":"calor-e-umidade-intensificam-risco-de-temporais-em-sc-nesta-terca-feira-28","status":"publish","type":"post","link":"https:\/\/sulsc.com\/index.php\/2025\/01\/28\/calor-e-umidade-intensificam-risco-de-temporais-em-sc-nesta-terca-feira-28\/","title":{"rendered":"Calor e umidade intensificam risco de temporais em SC nesta ter\u00e7a-feira (28)"},"content":{"rendered":"<p data-sourcepos=\"13:1-13:280\">Santa Catarina deve registrar um dia de ver\u00e3o t\u00edpico nesta ter\u00e7a-feira (28), com temperaturas elevadas e alta umidade do ar. No entanto, essas condi\u00e7\u00f5es clim\u00e1ticas tamb\u00e9m favorecem a forma\u00e7\u00e3o de nuvens carregadas e a ocorr\u00eancia de temporais isolados em todas as regi\u00f5es do estado.<\/p>\n<p data-sourcepos=\"13:1-13:280\"><img fetchpriority=\"high\" decoding=\"async\" class=\"aligncenter  wp-image-19698\" src=\"http:\/\/sulsc.com\/wp-content\/uploads\/2025\/01\/unnamed-2.png\" alt=\"\" width=\"272\" height=\"185\" srcset=\"https:\/\/sulsc.com\/wp-content\/uploads\/2025\/01\/unnamed-2.png 1644w, https:\/\/sulsc.com\/wp-content\/uploads\/2025\/01\/unnamed-2-300x204.png 300w, https:\/\/sulsc.com\/wp-content\/uploads\/2025\/01\/unnamed-2-1024x697.png 1024w, https:\/\/sulsc.com\/wp-content\/uploads\/2025\/01\/unnamed-2-768x523.png 768w, https:\/\/sulsc.com\/wp-content\/uploads\/2025\/01\/unnamed-2-1536x1045.png 1536w\" sizes=\"(max-width: 272px) 100vw, 272px\" \/><\/p>\n<p data-sourcepos=\"15:1-15:260\">A circula\u00e7\u00e3o mar\u00edtima intensifica ainda mais a possibilidade de chuvas intensas, principalmente no litoral. H\u00e1 risco de alagamentos, enxurradas, queda de \u00e1rvores e danos \u00e0 rede el\u00e9trica. As temperaturas devem variar entre 27\u00b0C e 33\u00b0C na maior parte do estado.<\/p>\n","protected":false},"excerpt":{"rendered":"<p>Santa Catarina deve registrar um dia de ver\u00e3o t\u00edpico nesta ter\u00e7a-feira (28), com temperaturas elevadas e alta umidade do ar. No entanto, essas condi\u00e7\u00f5es clim\u00e1ticas tamb\u00e9m favorecem a forma\u00e7\u00e3o de nuvens carregadas e a ocorr\u00eancia de temporais isolados em todas as regi\u00f5es do estado. A circula\u00e7\u00e3o mar\u00edtima intensifica ainda mais a possibilidade de chuvas intensas, &hellip;<\/p>\n<p class=\"read-more\"> <a class=\"\" href=\"https:\/\/sulsc.com\/index.php\/2025\/01\/28\/calor-e-umidade-intensificam-risco-de-temporais-em-sc-nesta-terca-feira-28\/\"> <span class=\"screen-reader-text\">Calor e umidade intensificam risco de temporais em SC nesta ter\u00e7a-feira (28)<\/span> Read More &raquo;<\/a><\/p>\n","protected":false},"author":3,"featured_media":19698,"comment_status":"open","ping_status":"open","sticky":false,"template":"","format":"standard","meta":{"site-sidebar-layout":"default","site-content-layout":"","ast-site-content-layout":"default","site-content-style":"default","site-sidebar-style":"default","ast-global-header-display":"","ast-banner-title-visibility":"","ast-main-header-display":"","ast-hfb-above-header-display":"","ast-hfb-below-header-display":"","ast-hfb-mobile-header-display":"","site-post-title":"","ast-breadcrumbs-content":"","ast-featured-img":"","footer-sml-layout":"","theme-transparent-header-meta":"default","adv-header-id-meta":"","stick-header-meta":"","header-above-stick-meta":"","header-main-stick-meta":"","header-below-stick-meta":"","astra-migrate-meta-layouts":"set","footnotes":""},"categories":[38],"tags":[],"yoast_head":"<!-- This site is optimized with the Yoast SEO plugin v21.4 - https:\/\/yoast.com\/wordpress\/plugins\/seo\/ -->\n<title>Calor e umidade intensificam risco de temporais em SC nesta ter\u00e7a-feira (28) -<\/title>\n<meta name=\"robots\" content=\"index, follow, max-snippet:-1, max-image-preview:large, max-video-preview:-1\" \/>\n<link rel=\"canonical\" href=\"https:\/\/sulsc.com\/index.php\/2025\/01\/28\/calor-e-umidade-intensificam-risco-de-temporais-em-sc-nesta-terca-feira-28\/\" \/>\n<meta property=\"og:locale\" content=\"en_US\" \/>\n<meta property=\"og:type\" content=\"article\" \/>\n<meta property=\"og:title\" content=\"Calor e umidade intensificam risco de temporais em SC nesta ter\u00e7a-feira (28) -\" \/>\n<meta property=\"og:description\" content=\"Santa Catarina deve registrar um dia de ver\u00e3o t\u00edpico nesta ter\u00e7a-feira (28), com temperaturas elevadas e alta umidade do ar. No entanto, essas condi\u00e7\u00f5es clim\u00e1ticas tamb\u00e9m favorecem a forma\u00e7\u00e3o de nuvens carregadas e a ocorr\u00eancia de temporais isolados em todas as regi\u00f5es do estado. A circula\u00e7\u00e3o mar\u00edtima intensifica ainda mais a possibilidade de chuvas intensas, &hellip; Calor e umidade intensificam risco de temporais em SC nesta ter\u00e7a-feira (28) Read More &raquo;\" \/>\n<meta property=\"og:url\" content=\"https:\/\/sulsc.com\/index.php\/2025\/01\/28\/calor-e-umidade-intensificam-risco-de-temporais-em-sc-nesta-terca-feira-28\/\" \/>\n<meta property=\"article:author\" content=\"https:\/\/www.facebook.com\/profile.php?id=61559278119680\" \/>\n<meta property=\"article:published_time\" content=\"2025-01-28T11:19:29+00:00\" \/>\n<meta property=\"og:image\" content=\"http:\/\/sulsc.com\/wp-content\/uploads\/2025\/01\/unnamed-2.png\" \/>\n\t<meta property=\"og:image:width\" content=\"1644\" \/>\n\t<meta property=\"og:image:height\" content=\"1119\" \/>\n\t<meta property=\"og:image:type\" content=\"image\/png\" \/>\n<meta name=\"author\" content=\"Reda\u00e7\u00e3o Sul SC\" \/>\n<meta name=\"twitter:card\" content=\"summary_large_image\" \/>\n<meta name=\"twitter:creator\" content=\"@https:\/\/twitter.com\/PortalSulSC\" \/>\n<meta name=\"twitter:label1\" content=\"Written by\" \/>\n\t<meta name=\"twitter:data1\" content=\"Reda\u00e7\u00e3o Sul SC\" \/>\n\t<meta name=\"twitter:label2\" content=\"Est. reading time\" \/>\n\t<meta name=\"twitter:data2\" content=\"1 minute\" \/>\n<script type=\"application\/ld+json\" class=\"yoast-schema-graph\">{\"@context\":\"https:\/\/schema.org\",\"@graph\":[{\"@type\":\"WebPage\",\"@id\":\"https:\/\/sulsc.com\/index.php\/2025\/01\/28\/calor-e-umidade-intensificam-risco-de-temporais-em-sc-nesta-terca-feira-28\/\",\"url\":\"https:\/\/sulsc.com\/index.php\/2025\/01\/28\/calor-e-umidade-intensificam-risco-de-temporais-em-sc-nesta-terca-feira-28\/\",\"name\":\"Calor e umidade intensificam risco de temporais em SC nesta ter\u00e7a-feira (28) -\",\"isPartOf\":{\"@id\":\"https:\/\/sulsc.com\/#website\"},\"datePublished\":\"2025-01-28T11:19:29+00:00\",\"dateModified\":\"2025-01-28T11:19:29+00:00\",\"author\":{\"@id\":\"https:\/\/sulsc.com\/#\/schema\/person\/84d2fc571684f6248ba83092f07750a3\"},\"breadcrumb\":{\"@id\":\"https:\/\/sulsc.com\/index.php\/2025\/01\/28\/calor-e-umidade-intensificam-risco-de-temporais-em-sc-nesta-terca-feira-28\/#breadcrumb\"},\"inLanguage\":\"en-US\",\"potentialAction\":[{\"@type\":\"ReadAction\",\"target\":[\"https:\/\/sulsc.com\/index.php\/2025\/01\/28\/calor-e-umidade-intensificam-risco-de-temporais-em-sc-nesta-terca-feira-28\/\"]}]},{\"@type\":\"BreadcrumbList\",\"@id\":\"https:\/\/sulsc.com\/index.php\/2025\/01\/28\/calor-e-umidade-intensificam-risco-de-temporais-em-sc-nesta-terca-feira-28\/#breadcrumb\",\"itemListElement\":[{\"@type\":\"ListItem\",\"position\":1,\"name\":\"In\u00edcio\",\"item\":\"https:\/\/sulsc.com\/\"},{\"@type\":\"ListItem\",\"position\":2,\"name\":\"Calor e umidade intensificam risco de temporais em SC nesta ter\u00e7a-feira (28)\"}]},{\"@type\":\"WebSite\",\"@id\":\"https:\/\/sulsc.com\/#website\",\"url\":\"https:\/\/sulsc.com\/\",\"name\":\"\",\"description\":\"\",\"potentialAction\":[{\"@type\":\"SearchAction\",\"target\":{\"@type\":\"EntryPoint\",\"urlTemplate\":\"https:\/\/sulsc.com\/?s={search_term_string}\"},\"query-input\":\"required name=search_term_string\"}],\"inLanguage\":\"en-US\"},{\"@type\":\"Person\",\"@id\":\"https:\/\/sulsc.com\/#\/schema\/person\/84d2fc571684f6248ba83092f07750a3\",\"name\":\"Reda\u00e7\u00e3o Sul SC\",\"image\":{\"@type\":\"ImageObject\",\"inLanguage\":\"en-US\",\"@id\":\"https:\/\/sulsc.com\/#\/schema\/person\/image\/e08d7fe2cc4ed596372063bbe852b8d0\",\"url\":\"https:\/\/sulsc.com\/wp-content\/uploads\/2023\/09\/redacao.png\",\"contentUrl\":\"https:\/\/sulsc.com\/wp-content\/uploads\/2023\/09\/redacao.png\",\"caption\":\"Reda\u00e7\u00e3o Sul SC\"},\"description\":\"Foco em um jornalismo imparcial, voltado \u00e0 qualidade dos seus conte\u00fados e, assim, levar informa\u00e7\u00e3o de valor que agregue \u00e0 vida dos leitores. Esta \u00e9 grande miss\u00e3o do Portal de Not\u00edcias Sul SC. N\u00e3o \u00e9 quantidade que muda o mundo, sempre foi e seguir\u00e1 sendo qualidade!\",\"sameAs\":[\"https:\/\/sulsc.com\/\",\"https:\/\/www.facebook.com\/profile.php?id=61559278119680\",\"https:\/\/www.instagram.com\/sulscportal\/?hl=pt-br\",\"https:\/\/twitter.com\/https:\/\/twitter.com\/PortalSulSC\",\"https:\/\/www.youtube.com\/channel\/UCv_BE8GeySluDov2n8qhVmw\"],\"url\":\"https:\/\/sulsc.com\/index.php\/author\/redacao\/\"}]}<\/script>\n<!-- \/ Yoast SEO plugin. -->","yoast_head_json":{"title":"Calor e umidade intensificam risco de temporais em SC nesta ter\u00e7a-feira (28) -","robots":{"index":"index","follow":"follow","max-snippet":"max-snippet:-1","max-image-preview":"max-image-preview:large","max-video-preview":"max-video-preview:-1"},"canonical":"https:\/\/sulsc.com\/index.php\/2025\/01\/28\/calor-e-umidade-intensificam-risco-de-temporais-em-sc-nesta-terca-feira-28\/","og_locale":"en_US","og_type":"article","og_title":"Calor e umidade intensificam risco de temporais em SC nesta ter\u00e7a-feira (28) -","og_description":"Santa Catarina deve registrar um dia de ver\u00e3o t\u00edpico nesta ter\u00e7a-feira (28), com temperaturas elevadas e alta umidade do ar. No entanto, essas condi\u00e7\u00f5es clim\u00e1ticas tamb\u00e9m favorecem a forma\u00e7\u00e3o de nuvens carregadas e a ocorr\u00eancia de temporais isolados em todas as regi\u00f5es do estado. A circula\u00e7\u00e3o mar\u00edtima intensifica ainda mais a possibilidade de chuvas intensas, &hellip; Calor e umidade intensificam risco de temporais em SC nesta ter\u00e7a-feira (28) Read More &raquo;","og_url":"https:\/\/sulsc.com\/index.php\/2025\/01\/28\/calor-e-umidade-intensificam-risco-de-temporais-em-sc-nesta-terca-feira-28\/","article_author":"https:\/\/www.facebook.com\/profile.php?id=61559278119680","article_published_time":"2025-01-28T11:19:29+00:00","og_image":[{"width":1644,"height":1119,"url":"http:\/\/sulsc.com\/wp-content\/uploads\/2025\/01\/unnamed-2.png","type":"image\/png"}],"author":"Reda\u00e7\u00e3o Sul SC","twitter_card":"summary_large_image","twitter_creator":"@https:\/\/twitter.com\/PortalSulSC","twitter_misc":{"Written by":"Reda\u00e7\u00e3o Sul SC","Est. reading time":"1 minute"},"schema":{"@context":"https:\/\/schema.org","@graph":[{"@type":"WebPage","@id":"https:\/\/sulsc.com\/index.php\/2025\/01\/28\/calor-e-umidade-intensificam-risco-de-temporais-em-sc-nesta-terca-feira-28\/","url":"https:\/\/sulsc.com\/index.php\/2025\/01\/28\/calor-e-umidade-intensificam-risco-de-temporais-em-sc-nesta-terca-feira-28\/","name":"Calor e umidade intensificam risco de temporais em SC nesta ter\u00e7a-feira (28) -","isPartOf":{"@id":"https:\/\/sulsc.com\/#website"},"datePublished":"2025-01-28T11:19:29+00:00","dateModified":"2025-01-28T11:19:29+00:00","author":{"@id":"https:\/\/sulsc.com\/#\/schema\/person\/84d2fc571684f6248ba83092f07750a3"},"breadcrumb":{"@id":"https:\/\/sulsc.com\/index.php\/2025\/01\/28\/calor-e-umidade-intensificam-risco-de-temporais-em-sc-nesta-terca-feira-28\/#breadcrumb"},"inLanguage":"en-US","potentialAction":[{"@type":"ReadAction","target":["https:\/\/sulsc.com\/index.php\/2025\/01\/28\/calor-e-umidade-intensificam-risco-de-temporais-em-sc-nesta-terca-feira-28\/"]}]},{"@type":"BreadcrumbList","@id":"https:\/\/sulsc.com\/index.php\/2025\/01\/28\/calor-e-umidade-intensificam-risco-de-temporais-em-sc-nesta-terca-feira-28\/#breadcrumb","itemListElement":[{"@type":"ListItem","position":1,"name":"In\u00edcio","item":"https:\/\/sulsc.com\/"},{"@type":"ListItem","position":2,"name":"Calor e umidade intensificam risco de temporais em SC nesta ter\u00e7a-feira (28)"}]},{"@type":"WebSite","@id":"https:\/\/sulsc.com\/#website","url":"https:\/\/sulsc.com\/","name":"","description":"","potentialAction":[{"@type":"SearchAction","target":{"@type":"EntryPoint","urlTemplate":"https:\/\/sulsc.com\/?s={search_term_string}"},"query-input":"required name=search_term_string"}],"inLanguage":"en-US"},{"@type":"Person","@id":"https:\/\/sulsc.com\/#\/schema\/person\/84d2fc571684f6248ba83092f07750a3","name":"Reda\u00e7\u00e3o Sul SC","image":{"@type":"ImageObject","inLanguage":"en-US","@id":"https:\/\/sulsc.com\/#\/schema\/person\/image\/e08d7fe2cc4ed596372063bbe852b8d0","url":"https:\/\/sulsc.com\/wp-content\/uploads\/2023\/09\/redacao.png","contentUrl":"https:\/\/sulsc.com\/wp-content\/uploads\/2023\/09\/redacao.png","caption":"Reda\u00e7\u00e3o Sul SC"},"description":"Foco em um jornalismo imparcial, voltado \u00e0 qualidade dos seus conte\u00fados e, assim, levar informa\u00e7\u00e3o de valor que agregue \u00e0 vida dos leitores. Esta \u00e9 grande miss\u00e3o do Portal de Not\u00edcias Sul SC. N\u00e3o \u00e9 quantidade que muda o mundo, sempre foi e seguir\u00e1 sendo qualidade!","sameAs":["https:\/\/sulsc.com\/","https:\/\/www.facebook.com\/profile.php?id=61559278119680","https:\/\/www.instagram.com\/sulscportal\/?hl=pt-br","https:\/\/twitter.com\/https:\/\/twitter.com\/PortalSulSC","https:\/\/www.youtube.com\/channel\/UCv_BE8GeySluDov2n8qhVmw"],"url":"https:\/\/sulsc.com\/index.php\/author\/redacao\/"}]}},"authors":[],"_links":{"self":[{"href":"https:\/\/sulsc.com\/index.php\/wp-json\/wp\/v2\/posts\/19697"}],"collection":[{"href":"https:\/\/sulsc.com\/index.php\/wp-json\/wp\/v2\/posts"}],"about":[{"href":"https:\/\/sulsc.com\/index.php\/wp-json\/wp\/v2\/types\/post"}],"author":[{"embeddable":true,"href":"https:\/\/sulsc.com\/index.php\/wp-json\/wp\/v2\/users\/3"}],"replies":[{"embeddable":true,"href":"https:\/\/sulsc.com\/index.php\/wp-json\/wp\/v2\/comments?post=19697"}],"version-history":[{"count":1,"href":"https:\/\/sulsc.com\/index.php\/wp-json\/wp\/v2\/posts\/19697\/revisions"}],"predecessor-version":[{"id":19699,"href":"https:\/\/sulsc.com\/index.php\/wp-json\/wp\/v2\/posts\/19697\/revisions\/19699"}],"wp:featuredmedia":[{"embeddable":true,"href":"https:\/\/sulsc.com\/index.php\/wp-json\/wp\/v2\/media\/19698"}],"wp:attachment":[{"href":"https:\/\/sulsc.com\/index.php\/wp-json\/wp\/v2\/media?parent=19697"}],"wp:term":[{"taxonomy":"category","embeddable":true,"href":"https:\/\/sulsc.com\/index.php\/wp-json\/wp\/v2\/categories?post=19697"},{"taxonomy":"post_tag","embeddable":true,"href":"https:\/\/sulsc.com\/index.php\/wp-json\/wp\/v2\/tags?post=19697"}],"curies":[{"name":"wp","href":"https:\/\/api.w.org\/{rel}","templated":true}]}}